{"id":7736,"date":"2018-08-05T11:49:25","date_gmt":"2018-08-05T09:49:25","guid":{"rendered":"http:\/\/zavnews.net\/?p=7736"},"modified":"2018-08-05T11:49:25","modified_gmt":"2018-08-05T09:49:25","slug":"prvi-sajam-borackog-zadrugarstva-u-bosni-i-hercegovini","status":"publish","type":"post","link":"https:\/\/zavnews.net\/index.php\/2018\/08\/05\/prvi-sajam-borackog-zadrugarstva-u-bosni-i-hercegovini\/","title":{"rendered":"Prvi sajam bora\u010dkog zadrugarstva u Bosni i Hercegovini"},"content":{"rendered":"<div class=\"fcbkbttn_buttons_block\" id=\"fcbkbttn_left\"><div class=\"fcbkbttn_button\">\n\t\t\t\t\t<a href=\"https:\/\/www.facebook.com\/www.zavnews.net\/\" target=\"_blank\">\n\t\t\t\t\t\t<img decoding=\"async\" src=\"https:\/\/zavnews.net\/wp-content\/plugins\/facebook-button-plugin\/images\/standard-facebook-ico.png\" alt=\"Fb-Button\" \/>\n\t\t\t\t\t<\/a>\n\t\t\t\t<\/div><div class=\"fcbkbttn_like \"><fb:like href=\"https:\/\/zavnews.net\/index.php\/2018\/08\/05\/prvi-sajam-borackog-zadrugarstva-u-bosni-i-hercegovini\/\" action=\"like\" colorscheme=\"light\" layout=\"standard\"  width=\"450px\" size=\"small\"><\/fb:like><\/div><div class=\"fb-share-button  \" data-href=\"https:\/\/zavnews.net\/index.php\/2018\/08\/05\/prvi-sajam-borackog-zadrugarstva-u-bosni-i-hercegovini\/\" data-type=\"button_count\" data-size=\"small\"><\/div><\/div><p>&nbsp;<\/p>\n<p><img loading=\"lazy\" decoding=\"async\" class=\"aligncenter size-full wp-image-7737\" src=\"http:\/\/zavnews.net\/wp-content\/uploads\/2018\/08\/a2fbf8f2e62c81f0255cc8ab54775ffd_XL.jpg\" alt=\"\" width=\"850\" height=\"419\" srcset=\"https:\/\/zavnews.net\/wp-content\/uploads\/2018\/08\/a2fbf8f2e62c81f0255cc8ab54775ffd_XL.jpg 850w, https:\/\/zavnews.net\/wp-content\/uploads\/2018\/08\/a2fbf8f2e62c81f0255cc8ab54775ffd_XL-600x296.jpg 600w, https:\/\/zavnews.net\/wp-content\/uploads\/2018\/08\/a2fbf8f2e62c81f0255cc8ab54775ffd_XL-300x148.jpg 300w, https:\/\/zavnews.net\/wp-content\/uploads\/2018\/08\/a2fbf8f2e62c81f0255cc8ab54775ffd_XL-768x379.jpg 768w\" sizes=\"(max-width: 850px) 100vw, 850px\" \/><\/p>\n<div class=\"itemIntroText\">\n<p style=\"text-align: justify;\"><strong>Bora\u010dki zadru\u017eni savez FBiH u saradnji s Federalnim ministarstvom boraca i invalida odbrambeno-oslobodila\u010dkog rata, a uz podr\u0161ku Grada Istanbula i Grada Sarajeva, organizira Prvi sajam bora\u010dkog zadrugarstva u Bosni i Hercegovini.<\/strong><\/p>\n<\/div>\n<div class=\"itemFullText\">\n<p style=\"text-align: justify;\">Vi\u0161e od 40 izlaga\u010da predstavit \u0107e svoje proizvode i uslugu u jedinstvenom, me\u0111unarodnom projektu.<\/p>\n<p style=\"text-align: justify;\">Sajam \u0107e se odr\u017eati 24. i 25. avgusta u Kulturno-sportskom centru Skenderija, u dvorani \u201eMirza Deliba\u0161i\u0107\u201c.<\/p>\n<p style=\"text-align: justify;\">Moglo bi se re\u0107i da je moto prvog sajma ovakve vrste, &#8220;Osje\u0107ati se dostojnim i vrijednim!&#8221;, zato neka je sretno i uspje\u0161no svim u\u010desnicima sajma.<\/p>\n<\/div>\n<p>&nbsp;<\/p>\n<p style=\"text-align: right;\">zavnews\/bir<\/p>\n<div class=\"fcbkbttn_buttons_block\" id=\"fcbkbttn_left\"><div class=\"fcbkbttn_button\">\n\t\t\t\t\t<a href=\"https:\/\/www.facebook.com\/www.zavnews.net\/\" target=\"_blank\">\n\t\t\t\t\t\t<img decoding=\"async\" src=\"https:\/\/zavnews.net\/wp-content\/plugins\/facebook-button-plugin\/images\/standard-facebook-ico.png\" alt=\"Fb-Button\" \/>\n\t\t\t\t\t<\/a>\n\t\t\t\t<\/div><div class=\"fcbkbttn_like \"><fb:like href=\"https:\/\/zavnews.net\/index.php\/2018\/08\/05\/prvi-sajam-borackog-zadrugarstva-u-bosni-i-hercegovini\/\" action=\"like\" colorscheme=\"light\" layout=\"standard\"  width=\"450px\" size=\"small\"><\/fb:like><\/div><div class=\"fb-share-button  \" data-href=\"https:\/\/zavnews.net\/index.php\/2018\/08\/05\/prvi-sajam-borackog-zadrugarstva-u-bosni-i-hercegovini\/\" data-type=\"button_count\" data-size=\"small\"><\/div><\/div>","protected":false},"excerpt":{"rendered":"<div class=\"fcbkbttn_buttons_block\" id=\"fcbkbttn_left\"><div class=\"fcbkbttn_button\">\n\t\t\t\t\t<a href=\"https:\/\/www.facebook.com\/www.zavnews.net\/\" target=\"_blank\">\n\t\t\t\t\t\t<img decoding=\"async\" src=\"https:\/\/zavnews.net\/wp-content\/plugins\/facebook-button-plugin\/images\/standard-facebook-ico.png\" alt=\"Fb-Button\" \/>\n\t\t\t\t\t<\/a>\n\t\t\t\t<\/div><div class=\"fcbkbttn_like \"><fb:like href=\"https:\/\/zavnews.net\/index.php\/2018\/08\/05\/prvi-sajam-borackog-zadrugarstva-u-bosni-i-hercegovini\/\" action=\"like\" colorscheme=\"light\" layout=\"standard\"  width=\"450px\" size=\"small\"><\/fb:like><\/div><div class=\"fb-share-button  \" data-href=\"https:\/\/zavnews.net\/index.php\/2018\/08\/05\/prvi-sajam-borackog-zadrugarstva-u-bosni-i-hercegovini\/\" data-type=\"button_count\" data-size=\"small\"><\/div><\/div><p>&nbsp; Bora\u010dki zadru\u017eni savez FBiH u saradnji s Federalnim ministarstvom boraca i invalida odbrambeno-oslobodila\u010dkog rata, a uz podr\u0161ku Grada Istanbula i Grada Sarajeva, organizira Prvi sajam bora\u010dkog zadrugarstva u Bosni i Hercegovini. Vi\u0161e od 40 izlaga\u010da predstavit \u0107e svoje proizvode&#8230;<\/p>\n<div class=\"fcbkbttn_buttons_block\" id=\"fcbkbttn_left\"><div class=\"fcbkbttn_button\">\n\t\t\t\t\t<a href=\"https:\/\/www.facebook.com\/www.zavnews.net\/\" target=\"_blank\">\n\t\t\t\t\t\t<img decoding=\"async\" src=\"https:\/\/zavnews.net\/wp-content\/plugins\/facebook-button-plugin\/images\/standard-facebook-ico.png\" alt=\"Fb-Button\" \/>\n\t\t\t\t\t<\/a>\n\t\t\t\t<\/div><div class=\"fcbkbttn_like \"><fb:like href=\"https:\/\/zavnews.net\/index.php\/2018\/08\/05\/prvi-sajam-borackog-zadrugarstva-u-bosni-i-hercegovini\/\" action=\"like\" colorscheme=\"light\" layout=\"standard\"  width=\"450px\" size=\"small\"><\/fb:like><\/div><div class=\"fb-share-button  \" data-href=\"https:\/\/zavnews.net\/index.php\/2018\/08\/05\/prvi-sajam-borackog-zadrugarstva-u-bosni-i-hercegovini\/\" data-type=\"button_count\" data-size=\"small\"><\/div><\/div>","protected":false},"author":1,"featured_media":7737,"comment_status":"open","ping_status":"open","sticky":false,"template":"","format":"standard","meta":{"footnotes":""},"categories":[13,23,6,3],"tags":[],"yoast_head":"<!-- This site is optimized with the Yoast SEO plugin v23.5 - https:\/\/yoast.com\/wordpress\/plugins\/seo\/ -->\n<title>Prvi sajam bora\u010dkog zadrugarstva u Bosni i Hercegovini - Zavnews<\/title>\n<meta name=\"robots\" content=\"index, follow, max-snippet:-1, max-image-preview:large, max-video-preview:-1\" \/>\n<link rel=\"canonical\" href=\"https:\/\/zavnews.net\/index.php\/2018\/08\/05\/prvi-sajam-borackog-zadrugarstva-u-bosni-i-hercegovini\/\" \/>\n<meta property=\"og:locale\" content=\"bs_BA\" \/>\n<meta property=\"og:type\" content=\"article\" \/>\n<meta property=\"og:title\" content=\"Prvi sajam bora\u010dkog zadrugarstva u Bosni i Hercegovini - Zavnews\" \/>\n<meta property=\"og:description\" content=\"&nbsp; Bora\u010dki zadru\u017eni savez FBiH u saradnji s Federalnim ministarstvom boraca i invalida odbrambeno-oslobodila\u010dkog rata, a uz podr\u0161ku Grada Istanbula i Grada Sarajeva, organizira Prvi sajam bora\u010dkog zadrugarstva u Bosni i Hercegovini. Vi\u0161e od 40 izlaga\u010da predstavit \u0107e svoje proizvode...\" \/>\n<meta property=\"og:url\" content=\"https:\/\/zavnews.net\/index.php\/2018\/08\/05\/prvi-sajam-borackog-zadrugarstva-u-bosni-i-hercegovini\/\" \/>\n<meta property=\"og:site_name\" content=\"Zavnews\" \/>\n<meta property=\"article:published_time\" content=\"2018-08-05T09:49:25+00:00\" \/>\n<meta property=\"og:image\" content=\"https:\/\/zavnews.net\/wp-content\/uploads\/2018\/08\/a2fbf8f2e62c81f0255cc8ab54775ffd_XL.jpg\" \/>\n\t<meta property=\"og:image:width\" content=\"850\" \/>\n\t<meta property=\"og:image:height\" content=\"419\" \/>\n\t<meta property=\"og:image:type\" content=\"image\/jpeg\" \/>\n<meta name=\"author\" content=\"zavnews\" \/>\n<meta name=\"twitter:card\" content=\"summary_large_image\" \/>\n<meta name=\"twitter:label1\" content=\"Written by\" \/>\n\t<meta name=\"twitter:data1\" content=\"zavnews\" \/>\n\t<meta name=\"twitter:label2\" content=\"Est. reading time\" \/>\n\t<meta name=\"twitter:data2\" content=\"1 minuta\" \/>\n<script type=\"application\/ld+json\" class=\"yoast-schema-graph\">{\"@context\":\"https:\/\/schema.org\",\"@graph\":[{\"@type\":\"Article\",\"@id\":\"https:\/\/zavnews.net\/index.php\/2018\/08\/05\/prvi-sajam-borackog-zadrugarstva-u-bosni-i-hercegovini\/#article\",\"isPartOf\":{\"@id\":\"https:\/\/zavnews.net\/index.php\/2018\/08\/05\/prvi-sajam-borackog-zadrugarstva-u-bosni-i-hercegovini\/\"},\"author\":{\"name\":\"zavnews\",\"@id\":\"https:\/\/zavnews.net\/#\/schema\/person\/2477577553b6626f3681ce4d32a6917f\"},\"headline\":\"Prvi sajam bora\u010dkog zadrugarstva u Bosni i Hercegovini\",\"datePublished\":\"2018-08-05T09:49:25+00:00\",\"dateModified\":\"2018-08-05T09:49:25+00:00\",\"mainEntityOfPage\":{\"@id\":\"https:\/\/zavnews.net\/index.php\/2018\/08\/05\/prvi-sajam-borackog-zadrugarstva-u-bosni-i-hercegovini\/\"},\"wordCount\":110,\"commentCount\":0,\"publisher\":{\"@id\":\"https:\/\/zavnews.net\/#organization\"},\"image\":{\"@id\":\"https:\/\/zavnews.net\/index.php\/2018\/08\/05\/prvi-sajam-borackog-zadrugarstva-u-bosni-i-hercegovini\/#primaryimage\"},\"thumbnailUrl\":\"https:\/\/zavnews.net\/wp-content\/uploads\/2018\/08\/a2fbf8f2e62c81f0255cc8ab54775ffd_XL.jpg\",\"articleSection\":[\"BiH\",\"BiH\",\"BIZNIS\",\"VIJESTI\"],\"inLanguage\":\"bs-BA\",\"potentialAction\":[{\"@type\":\"CommentAction\",\"name\":\"Comment\",\"target\":[\"https:\/\/zavnews.net\/index.php\/2018\/08\/05\/prvi-sajam-borackog-zadrugarstva-u-bosni-i-hercegovini\/#respond\"]}]},{\"@type\":\"WebPage\",\"@id\":\"https:\/\/zavnews.net\/index.php\/2018\/08\/05\/prvi-sajam-borackog-zadrugarstva-u-bosni-i-hercegovini\/\",\"url\":\"https:\/\/zavnews.net\/index.php\/2018\/08\/05\/prvi-sajam-borackog-zadrugarstva-u-bosni-i-hercegovini\/\",\"name\":\"Prvi sajam bora\u010dkog zadrugarstva u Bosni i Hercegovini - Zavnews\",\"isPartOf\":{\"@id\":\"https:\/\/zavnews.net\/#website\"},\"primaryImageOfPage\":{\"@id\":\"https:\/\/zavnews.net\/index.php\/2018\/08\/05\/prvi-sajam-borackog-zadrugarstva-u-bosni-i-hercegovini\/#primaryimage\"},\"image\":{\"@id\":\"https:\/\/zavnews.net\/index.php\/2018\/08\/05\/prvi-sajam-borackog-zadrugarstva-u-bosni-i-hercegovini\/#primaryimage\"},\"thumbnailUrl\":\"https:\/\/zavnews.net\/wp-content\/uploads\/2018\/08\/a2fbf8f2e62c81f0255cc8ab54775ffd_XL.jpg\",\"datePublished\":\"2018-08-05T09:49:25+00:00\",\"dateModified\":\"2018-08-05T09:49:25+00:00\",\"breadcrumb\":{\"@id\":\"https:\/\/zavnews.net\/index.php\/2018\/08\/05\/prvi-sajam-borackog-zadrugarstva-u-bosni-i-hercegovini\/#breadcrumb\"},\"inLanguage\":\"bs-BA\",\"potentialAction\":[{\"@type\":\"ReadAction\",\"target\":[\"https:\/\/zavnews.net\/index.php\/2018\/08\/05\/prvi-sajam-borackog-zadrugarstva-u-bosni-i-hercegovini\/\"]}]},{\"@type\":\"ImageObject\",\"inLanguage\":\"bs-BA\",\"@id\":\"https:\/\/zavnews.net\/index.php\/2018\/08\/05\/prvi-sajam-borackog-zadrugarstva-u-bosni-i-hercegovini\/#primaryimage\",\"url\":\"https:\/\/zavnews.net\/wp-content\/uploads\/2018\/08\/a2fbf8f2e62c81f0255cc8ab54775ffd_XL.jpg\",\"contentUrl\":\"https:\/\/zavnews.net\/wp-content\/uploads\/2018\/08\/a2fbf8f2e62c81f0255cc8ab54775ffd_XL.jpg\",\"width\":850,\"height\":419},{\"@type\":\"BreadcrumbList\",\"@id\":\"https:\/\/zavnews.net\/index.php\/2018\/08\/05\/prvi-sajam-borackog-zadrugarstva-u-bosni-i-hercegovini\/#breadcrumb\",\"itemListElement\":[{\"@type\":\"ListItem\",\"position\":1,\"name\":\"Po\u010detna stranica\",\"item\":\"https:\/\/zavnews.net\/\"},{\"@type\":\"ListItem\",\"position\":2,\"name\":\"Prvi sajam bora\u010dkog zadrugarstva u Bosni i Hercegovini\"}]},{\"@type\":\"WebSite\",\"@id\":\"https:\/\/zavnews.net\/#website\",\"url\":\"https:\/\/zavnews.net\/\",\"name\":\"Zavnews\",\"description\":\"Zavidovi\u0107i\",\"publisher\":{\"@id\":\"https:\/\/zavnews.net\/#organization\"},\"potentialAction\":[{\"@type\":\"SearchAction\",\"target\":{\"@type\":\"EntryPoint\",\"urlTemplate\":\"https:\/\/zavnews.net\/?s={search_term_string}\"},\"query-input\":{\"@type\":\"PropertyValueSpecification\",\"valueRequired\":true,\"valueName\":\"search_term_string\"}}],\"inLanguage\":\"bs-BA\"},{\"@type\":\"Organization\",\"@id\":\"https:\/\/zavnews.net\/#organization\",\"name\":\"Zavidovi\u0107i\",\"url\":\"https:\/\/zavnews.net\/\",\"logo\":{\"@type\":\"ImageObject\",\"inLanguage\":\"bs-BA\",\"@id\":\"https:\/\/zavnews.net\/#\/schema\/logo\/image\/\",\"url\":\"https:\/\/zavnews.net\/wp-content\/uploads\/2021\/11\/cropped-cropped-cropped-cropped-Screenshot_1-removebg-preview-2.png\",\"contentUrl\":\"https:\/\/zavnews.net\/wp-content\/uploads\/2021\/11\/cropped-cropped-cropped-cropped-Screenshot_1-removebg-preview-2.png\",\"width\":841,\"height\":180,\"caption\":\"Zavidovi\u0107i\"},\"image\":{\"@id\":\"https:\/\/zavnews.net\/#\/schema\/logo\/image\/\"}},{\"@type\":\"Person\",\"@id\":\"https:\/\/zavnews.net\/#\/schema\/person\/2477577553b6626f3681ce4d32a6917f\",\"name\":\"zavnews\",\"image\":{\"@type\":\"ImageObject\",\"inLanguage\":\"bs-BA\",\"@id\":\"https:\/\/zavnews.net\/#\/schema\/person\/image\/\",\"url\":\"https:\/\/secure.gravatar.com\/avatar\/3d25e050de275ca74aa70a2e30eb6f6c?s=96&d=mm&r=g\",\"contentUrl\":\"https:\/\/secure.gravatar.com\/avatar\/3d25e050de275ca74aa70a2e30eb6f6c?s=96&d=mm&r=g\",\"caption\":\"zavnews\"}}]}<\/script>\n<!-- \/ Yoast SEO plugin. -->","yoast_head_json":{"title":"Prvi sajam bora\u010dkog zadrugarstva u Bosni i Hercegovini - Zavnews","robots":{"index":"index","follow":"follow","max-snippet":"max-snippet:-1","max-image-preview":"max-image-preview:large","max-video-preview":"max-video-preview:-1"},"canonical":"https:\/\/zavnews.net\/index.php\/2018\/08\/05\/prvi-sajam-borackog-zadrugarstva-u-bosni-i-hercegovini\/","og_locale":"bs_BA","og_type":"article","og_title":"Prvi sajam bora\u010dkog zadrugarstva u Bosni i Hercegovini - Zavnews","og_description":"&nbsp; Bora\u010dki zadru\u017eni savez FBiH u saradnji s Federalnim ministarstvom boraca i invalida odbrambeno-oslobodila\u010dkog rata, a uz podr\u0161ku Grada Istanbula i Grada Sarajeva, organizira Prvi sajam bora\u010dkog zadrugarstva u Bosni i Hercegovini. Vi\u0161e od 40 izlaga\u010da predstavit \u0107e svoje proizvode...","og_url":"https:\/\/zavnews.net\/index.php\/2018\/08\/05\/prvi-sajam-borackog-zadrugarstva-u-bosni-i-hercegovini\/","og_site_name":"Zavnews","article_published_time":"2018-08-05T09:49:25+00:00","og_image":[{"width":850,"height":419,"url":"https:\/\/zavnews.net\/wp-content\/uploads\/2018\/08\/a2fbf8f2e62c81f0255cc8ab54775ffd_XL.jpg","type":"image\/jpeg"}],"author":"zavnews","twitter_card":"summary_large_image","twitter_misc":{"Written by":"zavnews","Est. reading time":"1 minuta"},"schema":{"@context":"https:\/\/schema.org","@graph":[{"@type":"Article","@id":"https:\/\/zavnews.net\/index.php\/2018\/08\/05\/prvi-sajam-borackog-zadrugarstva-u-bosni-i-hercegovini\/#article","isPartOf":{"@id":"https:\/\/zavnews.net\/index.php\/2018\/08\/05\/prvi-sajam-borackog-zadrugarstva-u-bosni-i-hercegovini\/"},"author":{"name":"zavnews","@id":"https:\/\/zavnews.net\/#\/schema\/person\/2477577553b6626f3681ce4d32a6917f"},"headline":"Prvi sajam bora\u010dkog zadrugarstva u Bosni i Hercegovini","datePublished":"2018-08-05T09:49:25+00:00","dateModified":"2018-08-05T09:49:25+00:00","mainEntityOfPage":{"@id":"https:\/\/zavnews.net\/index.php\/2018\/08\/05\/prvi-sajam-borackog-zadrugarstva-u-bosni-i-hercegovini\/"},"wordCount":110,"commentCount":0,"publisher":{"@id":"https:\/\/zavnews.net\/#organization"},"image":{"@id":"https:\/\/zavnews.net\/index.php\/2018\/08\/05\/prvi-sajam-borackog-zadrugarstva-u-bosni-i-hercegovini\/#primaryimage"},"thumbnailUrl":"https:\/\/zavnews.net\/wp-content\/uploads\/2018\/08\/a2fbf8f2e62c81f0255cc8ab54775ffd_XL.jpg","articleSection":["BiH","BiH","BIZNIS","VIJESTI"],"inLanguage":"bs-BA","potentialAction":[{"@type":"CommentAction","name":"Comment","target":["https:\/\/zavnews.net\/index.php\/2018\/08\/05\/prvi-sajam-borackog-zadrugarstva-u-bosni-i-hercegovini\/#respond"]}]},{"@type":"WebPage","@id":"https:\/\/zavnews.net\/index.php\/2018\/08\/05\/prvi-sajam-borackog-zadrugarstva-u-bosni-i-hercegovini\/","url":"https:\/\/zavnews.net\/index.php\/2018\/08\/05\/prvi-sajam-borackog-zadrugarstva-u-bosni-i-hercegovini\/","name":"Prvi sajam bora\u010dkog zadrugarstva u Bosni i Hercegovini - Zavnews","isPartOf":{"@id":"https:\/\/zavnews.net\/#website"},"primaryImageOfPage":{"@id":"https:\/\/zavnews.net\/index.php\/2018\/08\/05\/prvi-sajam-borackog-zadrugarstva-u-bosni-i-hercegovini\/#primaryimage"},"image":{"@id":"https:\/\/zavnews.net\/index.php\/2018\/08\/05\/prvi-sajam-borackog-zadrugarstva-u-bosni-i-hercegovini\/#primaryimage"},"thumbnailUrl":"https:\/\/zavnews.net\/wp-content\/uploads\/2018\/08\/a2fbf8f2e62c81f0255cc8ab54775ffd_XL.jpg","datePublished":"2018-08-05T09:49:25+00:00","dateModified":"2018-08-05T09:49:25+00:00","breadcrumb":{"@id":"https:\/\/zavnews.net\/index.php\/2018\/08\/05\/prvi-sajam-borackog-zadrugarstva-u-bosni-i-hercegovini\/#breadcrumb"},"inLanguage":"bs-BA","potentialAction":[{"@type":"ReadAction","target":["https:\/\/zavnews.net\/index.php\/2018\/08\/05\/prvi-sajam-borackog-zadrugarstva-u-bosni-i-hercegovini\/"]}]},{"@type":"ImageObject","inLanguage":"bs-BA","@id":"https:\/\/zavnews.net\/index.php\/2018\/08\/05\/prvi-sajam-borackog-zadrugarstva-u-bosni-i-hercegovini\/#primaryimage","url":"https:\/\/zavnews.net\/wp-content\/uploads\/2018\/08\/a2fbf8f2e62c81f0255cc8ab54775ffd_XL.jpg","contentUrl":"https:\/\/zavnews.net\/wp-content\/uploads\/2018\/08\/a2fbf8f2e62c81f0255cc8ab54775ffd_XL.jpg","width":850,"height":419},{"@type":"BreadcrumbList","@id":"https:\/\/zavnews.net\/index.php\/2018\/08\/05\/prvi-sajam-borackog-zadrugarstva-u-bosni-i-hercegovini\/#breadcrumb","itemListElement":[{"@type":"ListItem","position":1,"name":"Po\u010detna stranica","item":"https:\/\/zavnews.net\/"},{"@type":"ListItem","position":2,"name":"Prvi sajam bora\u010dkog zadrugarstva u Bosni i Hercegovini"}]},{"@type":"WebSite","@id":"https:\/\/zavnews.net\/#website","url":"https:\/\/zavnews.net\/","name":"Zavnews","description":"Zavidovi\u0107i","publisher":{"@id":"https:\/\/zavnews.net\/#organization"},"potentialAction":[{"@type":"SearchAction","target":{"@type":"EntryPoint","urlTemplate":"https:\/\/zavnews.net\/?s={search_term_string}"},"query-input":{"@type":"PropertyValueSpecification","valueRequired":true,"valueName":"search_term_string"}}],"inLanguage":"bs-BA"},{"@type":"Organization","@id":"https:\/\/zavnews.net\/#organization","name":"Zavidovi\u0107i","url":"https:\/\/zavnews.net\/","logo":{"@type":"ImageObject","inLanguage":"bs-BA","@id":"https:\/\/zavnews.net\/#\/schema\/logo\/image\/","url":"https:\/\/zavnews.net\/wp-content\/uploads\/2021\/11\/cropped-cropped-cropped-cropped-Screenshot_1-removebg-preview-2.png","contentUrl":"https:\/\/zavnews.net\/wp-content\/uploads\/2021\/11\/cropped-cropped-cropped-cropped-Screenshot_1-removebg-preview-2.png","width":841,"height":180,"caption":"Zavidovi\u0107i"},"image":{"@id":"https:\/\/zavnews.net\/#\/schema\/logo\/image\/"}},{"@type":"Person","@id":"https:\/\/zavnews.net\/#\/schema\/person\/2477577553b6626f3681ce4d32a6917f","name":"zavnews","image":{"@type":"ImageObject","inLanguage":"bs-BA","@id":"https:\/\/zavnews.net\/#\/schema\/person\/image\/","url":"https:\/\/secure.gravatar.com\/avatar\/3d25e050de275ca74aa70a2e30eb6f6c?s=96&d=mm&r=g","contentUrl":"https:\/\/secure.gravatar.com\/avatar\/3d25e050de275ca74aa70a2e30eb6f6c?s=96&d=mm&r=g","caption":"zavnews"}}]}},"_links":{"self":[{"href":"https:\/\/zavnews.net\/index.php\/wp-json\/wp\/v2\/posts\/7736"}],"collection":[{"href":"https:\/\/zavnews.net\/index.php\/wp-json\/wp\/v2\/posts"}],"about":[{"href":"https:\/\/zavnews.net\/index.php\/wp-json\/wp\/v2\/types\/post"}],"author":[{"embeddable":true,"href":"https:\/\/zavnews.net\/index.php\/wp-json\/wp\/v2\/users\/1"}],"replies":[{"embeddable":true,"href":"https:\/\/zavnews.net\/index.php\/wp-json\/wp\/v2\/comments?post=7736"}],"version-history":[{"count":1,"href":"https:\/\/zavnews.net\/index.php\/wp-json\/wp\/v2\/posts\/7736\/revisions"}],"predecessor-version":[{"id":7738,"href":"https:\/\/zavnews.net\/index.php\/wp-json\/wp\/v2\/posts\/7736\/revisions\/7738"}],"wp:featuredmedia":[{"embeddable":true,"href":"https:\/\/zavnews.net\/index.php\/wp-json\/wp\/v2\/media\/7737"}],"wp:attachment":[{"href":"https:\/\/zavnews.net\/index.php\/wp-json\/wp\/v2\/media?parent=7736"}],"wp:term":[{"taxonomy":"category","embeddable":true,"href":"https:\/\/zavnews.net\/index.php\/wp-json\/wp\/v2\/categories?post=7736"},{"taxonomy":"post_tag","embeddable":true,"href":"https:\/\/zavnews.net\/index.php\/wp-json\/wp\/v2\/tags?post=7736"}],"curies":[{"name":"wp","href":"https:\/\/api.w.org\/{rel}","templated":true}]}}