{"id":7530,"date":"2018-04-12T13:15:32","date_gmt":"2018-04-12T11:15:32","guid":{"rendered":"http:\/\/zavnews.net\/?p=7530"},"modified":"2018-04-12T13:19:21","modified_gmt":"2018-04-12T11:19:21","slug":"jkp-radnik-obavjestenje-o-novom-terminu-odvoza-komunalnog-otpada","status":"publish","type":"post","link":"https:\/\/zavnews.net\/index.php\/2018\/04\/12\/jkp-radnik-obavjestenje-o-novom-terminu-odvoza-komunalnog-otpada\/","title":{"rendered":"JKP Radnik: Obavje\u0161tenje o novom terminu odvoza komunalnog otpada"},"content":{"rendered":"<div class=\"fcbkbttn_buttons_block\" id=\"fcbkbttn_left\"><div class=\"fcbkbttn_button\">\n\t\t\t\t\t<a href=\"https:\/\/www.facebook.com\/www.zavnews.net\/\" target=\"_blank\">\n\t\t\t\t\t\t<img decoding=\"async\" src=\"https:\/\/zavnews.net\/wp-content\/plugins\/facebook-button-plugin\/images\/standard-facebook-ico.png\" alt=\"Fb-Button\" \/>\n\t\t\t\t\t<\/a>\n\t\t\t\t<\/div><div class=\"fcbkbttn_like \"><fb:like href=\"https:\/\/zavnews.net\/index.php\/2018\/04\/12\/jkp-radnik-obavjestenje-o-novom-terminu-odvoza-komunalnog-otpada\/\" action=\"like\" colorscheme=\"light\" layout=\"standard\"  width=\"450px\" size=\"small\"><\/fb:like><\/div><div class=\"fb-share-button  \" data-href=\"https:\/\/zavnews.net\/index.php\/2018\/04\/12\/jkp-radnik-obavjestenje-o-novom-terminu-odvoza-komunalnog-otpada\/\" data-type=\"button_count\" data-size=\"small\"><\/div><\/div><p>&nbsp;<\/p>\n<p><img loading=\"lazy\" decoding=\"async\" class=\"aligncenter size-full wp-image-7531\" src=\"http:\/\/zavnews.net\/wp-content\/uploads\/2018\/04\/1496250_1401725276739093_725039295_o.jpg\" alt=\"\" width=\"850\" height=\"372\" srcset=\"https:\/\/zavnews.net\/wp-content\/uploads\/2018\/04\/1496250_1401725276739093_725039295_o.jpg 850w, https:\/\/zavnews.net\/wp-content\/uploads\/2018\/04\/1496250_1401725276739093_725039295_o-600x263.jpg 600w, https:\/\/zavnews.net\/wp-content\/uploads\/2018\/04\/1496250_1401725276739093_725039295_o-300x131.jpg 300w, https:\/\/zavnews.net\/wp-content\/uploads\/2018\/04\/1496250_1401725276739093_725039295_o-768x336.jpg 768w\" sizes=\"(max-width: 850px) 100vw, 850px\" \/><\/p>\n<p style=\"text-align: justify;\"><strong>Iz JKP Radnik Zavidovi\u0107i, obavje\u0161tavaju korisnike usluge odvoza komunalnog otpada, da \u0107e od 16.04.2018. godine startati sa novim terminom odvoza otpada.<\/strong><\/p>\n<p style=\"text-align: justify;\">Kako su nam kazali iz ovog preduze\u0107a, razlog tome su topliji dani koji dolaze i sve ve\u0107e koli\u010dine odlo\u017eenog i prikupljenog otpada.<\/p>\n<p style=\"text-align: justify;\">Oni dalje podsje\u0107aju\u00a0 da su svi korisnici obavezni svoj komunalni otpad odlo\u017eiti do 07:00 sati, nakon \u010dega \u0107e njihovo vozilo preuzeti taj otpad i odvesti ga na deponiju predvi\u0111enu za propisno odlaganje otpada.<\/p>\n<p style=\"text-align: justify;\">Ovdje mo\u017eete pogledati <strong>PLAN ODVOZA KOMUNALNOG OTPADA KOJI SE ODLA\u017dE U VRE\u0106E:<\/strong><\/p>\n<p style=\"text-align: justify;\"><strong>Ponedjeljak<\/strong><\/p>\n<ol style=\"text-align: justify;\">\n<li>Fojnice<\/li>\n<li>Maru\u0161i\u0107i<\/li>\n<li>Paravci<\/li>\n<li>Prnjavor<\/li>\n<li>Lovnica<\/li>\n<li>Skroze<\/li>\n<li>Ulji\u0107i<\/li>\n<li>Gazije<\/li>\n<li>Ulica 9. Maj<\/li>\n<li>MZ Rujnica<\/li>\n<\/ol>\n<p style=\"text-align: justify;\"><strong>Utorak<\/strong><\/p>\n<ol style=\"text-align: justify;\">\n<li>Be\u0161e<\/li>\n<li>Bajvati<\/li>\n<li>Lijev\u010da<\/li>\n<li>Gornji Sinanovi\u0107i<\/li>\n<li>Borovnica<\/li>\n<li>Ku\u010dice, Polja<\/li>\n<li>Gornje Poljice,<\/li>\n<li>Petkovi\u0107i<\/li>\n<li>Stipovi\u0107i<\/li>\n<li>Potkle\u010dki put<\/li>\n<li>Uz rijeku Krivaju do Huma<\/li>\n<\/ol>\n<p style=\"text-align: justify;\"><strong>Srijeda<\/strong><\/p>\n<ol style=\"text-align: justify;\">\n<li>MZ Dubravica<\/li>\n<li>MZ Branioci grada<\/li>\n<li>Potkle\u010dje<\/li>\n<\/ol>\n<p style=\"text-align: justify;\"><strong>\u010cetvrtak<\/strong><\/p>\n<ol style=\"text-align: justify;\">\n<li>Hrki\u0107i<\/li>\n<li>\u017di\u0161ci<\/li>\n<li>Gornji Kova\u010di<\/li>\n<li>Dragovi\u0107i<\/li>\n<li>Brijeg<\/li>\n<li>Dvor<\/li>\n<li>Stavci<\/li>\n<li>Me\u0107evi\u0107i<\/li>\n<li>Kr\u010devine<\/li>\n<\/ol>\n<p style=\"text-align: justify;\"><strong>Petak<\/strong><\/p>\n<ol style=\"text-align: justify;\">\n<li>D\u017einici<\/li>\n<li>Mustajba\u0161i\u0107i<\/li>\n<li>Vikovi\u0107i<\/li>\n<li>Dolovi<\/li>\n<li>Ulica Enesa Kalabi\u0107a<\/li>\n<li>Gajska<\/li>\n<li>Dragovac<\/li>\n<li>Bilja\u010di\u0107<\/li>\n<\/ol>\n<p style=\"text-align: justify;\">Kako smo ve\u0107 kazali, ovaj novi plan odvoza komunalnog otpada primjenjivat \u0107e se od 16.04.2018. godine, a ta\u010dno vrijeme odvoza otpada za navedena mjesta i ulice mo\u017eete pogledati <a href=\"http:\/\/www.jkpradnik.ba\/fileadmin\/user_upload\/Vijesti\/OBAVJESTENJE\/1117-413-03-18_Plan_odvoza_otpada_u_vrecama_-_Interno_ovdje.pdf\" target=\"_blank\" rel=\"noopener\"><span style=\"color: #0000ff;\"><strong>OVDJE<\/strong><\/span><\/a>.<\/p>\n<p>&nbsp;<\/p>\n<p style=\"text-align: right;\">zavnews<\/p>\n<div class=\"fcbkbttn_buttons_block\" id=\"fcbkbttn_left\"><div class=\"fcbkbttn_button\">\n\t\t\t\t\t<a href=\"https:\/\/www.facebook.com\/www.zavnews.net\/\" target=\"_blank\">\n\t\t\t\t\t\t<img decoding=\"async\" src=\"https:\/\/zavnews.net\/wp-content\/plugins\/facebook-button-plugin\/images\/standard-facebook-ico.png\" alt=\"Fb-Button\" \/>\n\t\t\t\t\t<\/a>\n\t\t\t\t<\/div><div class=\"fcbkbttn_like \"><fb:like href=\"https:\/\/zavnews.net\/index.php\/2018\/04\/12\/jkp-radnik-obavjestenje-o-novom-terminu-odvoza-komunalnog-otpada\/\" action=\"like\" colorscheme=\"light\" layout=\"standard\"  width=\"450px\" size=\"small\"><\/fb:like><\/div><div class=\"fb-share-button  \" data-href=\"https:\/\/zavnews.net\/index.php\/2018\/04\/12\/jkp-radnik-obavjestenje-o-novom-terminu-odvoza-komunalnog-otpada\/\" data-type=\"button_count\" data-size=\"small\"><\/div><\/div>","protected":false},"excerpt":{"rendered":"<div class=\"fcbkbttn_buttons_block\" id=\"fcbkbttn_left\"><div class=\"fcbkbttn_button\">\n\t\t\t\t\t<a href=\"https:\/\/www.facebook.com\/www.zavnews.net\/\" target=\"_blank\">\n\t\t\t\t\t\t<img decoding=\"async\" src=\"https:\/\/zavnews.net\/wp-content\/plugins\/facebook-button-plugin\/images\/standard-facebook-ico.png\" alt=\"Fb-Button\" \/>\n\t\t\t\t\t<\/a>\n\t\t\t\t<\/div><div class=\"fcbkbttn_like \"><fb:like href=\"https:\/\/zavnews.net\/index.php\/2018\/04\/12\/jkp-radnik-obavjestenje-o-novom-terminu-odvoza-komunalnog-otpada\/\" action=\"like\" colorscheme=\"light\" layout=\"standard\"  width=\"450px\" size=\"small\"><\/fb:like><\/div><div class=\"fb-share-button  \" data-href=\"https:\/\/zavnews.net\/index.php\/2018\/04\/12\/jkp-radnik-obavjestenje-o-novom-terminu-odvoza-komunalnog-otpada\/\" data-type=\"button_count\" data-size=\"small\"><\/div><\/div><p>&nbsp; Iz JKP Radnik Zavidovi\u0107i, obavje\u0161tavaju korisnike usluge odvoza komunalnog otpada, da \u0107e od 16.04.2018. godine startati sa novim terminom odvoza otpada. Kako su nam kazali iz ovog preduze\u0107a, razlog tome su topliji dani koji dolaze i sve ve\u0107e koli\u010dine&#8230;<\/p>\n<div class=\"fcbkbttn_buttons_block\" id=\"fcbkbttn_left\"><div class=\"fcbkbttn_button\">\n\t\t\t\t\t<a href=\"https:\/\/www.facebook.com\/www.zavnews.net\/\" target=\"_blank\">\n\t\t\t\t\t\t<img decoding=\"async\" src=\"https:\/\/zavnews.net\/wp-content\/plugins\/facebook-button-plugin\/images\/standard-facebook-ico.png\" alt=\"Fb-Button\" \/>\n\t\t\t\t\t<\/a>\n\t\t\t\t<\/div><div class=\"fcbkbttn_like \"><fb:like href=\"https:\/\/zavnews.net\/index.php\/2018\/04\/12\/jkp-radnik-obavjestenje-o-novom-terminu-odvoza-komunalnog-otpada\/\" action=\"like\" colorscheme=\"light\" layout=\"standard\"  width=\"450px\" size=\"small\"><\/fb:like><\/div><div class=\"fb-share-button  \" data-href=\"https:\/\/zavnews.net\/index.php\/2018\/04\/12\/jkp-radnik-obavjestenje-o-novom-terminu-odvoza-komunalnog-otpada\/\" data-type=\"button_count\" data-size=\"small\"><\/div><\/div>","protected":false},"author":1,"featured_media":7531,"comment_status":"open","ping_status":"open","sticky":false,"template":"","format":"standard","meta":{"footnotes":""},"categories":[3,18],"tags":[],"yoast_head":"<!-- This site is optimized with the Yoast SEO plugin v23.5 - https:\/\/yoast.com\/wordpress\/plugins\/seo\/ -->\n<title>JKP Radnik: Obavje\u0161tenje o novom terminu odvoza komunalnog otpada - Zavnews<\/title>\n<meta name=\"robots\" content=\"index, follow, max-snippet:-1, max-image-preview:large, max-video-preview:-1\" \/>\n<link rel=\"canonical\" href=\"https:\/\/zavnews.net\/index.php\/2018\/04\/12\/jkp-radnik-obavjestenje-o-novom-terminu-odvoza-komunalnog-otpada\/\" \/>\n<meta property=\"og:locale\" content=\"bs_BA\" \/>\n<meta property=\"og:type\" content=\"article\" \/>\n<meta property=\"og:title\" content=\"JKP Radnik: Obavje\u0161tenje o novom terminu odvoza komunalnog otpada - Zavnews\" \/>\n<meta property=\"og:description\" content=\"&nbsp; Iz JKP Radnik Zavidovi\u0107i, obavje\u0161tavaju korisnike usluge odvoza komunalnog otpada, da \u0107e od 16.04.2018. godine startati sa novim terminom odvoza otpada. Kako su nam kazali iz ovog preduze\u0107a, razlog tome su topliji dani koji dolaze i sve ve\u0107e koli\u010dine...\" \/>\n<meta property=\"og:url\" content=\"https:\/\/zavnews.net\/index.php\/2018\/04\/12\/jkp-radnik-obavjestenje-o-novom-terminu-odvoza-komunalnog-otpada\/\" \/>\n<meta property=\"og:site_name\" content=\"Zavnews\" \/>\n<meta property=\"article:published_time\" content=\"2018-04-12T11:15:32+00:00\" \/>\n<meta property=\"article:modified_time\" content=\"2018-04-12T11:19:21+00:00\" \/>\n<meta property=\"og:image\" content=\"https:\/\/zavnews.net\/wp-content\/uploads\/2018\/04\/1496250_1401725276739093_725039295_o.jpg\" \/>\n\t<meta property=\"og:image:width\" content=\"850\" \/>\n\t<meta property=\"og:image:height\" content=\"372\" \/>\n\t<meta property=\"og:image:type\" content=\"image\/jpeg\" \/>\n<meta name=\"author\" content=\"zavnews\" \/>\n<meta name=\"twitter:card\" content=\"summary_large_image\" \/>\n<meta name=\"twitter:label1\" content=\"Written by\" \/>\n\t<meta name=\"twitter:data1\" content=\"zavnews\" \/>\n\t<meta name=\"twitter:label2\" content=\"Est. reading time\" \/>\n\t<meta name=\"twitter:data2\" content=\"1 minuta\" \/>\n<script type=\"application\/ld+json\" class=\"yoast-schema-graph\">{\"@context\":\"https:\/\/schema.org\",\"@graph\":[{\"@type\":\"Article\",\"@id\":\"https:\/\/zavnews.net\/index.php\/2018\/04\/12\/jkp-radnik-obavjestenje-o-novom-terminu-odvoza-komunalnog-otpada\/#article\",\"isPartOf\":{\"@id\":\"https:\/\/zavnews.net\/index.php\/2018\/04\/12\/jkp-radnik-obavjestenje-o-novom-terminu-odvoza-komunalnog-otpada\/\"},\"author\":{\"name\":\"zavnews\",\"@id\":\"https:\/\/zavnews.net\/#\/schema\/person\/2477577553b6626f3681ce4d32a6917f\"},\"headline\":\"JKP Radnik: Obavje\u0161tenje o novom terminu odvoza komunalnog otpada\",\"datePublished\":\"2018-04-12T11:15:32+00:00\",\"dateModified\":\"2018-04-12T11:19:21+00:00\",\"mainEntityOfPage\":{\"@id\":\"https:\/\/zavnews.net\/index.php\/2018\/04\/12\/jkp-radnik-obavjestenje-o-novom-terminu-odvoza-komunalnog-otpada\/\"},\"wordCount\":227,\"commentCount\":0,\"publisher\":{\"@id\":\"https:\/\/zavnews.net\/#organization\"},\"image\":{\"@id\":\"https:\/\/zavnews.net\/index.php\/2018\/04\/12\/jkp-radnik-obavjestenje-o-novom-terminu-odvoza-komunalnog-otpada\/#primaryimage\"},\"thumbnailUrl\":\"https:\/\/zavnews.net\/wp-content\/uploads\/2018\/04\/1496250_1401725276739093_725039295_o.jpg\",\"articleSection\":[\"VIJESTI\",\"zavidovi\u0107i\"],\"inLanguage\":\"bs-BA\",\"potentialAction\":[{\"@type\":\"CommentAction\",\"name\":\"Comment\",\"target\":[\"https:\/\/zavnews.net\/index.php\/2018\/04\/12\/jkp-radnik-obavjestenje-o-novom-terminu-odvoza-komunalnog-otpada\/#respond\"]}]},{\"@type\":\"WebPage\",\"@id\":\"https:\/\/zavnews.net\/index.php\/2018\/04\/12\/jkp-radnik-obavjestenje-o-novom-terminu-odvoza-komunalnog-otpada\/\",\"url\":\"https:\/\/zavnews.net\/index.php\/2018\/04\/12\/jkp-radnik-obavjestenje-o-novom-terminu-odvoza-komunalnog-otpada\/\",\"name\":\"JKP Radnik: Obavje\u0161tenje o novom terminu odvoza komunalnog otpada - Zavnews\",\"isPartOf\":{\"@id\":\"https:\/\/zavnews.net\/#website\"},\"primaryImageOfPage\":{\"@id\":\"https:\/\/zavnews.net\/index.php\/2018\/04\/12\/jkp-radnik-obavjestenje-o-novom-terminu-odvoza-komunalnog-otpada\/#primaryimage\"},\"image\":{\"@id\":\"https:\/\/zavnews.net\/index.php\/2018\/04\/12\/jkp-radnik-obavjestenje-o-novom-terminu-odvoza-komunalnog-otpada\/#primaryimage\"},\"thumbnailUrl\":\"https:\/\/zavnews.net\/wp-content\/uploads\/2018\/04\/1496250_1401725276739093_725039295_o.jpg\",\"datePublished\":\"2018-04-12T11:15:32+00:00\",\"dateModified\":\"2018-04-12T11:19:21+00:00\",\"breadcrumb\":{\"@id\":\"https:\/\/zavnews.net\/index.php\/2018\/04\/12\/jkp-radnik-obavjestenje-o-novom-terminu-odvoza-komunalnog-otpada\/#breadcrumb\"},\"inLanguage\":\"bs-BA\",\"potentialAction\":[{\"@type\":\"ReadAction\",\"target\":[\"https:\/\/zavnews.net\/index.php\/2018\/04\/12\/jkp-radnik-obavjestenje-o-novom-terminu-odvoza-komunalnog-otpada\/\"]}]},{\"@type\":\"ImageObject\",\"inLanguage\":\"bs-BA\",\"@id\":\"https:\/\/zavnews.net\/index.php\/2018\/04\/12\/jkp-radnik-obavjestenje-o-novom-terminu-odvoza-komunalnog-otpada\/#primaryimage\",\"url\":\"https:\/\/zavnews.net\/wp-content\/uploads\/2018\/04\/1496250_1401725276739093_725039295_o.jpg\",\"contentUrl\":\"https:\/\/zavnews.net\/wp-content\/uploads\/2018\/04\/1496250_1401725276739093_725039295_o.jpg\",\"width\":850,\"height\":372},{\"@type\":\"BreadcrumbList\",\"@id\":\"https:\/\/zavnews.net\/index.php\/2018\/04\/12\/jkp-radnik-obavjestenje-o-novom-terminu-odvoza-komunalnog-otpada\/#breadcrumb\",\"itemListElement\":[{\"@type\":\"ListItem\",\"position\":1,\"name\":\"Po\u010detna stranica\",\"item\":\"https:\/\/zavnews.net\/\"},{\"@type\":\"ListItem\",\"position\":2,\"name\":\"JKP Radnik: Obavje\u0161tenje o novom terminu odvoza komunalnog otpada\"}]},{\"@type\":\"WebSite\",\"@id\":\"https:\/\/zavnews.net\/#website\",\"url\":\"https:\/\/zavnews.net\/\",\"name\":\"Zavnews\",\"description\":\"Zavidovi\u0107i\",\"publisher\":{\"@id\":\"https:\/\/zavnews.net\/#organization\"},\"potentialAction\":[{\"@type\":\"SearchAction\",\"target\":{\"@type\":\"EntryPoint\",\"urlTemplate\":\"https:\/\/zavnews.net\/?s={search_term_string}\"},\"query-input\":{\"@type\":\"PropertyValueSpecification\",\"valueRequired\":true,\"valueName\":\"search_term_string\"}}],\"inLanguage\":\"bs-BA\"},{\"@type\":\"Organization\",\"@id\":\"https:\/\/zavnews.net\/#organization\",\"name\":\"Zavidovi\u0107i\",\"url\":\"https:\/\/zavnews.net\/\",\"logo\":{\"@type\":\"ImageObject\",\"inLanguage\":\"bs-BA\",\"@id\":\"https:\/\/zavnews.net\/#\/schema\/logo\/image\/\",\"url\":\"https:\/\/zavnews.net\/wp-content\/uploads\/2021\/11\/cropped-cropped-cropped-cropped-Screenshot_1-removebg-preview-2.png\",\"contentUrl\":\"https:\/\/zavnews.net\/wp-content\/uploads\/2021\/11\/cropped-cropped-cropped-cropped-Screenshot_1-removebg-preview-2.png\",\"width\":841,\"height\":180,\"caption\":\"Zavidovi\u0107i\"},\"image\":{\"@id\":\"https:\/\/zavnews.net\/#\/schema\/logo\/image\/\"}},{\"@type\":\"Person\",\"@id\":\"https:\/\/zavnews.net\/#\/schema\/person\/2477577553b6626f3681ce4d32a6917f\",\"name\":\"zavnews\",\"image\":{\"@type\":\"ImageObject\",\"inLanguage\":\"bs-BA\",\"@id\":\"https:\/\/zavnews.net\/#\/schema\/person\/image\/\",\"url\":\"https:\/\/secure.gravatar.com\/avatar\/3d25e050de275ca74aa70a2e30eb6f6c?s=96&d=mm&r=g\",\"contentUrl\":\"https:\/\/secure.gravatar.com\/avatar\/3d25e050de275ca74aa70a2e30eb6f6c?s=96&d=mm&r=g\",\"caption\":\"zavnews\"}}]}<\/script>\n<!-- \/ Yoast SEO plugin. -->","yoast_head_json":{"title":"JKP Radnik: Obavje\u0161tenje o novom terminu odvoza komunalnog otpada - Zavnews","robots":{"index":"index","follow":"follow","max-snippet":"max-snippet:-1","max-image-preview":"max-image-preview:large","max-video-preview":"max-video-preview:-1"},"canonical":"https:\/\/zavnews.net\/index.php\/2018\/04\/12\/jkp-radnik-obavjestenje-o-novom-terminu-odvoza-komunalnog-otpada\/","og_locale":"bs_BA","og_type":"article","og_title":"JKP Radnik: Obavje\u0161tenje o novom terminu odvoza komunalnog otpada - Zavnews","og_description":"&nbsp; Iz JKP Radnik Zavidovi\u0107i, obavje\u0161tavaju korisnike usluge odvoza komunalnog otpada, da \u0107e od 16.04.2018. godine startati sa novim terminom odvoza otpada. Kako su nam kazali iz ovog preduze\u0107a, razlog tome su topliji dani koji dolaze i sve ve\u0107e koli\u010dine...","og_url":"https:\/\/zavnews.net\/index.php\/2018\/04\/12\/jkp-radnik-obavjestenje-o-novom-terminu-odvoza-komunalnog-otpada\/","og_site_name":"Zavnews","article_published_time":"2018-04-12T11:15:32+00:00","article_modified_time":"2018-04-12T11:19:21+00:00","og_image":[{"width":850,"height":372,"url":"https:\/\/zavnews.net\/wp-content\/uploads\/2018\/04\/1496250_1401725276739093_725039295_o.jpg","type":"image\/jpeg"}],"author":"zavnews","twitter_card":"summary_large_image","twitter_misc":{"Written by":"zavnews","Est. reading time":"1 minuta"},"schema":{"@context":"https:\/\/schema.org","@graph":[{"@type":"Article","@id":"https:\/\/zavnews.net\/index.php\/2018\/04\/12\/jkp-radnik-obavjestenje-o-novom-terminu-odvoza-komunalnog-otpada\/#article","isPartOf":{"@id":"https:\/\/zavnews.net\/index.php\/2018\/04\/12\/jkp-radnik-obavjestenje-o-novom-terminu-odvoza-komunalnog-otpada\/"},"author":{"name":"zavnews","@id":"https:\/\/zavnews.net\/#\/schema\/person\/2477577553b6626f3681ce4d32a6917f"},"headline":"JKP Radnik: Obavje\u0161tenje o novom terminu odvoza komunalnog otpada","datePublished":"2018-04-12T11:15:32+00:00","dateModified":"2018-04-12T11:19:21+00:00","mainEntityOfPage":{"@id":"https:\/\/zavnews.net\/index.php\/2018\/04\/12\/jkp-radnik-obavjestenje-o-novom-terminu-odvoza-komunalnog-otpada\/"},"wordCount":227,"commentCount":0,"publisher":{"@id":"https:\/\/zavnews.net\/#organization"},"image":{"@id":"https:\/\/zavnews.net\/index.php\/2018\/04\/12\/jkp-radnik-obavjestenje-o-novom-terminu-odvoza-komunalnog-otpada\/#primaryimage"},"thumbnailUrl":"https:\/\/zavnews.net\/wp-content\/uploads\/2018\/04\/1496250_1401725276739093_725039295_o.jpg","articleSection":["VIJESTI","zavidovi\u0107i"],"inLanguage":"bs-BA","potentialAction":[{"@type":"CommentAction","name":"Comment","target":["https:\/\/zavnews.net\/index.php\/2018\/04\/12\/jkp-radnik-obavjestenje-o-novom-terminu-odvoza-komunalnog-otpada\/#respond"]}]},{"@type":"WebPage","@id":"https:\/\/zavnews.net\/index.php\/2018\/04\/12\/jkp-radnik-obavjestenje-o-novom-terminu-odvoza-komunalnog-otpada\/","url":"https:\/\/zavnews.net\/index.php\/2018\/04\/12\/jkp-radnik-obavjestenje-o-novom-terminu-odvoza-komunalnog-otpada\/","name":"JKP Radnik: Obavje\u0161tenje o novom terminu odvoza komunalnog otpada - Zavnews","isPartOf":{"@id":"https:\/\/zavnews.net\/#website"},"primaryImageOfPage":{"@id":"https:\/\/zavnews.net\/index.php\/2018\/04\/12\/jkp-radnik-obavjestenje-o-novom-terminu-odvoza-komunalnog-otpada\/#primaryimage"},"image":{"@id":"https:\/\/zavnews.net\/index.php\/2018\/04\/12\/jkp-radnik-obavjestenje-o-novom-terminu-odvoza-komunalnog-otpada\/#primaryimage"},"thumbnailUrl":"https:\/\/zavnews.net\/wp-content\/uploads\/2018\/04\/1496250_1401725276739093_725039295_o.jpg","datePublished":"2018-04-12T11:15:32+00:00","dateModified":"2018-04-12T11:19:21+00:00","breadcrumb":{"@id":"https:\/\/zavnews.net\/index.php\/2018\/04\/12\/jkp-radnik-obavjestenje-o-novom-terminu-odvoza-komunalnog-otpada\/#breadcrumb"},"inLanguage":"bs-BA","potentialAction":[{"@type":"ReadAction","target":["https:\/\/zavnews.net\/index.php\/2018\/04\/12\/jkp-radnik-obavjestenje-o-novom-terminu-odvoza-komunalnog-otpada\/"]}]},{"@type":"ImageObject","inLanguage":"bs-BA","@id":"https:\/\/zavnews.net\/index.php\/2018\/04\/12\/jkp-radnik-obavjestenje-o-novom-terminu-odvoza-komunalnog-otpada\/#primaryimage","url":"https:\/\/zavnews.net\/wp-content\/uploads\/2018\/04\/1496250_1401725276739093_725039295_o.jpg","contentUrl":"https:\/\/zavnews.net\/wp-content\/uploads\/2018\/04\/1496250_1401725276739093_725039295_o.jpg","width":850,"height":372},{"@type":"BreadcrumbList","@id":"https:\/\/zavnews.net\/index.php\/2018\/04\/12\/jkp-radnik-obavjestenje-o-novom-terminu-odvoza-komunalnog-otpada\/#breadcrumb","itemListElement":[{"@type":"ListItem","position":1,"name":"Po\u010detna stranica","item":"https:\/\/zavnews.net\/"},{"@type":"ListItem","position":2,"name":"JKP Radnik: Obavje\u0161tenje o novom terminu odvoza komunalnog otpada"}]},{"@type":"WebSite","@id":"https:\/\/zavnews.net\/#website","url":"https:\/\/zavnews.net\/","name":"Zavnews","description":"Zavidovi\u0107i","publisher":{"@id":"https:\/\/zavnews.net\/#organization"},"potentialAction":[{"@type":"SearchAction","target":{"@type":"EntryPoint","urlTemplate":"https:\/\/zavnews.net\/?s={search_term_string}"},"query-input":{"@type":"PropertyValueSpecification","valueRequired":true,"valueName":"search_term_string"}}],"inLanguage":"bs-BA"},{"@type":"Organization","@id":"https:\/\/zavnews.net\/#organization","name":"Zavidovi\u0107i","url":"https:\/\/zavnews.net\/","logo":{"@type":"ImageObject","inLanguage":"bs-BA","@id":"https:\/\/zavnews.net\/#\/schema\/logo\/image\/","url":"https:\/\/zavnews.net\/wp-content\/uploads\/2021\/11\/cropped-cropped-cropped-cropped-Screenshot_1-removebg-preview-2.png","contentUrl":"https:\/\/zavnews.net\/wp-content\/uploads\/2021\/11\/cropped-cropped-cropped-cropped-Screenshot_1-removebg-preview-2.png","width":841,"height":180,"caption":"Zavidovi\u0107i"},"image":{"@id":"https:\/\/zavnews.net\/#\/schema\/logo\/image\/"}},{"@type":"Person","@id":"https:\/\/zavnews.net\/#\/schema\/person\/2477577553b6626f3681ce4d32a6917f","name":"zavnews","image":{"@type":"ImageObject","inLanguage":"bs-BA","@id":"https:\/\/zavnews.net\/#\/schema\/person\/image\/","url":"https:\/\/secure.gravatar.com\/avatar\/3d25e050de275ca74aa70a2e30eb6f6c?s=96&d=mm&r=g","contentUrl":"https:\/\/secure.gravatar.com\/avatar\/3d25e050de275ca74aa70a2e30eb6f6c?s=96&d=mm&r=g","caption":"zavnews"}}]}},"_links":{"self":[{"href":"https:\/\/zavnews.net\/index.php\/wp-json\/wp\/v2\/posts\/7530"}],"collection":[{"href":"https:\/\/zavnews.net\/index.php\/wp-json\/wp\/v2\/posts"}],"about":[{"href":"https:\/\/zavnews.net\/index.php\/wp-json\/wp\/v2\/types\/post"}],"author":[{"embeddable":true,"href":"https:\/\/zavnews.net\/index.php\/wp-json\/wp\/v2\/users\/1"}],"replies":[{"embeddable":true,"href":"https:\/\/zavnews.net\/index.php\/wp-json\/wp\/v2\/comments?post=7530"}],"version-history":[{"count":3,"href":"https:\/\/zavnews.net\/index.php\/wp-json\/wp\/v2\/posts\/7530\/revisions"}],"predecessor-version":[{"id":7534,"href":"https:\/\/zavnews.net\/index.php\/wp-json\/wp\/v2\/posts\/7530\/revisions\/7534"}],"wp:featuredmedia":[{"embeddable":true,"href":"https:\/\/zavnews.net\/index.php\/wp-json\/wp\/v2\/media\/7531"}],"wp:attachment":[{"href":"https:\/\/zavnews.net\/index.php\/wp-json\/wp\/v2\/media?parent=7530"}],"wp:term":[{"taxonomy":"category","embeddable":true,"href":"https:\/\/zavnews.net\/index.php\/wp-json\/wp\/v2\/categories?post=7530"},{"taxonomy":"post_tag","embeddable":true,"href":"https:\/\/zavnews.net\/index.php\/wp-json\/wp\/v2\/tags?post=7530"}],"curies":[{"name":"wp","href":"https:\/\/api.w.org\/{rel}","templated":true}]}}