{"id":7151,"date":"2018-01-27T22:59:26","date_gmt":"2018-01-27T21:59:26","guid":{"rendered":"http:\/\/zavnews.net\/?p=7151"},"modified":"2018-01-27T22:59:26","modified_gmt":"2018-01-27T21:59:26","slug":"zavidovici-intenzivno-se-vode-razgovori-oko-nove-vecine-u-opcinskom-vijecu","status":"publish","type":"post","link":"https:\/\/zavnews.net\/index.php\/2018\/01\/27\/zavidovici-intenzivno-se-vode-razgovori-oko-nove-vecine-u-opcinskom-vijecu\/","title":{"rendered":"Zavidovi\u0107i: Intenzivno se vode razgovori oko nove ve\u0107ine u Op\u0107inskom vije\u0107u"},"content":{"rendered":"<div class=\"fcbkbttn_buttons_block\" id=\"fcbkbttn_left\"><div class=\"fcbkbttn_button\">\n\t\t\t\t\t<a href=\"https:\/\/www.facebook.com\/www.zavnews.net\/\" target=\"_blank\">\n\t\t\t\t\t\t<img decoding=\"async\" src=\"https:\/\/zavnews.net\/wp-content\/plugins\/facebook-button-plugin\/images\/standard-facebook-ico.png\" alt=\"Fb-Button\" \/>\n\t\t\t\t\t<\/a>\n\t\t\t\t<\/div><div class=\"fcbkbttn_like \"><fb:like href=\"https:\/\/zavnews.net\/index.php\/2018\/01\/27\/zavidovici-intenzivno-se-vode-razgovori-oko-nove-vecine-u-opcinskom-vijecu\/\" action=\"like\" colorscheme=\"light\" layout=\"standard\"  width=\"450px\" size=\"small\"><\/fb:like><\/div><div class=\"fb-share-button  \" data-href=\"https:\/\/zavnews.net\/index.php\/2018\/01\/27\/zavidovici-intenzivno-se-vode-razgovori-oko-nove-vecine-u-opcinskom-vijecu\/\" data-type=\"button_count\" data-size=\"small\"><\/div><\/div><p>&nbsp;<\/p>\n<p><img loading=\"lazy\" decoding=\"async\" class=\"aligncenter size-full wp-image-7152\" src=\"http:\/\/zavnews.net\/wp-content\/uploads\/2018\/01\/Screenshot_3.png\" alt=\"\" width=\"850\" height=\"500\" srcset=\"https:\/\/zavnews.net\/wp-content\/uploads\/2018\/01\/Screenshot_3.png 850w, https:\/\/zavnews.net\/wp-content\/uploads\/2018\/01\/Screenshot_3-600x353.png 600w, https:\/\/zavnews.net\/wp-content\/uploads\/2018\/01\/Screenshot_3-300x176.png 300w, https:\/\/zavnews.net\/wp-content\/uploads\/2018\/01\/Screenshot_3-768x452.png 768w\" sizes=\"(max-width: 850px) 100vw, 850px\" \/><\/p>\n<p style=\"text-align: justify;\"><strong>Prema informacijama koje smo dobili od nekoliko \u010dlanova stranaka koje \u010dine Op\u0107insko vije\u0107e op\u0107ine Zavidovi\u0107i, posljednjih dana su se vodili intenzivni pregovori oko formiranja ve\u0107ine u Op\u0107inskom vije\u0107u.<\/strong><\/p>\n<p style=\"text-align: justify;\">Op\u0107inski na\u010delnik Ha\u0161im Mujanovi\u0107, kako tvrde na\u0161i sagovornici koji su s razlogom \u017eeljeli ostati anonimni do okon\u010danja pregovora, dogovorio je budu\u0107u saradnju sa Strankom demokratske akcije i njihovim partnerima, odnosno strankama koje zajedno sa SDA \u010dine ve\u0107inu u Op\u0107inskom vije\u0107u, te bi prema tom dogovoru budu\u0107u ve\u0107inu u Vije\u0107u trebale sa\u010dinjavati SDA, SBB, GDS, SBiH, A-SDA i Stranka penzionera..<\/p>\n<p style=\"text-align: justify;\">Poseban akcenat u ovim pregovorima kako ka\u017eu u\u010desnici, stavljen je na Bud\u017eet za 2018. godinu, ali i na brojne druge va\u017ene teme koje su od krucijalnog zna\u010daja za na\u0161u op\u0107inu.<\/p>\n<p style=\"text-align: justify;\">Na\u0161i sagovornici tvrde da bi nastavak pregovora trebao biti u ponedjeljak, 29. januara, kada bi se trebalo razgovarati o svim vidovima budu\u0107e saradnje, i finalizirati razgovori oko uspostavljanja ve\u0107ine u Op\u0107inskom vije\u0107u, te o svim drugim pitanjima vezanim za Op\u0107insko vije\u0107e, a onda sa\u010dekati da se o svemu o\u010dituju izvr\u0161ni organi stranaka koje su u\u010destvovale u pregovorima, nakon \u010dega bi uz potpisivanje nekog zvani\u010dnog dokumenta o dogovorenoj saradnji, dogovor trebao biti zvani\u010dan i kona\u010dan.<\/p>\n<p>&nbsp;<\/p>\n<p style=\"text-align: right;\">zavnews<\/p>\n<p>&nbsp;<\/p>\n<div class=\"fcbkbttn_buttons_block\" id=\"fcbkbttn_left\"><div class=\"fcbkbttn_button\">\n\t\t\t\t\t<a href=\"https:\/\/www.facebook.com\/www.zavnews.net\/\" target=\"_blank\">\n\t\t\t\t\t\t<img decoding=\"async\" src=\"https:\/\/zavnews.net\/wp-content\/plugins\/facebook-button-plugin\/images\/standard-facebook-ico.png\" alt=\"Fb-Button\" \/>\n\t\t\t\t\t<\/a>\n\t\t\t\t<\/div><div class=\"fcbkbttn_like \"><fb:like href=\"https:\/\/zavnews.net\/index.php\/2018\/01\/27\/zavidovici-intenzivno-se-vode-razgovori-oko-nove-vecine-u-opcinskom-vijecu\/\" action=\"like\" colorscheme=\"light\" layout=\"standard\"  width=\"450px\" size=\"small\"><\/fb:like><\/div><div class=\"fb-share-button  \" data-href=\"https:\/\/zavnews.net\/index.php\/2018\/01\/27\/zavidovici-intenzivno-se-vode-razgovori-oko-nove-vecine-u-opcinskom-vijecu\/\" data-type=\"button_count\" data-size=\"small\"><\/div><\/div>","protected":false},"excerpt":{"rendered":"<div class=\"fcbkbttn_buttons_block\" id=\"fcbkbttn_left\"><div class=\"fcbkbttn_button\">\n\t\t\t\t\t<a href=\"https:\/\/www.facebook.com\/www.zavnews.net\/\" target=\"_blank\">\n\t\t\t\t\t\t<img decoding=\"async\" src=\"https:\/\/zavnews.net\/wp-content\/plugins\/facebook-button-plugin\/images\/standard-facebook-ico.png\" alt=\"Fb-Button\" \/>\n\t\t\t\t\t<\/a>\n\t\t\t\t<\/div><div class=\"fcbkbttn_like \"><fb:like href=\"https:\/\/zavnews.net\/index.php\/2018\/01\/27\/zavidovici-intenzivno-se-vode-razgovori-oko-nove-vecine-u-opcinskom-vijecu\/\" action=\"like\" colorscheme=\"light\" layout=\"standard\"  width=\"450px\" size=\"small\"><\/fb:like><\/div><div class=\"fb-share-button  \" data-href=\"https:\/\/zavnews.net\/index.php\/2018\/01\/27\/zavidovici-intenzivno-se-vode-razgovori-oko-nove-vecine-u-opcinskom-vijecu\/\" data-type=\"button_count\" data-size=\"small\"><\/div><\/div><p>&nbsp; Prema informacijama koje smo dobili od nekoliko \u010dlanova stranaka koje \u010dine Op\u0107insko vije\u0107e op\u0107ine Zavidovi\u0107i, posljednjih dana su se vodili intenzivni pregovori oko formiranja ve\u0107ine u Op\u0107inskom vije\u0107u. Op\u0107inski na\u010delnik Ha\u0161im Mujanovi\u0107, kako tvrde na\u0161i sagovornici koji su s&#8230;<\/p>\n<div class=\"fcbkbttn_buttons_block\" id=\"fcbkbttn_left\"><div class=\"fcbkbttn_button\">\n\t\t\t\t\t<a href=\"https:\/\/www.facebook.com\/www.zavnews.net\/\" target=\"_blank\">\n\t\t\t\t\t\t<img decoding=\"async\" src=\"https:\/\/zavnews.net\/wp-content\/plugins\/facebook-button-plugin\/images\/standard-facebook-ico.png\" alt=\"Fb-Button\" \/>\n\t\t\t\t\t<\/a>\n\t\t\t\t<\/div><div class=\"fcbkbttn_like \"><fb:like href=\"https:\/\/zavnews.net\/index.php\/2018\/01\/27\/zavidovici-intenzivno-se-vode-razgovori-oko-nove-vecine-u-opcinskom-vijecu\/\" action=\"like\" colorscheme=\"light\" layout=\"standard\"  width=\"450px\" size=\"small\"><\/fb:like><\/div><div class=\"fb-share-button  \" data-href=\"https:\/\/zavnews.net\/index.php\/2018\/01\/27\/zavidovici-intenzivno-se-vode-razgovori-oko-nove-vecine-u-opcinskom-vijecu\/\" data-type=\"button_count\" data-size=\"small\"><\/div><\/div>","protected":false},"author":1,"featured_media":7152,"comment_status":"open","ping_status":"open","sticky":false,"template":"","format":"standard","meta":{"footnotes":""},"categories":[3,18],"tags":[],"yoast_head":"<!-- This site is optimized with the Yoast SEO plugin v23.5 - https:\/\/yoast.com\/wordpress\/plugins\/seo\/ -->\n<title>Zavidovi\u0107i: Intenzivno se vode razgovori oko nove ve\u0107ine u Op\u0107inskom vije\u0107u - Zavnews<\/title>\n<meta name=\"robots\" content=\"index, follow, max-snippet:-1, max-image-preview:large, max-video-preview:-1\" \/>\n<link rel=\"canonical\" href=\"https:\/\/zavnews.net\/index.php\/2018\/01\/27\/zavidovici-intenzivno-se-vode-razgovori-oko-nove-vecine-u-opcinskom-vijecu\/\" \/>\n<meta property=\"og:locale\" content=\"bs_BA\" \/>\n<meta property=\"og:type\" content=\"article\" \/>\n<meta property=\"og:title\" content=\"Zavidovi\u0107i: Intenzivno se vode razgovori oko nove ve\u0107ine u Op\u0107inskom vije\u0107u - Zavnews\" \/>\n<meta property=\"og:description\" content=\"&nbsp; Prema informacijama koje smo dobili od nekoliko \u010dlanova stranaka koje \u010dine Op\u0107insko vije\u0107e op\u0107ine Zavidovi\u0107i, posljednjih dana su se vodili intenzivni pregovori oko formiranja ve\u0107ine u Op\u0107inskom vije\u0107u. Op\u0107inski na\u010delnik Ha\u0161im Mujanovi\u0107, kako tvrde na\u0161i sagovornici koji su s...\" \/>\n<meta property=\"og:url\" content=\"https:\/\/zavnews.net\/index.php\/2018\/01\/27\/zavidovici-intenzivno-se-vode-razgovori-oko-nove-vecine-u-opcinskom-vijecu\/\" \/>\n<meta property=\"og:site_name\" content=\"Zavnews\" \/>\n<meta property=\"article:published_time\" content=\"2018-01-27T21:59:26+00:00\" \/>\n<meta property=\"og:image\" content=\"https:\/\/zavnews.net\/wp-content\/uploads\/2018\/01\/Screenshot_3.png\" \/>\n\t<meta property=\"og:image:width\" content=\"850\" \/>\n\t<meta property=\"og:image:height\" content=\"500\" \/>\n\t<meta property=\"og:image:type\" content=\"image\/png\" \/>\n<meta name=\"author\" content=\"zavnews\" \/>\n<meta name=\"twitter:card\" content=\"summary_large_image\" \/>\n<meta name=\"twitter:label1\" content=\"Written by\" \/>\n\t<meta name=\"twitter:data1\" content=\"zavnews\" \/>\n\t<meta name=\"twitter:label2\" content=\"Est. reading time\" \/>\n\t<meta name=\"twitter:data2\" content=\"1 minuta\" \/>\n<script type=\"application\/ld+json\" class=\"yoast-schema-graph\">{\"@context\":\"https:\/\/schema.org\",\"@graph\":[{\"@type\":\"Article\",\"@id\":\"https:\/\/zavnews.net\/index.php\/2018\/01\/27\/zavidovici-intenzivno-se-vode-razgovori-oko-nove-vecine-u-opcinskom-vijecu\/#article\",\"isPartOf\":{\"@id\":\"https:\/\/zavnews.net\/index.php\/2018\/01\/27\/zavidovici-intenzivno-se-vode-razgovori-oko-nove-vecine-u-opcinskom-vijecu\/\"},\"author\":{\"name\":\"zavnews\",\"@id\":\"https:\/\/zavnews.net\/#\/schema\/person\/2477577553b6626f3681ce4d32a6917f\"},\"headline\":\"Zavidovi\u0107i: Intenzivno se vode razgovori oko nove ve\u0107ine u Op\u0107inskom vije\u0107u\",\"datePublished\":\"2018-01-27T21:59:26+00:00\",\"dateModified\":\"2018-01-27T21:59:26+00:00\",\"mainEntityOfPage\":{\"@id\":\"https:\/\/zavnews.net\/index.php\/2018\/01\/27\/zavidovici-intenzivno-se-vode-razgovori-oko-nove-vecine-u-opcinskom-vijecu\/\"},\"wordCount\":249,\"commentCount\":0,\"publisher\":{\"@id\":\"https:\/\/zavnews.net\/#organization\"},\"image\":{\"@id\":\"https:\/\/zavnews.net\/index.php\/2018\/01\/27\/zavidovici-intenzivno-se-vode-razgovori-oko-nove-vecine-u-opcinskom-vijecu\/#primaryimage\"},\"thumbnailUrl\":\"https:\/\/zavnews.net\/wp-content\/uploads\/2018\/01\/Screenshot_3.png\",\"articleSection\":[\"VIJESTI\",\"zavidovi\u0107i\"],\"inLanguage\":\"bs-BA\",\"potentialAction\":[{\"@type\":\"CommentAction\",\"name\":\"Comment\",\"target\":[\"https:\/\/zavnews.net\/index.php\/2018\/01\/27\/zavidovici-intenzivno-se-vode-razgovori-oko-nove-vecine-u-opcinskom-vijecu\/#respond\"]}]},{\"@type\":\"WebPage\",\"@id\":\"https:\/\/zavnews.net\/index.php\/2018\/01\/27\/zavidovici-intenzivno-se-vode-razgovori-oko-nove-vecine-u-opcinskom-vijecu\/\",\"url\":\"https:\/\/zavnews.net\/index.php\/2018\/01\/27\/zavidovici-intenzivno-se-vode-razgovori-oko-nove-vecine-u-opcinskom-vijecu\/\",\"name\":\"Zavidovi\u0107i: Intenzivno se vode razgovori oko nove ve\u0107ine u Op\u0107inskom vije\u0107u - Zavnews\",\"isPartOf\":{\"@id\":\"https:\/\/zavnews.net\/#website\"},\"primaryImageOfPage\":{\"@id\":\"https:\/\/zavnews.net\/index.php\/2018\/01\/27\/zavidovici-intenzivno-se-vode-razgovori-oko-nove-vecine-u-opcinskom-vijecu\/#primaryimage\"},\"image\":{\"@id\":\"https:\/\/zavnews.net\/index.php\/2018\/01\/27\/zavidovici-intenzivno-se-vode-razgovori-oko-nove-vecine-u-opcinskom-vijecu\/#primaryimage\"},\"thumbnailUrl\":\"https:\/\/zavnews.net\/wp-content\/uploads\/2018\/01\/Screenshot_3.png\",\"datePublished\":\"2018-01-27T21:59:26+00:00\",\"dateModified\":\"2018-01-27T21:59:26+00:00\",\"breadcrumb\":{\"@id\":\"https:\/\/zavnews.net\/index.php\/2018\/01\/27\/zavidovici-intenzivno-se-vode-razgovori-oko-nove-vecine-u-opcinskom-vijecu\/#breadcrumb\"},\"inLanguage\":\"bs-BA\",\"potentialAction\":[{\"@type\":\"ReadAction\",\"target\":[\"https:\/\/zavnews.net\/index.php\/2018\/01\/27\/zavidovici-intenzivno-se-vode-razgovori-oko-nove-vecine-u-opcinskom-vijecu\/\"]}]},{\"@type\":\"ImageObject\",\"inLanguage\":\"bs-BA\",\"@id\":\"https:\/\/zavnews.net\/index.php\/2018\/01\/27\/zavidovici-intenzivno-se-vode-razgovori-oko-nove-vecine-u-opcinskom-vijecu\/#primaryimage\",\"url\":\"https:\/\/zavnews.net\/wp-content\/uploads\/2018\/01\/Screenshot_3.png\",\"contentUrl\":\"https:\/\/zavnews.net\/wp-content\/uploads\/2018\/01\/Screenshot_3.png\",\"width\":850,\"height\":500},{\"@type\":\"BreadcrumbList\",\"@id\":\"https:\/\/zavnews.net\/index.php\/2018\/01\/27\/zavidovici-intenzivno-se-vode-razgovori-oko-nove-vecine-u-opcinskom-vijecu\/#breadcrumb\",\"itemListElement\":[{\"@type\":\"ListItem\",\"position\":1,\"name\":\"Po\u010detna stranica\",\"item\":\"https:\/\/zavnews.net\/\"},{\"@type\":\"ListItem\",\"position\":2,\"name\":\"Zavidovi\u0107i: Intenzivno se vode razgovori oko nove ve\u0107ine u Op\u0107inskom vije\u0107u\"}]},{\"@type\":\"WebSite\",\"@id\":\"https:\/\/zavnews.net\/#website\",\"url\":\"https:\/\/zavnews.net\/\",\"name\":\"Zavnews\",\"description\":\"Zavidovi\u0107i\",\"publisher\":{\"@id\":\"https:\/\/zavnews.net\/#organization\"},\"potentialAction\":[{\"@type\":\"SearchAction\",\"target\":{\"@type\":\"EntryPoint\",\"urlTemplate\":\"https:\/\/zavnews.net\/?s={search_term_string}\"},\"query-input\":{\"@type\":\"PropertyValueSpecification\",\"valueRequired\":true,\"valueName\":\"search_term_string\"}}],\"inLanguage\":\"bs-BA\"},{\"@type\":\"Organization\",\"@id\":\"https:\/\/zavnews.net\/#organization\",\"name\":\"Zavidovi\u0107i\",\"url\":\"https:\/\/zavnews.net\/\",\"logo\":{\"@type\":\"ImageObject\",\"inLanguage\":\"bs-BA\",\"@id\":\"https:\/\/zavnews.net\/#\/schema\/logo\/image\/\",\"url\":\"https:\/\/zavnews.net\/wp-content\/uploads\/2021\/11\/cropped-cropped-cropped-cropped-Screenshot_1-removebg-preview-2.png\",\"contentUrl\":\"https:\/\/zavnews.net\/wp-content\/uploads\/2021\/11\/cropped-cropped-cropped-cropped-Screenshot_1-removebg-preview-2.png\",\"width\":841,\"height\":180,\"caption\":\"Zavidovi\u0107i\"},\"image\":{\"@id\":\"https:\/\/zavnews.net\/#\/schema\/logo\/image\/\"}},{\"@type\":\"Person\",\"@id\":\"https:\/\/zavnews.net\/#\/schema\/person\/2477577553b6626f3681ce4d32a6917f\",\"name\":\"zavnews\",\"image\":{\"@type\":\"ImageObject\",\"inLanguage\":\"bs-BA\",\"@id\":\"https:\/\/zavnews.net\/#\/schema\/person\/image\/\",\"url\":\"https:\/\/secure.gravatar.com\/avatar\/3d25e050de275ca74aa70a2e30eb6f6c?s=96&d=mm&r=g\",\"contentUrl\":\"https:\/\/secure.gravatar.com\/avatar\/3d25e050de275ca74aa70a2e30eb6f6c?s=96&d=mm&r=g\",\"caption\":\"zavnews\"}}]}<\/script>\n<!-- \/ Yoast SEO plugin. -->","yoast_head_json":{"title":"Zavidovi\u0107i: Intenzivno se vode razgovori oko nove ve\u0107ine u Op\u0107inskom vije\u0107u - Zavnews","robots":{"index":"index","follow":"follow","max-snippet":"max-snippet:-1","max-image-preview":"max-image-preview:large","max-video-preview":"max-video-preview:-1"},"canonical":"https:\/\/zavnews.net\/index.php\/2018\/01\/27\/zavidovici-intenzivno-se-vode-razgovori-oko-nove-vecine-u-opcinskom-vijecu\/","og_locale":"bs_BA","og_type":"article","og_title":"Zavidovi\u0107i: Intenzivno se vode razgovori oko nove ve\u0107ine u Op\u0107inskom vije\u0107u - Zavnews","og_description":"&nbsp; Prema informacijama koje smo dobili od nekoliko \u010dlanova stranaka koje \u010dine Op\u0107insko vije\u0107e op\u0107ine Zavidovi\u0107i, posljednjih dana su se vodili intenzivni pregovori oko formiranja ve\u0107ine u Op\u0107inskom vije\u0107u. Op\u0107inski na\u010delnik Ha\u0161im Mujanovi\u0107, kako tvrde na\u0161i sagovornici koji su s...","og_url":"https:\/\/zavnews.net\/index.php\/2018\/01\/27\/zavidovici-intenzivno-se-vode-razgovori-oko-nove-vecine-u-opcinskom-vijecu\/","og_site_name":"Zavnews","article_published_time":"2018-01-27T21:59:26+00:00","og_image":[{"width":850,"height":500,"url":"https:\/\/zavnews.net\/wp-content\/uploads\/2018\/01\/Screenshot_3.png","type":"image\/png"}],"author":"zavnews","twitter_card":"summary_large_image","twitter_misc":{"Written by":"zavnews","Est. reading time":"1 minuta"},"schema":{"@context":"https:\/\/schema.org","@graph":[{"@type":"Article","@id":"https:\/\/zavnews.net\/index.php\/2018\/01\/27\/zavidovici-intenzivno-se-vode-razgovori-oko-nove-vecine-u-opcinskom-vijecu\/#article","isPartOf":{"@id":"https:\/\/zavnews.net\/index.php\/2018\/01\/27\/zavidovici-intenzivno-se-vode-razgovori-oko-nove-vecine-u-opcinskom-vijecu\/"},"author":{"name":"zavnews","@id":"https:\/\/zavnews.net\/#\/schema\/person\/2477577553b6626f3681ce4d32a6917f"},"headline":"Zavidovi\u0107i: Intenzivno se vode razgovori oko nove ve\u0107ine u Op\u0107inskom vije\u0107u","datePublished":"2018-01-27T21:59:26+00:00","dateModified":"2018-01-27T21:59:26+00:00","mainEntityOfPage":{"@id":"https:\/\/zavnews.net\/index.php\/2018\/01\/27\/zavidovici-intenzivno-se-vode-razgovori-oko-nove-vecine-u-opcinskom-vijecu\/"},"wordCount":249,"commentCount":0,"publisher":{"@id":"https:\/\/zavnews.net\/#organization"},"image":{"@id":"https:\/\/zavnews.net\/index.php\/2018\/01\/27\/zavidovici-intenzivno-se-vode-razgovori-oko-nove-vecine-u-opcinskom-vijecu\/#primaryimage"},"thumbnailUrl":"https:\/\/zavnews.net\/wp-content\/uploads\/2018\/01\/Screenshot_3.png","articleSection":["VIJESTI","zavidovi\u0107i"],"inLanguage":"bs-BA","potentialAction":[{"@type":"CommentAction","name":"Comment","target":["https:\/\/zavnews.net\/index.php\/2018\/01\/27\/zavidovici-intenzivno-se-vode-razgovori-oko-nove-vecine-u-opcinskom-vijecu\/#respond"]}]},{"@type":"WebPage","@id":"https:\/\/zavnews.net\/index.php\/2018\/01\/27\/zavidovici-intenzivno-se-vode-razgovori-oko-nove-vecine-u-opcinskom-vijecu\/","url":"https:\/\/zavnews.net\/index.php\/2018\/01\/27\/zavidovici-intenzivno-se-vode-razgovori-oko-nove-vecine-u-opcinskom-vijecu\/","name":"Zavidovi\u0107i: Intenzivno se vode razgovori oko nove ve\u0107ine u Op\u0107inskom vije\u0107u - Zavnews","isPartOf":{"@id":"https:\/\/zavnews.net\/#website"},"primaryImageOfPage":{"@id":"https:\/\/zavnews.net\/index.php\/2018\/01\/27\/zavidovici-intenzivno-se-vode-razgovori-oko-nove-vecine-u-opcinskom-vijecu\/#primaryimage"},"image":{"@id":"https:\/\/zavnews.net\/index.php\/2018\/01\/27\/zavidovici-intenzivno-se-vode-razgovori-oko-nove-vecine-u-opcinskom-vijecu\/#primaryimage"},"thumbnailUrl":"https:\/\/zavnews.net\/wp-content\/uploads\/2018\/01\/Screenshot_3.png","datePublished":"2018-01-27T21:59:26+00:00","dateModified":"2018-01-27T21:59:26+00:00","breadcrumb":{"@id":"https:\/\/zavnews.net\/index.php\/2018\/01\/27\/zavidovici-intenzivno-se-vode-razgovori-oko-nove-vecine-u-opcinskom-vijecu\/#breadcrumb"},"inLanguage":"bs-BA","potentialAction":[{"@type":"ReadAction","target":["https:\/\/zavnews.net\/index.php\/2018\/01\/27\/zavidovici-intenzivno-se-vode-razgovori-oko-nove-vecine-u-opcinskom-vijecu\/"]}]},{"@type":"ImageObject","inLanguage":"bs-BA","@id":"https:\/\/zavnews.net\/index.php\/2018\/01\/27\/zavidovici-intenzivno-se-vode-razgovori-oko-nove-vecine-u-opcinskom-vijecu\/#primaryimage","url":"https:\/\/zavnews.net\/wp-content\/uploads\/2018\/01\/Screenshot_3.png","contentUrl":"https:\/\/zavnews.net\/wp-content\/uploads\/2018\/01\/Screenshot_3.png","width":850,"height":500},{"@type":"BreadcrumbList","@id":"https:\/\/zavnews.net\/index.php\/2018\/01\/27\/zavidovici-intenzivno-se-vode-razgovori-oko-nove-vecine-u-opcinskom-vijecu\/#breadcrumb","itemListElement":[{"@type":"ListItem","position":1,"name":"Po\u010detna stranica","item":"https:\/\/zavnews.net\/"},{"@type":"ListItem","position":2,"name":"Zavidovi\u0107i: Intenzivno se vode razgovori oko nove ve\u0107ine u Op\u0107inskom vije\u0107u"}]},{"@type":"WebSite","@id":"https:\/\/zavnews.net\/#website","url":"https:\/\/zavnews.net\/","name":"Zavnews","description":"Zavidovi\u0107i","publisher":{"@id":"https:\/\/zavnews.net\/#organization"},"potentialAction":[{"@type":"SearchAction","target":{"@type":"EntryPoint","urlTemplate":"https:\/\/zavnews.net\/?s={search_term_string}"},"query-input":{"@type":"PropertyValueSpecification","valueRequired":true,"valueName":"search_term_string"}}],"inLanguage":"bs-BA"},{"@type":"Organization","@id":"https:\/\/zavnews.net\/#organization","name":"Zavidovi\u0107i","url":"https:\/\/zavnews.net\/","logo":{"@type":"ImageObject","inLanguage":"bs-BA","@id":"https:\/\/zavnews.net\/#\/schema\/logo\/image\/","url":"https:\/\/zavnews.net\/wp-content\/uploads\/2021\/11\/cropped-cropped-cropped-cropped-Screenshot_1-removebg-preview-2.png","contentUrl":"https:\/\/zavnews.net\/wp-content\/uploads\/2021\/11\/cropped-cropped-cropped-cropped-Screenshot_1-removebg-preview-2.png","width":841,"height":180,"caption":"Zavidovi\u0107i"},"image":{"@id":"https:\/\/zavnews.net\/#\/schema\/logo\/image\/"}},{"@type":"Person","@id":"https:\/\/zavnews.net\/#\/schema\/person\/2477577553b6626f3681ce4d32a6917f","name":"zavnews","image":{"@type":"ImageObject","inLanguage":"bs-BA","@id":"https:\/\/zavnews.net\/#\/schema\/person\/image\/","url":"https:\/\/secure.gravatar.com\/avatar\/3d25e050de275ca74aa70a2e30eb6f6c?s=96&d=mm&r=g","contentUrl":"https:\/\/secure.gravatar.com\/avatar\/3d25e050de275ca74aa70a2e30eb6f6c?s=96&d=mm&r=g","caption":"zavnews"}}]}},"_links":{"self":[{"href":"https:\/\/zavnews.net\/index.php\/wp-json\/wp\/v2\/posts\/7151"}],"collection":[{"href":"https:\/\/zavnews.net\/index.php\/wp-json\/wp\/v2\/posts"}],"about":[{"href":"https:\/\/zavnews.net\/index.php\/wp-json\/wp\/v2\/types\/post"}],"author":[{"embeddable":true,"href":"https:\/\/zavnews.net\/index.php\/wp-json\/wp\/v2\/users\/1"}],"replies":[{"embeddable":true,"href":"https:\/\/zavnews.net\/index.php\/wp-json\/wp\/v2\/comments?post=7151"}],"version-history":[{"count":1,"href":"https:\/\/zavnews.net\/index.php\/wp-json\/wp\/v2\/posts\/7151\/revisions"}],"predecessor-version":[{"id":7153,"href":"https:\/\/zavnews.net\/index.php\/wp-json\/wp\/v2\/posts\/7151\/revisions\/7153"}],"wp:featuredmedia":[{"embeddable":true,"href":"https:\/\/zavnews.net\/index.php\/wp-json\/wp\/v2\/media\/7152"}],"wp:attachment":[{"href":"https:\/\/zavnews.net\/index.php\/wp-json\/wp\/v2\/media?parent=7151"}],"wp:term":[{"taxonomy":"category","embeddable":true,"href":"https:\/\/zavnews.net\/index.php\/wp-json\/wp\/v2\/categories?post=7151"},{"taxonomy":"post_tag","embeddable":true,"href":"https:\/\/zavnews.net\/index.php\/wp-json\/wp\/v2\/tags?post=7151"}],"curies":[{"name":"wp","href":"https:\/\/api.w.org\/{rel}","templated":true}]}}