{"id":7132,"date":"2018-01-27T16:02:47","date_gmt":"2018-01-27T15:02:47","guid":{"rendered":"http:\/\/zavnews.net\/?p=7132"},"modified":"2018-01-27T16:02:47","modified_gmt":"2018-01-27T15:02:47","slug":"zvizdic-odgovorio-jerlagicu-laz-uvijek-ostaje-laz","status":"publish","type":"post","link":"https:\/\/zavnews.net\/index.php\/2018\/01\/27\/zvizdic-odgovorio-jerlagicu-laz-uvijek-ostaje-laz\/","title":{"rendered":"Zvizdi\u0107 odgovorio Jerlagi\u0107u: &#8220;La\u017e uvijek ostaje la\u017e&#8221;"},"content":{"rendered":"<div class=\"fcbkbttn_buttons_block\" id=\"fcbkbttn_left\"><div class=\"fcbkbttn_button\">\n\t\t\t\t\t<a href=\"https:\/\/www.facebook.com\/www.zavnews.net\/\" target=\"_blank\">\n\t\t\t\t\t\t<img decoding=\"async\" src=\"https:\/\/zavnews.net\/wp-content\/plugins\/facebook-button-plugin\/images\/standard-facebook-ico.png\" alt=\"Fb-Button\" \/>\n\t\t\t\t\t<\/a>\n\t\t\t\t<\/div><div class=\"fcbkbttn_like \"><fb:like href=\"https:\/\/zavnews.net\/index.php\/2018\/01\/27\/zvizdic-odgovorio-jerlagicu-laz-uvijek-ostaje-laz\/\" action=\"like\" colorscheme=\"light\" layout=\"standard\"  width=\"450px\" size=\"small\"><\/fb:like><\/div><div class=\"fb-share-button  \" data-href=\"https:\/\/zavnews.net\/index.php\/2018\/01\/27\/zvizdic-odgovorio-jerlagicu-laz-uvijek-ostaje-laz\/\" data-type=\"button_count\" data-size=\"small\"><\/div><\/div><p>&nbsp;<\/p>\n<p><img loading=\"lazy\" decoding=\"async\" class=\"aligncenter size-full wp-image-7133\" src=\"http:\/\/zavnews.net\/wp-content\/uploads\/2018\/01\/denis1.jpg\" alt=\"\" width=\"850\" height=\"478\" srcset=\"https:\/\/zavnews.net\/wp-content\/uploads\/2018\/01\/denis1.jpg 850w, https:\/\/zavnews.net\/wp-content\/uploads\/2018\/01\/denis1-600x337.jpg 600w, https:\/\/zavnews.net\/wp-content\/uploads\/2018\/01\/denis1-300x169.jpg 300w, https:\/\/zavnews.net\/wp-content\/uploads\/2018\/01\/denis1-768x432.jpg 768w\" sizes=\"(max-width: 850px) 100vw, 850px\" \/><\/p>\n<p style=\"text-align: justify;\"><strong>Predsjedavaju\u0107i Vije\u0107a ministara BiH, dr. Denis Zvizdi\u0107, odgovorio je na pisanje Amera Jerlagi\u0107a i nekih drugih pojedinaca, koji su kako ka\u017ee o njemu i njegovom anga\u017emanu u toku agresije na BiH, iznijeli la\u017ei i poku\u0161ali da ga diskreditiraju neta\u010dnim informacijama, bombasti\u010dnim neistinama i izmi\u0161ljenim problemima. <\/strong><\/p>\n<p style=\"text-align: justify;\">Njegov odgovor prenosimo u cijelosti:<\/p>\n<p style=\"text-align: justify;\">\u201cPamflet g. Jerlagi\u0107a, koji je zaokupljen nerealnim li\u010dnim ambicijama, ve\u0107 u martu 2017., dakle, 18 mjeseci prije izbora, sam sebe kandidovao za \u010dlana Predsjedni\u0161tva BiH, ne zaslu\u017euje posebnu reakciju jer je o\u010diti izraz njegove hroni\u010dne neinformisanosti, paranoi\u010dne politi\u010dke perspektive i potpunog nepoznavanja tema o kojima poku\u0161ava da pi\u0161e.<\/p>\n<p style=\"text-align: justify;\">Jedan od ciljeva sklepanog\u00a0 pamfleta g. Jerlagi\u0107a, je plasiranje \u201cbombasti\u010dnih\u201d neistina i izmi\u0161ljenih problema kako bi, kao predsjednik stranke koja u svim anketama ne prelazi ni 1% podr\u0161ke, privukao bar malo medijske pa\u017enje.<\/p>\n<p style=\"text-align: justify;\">Naravno, iznesene la\u017ene tvrdnje su u potpunoj suprotnosti sa stvarnim \u010dinjenicama.<\/p>\n<p style=\"text-align: justify;\">Upitnik nije uvod u \u201cetno feude\u201d, kako to kreator ove politikantske \u0161krabotine la\u017eno poku\u0161ava predstaviti i (u)zbuniti javnost u BiH, nego je Upitnik klju\u010dni uslov za dobivanje kandidatskog statusa za BiH i jedan od najva\u017enijih koraka za \u010dlanstvo Bosne i Hercegovine u Evropskoj Uniji. Osim toga, Upitnik kroz 3242 odgovora predstavlja aktuelno stanje u svim oblastima ekonomije, politike i dru\u0161tvenih djelatnosti u BiH, kako bi EK mogla uvidjeti stepen na\u0161e uskla\u0111enosti sa pravnom ste\u010devinom EU, \u0161to jasno pokazuje da se Upitnikom, i to znaju svi osim ostras\u0107enih a neinformiranih pojedinaca koji su prerano zapo\u010deli li\u010dnu izbornu kampanju, nista ne trguje niti se prave bilo kakvi ustupci.<\/p>\n<p style=\"text-align: justify;\">Ali, cilj Jerlagi\u0107evog\u00a0 \u201cdu\u0161ebri\u017eni\u0161tva\u201d nije moj boravak u Davosu ili Upitnik, nego zluradi i perfidni poku\u0161aj plasiranja brutalne la\u017ei u vezi sa mojim anga\u017emanom u toku agresije na BiH.<\/p>\n<p style=\"text-align: justify;\">Mislio sam da o ovome ne\u0107u morati govoriti, ali obzirom da je izborna kampanja koju ve\u0107 aktivno u pauzama rasprodaje elektri\u010dne energije vodi g. Jerlagi\u0107, o\u010dito zasnovana na bezo\u010dnim la\u017eima i li\u010dnom vrije\u0111anju, \u017eelim zbog gra\u0111ana kazati pravu istinu, a to je da sam u oktobru 1993. godine, kao uposlenik Vlade Republike BiH ranjen u Sarajevu eksplozijom \u010detni\u010dke granate; da sam u martu 1994. operisan u Op\u0107oj bolnici u Sarajevu, i da sam poslije vi\u0161emjese\u010dne postoperativne terapije u Sarajevu, koja zbog nedostatka adekvatne opreme nije dala o\u010dekivane rezultate, izmje\u0161ten van BiH na dodatne dvije rizi\u010dne i slo\u017eene operacije i te\u017eak i dugotrajan postoperativni tretman.<\/p>\n<p style=\"text-align: justify;\">Na\u017ealost, posljedice moga ranjavanja \u0107u osje\u0107ati dok sam \u017eiv, i zaista sam mislio da \u0107e to biti i ostati moja li\u010dna i za mene bolna \u010dinjenica, i da bilo ko ne\u0107e, iz \u010diste ljudskosti i pristojnosti, lagati o ovim \u010dinjenicama kako bi poku\u0161ao sebi priskrbiti sitne politi\u010dke poene.<\/p>\n<p style=\"text-align: justify;\">Ali, o\u010dito je da sam se prevario i da nisam ra\u010dunao na patolo\u0161ke ambicije pojedinaca koji ra\u010dunaju da se vi\u0161e puta ponovljena la\u017e mo\u017ee pretvoriti u istinu. <strong>Ne, la\u017e uvijek ostaje la\u017e,<\/strong> a pisca pamfleta \u017eelim obavijestiti da mi ovakvi napadi daju dodatnu snagu da nastavim raditi svoj posao na daljem napretku BiH na putu EU integracija i ekonomskog razvoja.<\/p>\n<p style=\"text-align: justify;\">I na kraju, razumijem strah koji politi\u010dke partije imaju od SDA kao najve\u0107e i najja\u010de politi\u010dke partije u BiH, razumijem i frustraciju od pobjede budu\u0107eg kandidata SDA za \u010dlana Predsjedni\u0161tva BiH, ali opet pozivam, kao i vi\u0161e puta do sada, da odustanemo od plasiranja neistina i spinova i da se okrenemo procesima koji \u0107e obezbijediti stabilnost i prosperitet na\u0161oj jedinoj domovini BiH.\u201d<\/p>\n<p>&nbsp;<\/p>\n<p style=\"text-align: right;\">zavnews<\/p>\n<div class=\"fcbkbttn_buttons_block\" id=\"fcbkbttn_left\"><div class=\"fcbkbttn_button\">\n\t\t\t\t\t<a href=\"https:\/\/www.facebook.com\/www.zavnews.net\/\" target=\"_blank\">\n\t\t\t\t\t\t<img decoding=\"async\" src=\"https:\/\/zavnews.net\/wp-content\/plugins\/facebook-button-plugin\/images\/standard-facebook-ico.png\" alt=\"Fb-Button\" \/>\n\t\t\t\t\t<\/a>\n\t\t\t\t<\/div><div class=\"fcbkbttn_like \"><fb:like href=\"https:\/\/zavnews.net\/index.php\/2018\/01\/27\/zvizdic-odgovorio-jerlagicu-laz-uvijek-ostaje-laz\/\" action=\"like\" colorscheme=\"light\" layout=\"standard\"  width=\"450px\" size=\"small\"><\/fb:like><\/div><div class=\"fb-share-button  \" data-href=\"https:\/\/zavnews.net\/index.php\/2018\/01\/27\/zvizdic-odgovorio-jerlagicu-laz-uvijek-ostaje-laz\/\" data-type=\"button_count\" data-size=\"small\"><\/div><\/div>","protected":false},"excerpt":{"rendered":"<div class=\"fcbkbttn_buttons_block\" id=\"fcbkbttn_left\"><div class=\"fcbkbttn_button\">\n\t\t\t\t\t<a href=\"https:\/\/www.facebook.com\/www.zavnews.net\/\" target=\"_blank\">\n\t\t\t\t\t\t<img decoding=\"async\" src=\"https:\/\/zavnews.net\/wp-content\/plugins\/facebook-button-plugin\/images\/standard-facebook-ico.png\" alt=\"Fb-Button\" \/>\n\t\t\t\t\t<\/a>\n\t\t\t\t<\/div><div class=\"fcbkbttn_like \"><fb:like href=\"https:\/\/zavnews.net\/index.php\/2018\/01\/27\/zvizdic-odgovorio-jerlagicu-laz-uvijek-ostaje-laz\/\" action=\"like\" colorscheme=\"light\" layout=\"standard\"  width=\"450px\" size=\"small\"><\/fb:like><\/div><div class=\"fb-share-button  \" data-href=\"https:\/\/zavnews.net\/index.php\/2018\/01\/27\/zvizdic-odgovorio-jerlagicu-laz-uvijek-ostaje-laz\/\" data-type=\"button_count\" data-size=\"small\"><\/div><\/div><p>&nbsp; Predsjedavaju\u0107i Vije\u0107a ministara BiH, dr. Denis Zvizdi\u0107, odgovorio je na pisanje Amera Jerlagi\u0107a i nekih drugih pojedinaca, koji su kako ka\u017ee o njemu i njegovom anga\u017emanu u toku agresije na BiH, iznijeli la\u017ei i poku\u0161ali da ga diskreditiraju neta\u010dnim&#8230;<\/p>\n<div class=\"fcbkbttn_buttons_block\" id=\"fcbkbttn_left\"><div class=\"fcbkbttn_button\">\n\t\t\t\t\t<a href=\"https:\/\/www.facebook.com\/www.zavnews.net\/\" target=\"_blank\">\n\t\t\t\t\t\t<img decoding=\"async\" src=\"https:\/\/zavnews.net\/wp-content\/plugins\/facebook-button-plugin\/images\/standard-facebook-ico.png\" alt=\"Fb-Button\" \/>\n\t\t\t\t\t<\/a>\n\t\t\t\t<\/div><div class=\"fcbkbttn_like \"><fb:like href=\"https:\/\/zavnews.net\/index.php\/2018\/01\/27\/zvizdic-odgovorio-jerlagicu-laz-uvijek-ostaje-laz\/\" action=\"like\" colorscheme=\"light\" layout=\"standard\"  width=\"450px\" size=\"small\"><\/fb:like><\/div><div class=\"fb-share-button  \" data-href=\"https:\/\/zavnews.net\/index.php\/2018\/01\/27\/zvizdic-odgovorio-jerlagicu-laz-uvijek-ostaje-laz\/\" data-type=\"button_count\" data-size=\"small\"><\/div><\/div>","protected":false},"author":1,"featured_media":7133,"comment_status":"open","ping_status":"open","sticky":false,"template":"","format":"standard","meta":{"footnotes":""},"categories":[13,3],"tags":[],"yoast_head":"<!-- This site is optimized with the Yoast SEO plugin v23.5 - https:\/\/yoast.com\/wordpress\/plugins\/seo\/ -->\n<title>Zvizdi\u0107 odgovorio Jerlagi\u0107u: &quot;La\u017e uvijek ostaje la\u017e&quot; - Zavnews<\/title>\n<meta name=\"robots\" content=\"index, follow, max-snippet:-1, max-image-preview:large, max-video-preview:-1\" \/>\n<link rel=\"canonical\" href=\"https:\/\/zavnews.net\/index.php\/2018\/01\/27\/zvizdic-odgovorio-jerlagicu-laz-uvijek-ostaje-laz\/\" \/>\n<meta property=\"og:locale\" content=\"bs_BA\" \/>\n<meta property=\"og:type\" content=\"article\" \/>\n<meta property=\"og:title\" content=\"Zvizdi\u0107 odgovorio Jerlagi\u0107u: &quot;La\u017e uvijek ostaje la\u017e&quot; - Zavnews\" \/>\n<meta property=\"og:description\" content=\"&nbsp; Predsjedavaju\u0107i Vije\u0107a ministara BiH, dr. Denis Zvizdi\u0107, odgovorio je na pisanje Amera Jerlagi\u0107a i nekih drugih pojedinaca, koji su kako ka\u017ee o njemu i njegovom anga\u017emanu u toku agresije na BiH, iznijeli la\u017ei i poku\u0161ali da ga diskreditiraju neta\u010dnim...\" \/>\n<meta property=\"og:url\" content=\"https:\/\/zavnews.net\/index.php\/2018\/01\/27\/zvizdic-odgovorio-jerlagicu-laz-uvijek-ostaje-laz\/\" \/>\n<meta property=\"og:site_name\" content=\"Zavnews\" \/>\n<meta property=\"article:published_time\" content=\"2018-01-27T15:02:47+00:00\" \/>\n<meta property=\"og:image\" content=\"https:\/\/zavnews.net\/wp-content\/uploads\/2018\/01\/denis1.jpg\" \/>\n\t<meta property=\"og:image:width\" content=\"850\" \/>\n\t<meta property=\"og:image:height\" content=\"478\" \/>\n\t<meta property=\"og:image:type\" content=\"image\/jpeg\" \/>\n<meta name=\"author\" content=\"zavnews\" \/>\n<meta name=\"twitter:card\" content=\"summary_large_image\" \/>\n<meta name=\"twitter:label1\" content=\"Written by\" \/>\n\t<meta name=\"twitter:data1\" content=\"zavnews\" \/>\n\t<meta name=\"twitter:label2\" content=\"Est. reading time\" \/>\n\t<meta name=\"twitter:data2\" content=\"3 minute\" \/>\n<script type=\"application\/ld+json\" class=\"yoast-schema-graph\">{\"@context\":\"https:\/\/schema.org\",\"@graph\":[{\"@type\":\"Article\",\"@id\":\"https:\/\/zavnews.net\/index.php\/2018\/01\/27\/zvizdic-odgovorio-jerlagicu-laz-uvijek-ostaje-laz\/#article\",\"isPartOf\":{\"@id\":\"https:\/\/zavnews.net\/index.php\/2018\/01\/27\/zvizdic-odgovorio-jerlagicu-laz-uvijek-ostaje-laz\/\"},\"author\":{\"name\":\"zavnews\",\"@id\":\"https:\/\/zavnews.net\/#\/schema\/person\/2477577553b6626f3681ce4d32a6917f\"},\"headline\":\"Zvizdi\u0107 odgovorio Jerlagi\u0107u: &#8220;La\u017e uvijek ostaje la\u017e&#8221;\",\"datePublished\":\"2018-01-27T15:02:47+00:00\",\"dateModified\":\"2018-01-27T15:02:47+00:00\",\"mainEntityOfPage\":{\"@id\":\"https:\/\/zavnews.net\/index.php\/2018\/01\/27\/zvizdic-odgovorio-jerlagicu-laz-uvijek-ostaje-laz\/\"},\"wordCount\":638,\"commentCount\":0,\"publisher\":{\"@id\":\"https:\/\/zavnews.net\/#organization\"},\"image\":{\"@id\":\"https:\/\/zavnews.net\/index.php\/2018\/01\/27\/zvizdic-odgovorio-jerlagicu-laz-uvijek-ostaje-laz\/#primaryimage\"},\"thumbnailUrl\":\"https:\/\/zavnews.net\/wp-content\/uploads\/2018\/01\/denis1.jpg\",\"articleSection\":[\"BiH\",\"VIJESTI\"],\"inLanguage\":\"bs-BA\",\"potentialAction\":[{\"@type\":\"CommentAction\",\"name\":\"Comment\",\"target\":[\"https:\/\/zavnews.net\/index.php\/2018\/01\/27\/zvizdic-odgovorio-jerlagicu-laz-uvijek-ostaje-laz\/#respond\"]}]},{\"@type\":\"WebPage\",\"@id\":\"https:\/\/zavnews.net\/index.php\/2018\/01\/27\/zvizdic-odgovorio-jerlagicu-laz-uvijek-ostaje-laz\/\",\"url\":\"https:\/\/zavnews.net\/index.php\/2018\/01\/27\/zvizdic-odgovorio-jerlagicu-laz-uvijek-ostaje-laz\/\",\"name\":\"Zvizdi\u0107 odgovorio Jerlagi\u0107u: \\\"La\u017e uvijek ostaje la\u017e\\\" - Zavnews\",\"isPartOf\":{\"@id\":\"https:\/\/zavnews.net\/#website\"},\"primaryImageOfPage\":{\"@id\":\"https:\/\/zavnews.net\/index.php\/2018\/01\/27\/zvizdic-odgovorio-jerlagicu-laz-uvijek-ostaje-laz\/#primaryimage\"},\"image\":{\"@id\":\"https:\/\/zavnews.net\/index.php\/2018\/01\/27\/zvizdic-odgovorio-jerlagicu-laz-uvijek-ostaje-laz\/#primaryimage\"},\"thumbnailUrl\":\"https:\/\/zavnews.net\/wp-content\/uploads\/2018\/01\/denis1.jpg\",\"datePublished\":\"2018-01-27T15:02:47+00:00\",\"dateModified\":\"2018-01-27T15:02:47+00:00\",\"breadcrumb\":{\"@id\":\"https:\/\/zavnews.net\/index.php\/2018\/01\/27\/zvizdic-odgovorio-jerlagicu-laz-uvijek-ostaje-laz\/#breadcrumb\"},\"inLanguage\":\"bs-BA\",\"potentialAction\":[{\"@type\":\"ReadAction\",\"target\":[\"https:\/\/zavnews.net\/index.php\/2018\/01\/27\/zvizdic-odgovorio-jerlagicu-laz-uvijek-ostaje-laz\/\"]}]},{\"@type\":\"ImageObject\",\"inLanguage\":\"bs-BA\",\"@id\":\"https:\/\/zavnews.net\/index.php\/2018\/01\/27\/zvizdic-odgovorio-jerlagicu-laz-uvijek-ostaje-laz\/#primaryimage\",\"url\":\"https:\/\/zavnews.net\/wp-content\/uploads\/2018\/01\/denis1.jpg\",\"contentUrl\":\"https:\/\/zavnews.net\/wp-content\/uploads\/2018\/01\/denis1.jpg\",\"width\":850,\"height\":478},{\"@type\":\"BreadcrumbList\",\"@id\":\"https:\/\/zavnews.net\/index.php\/2018\/01\/27\/zvizdic-odgovorio-jerlagicu-laz-uvijek-ostaje-laz\/#breadcrumb\",\"itemListElement\":[{\"@type\":\"ListItem\",\"position\":1,\"name\":\"Po\u010detna stranica\",\"item\":\"https:\/\/zavnews.net\/\"},{\"@type\":\"ListItem\",\"position\":2,\"name\":\"Zvizdi\u0107 odgovorio Jerlagi\u0107u: &#8220;La\u017e uvijek ostaje la\u017e&#8221;\"}]},{\"@type\":\"WebSite\",\"@id\":\"https:\/\/zavnews.net\/#website\",\"url\":\"https:\/\/zavnews.net\/\",\"name\":\"Zavnews\",\"description\":\"Zavidovi\u0107i\",\"publisher\":{\"@id\":\"https:\/\/zavnews.net\/#organization\"},\"potentialAction\":[{\"@type\":\"SearchAction\",\"target\":{\"@type\":\"EntryPoint\",\"urlTemplate\":\"https:\/\/zavnews.net\/?s={search_term_string}\"},\"query-input\":{\"@type\":\"PropertyValueSpecification\",\"valueRequired\":true,\"valueName\":\"search_term_string\"}}],\"inLanguage\":\"bs-BA\"},{\"@type\":\"Organization\",\"@id\":\"https:\/\/zavnews.net\/#organization\",\"name\":\"Zavidovi\u0107i\",\"url\":\"https:\/\/zavnews.net\/\",\"logo\":{\"@type\":\"ImageObject\",\"inLanguage\":\"bs-BA\",\"@id\":\"https:\/\/zavnews.net\/#\/schema\/logo\/image\/\",\"url\":\"https:\/\/zavnews.net\/wp-content\/uploads\/2021\/11\/cropped-cropped-cropped-cropped-Screenshot_1-removebg-preview-2.png\",\"contentUrl\":\"https:\/\/zavnews.net\/wp-content\/uploads\/2021\/11\/cropped-cropped-cropped-cropped-Screenshot_1-removebg-preview-2.png\",\"width\":841,\"height\":180,\"caption\":\"Zavidovi\u0107i\"},\"image\":{\"@id\":\"https:\/\/zavnews.net\/#\/schema\/logo\/image\/\"}},{\"@type\":\"Person\",\"@id\":\"https:\/\/zavnews.net\/#\/schema\/person\/2477577553b6626f3681ce4d32a6917f\",\"name\":\"zavnews\",\"image\":{\"@type\":\"ImageObject\",\"inLanguage\":\"bs-BA\",\"@id\":\"https:\/\/zavnews.net\/#\/schema\/person\/image\/\",\"url\":\"https:\/\/secure.gravatar.com\/avatar\/3d25e050de275ca74aa70a2e30eb6f6c?s=96&d=mm&r=g\",\"contentUrl\":\"https:\/\/secure.gravatar.com\/avatar\/3d25e050de275ca74aa70a2e30eb6f6c?s=96&d=mm&r=g\",\"caption\":\"zavnews\"}}]}<\/script>\n<!-- \/ Yoast SEO plugin. -->","yoast_head_json":{"title":"Zvizdi\u0107 odgovorio Jerlagi\u0107u: \"La\u017e uvijek ostaje la\u017e\" - Zavnews","robots":{"index":"index","follow":"follow","max-snippet":"max-snippet:-1","max-image-preview":"max-image-preview:large","max-video-preview":"max-video-preview:-1"},"canonical":"https:\/\/zavnews.net\/index.php\/2018\/01\/27\/zvizdic-odgovorio-jerlagicu-laz-uvijek-ostaje-laz\/","og_locale":"bs_BA","og_type":"article","og_title":"Zvizdi\u0107 odgovorio Jerlagi\u0107u: \"La\u017e uvijek ostaje la\u017e\" - Zavnews","og_description":"&nbsp; Predsjedavaju\u0107i Vije\u0107a ministara BiH, dr. Denis Zvizdi\u0107, odgovorio je na pisanje Amera Jerlagi\u0107a i nekih drugih pojedinaca, koji su kako ka\u017ee o njemu i njegovom anga\u017emanu u toku agresije na BiH, iznijeli la\u017ei i poku\u0161ali da ga diskreditiraju neta\u010dnim...","og_url":"https:\/\/zavnews.net\/index.php\/2018\/01\/27\/zvizdic-odgovorio-jerlagicu-laz-uvijek-ostaje-laz\/","og_site_name":"Zavnews","article_published_time":"2018-01-27T15:02:47+00:00","og_image":[{"width":850,"height":478,"url":"https:\/\/zavnews.net\/wp-content\/uploads\/2018\/01\/denis1.jpg","type":"image\/jpeg"}],"author":"zavnews","twitter_card":"summary_large_image","twitter_misc":{"Written by":"zavnews","Est. reading time":"3 minute"},"schema":{"@context":"https:\/\/schema.org","@graph":[{"@type":"Article","@id":"https:\/\/zavnews.net\/index.php\/2018\/01\/27\/zvizdic-odgovorio-jerlagicu-laz-uvijek-ostaje-laz\/#article","isPartOf":{"@id":"https:\/\/zavnews.net\/index.php\/2018\/01\/27\/zvizdic-odgovorio-jerlagicu-laz-uvijek-ostaje-laz\/"},"author":{"name":"zavnews","@id":"https:\/\/zavnews.net\/#\/schema\/person\/2477577553b6626f3681ce4d32a6917f"},"headline":"Zvizdi\u0107 odgovorio Jerlagi\u0107u: &#8220;La\u017e uvijek ostaje la\u017e&#8221;","datePublished":"2018-01-27T15:02:47+00:00","dateModified":"2018-01-27T15:02:47+00:00","mainEntityOfPage":{"@id":"https:\/\/zavnews.net\/index.php\/2018\/01\/27\/zvizdic-odgovorio-jerlagicu-laz-uvijek-ostaje-laz\/"},"wordCount":638,"commentCount":0,"publisher":{"@id":"https:\/\/zavnews.net\/#organization"},"image":{"@id":"https:\/\/zavnews.net\/index.php\/2018\/01\/27\/zvizdic-odgovorio-jerlagicu-laz-uvijek-ostaje-laz\/#primaryimage"},"thumbnailUrl":"https:\/\/zavnews.net\/wp-content\/uploads\/2018\/01\/denis1.jpg","articleSection":["BiH","VIJESTI"],"inLanguage":"bs-BA","potentialAction":[{"@type":"CommentAction","name":"Comment","target":["https:\/\/zavnews.net\/index.php\/2018\/01\/27\/zvizdic-odgovorio-jerlagicu-laz-uvijek-ostaje-laz\/#respond"]}]},{"@type":"WebPage","@id":"https:\/\/zavnews.net\/index.php\/2018\/01\/27\/zvizdic-odgovorio-jerlagicu-laz-uvijek-ostaje-laz\/","url":"https:\/\/zavnews.net\/index.php\/2018\/01\/27\/zvizdic-odgovorio-jerlagicu-laz-uvijek-ostaje-laz\/","name":"Zvizdi\u0107 odgovorio Jerlagi\u0107u: \"La\u017e uvijek ostaje la\u017e\" - Zavnews","isPartOf":{"@id":"https:\/\/zavnews.net\/#website"},"primaryImageOfPage":{"@id":"https:\/\/zavnews.net\/index.php\/2018\/01\/27\/zvizdic-odgovorio-jerlagicu-laz-uvijek-ostaje-laz\/#primaryimage"},"image":{"@id":"https:\/\/zavnews.net\/index.php\/2018\/01\/27\/zvizdic-odgovorio-jerlagicu-laz-uvijek-ostaje-laz\/#primaryimage"},"thumbnailUrl":"https:\/\/zavnews.net\/wp-content\/uploads\/2018\/01\/denis1.jpg","datePublished":"2018-01-27T15:02:47+00:00","dateModified":"2018-01-27T15:02:47+00:00","breadcrumb":{"@id":"https:\/\/zavnews.net\/index.php\/2018\/01\/27\/zvizdic-odgovorio-jerlagicu-laz-uvijek-ostaje-laz\/#breadcrumb"},"inLanguage":"bs-BA","potentialAction":[{"@type":"ReadAction","target":["https:\/\/zavnews.net\/index.php\/2018\/01\/27\/zvizdic-odgovorio-jerlagicu-laz-uvijek-ostaje-laz\/"]}]},{"@type":"ImageObject","inLanguage":"bs-BA","@id":"https:\/\/zavnews.net\/index.php\/2018\/01\/27\/zvizdic-odgovorio-jerlagicu-laz-uvijek-ostaje-laz\/#primaryimage","url":"https:\/\/zavnews.net\/wp-content\/uploads\/2018\/01\/denis1.jpg","contentUrl":"https:\/\/zavnews.net\/wp-content\/uploads\/2018\/01\/denis1.jpg","width":850,"height":478},{"@type":"BreadcrumbList","@id":"https:\/\/zavnews.net\/index.php\/2018\/01\/27\/zvizdic-odgovorio-jerlagicu-laz-uvijek-ostaje-laz\/#breadcrumb","itemListElement":[{"@type":"ListItem","position":1,"name":"Po\u010detna stranica","item":"https:\/\/zavnews.net\/"},{"@type":"ListItem","position":2,"name":"Zvizdi\u0107 odgovorio Jerlagi\u0107u: &#8220;La\u017e uvijek ostaje la\u017e&#8221;"}]},{"@type":"WebSite","@id":"https:\/\/zavnews.net\/#website","url":"https:\/\/zavnews.net\/","name":"Zavnews","description":"Zavidovi\u0107i","publisher":{"@id":"https:\/\/zavnews.net\/#organization"},"potentialAction":[{"@type":"SearchAction","target":{"@type":"EntryPoint","urlTemplate":"https:\/\/zavnews.net\/?s={search_term_string}"},"query-input":{"@type":"PropertyValueSpecification","valueRequired":true,"valueName":"search_term_string"}}],"inLanguage":"bs-BA"},{"@type":"Organization","@id":"https:\/\/zavnews.net\/#organization","name":"Zavidovi\u0107i","url":"https:\/\/zavnews.net\/","logo":{"@type":"ImageObject","inLanguage":"bs-BA","@id":"https:\/\/zavnews.net\/#\/schema\/logo\/image\/","url":"https:\/\/zavnews.net\/wp-content\/uploads\/2021\/11\/cropped-cropped-cropped-cropped-Screenshot_1-removebg-preview-2.png","contentUrl":"https:\/\/zavnews.net\/wp-content\/uploads\/2021\/11\/cropped-cropped-cropped-cropped-Screenshot_1-removebg-preview-2.png","width":841,"height":180,"caption":"Zavidovi\u0107i"},"image":{"@id":"https:\/\/zavnews.net\/#\/schema\/logo\/image\/"}},{"@type":"Person","@id":"https:\/\/zavnews.net\/#\/schema\/person\/2477577553b6626f3681ce4d32a6917f","name":"zavnews","image":{"@type":"ImageObject","inLanguage":"bs-BA","@id":"https:\/\/zavnews.net\/#\/schema\/person\/image\/","url":"https:\/\/secure.gravatar.com\/avatar\/3d25e050de275ca74aa70a2e30eb6f6c?s=96&d=mm&r=g","contentUrl":"https:\/\/secure.gravatar.com\/avatar\/3d25e050de275ca74aa70a2e30eb6f6c?s=96&d=mm&r=g","caption":"zavnews"}}]}},"_links":{"self":[{"href":"https:\/\/zavnews.net\/index.php\/wp-json\/wp\/v2\/posts\/7132"}],"collection":[{"href":"https:\/\/zavnews.net\/index.php\/wp-json\/wp\/v2\/posts"}],"about":[{"href":"https:\/\/zavnews.net\/index.php\/wp-json\/wp\/v2\/types\/post"}],"author":[{"embeddable":true,"href":"https:\/\/zavnews.net\/index.php\/wp-json\/wp\/v2\/users\/1"}],"replies":[{"embeddable":true,"href":"https:\/\/zavnews.net\/index.php\/wp-json\/wp\/v2\/comments?post=7132"}],"version-history":[{"count":1,"href":"https:\/\/zavnews.net\/index.php\/wp-json\/wp\/v2\/posts\/7132\/revisions"}],"predecessor-version":[{"id":7134,"href":"https:\/\/zavnews.net\/index.php\/wp-json\/wp\/v2\/posts\/7132\/revisions\/7134"}],"wp:featuredmedia":[{"embeddable":true,"href":"https:\/\/zavnews.net\/index.php\/wp-json\/wp\/v2\/media\/7133"}],"wp:attachment":[{"href":"https:\/\/zavnews.net\/index.php\/wp-json\/wp\/v2\/media?parent=7132"}],"wp:term":[{"taxonomy":"category","embeddable":true,"href":"https:\/\/zavnews.net\/index.php\/wp-json\/wp\/v2\/categories?post=7132"},{"taxonomy":"post_tag","embeddable":true,"href":"https:\/\/zavnews.net\/index.php\/wp-json\/wp\/v2\/tags?post=7132"}],"curies":[{"name":"wp","href":"https:\/\/api.w.org\/{rel}","templated":true}]}}