{"id":6427,"date":"2017-07-17T23:04:50","date_gmt":"2017-07-17T21:04:50","guid":{"rendered":"http:\/\/zavnews.net\/?p=6427"},"modified":"2017-07-17T23:39:45","modified_gmt":"2017-07-17T21:39:45","slug":"skelanima-uskoro-otvaranje-pogona-tekstilne-industrije","status":"publish","type":"post","link":"https:\/\/zavnews.net\/index.php\/2017\/07\/17\/skelanima-uskoro-otvaranje-pogona-tekstilne-industrije\/","title":{"rendered":"U Skelanima uskoro otvaranje pogona tekstilne industrije"},"content":{"rendered":"<div class=\"fcbkbttn_buttons_block\" id=\"fcbkbttn_left\"><div class=\"fcbkbttn_button\">\n\t\t\t\t\t<a href=\"https:\/\/www.facebook.com\/www.zavnews.net\/\" target=\"_blank\">\n\t\t\t\t\t\t<img decoding=\"async\" src=\"https:\/\/zavnews.net\/wp-content\/plugins\/facebook-button-plugin\/images\/standard-facebook-ico.png\" alt=\"Fb-Button\" \/>\n\t\t\t\t\t<\/a>\n\t\t\t\t<\/div><div class=\"fcbkbttn_like \"><fb:like href=\"https:\/\/zavnews.net\/index.php\/2017\/07\/17\/skelanima-uskoro-otvaranje-pogona-tekstilne-industrije\/\" action=\"like\" colorscheme=\"light\" layout=\"standard\"  width=\"450px\" size=\"small\"><\/fb:like><\/div><div class=\"fb-share-button  \" data-href=\"https:\/\/zavnews.net\/index.php\/2017\/07\/17\/skelanima-uskoro-otvaranje-pogona-tekstilne-industrije\/\" data-type=\"button_count\" data-size=\"small\"><\/div><\/div><h4><\/h4>\n<h4><img loading=\"lazy\" decoding=\"async\" class=\"aligncenter size-full wp-image-6428\" src=\"http:\/\/zavnews.net\/wp-content\/uploads\/2017\/07\/d185d180d0b0d0bc-d0bfd0bed0bad180d0bed0b2d0b0-d0bfd180d0b5d181d0b2d0b5d182d0b5-d0b1d0bed0b3d0bed180d0bed0b4d0b8d186d0b5-d198d0b5-d198.jpg\" alt=\"\" width=\"850\" height=\"500\" srcset=\"https:\/\/zavnews.net\/wp-content\/uploads\/2017\/07\/d185d180d0b0d0bc-d0bfd0bed0bad180d0bed0b2d0b0-d0bfd180d0b5d181d0b2d0b5d182d0b5-d0b1d0bed0b3d0bed180d0bed0b4d0b8d186d0b5-d198d0b5-d198.jpg 850w, https:\/\/zavnews.net\/wp-content\/uploads\/2017\/07\/d185d180d0b0d0bc-d0bfd0bed0bad180d0bed0b2d0b0-d0bfd180d0b5d181d0b2d0b5d182d0b5-d0b1d0bed0b3d0bed180d0bed0b4d0b8d186d0b5-d198d0b5-d198-600x353.jpg 600w, https:\/\/zavnews.net\/wp-content\/uploads\/2017\/07\/d185d180d0b0d0bc-d0bfd0bed0bad180d0bed0b2d0b0-d0bfd180d0b5d181d0b2d0b5d182d0b5-d0b1d0bed0b3d0bed180d0bed0b4d0b8d186d0b5-d198d0b5-d198-300x176.jpg 300w, https:\/\/zavnews.net\/wp-content\/uploads\/2017\/07\/d185d180d0b0d0bc-d0bfd0bed0bad180d0bed0b2d0b0-d0bfd180d0b5d181d0b2d0b5d182d0b5-d0b1d0bed0b3d0bed180d0bed0b4d0b8d186d0b5-d198d0b5-d198-768x452.jpg 768w\" sizes=\"(max-width: 850px) 100vw, 850px\" \/><\/h4>\n<h4 class=\"uvod uvod-clanka hidden-xs\" style=\"text-align: justify;\">Na\u010delnik Odjeljenja za prostorno ure\u0111enje i stambeno-komunalne poslove Op\u0107ine Srebrenica Bojan Josipovi\u0107, potvrdio je Feni da je zavr\u0161ena sanacija zgrade stare \u0161kole u Skelanima, koja \u0107e slu\u017eiti za otvaranje pogona tekstilne industrije.<\/h4>\n<div class=\"tekst clanak_biznis\">\n<p style=\"text-align: justify;\">\u201cRenovirani prostor \u0161kole je planiran za otvaranje proizvodnog pogona tekstilne industrije i za zaposlenje 20 radnika. Investitor je iz Srbije i trenutno smo u pregovorima u vezi s realizacijom projekta, a implementaciju o\u010dekujemo u jesen ove godine\u201d, rekao je Josipovi\u0107.<\/p>\n<p style=\"text-align: justify;\">Tako\u0111er, nagla\u0161ava da se izgradnja vrti\u0107a u Srebrenici odvija po planu i dinamici. \u201cNa terenu nema nikakvih problema, a zavr\u0161etak izgradnje o\u010dekujemo u septembru\u201d, dodao je.<\/p>\n<p style=\"text-align: justify;\">Sredstva za realizaciju nekoliko projekata na podru\u010dju op\u0107ine Srebrenica osigurala je Vlada Republike Srbije na Investiciono razvojnoj konferenciji u novembru 2015. godine.<\/p>\n<\/div>\n<p>&nbsp;<\/p>\n<p style=\"text-align: right;\">zavnews\/biznisinfo<\/p>\n<div class=\"fcbkbttn_buttons_block\" id=\"fcbkbttn_left\"><div class=\"fcbkbttn_button\">\n\t\t\t\t\t<a href=\"https:\/\/www.facebook.com\/www.zavnews.net\/\" target=\"_blank\">\n\t\t\t\t\t\t<img decoding=\"async\" src=\"https:\/\/zavnews.net\/wp-content\/plugins\/facebook-button-plugin\/images\/standard-facebook-ico.png\" alt=\"Fb-Button\" \/>\n\t\t\t\t\t<\/a>\n\t\t\t\t<\/div><div class=\"fcbkbttn_like \"><fb:like href=\"https:\/\/zavnews.net\/index.php\/2017\/07\/17\/skelanima-uskoro-otvaranje-pogona-tekstilne-industrije\/\" action=\"like\" colorscheme=\"light\" layout=\"standard\"  width=\"450px\" size=\"small\"><\/fb:like><\/div><div class=\"fb-share-button  \" data-href=\"https:\/\/zavnews.net\/index.php\/2017\/07\/17\/skelanima-uskoro-otvaranje-pogona-tekstilne-industrije\/\" data-type=\"button_count\" data-size=\"small\"><\/div><\/div>","protected":false},"excerpt":{"rendered":"<div class=\"fcbkbttn_buttons_block\" id=\"fcbkbttn_left\"><div class=\"fcbkbttn_button\">\n\t\t\t\t\t<a href=\"https:\/\/www.facebook.com\/www.zavnews.net\/\" target=\"_blank\">\n\t\t\t\t\t\t<img decoding=\"async\" src=\"https:\/\/zavnews.net\/wp-content\/plugins\/facebook-button-plugin\/images\/standard-facebook-ico.png\" alt=\"Fb-Button\" \/>\n\t\t\t\t\t<\/a>\n\t\t\t\t<\/div><div class=\"fcbkbttn_like \"><fb:like href=\"https:\/\/zavnews.net\/index.php\/2017\/07\/17\/skelanima-uskoro-otvaranje-pogona-tekstilne-industrije\/\" action=\"like\" colorscheme=\"light\" layout=\"standard\"  width=\"450px\" size=\"small\"><\/fb:like><\/div><div class=\"fb-share-button  \" data-href=\"https:\/\/zavnews.net\/index.php\/2017\/07\/17\/skelanima-uskoro-otvaranje-pogona-tekstilne-industrije\/\" data-type=\"button_count\" data-size=\"small\"><\/div><\/div><p>Na\u010delnik Odjeljenja za prostorno ure\u0111enje i stambeno-komunalne poslove Op\u0107ine Srebrenica Bojan Josipovi\u0107, potvrdio je Feni da je zavr\u0161ena sanacija zgrade stare \u0161kole u Skelanima, koja \u0107e slu\u017eiti za otvaranje pogona tekstilne industrije. \u201cRenovirani prostor \u0161kole je planiran za otvaranje proizvodnog&#8230;<\/p>\n<div class=\"fcbkbttn_buttons_block\" id=\"fcbkbttn_left\"><div class=\"fcbkbttn_button\">\n\t\t\t\t\t<a href=\"https:\/\/www.facebook.com\/www.zavnews.net\/\" target=\"_blank\">\n\t\t\t\t\t\t<img decoding=\"async\" src=\"https:\/\/zavnews.net\/wp-content\/plugins\/facebook-button-plugin\/images\/standard-facebook-ico.png\" alt=\"Fb-Button\" \/>\n\t\t\t\t\t<\/a>\n\t\t\t\t<\/div><div class=\"fcbkbttn_like \"><fb:like href=\"https:\/\/zavnews.net\/index.php\/2017\/07\/17\/skelanima-uskoro-otvaranje-pogona-tekstilne-industrije\/\" action=\"like\" colorscheme=\"light\" layout=\"standard\"  width=\"450px\" size=\"small\"><\/fb:like><\/div><div class=\"fb-share-button  \" data-href=\"https:\/\/zavnews.net\/index.php\/2017\/07\/17\/skelanima-uskoro-otvaranje-pogona-tekstilne-industrije\/\" data-type=\"button_count\" data-size=\"small\"><\/div><\/div>","protected":false},"author":1,"featured_media":6428,"comment_status":"open","ping_status":"open","sticky":false,"template":"","format":"standard","meta":{"footnotes":""},"categories":[23,6],"tags":[],"yoast_head":"<!-- This site is optimized with the Yoast SEO plugin v23.5 - https:\/\/yoast.com\/wordpress\/plugins\/seo\/ -->\n<title>U Skelanima uskoro otvaranje pogona tekstilne industrije - Zavnews<\/title>\n<meta name=\"robots\" content=\"index, follow, max-snippet:-1, max-image-preview:large, max-video-preview:-1\" \/>\n<link rel=\"canonical\" href=\"https:\/\/zavnews.net\/index.php\/2017\/07\/17\/skelanima-uskoro-otvaranje-pogona-tekstilne-industrije\/\" \/>\n<meta property=\"og:locale\" content=\"bs_BA\" \/>\n<meta property=\"og:type\" content=\"article\" \/>\n<meta property=\"og:title\" content=\"U Skelanima uskoro otvaranje pogona tekstilne industrije - Zavnews\" \/>\n<meta property=\"og:description\" content=\"Na\u010delnik Odjeljenja za prostorno ure\u0111enje i stambeno-komunalne poslove Op\u0107ine Srebrenica Bojan Josipovi\u0107, potvrdio je Feni da je zavr\u0161ena sanacija zgrade stare \u0161kole u Skelanima, koja \u0107e slu\u017eiti za otvaranje pogona tekstilne industrije. \u201cRenovirani prostor \u0161kole je planiran za otvaranje proizvodnog...\" \/>\n<meta property=\"og:url\" content=\"https:\/\/zavnews.net\/index.php\/2017\/07\/17\/skelanima-uskoro-otvaranje-pogona-tekstilne-industrije\/\" \/>\n<meta property=\"og:site_name\" content=\"Zavnews\" \/>\n<meta property=\"article:published_time\" content=\"2017-07-17T21:04:50+00:00\" \/>\n<meta property=\"article:modified_time\" content=\"2017-07-17T21:39:45+00:00\" \/>\n<meta property=\"og:image\" content=\"https:\/\/zavnews.net\/wp-content\/uploads\/2017\/07\/d185d180d0b0d0bc-d0bfd0bed0bad180d0bed0b2d0b0-d0bfd180d0b5d181d0b2d0b5d182d0b5-d0b1d0bed0b3d0bed180d0bed0b4d0b8d186d0b5-d198d0b5-d198.jpg\" \/>\n\t<meta property=\"og:image:width\" content=\"850\" \/>\n\t<meta property=\"og:image:height\" content=\"500\" \/>\n\t<meta property=\"og:image:type\" content=\"image\/jpeg\" \/>\n<meta name=\"author\" content=\"zavnews\" \/>\n<meta name=\"twitter:card\" content=\"summary_large_image\" \/>\n<meta name=\"twitter:label1\" content=\"Written by\" \/>\n\t<meta name=\"twitter:data1\" content=\"zavnews\" \/>\n\t<meta name=\"twitter:label2\" content=\"Est. reading time\" \/>\n\t<meta name=\"twitter:data2\" content=\"1 minuta\" \/>\n<script type=\"application\/ld+json\" class=\"yoast-schema-graph\">{\"@context\":\"https:\/\/schema.org\",\"@graph\":[{\"@type\":\"Article\",\"@id\":\"https:\/\/zavnews.net\/index.php\/2017\/07\/17\/skelanima-uskoro-otvaranje-pogona-tekstilne-industrije\/#article\",\"isPartOf\":{\"@id\":\"https:\/\/zavnews.net\/index.php\/2017\/07\/17\/skelanima-uskoro-otvaranje-pogona-tekstilne-industrije\/\"},\"author\":{\"name\":\"zavnews\",\"@id\":\"https:\/\/zavnews.net\/#\/schema\/person\/2477577553b6626f3681ce4d32a6917f\"},\"headline\":\"U Skelanima uskoro otvaranje pogona tekstilne industrije\",\"datePublished\":\"2017-07-17T21:04:50+00:00\",\"dateModified\":\"2017-07-17T21:39:45+00:00\",\"mainEntityOfPage\":{\"@id\":\"https:\/\/zavnews.net\/index.php\/2017\/07\/17\/skelanima-uskoro-otvaranje-pogona-tekstilne-industrije\/\"},\"wordCount\":141,\"commentCount\":0,\"publisher\":{\"@id\":\"https:\/\/zavnews.net\/#organization\"},\"image\":{\"@id\":\"https:\/\/zavnews.net\/index.php\/2017\/07\/17\/skelanima-uskoro-otvaranje-pogona-tekstilne-industrije\/#primaryimage\"},\"thumbnailUrl\":\"https:\/\/zavnews.net\/wp-content\/uploads\/2017\/07\/d185d180d0b0d0bc-d0bfd0bed0bad180d0bed0b2d0b0-d0bfd180d0b5d181d0b2d0b5d182d0b5-d0b1d0bed0b3d0bed180d0bed0b4d0b8d186d0b5-d198d0b5-d198.jpg\",\"articleSection\":[\"BiH\",\"BIZNIS\"],\"inLanguage\":\"bs-BA\",\"potentialAction\":[{\"@type\":\"CommentAction\",\"name\":\"Comment\",\"target\":[\"https:\/\/zavnews.net\/index.php\/2017\/07\/17\/skelanima-uskoro-otvaranje-pogona-tekstilne-industrije\/#respond\"]}]},{\"@type\":\"WebPage\",\"@id\":\"https:\/\/zavnews.net\/index.php\/2017\/07\/17\/skelanima-uskoro-otvaranje-pogona-tekstilne-industrije\/\",\"url\":\"https:\/\/zavnews.net\/index.php\/2017\/07\/17\/skelanima-uskoro-otvaranje-pogona-tekstilne-industrije\/\",\"name\":\"U Skelanima uskoro otvaranje pogona tekstilne industrije - Zavnews\",\"isPartOf\":{\"@id\":\"https:\/\/zavnews.net\/#website\"},\"primaryImageOfPage\":{\"@id\":\"https:\/\/zavnews.net\/index.php\/2017\/07\/17\/skelanima-uskoro-otvaranje-pogona-tekstilne-industrije\/#primaryimage\"},\"image\":{\"@id\":\"https:\/\/zavnews.net\/index.php\/2017\/07\/17\/skelanima-uskoro-otvaranje-pogona-tekstilne-industrije\/#primaryimage\"},\"thumbnailUrl\":\"https:\/\/zavnews.net\/wp-content\/uploads\/2017\/07\/d185d180d0b0d0bc-d0bfd0bed0bad180d0bed0b2d0b0-d0bfd180d0b5d181d0b2d0b5d182d0b5-d0b1d0bed0b3d0bed180d0bed0b4d0b8d186d0b5-d198d0b5-d198.jpg\",\"datePublished\":\"2017-07-17T21:04:50+00:00\",\"dateModified\":\"2017-07-17T21:39:45+00:00\",\"breadcrumb\":{\"@id\":\"https:\/\/zavnews.net\/index.php\/2017\/07\/17\/skelanima-uskoro-otvaranje-pogona-tekstilne-industrije\/#breadcrumb\"},\"inLanguage\":\"bs-BA\",\"potentialAction\":[{\"@type\":\"ReadAction\",\"target\":[\"https:\/\/zavnews.net\/index.php\/2017\/07\/17\/skelanima-uskoro-otvaranje-pogona-tekstilne-industrije\/\"]}]},{\"@type\":\"ImageObject\",\"inLanguage\":\"bs-BA\",\"@id\":\"https:\/\/zavnews.net\/index.php\/2017\/07\/17\/skelanima-uskoro-otvaranje-pogona-tekstilne-industrije\/#primaryimage\",\"url\":\"https:\/\/zavnews.net\/wp-content\/uploads\/2017\/07\/d185d180d0b0d0bc-d0bfd0bed0bad180d0bed0b2d0b0-d0bfd180d0b5d181d0b2d0b5d182d0b5-d0b1d0bed0b3d0bed180d0bed0b4d0b8d186d0b5-d198d0b5-d198.jpg\",\"contentUrl\":\"https:\/\/zavnews.net\/wp-content\/uploads\/2017\/07\/d185d180d0b0d0bc-d0bfd0bed0bad180d0bed0b2d0b0-d0bfd180d0b5d181d0b2d0b5d182d0b5-d0b1d0bed0b3d0bed180d0bed0b4d0b8d186d0b5-d198d0b5-d198.jpg\",\"width\":850,\"height\":500},{\"@type\":\"BreadcrumbList\",\"@id\":\"https:\/\/zavnews.net\/index.php\/2017\/07\/17\/skelanima-uskoro-otvaranje-pogona-tekstilne-industrije\/#breadcrumb\",\"itemListElement\":[{\"@type\":\"ListItem\",\"position\":1,\"name\":\"Po\u010detna stranica\",\"item\":\"https:\/\/zavnews.net\/\"},{\"@type\":\"ListItem\",\"position\":2,\"name\":\"U Skelanima uskoro otvaranje pogona tekstilne industrije\"}]},{\"@type\":\"WebSite\",\"@id\":\"https:\/\/zavnews.net\/#website\",\"url\":\"https:\/\/zavnews.net\/\",\"name\":\"Zavnews\",\"description\":\"Zavidovi\u0107i\",\"publisher\":{\"@id\":\"https:\/\/zavnews.net\/#organization\"},\"potentialAction\":[{\"@type\":\"SearchAction\",\"target\":{\"@type\":\"EntryPoint\",\"urlTemplate\":\"https:\/\/zavnews.net\/?s={search_term_string}\"},\"query-input\":{\"@type\":\"PropertyValueSpecification\",\"valueRequired\":true,\"valueName\":\"search_term_string\"}}],\"inLanguage\":\"bs-BA\"},{\"@type\":\"Organization\",\"@id\":\"https:\/\/zavnews.net\/#organization\",\"name\":\"Zavidovi\u0107i\",\"url\":\"https:\/\/zavnews.net\/\",\"logo\":{\"@type\":\"ImageObject\",\"inLanguage\":\"bs-BA\",\"@id\":\"https:\/\/zavnews.net\/#\/schema\/logo\/image\/\",\"url\":\"https:\/\/zavnews.net\/wp-content\/uploads\/2021\/11\/cropped-cropped-cropped-cropped-Screenshot_1-removebg-preview-2.png\",\"contentUrl\":\"https:\/\/zavnews.net\/wp-content\/uploads\/2021\/11\/cropped-cropped-cropped-cropped-Screenshot_1-removebg-preview-2.png\",\"width\":841,\"height\":180,\"caption\":\"Zavidovi\u0107i\"},\"image\":{\"@id\":\"https:\/\/zavnews.net\/#\/schema\/logo\/image\/\"}},{\"@type\":\"Person\",\"@id\":\"https:\/\/zavnews.net\/#\/schema\/person\/2477577553b6626f3681ce4d32a6917f\",\"name\":\"zavnews\",\"image\":{\"@type\":\"ImageObject\",\"inLanguage\":\"bs-BA\",\"@id\":\"https:\/\/zavnews.net\/#\/schema\/person\/image\/\",\"url\":\"https:\/\/secure.gravatar.com\/avatar\/3d25e050de275ca74aa70a2e30eb6f6c?s=96&d=mm&r=g\",\"contentUrl\":\"https:\/\/secure.gravatar.com\/avatar\/3d25e050de275ca74aa70a2e30eb6f6c?s=96&d=mm&r=g\",\"caption\":\"zavnews\"}}]}<\/script>\n<!-- \/ Yoast SEO plugin. -->","yoast_head_json":{"title":"U Skelanima uskoro otvaranje pogona tekstilne industrije - Zavnews","robots":{"index":"index","follow":"follow","max-snippet":"max-snippet:-1","max-image-preview":"max-image-preview:large","max-video-preview":"max-video-preview:-1"},"canonical":"https:\/\/zavnews.net\/index.php\/2017\/07\/17\/skelanima-uskoro-otvaranje-pogona-tekstilne-industrije\/","og_locale":"bs_BA","og_type":"article","og_title":"U Skelanima uskoro otvaranje pogona tekstilne industrije - Zavnews","og_description":"Na\u010delnik Odjeljenja za prostorno ure\u0111enje i stambeno-komunalne poslove Op\u0107ine Srebrenica Bojan Josipovi\u0107, potvrdio je Feni da je zavr\u0161ena sanacija zgrade stare \u0161kole u Skelanima, koja \u0107e slu\u017eiti za otvaranje pogona tekstilne industrije. \u201cRenovirani prostor \u0161kole je planiran za otvaranje proizvodnog...","og_url":"https:\/\/zavnews.net\/index.php\/2017\/07\/17\/skelanima-uskoro-otvaranje-pogona-tekstilne-industrije\/","og_site_name":"Zavnews","article_published_time":"2017-07-17T21:04:50+00:00","article_modified_time":"2017-07-17T21:39:45+00:00","og_image":[{"width":850,"height":500,"url":"https:\/\/zavnews.net\/wp-content\/uploads\/2017\/07\/d185d180d0b0d0bc-d0bfd0bed0bad180d0bed0b2d0b0-d0bfd180d0b5d181d0b2d0b5d182d0b5-d0b1d0bed0b3d0bed180d0bed0b4d0b8d186d0b5-d198d0b5-d198.jpg","type":"image\/jpeg"}],"author":"zavnews","twitter_card":"summary_large_image","twitter_misc":{"Written by":"zavnews","Est. reading time":"1 minuta"},"schema":{"@context":"https:\/\/schema.org","@graph":[{"@type":"Article","@id":"https:\/\/zavnews.net\/index.php\/2017\/07\/17\/skelanima-uskoro-otvaranje-pogona-tekstilne-industrije\/#article","isPartOf":{"@id":"https:\/\/zavnews.net\/index.php\/2017\/07\/17\/skelanima-uskoro-otvaranje-pogona-tekstilne-industrije\/"},"author":{"name":"zavnews","@id":"https:\/\/zavnews.net\/#\/schema\/person\/2477577553b6626f3681ce4d32a6917f"},"headline":"U Skelanima uskoro otvaranje pogona tekstilne industrije","datePublished":"2017-07-17T21:04:50+00:00","dateModified":"2017-07-17T21:39:45+00:00","mainEntityOfPage":{"@id":"https:\/\/zavnews.net\/index.php\/2017\/07\/17\/skelanima-uskoro-otvaranje-pogona-tekstilne-industrije\/"},"wordCount":141,"commentCount":0,"publisher":{"@id":"https:\/\/zavnews.net\/#organization"},"image":{"@id":"https:\/\/zavnews.net\/index.php\/2017\/07\/17\/skelanima-uskoro-otvaranje-pogona-tekstilne-industrije\/#primaryimage"},"thumbnailUrl":"https:\/\/zavnews.net\/wp-content\/uploads\/2017\/07\/d185d180d0b0d0bc-d0bfd0bed0bad180d0bed0b2d0b0-d0bfd180d0b5d181d0b2d0b5d182d0b5-d0b1d0bed0b3d0bed180d0bed0b4d0b8d186d0b5-d198d0b5-d198.jpg","articleSection":["BiH","BIZNIS"],"inLanguage":"bs-BA","potentialAction":[{"@type":"CommentAction","name":"Comment","target":["https:\/\/zavnews.net\/index.php\/2017\/07\/17\/skelanima-uskoro-otvaranje-pogona-tekstilne-industrije\/#respond"]}]},{"@type":"WebPage","@id":"https:\/\/zavnews.net\/index.php\/2017\/07\/17\/skelanima-uskoro-otvaranje-pogona-tekstilne-industrije\/","url":"https:\/\/zavnews.net\/index.php\/2017\/07\/17\/skelanima-uskoro-otvaranje-pogona-tekstilne-industrije\/","name":"U Skelanima uskoro otvaranje pogona tekstilne industrije - Zavnews","isPartOf":{"@id":"https:\/\/zavnews.net\/#website"},"primaryImageOfPage":{"@id":"https:\/\/zavnews.net\/index.php\/2017\/07\/17\/skelanima-uskoro-otvaranje-pogona-tekstilne-industrije\/#primaryimage"},"image":{"@id":"https:\/\/zavnews.net\/index.php\/2017\/07\/17\/skelanima-uskoro-otvaranje-pogona-tekstilne-industrije\/#primaryimage"},"thumbnailUrl":"https:\/\/zavnews.net\/wp-content\/uploads\/2017\/07\/d185d180d0b0d0bc-d0bfd0bed0bad180d0bed0b2d0b0-d0bfd180d0b5d181d0b2d0b5d182d0b5-d0b1d0bed0b3d0bed180d0bed0b4d0b8d186d0b5-d198d0b5-d198.jpg","datePublished":"2017-07-17T21:04:50+00:00","dateModified":"2017-07-17T21:39:45+00:00","breadcrumb":{"@id":"https:\/\/zavnews.net\/index.php\/2017\/07\/17\/skelanima-uskoro-otvaranje-pogona-tekstilne-industrije\/#breadcrumb"},"inLanguage":"bs-BA","potentialAction":[{"@type":"ReadAction","target":["https:\/\/zavnews.net\/index.php\/2017\/07\/17\/skelanima-uskoro-otvaranje-pogona-tekstilne-industrije\/"]}]},{"@type":"ImageObject","inLanguage":"bs-BA","@id":"https:\/\/zavnews.net\/index.php\/2017\/07\/17\/skelanima-uskoro-otvaranje-pogona-tekstilne-industrije\/#primaryimage","url":"https:\/\/zavnews.net\/wp-content\/uploads\/2017\/07\/d185d180d0b0d0bc-d0bfd0bed0bad180d0bed0b2d0b0-d0bfd180d0b5d181d0b2d0b5d182d0b5-d0b1d0bed0b3d0bed180d0bed0b4d0b8d186d0b5-d198d0b5-d198.jpg","contentUrl":"https:\/\/zavnews.net\/wp-content\/uploads\/2017\/07\/d185d180d0b0d0bc-d0bfd0bed0bad180d0bed0b2d0b0-d0bfd180d0b5d181d0b2d0b5d182d0b5-d0b1d0bed0b3d0bed180d0bed0b4d0b8d186d0b5-d198d0b5-d198.jpg","width":850,"height":500},{"@type":"BreadcrumbList","@id":"https:\/\/zavnews.net\/index.php\/2017\/07\/17\/skelanima-uskoro-otvaranje-pogona-tekstilne-industrije\/#breadcrumb","itemListElement":[{"@type":"ListItem","position":1,"name":"Po\u010detna stranica","item":"https:\/\/zavnews.net\/"},{"@type":"ListItem","position":2,"name":"U Skelanima uskoro otvaranje pogona tekstilne industrije"}]},{"@type":"WebSite","@id":"https:\/\/zavnews.net\/#website","url":"https:\/\/zavnews.net\/","name":"Zavnews","description":"Zavidovi\u0107i","publisher":{"@id":"https:\/\/zavnews.net\/#organization"},"potentialAction":[{"@type":"SearchAction","target":{"@type":"EntryPoint","urlTemplate":"https:\/\/zavnews.net\/?s={search_term_string}"},"query-input":{"@type":"PropertyValueSpecification","valueRequired":true,"valueName":"search_term_string"}}],"inLanguage":"bs-BA"},{"@type":"Organization","@id":"https:\/\/zavnews.net\/#organization","name":"Zavidovi\u0107i","url":"https:\/\/zavnews.net\/","logo":{"@type":"ImageObject","inLanguage":"bs-BA","@id":"https:\/\/zavnews.net\/#\/schema\/logo\/image\/","url":"https:\/\/zavnews.net\/wp-content\/uploads\/2021\/11\/cropped-cropped-cropped-cropped-Screenshot_1-removebg-preview-2.png","contentUrl":"https:\/\/zavnews.net\/wp-content\/uploads\/2021\/11\/cropped-cropped-cropped-cropped-Screenshot_1-removebg-preview-2.png","width":841,"height":180,"caption":"Zavidovi\u0107i"},"image":{"@id":"https:\/\/zavnews.net\/#\/schema\/logo\/image\/"}},{"@type":"Person","@id":"https:\/\/zavnews.net\/#\/schema\/person\/2477577553b6626f3681ce4d32a6917f","name":"zavnews","image":{"@type":"ImageObject","inLanguage":"bs-BA","@id":"https:\/\/zavnews.net\/#\/schema\/person\/image\/","url":"https:\/\/secure.gravatar.com\/avatar\/3d25e050de275ca74aa70a2e30eb6f6c?s=96&d=mm&r=g","contentUrl":"https:\/\/secure.gravatar.com\/avatar\/3d25e050de275ca74aa70a2e30eb6f6c?s=96&d=mm&r=g","caption":"zavnews"}}]}},"_links":{"self":[{"href":"https:\/\/zavnews.net\/index.php\/wp-json\/wp\/v2\/posts\/6427"}],"collection":[{"href":"https:\/\/zavnews.net\/index.php\/wp-json\/wp\/v2\/posts"}],"about":[{"href":"https:\/\/zavnews.net\/index.php\/wp-json\/wp\/v2\/types\/post"}],"author":[{"embeddable":true,"href":"https:\/\/zavnews.net\/index.php\/wp-json\/wp\/v2\/users\/1"}],"replies":[{"embeddable":true,"href":"https:\/\/zavnews.net\/index.php\/wp-json\/wp\/v2\/comments?post=6427"}],"version-history":[{"count":2,"href":"https:\/\/zavnews.net\/index.php\/wp-json\/wp\/v2\/posts\/6427\/revisions"}],"predecessor-version":[{"id":6436,"href":"https:\/\/zavnews.net\/index.php\/wp-json\/wp\/v2\/posts\/6427\/revisions\/6436"}],"wp:featuredmedia":[{"embeddable":true,"href":"https:\/\/zavnews.net\/index.php\/wp-json\/wp\/v2\/media\/6428"}],"wp:attachment":[{"href":"https:\/\/zavnews.net\/index.php\/wp-json\/wp\/v2\/media?parent=6427"}],"wp:term":[{"taxonomy":"category","embeddable":true,"href":"https:\/\/zavnews.net\/index.php\/wp-json\/wp\/v2\/categories?post=6427"},{"taxonomy":"post_tag","embeddable":true,"href":"https:\/\/zavnews.net\/index.php\/wp-json\/wp\/v2\/tags?post=6427"}],"curies":[{"name":"wp","href":"https:\/\/api.w.org\/{rel}","templated":true}]}}