{"id":5562,"date":"2017-04-24T16:23:12","date_gmt":"2017-04-24T14:23:12","guid":{"rendered":"http:\/\/zavnews.net\/?p=5562"},"modified":"2017-04-24T16:23:12","modified_gmt":"2017-04-24T14:23:12","slug":"novalic-znacajno-smo-promijenili-ekonomsku-sliku-federacije-bih","status":"publish","type":"post","link":"https:\/\/zavnews.net\/index.php\/2017\/04\/24\/novalic-znacajno-smo-promijenili-ekonomsku-sliku-federacije-bih\/","title":{"rendered":"Novali\u0107: Zna\u010dajno smo promijenili ekonomsku sliku Federacije BiH"},"content":{"rendered":"<div class=\"fcbkbttn_buttons_block\" id=\"fcbkbttn_left\"><div class=\"fcbkbttn_button\">\n\t\t\t\t\t<a href=\"https:\/\/www.facebook.com\/www.zavnews.net\/\" target=\"_blank\">\n\t\t\t\t\t\t<img decoding=\"async\" src=\"https:\/\/zavnews.net\/wp-content\/plugins\/facebook-button-plugin\/images\/standard-facebook-ico.png\" alt=\"Fb-Button\" \/>\n\t\t\t\t\t<\/a>\n\t\t\t\t<\/div><div class=\"fcbkbttn_like \"><fb:like href=\"https:\/\/zavnews.net\/index.php\/2017\/04\/24\/novalic-znacajno-smo-promijenili-ekonomsku-sliku-federacije-bih\/\" action=\"like\" colorscheme=\"light\" layout=\"standard\"  width=\"450px\" size=\"small\"><\/fb:like><\/div><div class=\"fb-share-button  \" data-href=\"https:\/\/zavnews.net\/index.php\/2017\/04\/24\/novalic-znacajno-smo-promijenili-ekonomsku-sliku-federacije-bih\/\" data-type=\"button_count\" data-size=\"small\"><\/div><\/div><h4 style=\"text-align: justify;\"><a href=\"http:\/\/zavnews.net\/index.php\/2017\/04\/24\/novalic-znacajno-smo-promijenili-ekonomsku-sliku-federacije-bih\/novalic2\/\" rel=\"attachment wp-att-5563\"><img loading=\"lazy\" decoding=\"async\" class=\"aligncenter  wp-image-5563\" src=\"http:\/\/zavnews.net\/wp-content\/uploads\/2017\/04\/novalic2.jpg\" alt=\"\" width=\"1081\" height=\"635\" srcset=\"https:\/\/zavnews.net\/wp-content\/uploads\/2017\/04\/novalic2.jpg 850w, https:\/\/zavnews.net\/wp-content\/uploads\/2017\/04\/novalic2-600x353.jpg 600w, https:\/\/zavnews.net\/wp-content\/uploads\/2017\/04\/novalic2-300x176.jpg 300w, https:\/\/zavnews.net\/wp-content\/uploads\/2017\/04\/novalic2-768x452.jpg 768w\" sizes=\"(max-width: 1081px) 100vw, 1081px\" \/><\/a><\/h4>\n<h4 style=\"text-align: justify;\">Premijer Federacije BiH Fadil Novali\u0107 izjavio je za Fenu da su se njegovi sastanci sa predstavnicima MMF-a i Svjetske banke proteklih dana u Washingtonu odnosili prije svega na stru\u010dnu pomo\u0107 reformama u Bosni i Hercegovini.<\/h4>\n<p style=\"text-align: justify;\">&#8211; Kao \u0161to sam u vi\u0161e navrata nagla\u0161avao, me\u0111unarodne finansijske institucije ve\u0107 odavno nam pru\u017eaju podr\u0161ku kroz svoje eksperte i jako cijenimo njihove savjete i sugestije. Iako kad govorimo o, na primjer MMF-u, javnost obi\u010dno misli na povoljne kredite, smatram da je upravo pomo\u0107 me\u0111unarodnih stru\u010dnjaka do sada najvi\u0161e doprinijela pozitivnim promjenama u na\u0161oj privredi. Finansijska pomo\u0107 me\u0111unarodnih institucija je kratkoro\u010dno rje\u0161enje. Moja vlada i ja smo opredijeljeni za pronalazak dugoro\u010dnih i sistemskih na\u010dina pokretanja rasta na\u0161e privrede. Tu prije svega mislim na mjere iz Reformske agende, uz pomo\u0107 kojih smo uspjeli da zna\u010dajno promijenimo ekonomsku sliku Federacije BiH \u2013 kazao je Novali\u0107.<\/p>\n<p style=\"text-align: justify;\">Bitno je ista\u0107i, ka\u017ee premijer, da Reformska agenda ne uklju\u010duje samo ekonomske reforme.<\/p>\n<p style=\"text-align: justify;\"><strong>&#8211; Zna\u010dajan dio na\u0161eg rada je posve\u0107en ja\u010danju vladavine prava i borbi protiv korupcije. Upravo u ovoj oblasti puno nam zna\u010di podr\u0161ka na\u0161ih partnera iz MMF-a i Svjetske banke, dakle institucija koje posebnu pa\u017enju obra\u0107aju na transparentnost i otvorenost reformskih procesa \u2013<\/strong> zaklju\u010dio je Novali\u0107 u izjavi za Fenu.<\/p>\n<p style=\"text-align: right;\">\n<p style=\"text-align: right;\">zavnews\/biznisinfo<\/p>\n<div class=\"fcbkbttn_buttons_block\" id=\"fcbkbttn_left\"><div class=\"fcbkbttn_button\">\n\t\t\t\t\t<a href=\"https:\/\/www.facebook.com\/www.zavnews.net\/\" target=\"_blank\">\n\t\t\t\t\t\t<img decoding=\"async\" src=\"https:\/\/zavnews.net\/wp-content\/plugins\/facebook-button-plugin\/images\/standard-facebook-ico.png\" alt=\"Fb-Button\" \/>\n\t\t\t\t\t<\/a>\n\t\t\t\t<\/div><div class=\"fcbkbttn_like \"><fb:like href=\"https:\/\/zavnews.net\/index.php\/2017\/04\/24\/novalic-znacajno-smo-promijenili-ekonomsku-sliku-federacije-bih\/\" action=\"like\" colorscheme=\"light\" layout=\"standard\"  width=\"450px\" size=\"small\"><\/fb:like><\/div><div class=\"fb-share-button  \" data-href=\"https:\/\/zavnews.net\/index.php\/2017\/04\/24\/novalic-znacajno-smo-promijenili-ekonomsku-sliku-federacije-bih\/\" data-type=\"button_count\" data-size=\"small\"><\/div><\/div>","protected":false},"excerpt":{"rendered":"<div class=\"fcbkbttn_buttons_block\" id=\"fcbkbttn_left\"><div class=\"fcbkbttn_button\">\n\t\t\t\t\t<a href=\"https:\/\/www.facebook.com\/www.zavnews.net\/\" target=\"_blank\">\n\t\t\t\t\t\t<img decoding=\"async\" src=\"https:\/\/zavnews.net\/wp-content\/plugins\/facebook-button-plugin\/images\/standard-facebook-ico.png\" alt=\"Fb-Button\" \/>\n\t\t\t\t\t<\/a>\n\t\t\t\t<\/div><div class=\"fcbkbttn_like \"><fb:like href=\"https:\/\/zavnews.net\/index.php\/2017\/04\/24\/novalic-znacajno-smo-promijenili-ekonomsku-sliku-federacije-bih\/\" action=\"like\" colorscheme=\"light\" layout=\"standard\"  width=\"450px\" size=\"small\"><\/fb:like><\/div><div class=\"fb-share-button  \" data-href=\"https:\/\/zavnews.net\/index.php\/2017\/04\/24\/novalic-znacajno-smo-promijenili-ekonomsku-sliku-federacije-bih\/\" data-type=\"button_count\" data-size=\"small\"><\/div><\/div><p>Premijer Federacije BiH Fadil Novali\u0107 izjavio je za Fenu da su se njegovi sastanci sa predstavnicima MMF-a i Svjetske banke proteklih dana u Washingtonu odnosili prije svega na stru\u010dnu pomo\u0107 reformama u Bosni i Hercegovini. &#8211; Kao \u0161to sam u&#8230;<\/p>\n<div class=\"fcbkbttn_buttons_block\" id=\"fcbkbttn_left\"><div class=\"fcbkbttn_button\">\n\t\t\t\t\t<a href=\"https:\/\/www.facebook.com\/www.zavnews.net\/\" target=\"_blank\">\n\t\t\t\t\t\t<img decoding=\"async\" src=\"https:\/\/zavnews.net\/wp-content\/plugins\/facebook-button-plugin\/images\/standard-facebook-ico.png\" alt=\"Fb-Button\" \/>\n\t\t\t\t\t<\/a>\n\t\t\t\t<\/div><div class=\"fcbkbttn_like \"><fb:like href=\"https:\/\/zavnews.net\/index.php\/2017\/04\/24\/novalic-znacajno-smo-promijenili-ekonomsku-sliku-federacije-bih\/\" action=\"like\" colorscheme=\"light\" layout=\"standard\"  width=\"450px\" size=\"small\"><\/fb:like><\/div><div class=\"fb-share-button  \" data-href=\"https:\/\/zavnews.net\/index.php\/2017\/04\/24\/novalic-znacajno-smo-promijenili-ekonomsku-sliku-federacije-bih\/\" data-type=\"button_count\" data-size=\"small\"><\/div><\/div>","protected":false},"author":1,"featured_media":5563,"comment_status":"open","ping_status":"open","sticky":false,"template":"","format":"standard","meta":{"footnotes":""},"categories":[13,23,6,3],"tags":[],"yoast_head":"<!-- This site is optimized with the Yoast SEO plugin v23.5 - https:\/\/yoast.com\/wordpress\/plugins\/seo\/ -->\n<title>Novali\u0107: Zna\u010dajno smo promijenili ekonomsku sliku Federacije BiH - Zavnews<\/title>\n<meta name=\"robots\" content=\"index, follow, max-snippet:-1, max-image-preview:large, max-video-preview:-1\" \/>\n<link rel=\"canonical\" href=\"https:\/\/zavnews.net\/index.php\/2017\/04\/24\/novalic-znacajno-smo-promijenili-ekonomsku-sliku-federacije-bih\/\" \/>\n<meta property=\"og:locale\" content=\"bs_BA\" \/>\n<meta property=\"og:type\" content=\"article\" \/>\n<meta property=\"og:title\" content=\"Novali\u0107: Zna\u010dajno smo promijenili ekonomsku sliku Federacije BiH - Zavnews\" \/>\n<meta property=\"og:description\" content=\"Premijer Federacije BiH Fadil Novali\u0107 izjavio je za Fenu da su se njegovi sastanci sa predstavnicima MMF-a i Svjetske banke proteklih dana u Washingtonu odnosili prije svega na stru\u010dnu pomo\u0107 reformama u Bosni i Hercegovini. &#8211; Kao \u0161to sam u...\" \/>\n<meta property=\"og:url\" content=\"https:\/\/zavnews.net\/index.php\/2017\/04\/24\/novalic-znacajno-smo-promijenili-ekonomsku-sliku-federacije-bih\/\" \/>\n<meta property=\"og:site_name\" content=\"Zavnews\" \/>\n<meta property=\"article:published_time\" content=\"2017-04-24T14:23:12+00:00\" \/>\n<meta property=\"og:image\" content=\"https:\/\/zavnews.net\/wp-content\/uploads\/2017\/04\/novalic2.jpg\" \/>\n\t<meta property=\"og:image:width\" content=\"850\" \/>\n\t<meta property=\"og:image:height\" content=\"500\" \/>\n\t<meta property=\"og:image:type\" content=\"image\/jpeg\" \/>\n<meta name=\"author\" content=\"zavnews\" \/>\n<meta name=\"twitter:card\" content=\"summary_large_image\" \/>\n<meta name=\"twitter:label1\" content=\"Written by\" \/>\n\t<meta name=\"twitter:data1\" content=\"zavnews\" \/>\n\t<meta name=\"twitter:label2\" content=\"Est. reading time\" \/>\n\t<meta name=\"twitter:data2\" content=\"1 minuta\" \/>\n<script type=\"application\/ld+json\" class=\"yoast-schema-graph\">{\"@context\":\"https:\/\/schema.org\",\"@graph\":[{\"@type\":\"Article\",\"@id\":\"https:\/\/zavnews.net\/index.php\/2017\/04\/24\/novalic-znacajno-smo-promijenili-ekonomsku-sliku-federacije-bih\/#article\",\"isPartOf\":{\"@id\":\"https:\/\/zavnews.net\/index.php\/2017\/04\/24\/novalic-znacajno-smo-promijenili-ekonomsku-sliku-federacije-bih\/\"},\"author\":{\"name\":\"zavnews\",\"@id\":\"https:\/\/zavnews.net\/#\/schema\/person\/2477577553b6626f3681ce4d32a6917f\"},\"headline\":\"Novali\u0107: Zna\u010dajno smo promijenili ekonomsku sliku Federacije BiH\",\"datePublished\":\"2017-04-24T14:23:12+00:00\",\"dateModified\":\"2017-04-24T14:23:12+00:00\",\"mainEntityOfPage\":{\"@id\":\"https:\/\/zavnews.net\/index.php\/2017\/04\/24\/novalic-znacajno-smo-promijenili-ekonomsku-sliku-federacije-bih\/\"},\"wordCount\":240,\"commentCount\":0,\"publisher\":{\"@id\":\"https:\/\/zavnews.net\/#organization\"},\"image\":{\"@id\":\"https:\/\/zavnews.net\/index.php\/2017\/04\/24\/novalic-znacajno-smo-promijenili-ekonomsku-sliku-federacije-bih\/#primaryimage\"},\"thumbnailUrl\":\"https:\/\/zavnews.net\/wp-content\/uploads\/2017\/04\/novalic2.jpg\",\"articleSection\":[\"BiH\",\"BiH\",\"BIZNIS\",\"VIJESTI\"],\"inLanguage\":\"bs-BA\",\"potentialAction\":[{\"@type\":\"CommentAction\",\"name\":\"Comment\",\"target\":[\"https:\/\/zavnews.net\/index.php\/2017\/04\/24\/novalic-znacajno-smo-promijenili-ekonomsku-sliku-federacije-bih\/#respond\"]}]},{\"@type\":\"WebPage\",\"@id\":\"https:\/\/zavnews.net\/index.php\/2017\/04\/24\/novalic-znacajno-smo-promijenili-ekonomsku-sliku-federacije-bih\/\",\"url\":\"https:\/\/zavnews.net\/index.php\/2017\/04\/24\/novalic-znacajno-smo-promijenili-ekonomsku-sliku-federacije-bih\/\",\"name\":\"Novali\u0107: Zna\u010dajno smo promijenili ekonomsku sliku Federacije BiH - Zavnews\",\"isPartOf\":{\"@id\":\"https:\/\/zavnews.net\/#website\"},\"primaryImageOfPage\":{\"@id\":\"https:\/\/zavnews.net\/index.php\/2017\/04\/24\/novalic-znacajno-smo-promijenili-ekonomsku-sliku-federacije-bih\/#primaryimage\"},\"image\":{\"@id\":\"https:\/\/zavnews.net\/index.php\/2017\/04\/24\/novalic-znacajno-smo-promijenili-ekonomsku-sliku-federacije-bih\/#primaryimage\"},\"thumbnailUrl\":\"https:\/\/zavnews.net\/wp-content\/uploads\/2017\/04\/novalic2.jpg\",\"datePublished\":\"2017-04-24T14:23:12+00:00\",\"dateModified\":\"2017-04-24T14:23:12+00:00\",\"breadcrumb\":{\"@id\":\"https:\/\/zavnews.net\/index.php\/2017\/04\/24\/novalic-znacajno-smo-promijenili-ekonomsku-sliku-federacije-bih\/#breadcrumb\"},\"inLanguage\":\"bs-BA\",\"potentialAction\":[{\"@type\":\"ReadAction\",\"target\":[\"https:\/\/zavnews.net\/index.php\/2017\/04\/24\/novalic-znacajno-smo-promijenili-ekonomsku-sliku-federacije-bih\/\"]}]},{\"@type\":\"ImageObject\",\"inLanguage\":\"bs-BA\",\"@id\":\"https:\/\/zavnews.net\/index.php\/2017\/04\/24\/novalic-znacajno-smo-promijenili-ekonomsku-sliku-federacije-bih\/#primaryimage\",\"url\":\"https:\/\/zavnews.net\/wp-content\/uploads\/2017\/04\/novalic2.jpg\",\"contentUrl\":\"https:\/\/zavnews.net\/wp-content\/uploads\/2017\/04\/novalic2.jpg\",\"width\":850,\"height\":500},{\"@type\":\"BreadcrumbList\",\"@id\":\"https:\/\/zavnews.net\/index.php\/2017\/04\/24\/novalic-znacajno-smo-promijenili-ekonomsku-sliku-federacije-bih\/#breadcrumb\",\"itemListElement\":[{\"@type\":\"ListItem\",\"position\":1,\"name\":\"Po\u010detna stranica\",\"item\":\"https:\/\/zavnews.net\/\"},{\"@type\":\"ListItem\",\"position\":2,\"name\":\"Novali\u0107: Zna\u010dajno smo promijenili ekonomsku sliku Federacije BiH\"}]},{\"@type\":\"WebSite\",\"@id\":\"https:\/\/zavnews.net\/#website\",\"url\":\"https:\/\/zavnews.net\/\",\"name\":\"Zavnews\",\"description\":\"Zavidovi\u0107i\",\"publisher\":{\"@id\":\"https:\/\/zavnews.net\/#organization\"},\"potentialAction\":[{\"@type\":\"SearchAction\",\"target\":{\"@type\":\"EntryPoint\",\"urlTemplate\":\"https:\/\/zavnews.net\/?s={search_term_string}\"},\"query-input\":{\"@type\":\"PropertyValueSpecification\",\"valueRequired\":true,\"valueName\":\"search_term_string\"}}],\"inLanguage\":\"bs-BA\"},{\"@type\":\"Organization\",\"@id\":\"https:\/\/zavnews.net\/#organization\",\"name\":\"Zavidovi\u0107i\",\"url\":\"https:\/\/zavnews.net\/\",\"logo\":{\"@type\":\"ImageObject\",\"inLanguage\":\"bs-BA\",\"@id\":\"https:\/\/zavnews.net\/#\/schema\/logo\/image\/\",\"url\":\"https:\/\/zavnews.net\/wp-content\/uploads\/2021\/11\/cropped-cropped-cropped-cropped-Screenshot_1-removebg-preview-2.png\",\"contentUrl\":\"https:\/\/zavnews.net\/wp-content\/uploads\/2021\/11\/cropped-cropped-cropped-cropped-Screenshot_1-removebg-preview-2.png\",\"width\":841,\"height\":180,\"caption\":\"Zavidovi\u0107i\"},\"image\":{\"@id\":\"https:\/\/zavnews.net\/#\/schema\/logo\/image\/\"}},{\"@type\":\"Person\",\"@id\":\"https:\/\/zavnews.net\/#\/schema\/person\/2477577553b6626f3681ce4d32a6917f\",\"name\":\"zavnews\",\"image\":{\"@type\":\"ImageObject\",\"inLanguage\":\"bs-BA\",\"@id\":\"https:\/\/zavnews.net\/#\/schema\/person\/image\/\",\"url\":\"https:\/\/secure.gravatar.com\/avatar\/3d25e050de275ca74aa70a2e30eb6f6c?s=96&d=mm&r=g\",\"contentUrl\":\"https:\/\/secure.gravatar.com\/avatar\/3d25e050de275ca74aa70a2e30eb6f6c?s=96&d=mm&r=g\",\"caption\":\"zavnews\"}}]}<\/script>\n<!-- \/ Yoast SEO plugin. -->","yoast_head_json":{"title":"Novali\u0107: Zna\u010dajno smo promijenili ekonomsku sliku Federacije BiH - Zavnews","robots":{"index":"index","follow":"follow","max-snippet":"max-snippet:-1","max-image-preview":"max-image-preview:large","max-video-preview":"max-video-preview:-1"},"canonical":"https:\/\/zavnews.net\/index.php\/2017\/04\/24\/novalic-znacajno-smo-promijenili-ekonomsku-sliku-federacije-bih\/","og_locale":"bs_BA","og_type":"article","og_title":"Novali\u0107: Zna\u010dajno smo promijenili ekonomsku sliku Federacije BiH - Zavnews","og_description":"Premijer Federacije BiH Fadil Novali\u0107 izjavio je za Fenu da su se njegovi sastanci sa predstavnicima MMF-a i Svjetske banke proteklih dana u Washingtonu odnosili prije svega na stru\u010dnu pomo\u0107 reformama u Bosni i Hercegovini. &#8211; Kao \u0161to sam u...","og_url":"https:\/\/zavnews.net\/index.php\/2017\/04\/24\/novalic-znacajno-smo-promijenili-ekonomsku-sliku-federacije-bih\/","og_site_name":"Zavnews","article_published_time":"2017-04-24T14:23:12+00:00","og_image":[{"width":850,"height":500,"url":"https:\/\/zavnews.net\/wp-content\/uploads\/2017\/04\/novalic2.jpg","type":"image\/jpeg"}],"author":"zavnews","twitter_card":"summary_large_image","twitter_misc":{"Written by":"zavnews","Est. reading time":"1 minuta"},"schema":{"@context":"https:\/\/schema.org","@graph":[{"@type":"Article","@id":"https:\/\/zavnews.net\/index.php\/2017\/04\/24\/novalic-znacajno-smo-promijenili-ekonomsku-sliku-federacije-bih\/#article","isPartOf":{"@id":"https:\/\/zavnews.net\/index.php\/2017\/04\/24\/novalic-znacajno-smo-promijenili-ekonomsku-sliku-federacije-bih\/"},"author":{"name":"zavnews","@id":"https:\/\/zavnews.net\/#\/schema\/person\/2477577553b6626f3681ce4d32a6917f"},"headline":"Novali\u0107: Zna\u010dajno smo promijenili ekonomsku sliku Federacije BiH","datePublished":"2017-04-24T14:23:12+00:00","dateModified":"2017-04-24T14:23:12+00:00","mainEntityOfPage":{"@id":"https:\/\/zavnews.net\/index.php\/2017\/04\/24\/novalic-znacajno-smo-promijenili-ekonomsku-sliku-federacije-bih\/"},"wordCount":240,"commentCount":0,"publisher":{"@id":"https:\/\/zavnews.net\/#organization"},"image":{"@id":"https:\/\/zavnews.net\/index.php\/2017\/04\/24\/novalic-znacajno-smo-promijenili-ekonomsku-sliku-federacije-bih\/#primaryimage"},"thumbnailUrl":"https:\/\/zavnews.net\/wp-content\/uploads\/2017\/04\/novalic2.jpg","articleSection":["BiH","BiH","BIZNIS","VIJESTI"],"inLanguage":"bs-BA","potentialAction":[{"@type":"CommentAction","name":"Comment","target":["https:\/\/zavnews.net\/index.php\/2017\/04\/24\/novalic-znacajno-smo-promijenili-ekonomsku-sliku-federacije-bih\/#respond"]}]},{"@type":"WebPage","@id":"https:\/\/zavnews.net\/index.php\/2017\/04\/24\/novalic-znacajno-smo-promijenili-ekonomsku-sliku-federacije-bih\/","url":"https:\/\/zavnews.net\/index.php\/2017\/04\/24\/novalic-znacajno-smo-promijenili-ekonomsku-sliku-federacije-bih\/","name":"Novali\u0107: Zna\u010dajno smo promijenili ekonomsku sliku Federacije BiH - Zavnews","isPartOf":{"@id":"https:\/\/zavnews.net\/#website"},"primaryImageOfPage":{"@id":"https:\/\/zavnews.net\/index.php\/2017\/04\/24\/novalic-znacajno-smo-promijenili-ekonomsku-sliku-federacije-bih\/#primaryimage"},"image":{"@id":"https:\/\/zavnews.net\/index.php\/2017\/04\/24\/novalic-znacajno-smo-promijenili-ekonomsku-sliku-federacije-bih\/#primaryimage"},"thumbnailUrl":"https:\/\/zavnews.net\/wp-content\/uploads\/2017\/04\/novalic2.jpg","datePublished":"2017-04-24T14:23:12+00:00","dateModified":"2017-04-24T14:23:12+00:00","breadcrumb":{"@id":"https:\/\/zavnews.net\/index.php\/2017\/04\/24\/novalic-znacajno-smo-promijenili-ekonomsku-sliku-federacije-bih\/#breadcrumb"},"inLanguage":"bs-BA","potentialAction":[{"@type":"ReadAction","target":["https:\/\/zavnews.net\/index.php\/2017\/04\/24\/novalic-znacajno-smo-promijenili-ekonomsku-sliku-federacije-bih\/"]}]},{"@type":"ImageObject","inLanguage":"bs-BA","@id":"https:\/\/zavnews.net\/index.php\/2017\/04\/24\/novalic-znacajno-smo-promijenili-ekonomsku-sliku-federacije-bih\/#primaryimage","url":"https:\/\/zavnews.net\/wp-content\/uploads\/2017\/04\/novalic2.jpg","contentUrl":"https:\/\/zavnews.net\/wp-content\/uploads\/2017\/04\/novalic2.jpg","width":850,"height":500},{"@type":"BreadcrumbList","@id":"https:\/\/zavnews.net\/index.php\/2017\/04\/24\/novalic-znacajno-smo-promijenili-ekonomsku-sliku-federacije-bih\/#breadcrumb","itemListElement":[{"@type":"ListItem","position":1,"name":"Po\u010detna stranica","item":"https:\/\/zavnews.net\/"},{"@type":"ListItem","position":2,"name":"Novali\u0107: Zna\u010dajno smo promijenili ekonomsku sliku Federacije BiH"}]},{"@type":"WebSite","@id":"https:\/\/zavnews.net\/#website","url":"https:\/\/zavnews.net\/","name":"Zavnews","description":"Zavidovi\u0107i","publisher":{"@id":"https:\/\/zavnews.net\/#organization"},"potentialAction":[{"@type":"SearchAction","target":{"@type":"EntryPoint","urlTemplate":"https:\/\/zavnews.net\/?s={search_term_string}"},"query-input":{"@type":"PropertyValueSpecification","valueRequired":true,"valueName":"search_term_string"}}],"inLanguage":"bs-BA"},{"@type":"Organization","@id":"https:\/\/zavnews.net\/#organization","name":"Zavidovi\u0107i","url":"https:\/\/zavnews.net\/","logo":{"@type":"ImageObject","inLanguage":"bs-BA","@id":"https:\/\/zavnews.net\/#\/schema\/logo\/image\/","url":"https:\/\/zavnews.net\/wp-content\/uploads\/2021\/11\/cropped-cropped-cropped-cropped-Screenshot_1-removebg-preview-2.png","contentUrl":"https:\/\/zavnews.net\/wp-content\/uploads\/2021\/11\/cropped-cropped-cropped-cropped-Screenshot_1-removebg-preview-2.png","width":841,"height":180,"caption":"Zavidovi\u0107i"},"image":{"@id":"https:\/\/zavnews.net\/#\/schema\/logo\/image\/"}},{"@type":"Person","@id":"https:\/\/zavnews.net\/#\/schema\/person\/2477577553b6626f3681ce4d32a6917f","name":"zavnews","image":{"@type":"ImageObject","inLanguage":"bs-BA","@id":"https:\/\/zavnews.net\/#\/schema\/person\/image\/","url":"https:\/\/secure.gravatar.com\/avatar\/3d25e050de275ca74aa70a2e30eb6f6c?s=96&d=mm&r=g","contentUrl":"https:\/\/secure.gravatar.com\/avatar\/3d25e050de275ca74aa70a2e30eb6f6c?s=96&d=mm&r=g","caption":"zavnews"}}]}},"_links":{"self":[{"href":"https:\/\/zavnews.net\/index.php\/wp-json\/wp\/v2\/posts\/5562"}],"collection":[{"href":"https:\/\/zavnews.net\/index.php\/wp-json\/wp\/v2\/posts"}],"about":[{"href":"https:\/\/zavnews.net\/index.php\/wp-json\/wp\/v2\/types\/post"}],"author":[{"embeddable":true,"href":"https:\/\/zavnews.net\/index.php\/wp-json\/wp\/v2\/users\/1"}],"replies":[{"embeddable":true,"href":"https:\/\/zavnews.net\/index.php\/wp-json\/wp\/v2\/comments?post=5562"}],"version-history":[{"count":2,"href":"https:\/\/zavnews.net\/index.php\/wp-json\/wp\/v2\/posts\/5562\/revisions"}],"predecessor-version":[{"id":5565,"href":"https:\/\/zavnews.net\/index.php\/wp-json\/wp\/v2\/posts\/5562\/revisions\/5565"}],"wp:featuredmedia":[{"embeddable":true,"href":"https:\/\/zavnews.net\/index.php\/wp-json\/wp\/v2\/media\/5563"}],"wp:attachment":[{"href":"https:\/\/zavnews.net\/index.php\/wp-json\/wp\/v2\/media?parent=5562"}],"wp:term":[{"taxonomy":"category","embeddable":true,"href":"https:\/\/zavnews.net\/index.php\/wp-json\/wp\/v2\/categories?post=5562"},{"taxonomy":"post_tag","embeddable":true,"href":"https:\/\/zavnews.net\/index.php\/wp-json\/wp\/v2\/tags?post=5562"}],"curies":[{"name":"wp","href":"https:\/\/api.w.org\/{rel}","templated":true}]}}