{"id":4962,"date":"2017-03-29T12:14:22","date_gmt":"2017-03-29T10:14:22","guid":{"rendered":"http:\/\/zavnews.net\/?p=4962"},"modified":"2017-03-29T12:46:20","modified_gmt":"2017-03-29T10:46:20","slug":"zavidovici-projekat-upip-a-raz-a-zeleno-zaposljavanje-odobren-finansiranje-iz-sredstava-eu","status":"publish","type":"post","link":"https:\/\/zavnews.net\/index.php\/2017\/03\/29\/zavidovici-projekat-upip-a-raz-a-zeleno-zaposljavanje-odobren-finansiranje-iz-sredstava-eu\/","title":{"rendered":"Zavidovi\u0107i: Projekat UPIP-a i RAZ-a \u201cZeleno zapo\u0161ljavanje\u201d odobren za finansiranje iz sredstava EU"},"content":{"rendered":"<div class=\"fcbkbttn_buttons_block\" id=\"fcbkbttn_left\"><div class=\"fcbkbttn_button\">\n\t\t\t\t\t<a href=\"https:\/\/www.facebook.com\/www.zavnews.net\/\" target=\"_blank\">\n\t\t\t\t\t\t<img decoding=\"async\" src=\"https:\/\/zavnews.net\/wp-content\/plugins\/facebook-button-plugin\/images\/standard-facebook-ico.png\" alt=\"Fb-Button\" \/>\n\t\t\t\t\t<\/a>\n\t\t\t\t<\/div><div class=\"fcbkbttn_like \"><fb:like href=\"https:\/\/zavnews.net\/index.php\/2017\/03\/29\/zavidovici-projekat-upip-a-raz-a-zeleno-zaposljavanje-odobren-finansiranje-iz-sredstava-eu\/\" action=\"like\" colorscheme=\"light\" layout=\"standard\"  width=\"450px\" size=\"small\"><\/fb:like><\/div><div class=\"fb-share-button  \" data-href=\"https:\/\/zavnews.net\/index.php\/2017\/03\/29\/zavidovici-projekat-upip-a-raz-a-zeleno-zaposljavanje-odobren-finansiranje-iz-sredstava-eu\/\" data-type=\"button_count\" data-size=\"small\"><\/div><\/div><p style=\"text-align: justify;\"><a href=\"http:\/\/zavnews.net\/index.php\/2017\/03\/29\/zavidovici-projekat-upip-a-raz-a-zeleno-zaposljavanje-odobren-finansiranje-iz-sredstava-eu\/cats-30\/\" rel=\"attachment wp-att-4963\"><img loading=\"lazy\" decoding=\"async\" class=\"aligncenter wp-image-4963\" src=\"http:\/\/zavnews.net\/wp-content\/uploads\/2017\/03\/cats-5-1024x465.jpg\" alt=\"\" width=\"926\" height=\"421\" srcset=\"https:\/\/zavnews.net\/wp-content\/uploads\/2017\/03\/cats-5.jpg 1024w, https:\/\/zavnews.net\/wp-content\/uploads\/2017\/03\/cats-5-600x272.jpg 600w, https:\/\/zavnews.net\/wp-content\/uploads\/2017\/03\/cats-5-300x136.jpg 300w, https:\/\/zavnews.net\/wp-content\/uploads\/2017\/03\/cats-5-768x349.jpg 768w\" sizes=\"(max-width: 926px) 100vw, 926px\" \/><\/a><\/p>\n<p style=\"text-align: justify;\"><strong>Vjerujemo kako Vam je poznato, a o tome smo ranije <a href=\"http:\/\/zavnews.net\/index.php\/2017\/03\/27\/projekat-opcine-novi-grad-nove-strategije-zaposljavanja-lokalnom-nivou-odabran-finansiranje-iz-sredstava-eu\/\" target=\"_blank\"><span style=\"color: #0000ff;\">pisali<\/span><\/a>, da je Evropska unija obezbijedila 4 miliona eura za projekat podr\u0161ke lokalnim partnerstvima za zapo\u0161ljavanje LEP, kojeg provodi Me\u0111unarodna organizacija rada ILO, koji \u0107e se realizirati kroz vi\u0161e odobrenih projekata na podru\u010dju 22 Op\u0107ine u BiH, a sve sa ciljem pove\u0107anja zaposlenosti putem prekvalifikacije skoro 2.000 osoba i zapo\u0161ljavanja oko 620 novih radnika, te na koncu za reformu tr\u017ei\u0161ta rada u ovim Op\u0107inama.<\/strong><\/p>\n<p style=\"text-align: justify;\">Jedan od tih projekata realizirat \u0107e se i na podru\u010dju na\u0161e Op\u0107ine, a projekat je za ILO uradila Razvojna agencija Zavidovi\u0107i u saradnji sa Udru\u017eenjem preduzetnika i poslodavaca UPIP \u017dep\u010de. Radi se o projektu u vrijednosti od oko <strong>200 000 eura<\/strong> i za njega je ve\u0107 uru\u010den certifikat, dakle u potpunosti je odobren i spreman za realizaciju. Aplikant za projekat je UPIP \u017dep\u010de a Razvojna agencija Zavidovi\u0107i je partner u projektu, zajedno sa jo\u0161 nekoliko saradnika, a to su Slu\u017eba za zapo\u0161ljavanje ZDK, Privredna komora FBiH, Op\u0107ina Zavidovi\u0107i, Udru\u017eenje \u201eAgro-Dolina\u201c, Op\u0161ta poljoprivredna zadruga \u201eAGROFARM\u201c \u017dep\u010de, Firma Funghi Frutti d.o.o. i Centar za edukaciju \u0160iroki Brijeg.<\/p>\n<p style=\"text-align: justify;\"><a href=\"http:\/\/zavnews.net\/index.php\/2017\/03\/29\/zavidovici-projekat-upip-a-raz-a-zeleno-zaposljavanje-odobren-finansiranje-iz-sredstava-eu\/aldin-susic\/\" rel=\"attachment wp-att-4964\"><img loading=\"lazy\" decoding=\"async\" class=\" wp-image-4964 alignleft\" src=\"http:\/\/zavnews.net\/wp-content\/uploads\/2017\/03\/Aldin-\u0160u\u0161i\u0107.jpg\" alt=\"\" width=\"340\" height=\"294\" srcset=\"https:\/\/zavnews.net\/wp-content\/uploads\/2017\/03\/Aldin-\u0160u\u0161i\u0107.jpg 490w, https:\/\/zavnews.net\/wp-content\/uploads\/2017\/03\/Aldin-\u0160u\u0161i\u0107-300x260.jpg 300w\" sizes=\"(max-width: 340px) 100vw, 340px\" \/><\/a>Kako su nam rekli u Razvojnoj agenciji Zavidovi\u0107i, <strong>&#8220;Projekat je dio 19 miliona vrijednog EU Programa za lokalni razvoj i zapo\u0161ljavanje, kojeg provode UNDP, GIZ i ILO, ali nas uistinu raduje to \u0161to \u0107e ovaj projekat u potpunosti biti realiziran na podru\u010dju na\u0161e Op\u0107ine, i ne treba posebno isticati koliko je to va\u017eno, s obzirom na trenutno stanje kada je u pitanju privreda na\u0161e Op\u0107ine.<\/strong><\/p>\n<p style=\"text-align: justify;\"><strong>Radi se o projektu &#8220;Zeleno zapo\u0161ljavanje&#8221; a on podrazumijeva izme\u0111u ostalog formiranje 20 poljoprivrednih gazdinstava na podru\u010dju na\u0161e Op\u0107ine, kao i formiranje agroinkubatora u sklopu Poslovnog inkubatora Razvojne agencije Zavidovi\u0107i, a kako smo ve\u0107 kazali, ovim projektom planirano je zapo\u0161ljavanje odre\u0111enog broja ljudi i \u0161to je veoma va\u017eno, edukacija i prekvalifikacija, s ciljem uspje\u0161nog poslovanja, te ve\u0107eg i kvalitetnijeg u\u010de\u0161\u0107a na tr\u017ei\u0161tu&#8221;.<\/strong><\/p>\n<p style=\"text-align: justify;\">Naime, Me\u0111unarodna organizacija rada (ILO) provodi projekat, ona \u0107e savjetovati i pru\u017eati podr\u0161ku lokalnim partnerstvima tokom cijelog projekta. ILO \u0107e partnerstvima pru\u017eiti svoju ekspertizu u vo\u0111enju reforme tr\u017ei\u0161ta rada, kao i osmo-faznu tehni\u010dku podr\u0161ku u uspostavljanju odr\u017eivih i partnerstvom vo\u0111enih lokalnih okvira za zapo\u0161ljavanje, te podr\u0161ku u provo\u0111enju aktivnih mjera na tr\u017ei\u0161tu rada.<\/p>\n<p style=\"text-align: justify;\"><strong>Kako smo ve\u0107 kazali, kompletne projektne aktivnosti \u0107e se provoditi na podru\u010dju Op\u0107ine Zavidovi\u0107i, a u fokusu projekta \u0107e biti zapo\u0161ljavanje u sektoru agrobiznisa &#8211; poljoprivredne proizvodnje za poznatog kupca kroz formiranje odr\u017eivih porodi\u010dnih gazdinstava.<\/strong><\/p>\n<p style=\"text-align: justify;\"><a href=\"http:\/\/zavnews.net\/index.php\/2017\/03\/29\/zavidovici-projekat-upip-a-raz-a-zeleno-zaposljavanje-odobren-finansiranje-iz-sredstava-eu\/raz-2\/\" rel=\"attachment wp-att-4965\"><img loading=\"lazy\" decoding=\"async\" class=\"aligncenter wp-image-4965\" src=\"http:\/\/zavnews.net\/wp-content\/uploads\/2017\/03\/raz.jpg\" alt=\"\" width=\"943\" height=\"563\" srcset=\"https:\/\/zavnews.net\/wp-content\/uploads\/2017\/03\/raz.jpg 960w, https:\/\/zavnews.net\/wp-content\/uploads\/2017\/03\/raz-600x359.jpg 600w, https:\/\/zavnews.net\/wp-content\/uploads\/2017\/03\/raz-300x179.jpg 300w, https:\/\/zavnews.net\/wp-content\/uploads\/2017\/03\/raz-768x459.jpg 768w\" sizes=\"(max-width: 943px) 100vw, 943px\" \/><\/a><\/p>\n<p style=\"text-align: justify;\">\u010cestitamo i zahvaljujemo na\u0161oj Razvojnoj agenciji na svemu \u0161to \u010dine za na\u0161u Op\u0107inu, i ovo je samo jedan mali dio onoga \u0161to su od svoga osnivanja uradili na polju zapo\u0161ljavanja i pobolj\u0161anja ukupnog stanja privrede, te kreiranja ljep\u0161e slike u ovom segmentu, \u010dime su ve\u0107 odavno opravdali svoje postojanje i dokazali svu isplativost postojanja jedne ovakve agencije.<\/p>\n<p style=\"text-align: justify;\">Zahvaljujemo i svima onima koji su na bilo koji na\u010din doprinijeli da ova sredstva do\u0111u u na\u0161u Op\u0107inu, i svima onima koji \u0107e pomo\u0107i u realizaciji ovog projekta, a onima koji \u0107e dobiti sredstva od projekta \u017eelimo mnogo uspjeha u poslu i dobre zarade, \u0161to svojim vrijednim radom svakako zaslu\u017euju.<\/p>\n<p style=\"text-align: right;\">zavnews<\/p>\n<div class=\"fcbkbttn_buttons_block\" id=\"fcbkbttn_left\"><div class=\"fcbkbttn_button\">\n\t\t\t\t\t<a href=\"https:\/\/www.facebook.com\/www.zavnews.net\/\" target=\"_blank\">\n\t\t\t\t\t\t<img decoding=\"async\" src=\"https:\/\/zavnews.net\/wp-content\/plugins\/facebook-button-plugin\/images\/standard-facebook-ico.png\" alt=\"Fb-Button\" \/>\n\t\t\t\t\t<\/a>\n\t\t\t\t<\/div><div class=\"fcbkbttn_like \"><fb:like href=\"https:\/\/zavnews.net\/index.php\/2017\/03\/29\/zavidovici-projekat-upip-a-raz-a-zeleno-zaposljavanje-odobren-finansiranje-iz-sredstava-eu\/\" action=\"like\" colorscheme=\"light\" layout=\"standard\"  width=\"450px\" size=\"small\"><\/fb:like><\/div><div class=\"fb-share-button  \" data-href=\"https:\/\/zavnews.net\/index.php\/2017\/03\/29\/zavidovici-projekat-upip-a-raz-a-zeleno-zaposljavanje-odobren-finansiranje-iz-sredstava-eu\/\" data-type=\"button_count\" data-size=\"small\"><\/div><\/div>","protected":false},"excerpt":{"rendered":"<div class=\"fcbkbttn_buttons_block\" id=\"fcbkbttn_left\"><div class=\"fcbkbttn_button\">\n\t\t\t\t\t<a href=\"https:\/\/www.facebook.com\/www.zavnews.net\/\" target=\"_blank\">\n\t\t\t\t\t\t<img decoding=\"async\" src=\"https:\/\/zavnews.net\/wp-content\/plugins\/facebook-button-plugin\/images\/standard-facebook-ico.png\" alt=\"Fb-Button\" \/>\n\t\t\t\t\t<\/a>\n\t\t\t\t<\/div><div class=\"fcbkbttn_like \"><fb:like href=\"https:\/\/zavnews.net\/index.php\/2017\/03\/29\/zavidovici-projekat-upip-a-raz-a-zeleno-zaposljavanje-odobren-finansiranje-iz-sredstava-eu\/\" action=\"like\" colorscheme=\"light\" layout=\"standard\"  width=\"450px\" size=\"small\"><\/fb:like><\/div><div class=\"fb-share-button  \" data-href=\"https:\/\/zavnews.net\/index.php\/2017\/03\/29\/zavidovici-projekat-upip-a-raz-a-zeleno-zaposljavanje-odobren-finansiranje-iz-sredstava-eu\/\" data-type=\"button_count\" data-size=\"small\"><\/div><\/div><p>Vjerujemo kako Vam je poznato, a o tome smo ranije pisali, da je Evropska unija obezbijedila 4 miliona eura za projekat podr\u0161ke lokalnim partnerstvima za zapo\u0161ljavanje LEP, kojeg provodi Me\u0111unarodna organizacija rada ILO, koji \u0107e se realizirati kroz vi\u0161e odobrenih&#8230;<\/p>\n<div class=\"fcbkbttn_buttons_block\" id=\"fcbkbttn_left\"><div class=\"fcbkbttn_button\">\n\t\t\t\t\t<a href=\"https:\/\/www.facebook.com\/www.zavnews.net\/\" target=\"_blank\">\n\t\t\t\t\t\t<img decoding=\"async\" src=\"https:\/\/zavnews.net\/wp-content\/plugins\/facebook-button-plugin\/images\/standard-facebook-ico.png\" alt=\"Fb-Button\" \/>\n\t\t\t\t\t<\/a>\n\t\t\t\t<\/div><div class=\"fcbkbttn_like \"><fb:like href=\"https:\/\/zavnews.net\/index.php\/2017\/03\/29\/zavidovici-projekat-upip-a-raz-a-zeleno-zaposljavanje-odobren-finansiranje-iz-sredstava-eu\/\" action=\"like\" colorscheme=\"light\" layout=\"standard\"  width=\"450px\" size=\"small\"><\/fb:like><\/div><div class=\"fb-share-button  \" data-href=\"https:\/\/zavnews.net\/index.php\/2017\/03\/29\/zavidovici-projekat-upip-a-raz-a-zeleno-zaposljavanje-odobren-finansiranje-iz-sredstava-eu\/\" data-type=\"button_count\" data-size=\"small\"><\/div><\/div>","protected":false},"author":1,"featured_media":4963,"comment_status":"open","ping_status":"open","sticky":false,"template":"","format":"standard","meta":{"footnotes":""},"categories":[6,3,14,18],"tags":[],"yoast_head":"<!-- This site is optimized with the Yoast SEO plugin v23.5 - https:\/\/yoast.com\/wordpress\/plugins\/seo\/ -->\n<title>Zavidovi\u0107i: Projekat UPIP-a i RAZ-a \u201cZeleno zapo\u0161ljavanje\u201d odobren za finansiranje iz sredstava EU - Zavnews<\/title>\n<meta name=\"robots\" content=\"index, follow, max-snippet:-1, max-image-preview:large, max-video-preview:-1\" \/>\n<link rel=\"canonical\" href=\"https:\/\/zavnews.net\/index.php\/2017\/03\/29\/zavidovici-projekat-upip-a-raz-a-zeleno-zaposljavanje-odobren-finansiranje-iz-sredstava-eu\/\" \/>\n<meta property=\"og:locale\" content=\"bs_BA\" \/>\n<meta property=\"og:type\" content=\"article\" \/>\n<meta property=\"og:title\" content=\"Zavidovi\u0107i: Projekat UPIP-a i RAZ-a \u201cZeleno zapo\u0161ljavanje\u201d odobren za finansiranje iz sredstava EU - Zavnews\" \/>\n<meta property=\"og:description\" content=\"Vjerujemo kako Vam je poznato, a o tome smo ranije pisali, da je Evropska unija obezbijedila 4 miliona eura za projekat podr\u0161ke lokalnim partnerstvima za zapo\u0161ljavanje LEP, kojeg provodi Me\u0111unarodna organizacija rada ILO, koji \u0107e se realizirati kroz vi\u0161e odobrenih...\" \/>\n<meta property=\"og:url\" content=\"https:\/\/zavnews.net\/index.php\/2017\/03\/29\/zavidovici-projekat-upip-a-raz-a-zeleno-zaposljavanje-odobren-finansiranje-iz-sredstava-eu\/\" \/>\n<meta property=\"og:site_name\" content=\"Zavnews\" \/>\n<meta property=\"article:published_time\" content=\"2017-03-29T10:14:22+00:00\" \/>\n<meta property=\"article:modified_time\" content=\"2017-03-29T10:46:20+00:00\" \/>\n<meta property=\"og:image\" content=\"https:\/\/zavnews.net\/wp-content\/uploads\/2017\/03\/cats-5.jpg\" \/>\n\t<meta property=\"og:image:width\" content=\"1024\" \/>\n\t<meta property=\"og:image:height\" content=\"465\" \/>\n\t<meta property=\"og:image:type\" content=\"image\/jpeg\" \/>\n<meta name=\"author\" content=\"zavnews\" \/>\n<meta name=\"twitter:card\" content=\"summary_large_image\" \/>\n<meta name=\"twitter:label1\" content=\"Written by\" \/>\n\t<meta name=\"twitter:data1\" content=\"zavnews\" \/>\n\t<meta name=\"twitter:label2\" content=\"Est. reading time\" \/>\n\t<meta name=\"twitter:data2\" content=\"3 minute\" \/>\n<script type=\"application\/ld+json\" class=\"yoast-schema-graph\">{\"@context\":\"https:\/\/schema.org\",\"@graph\":[{\"@type\":\"Article\",\"@id\":\"https:\/\/zavnews.net\/index.php\/2017\/03\/29\/zavidovici-projekat-upip-a-raz-a-zeleno-zaposljavanje-odobren-finansiranje-iz-sredstava-eu\/#article\",\"isPartOf\":{\"@id\":\"https:\/\/zavnews.net\/index.php\/2017\/03\/29\/zavidovici-projekat-upip-a-raz-a-zeleno-zaposljavanje-odobren-finansiranje-iz-sredstava-eu\/\"},\"author\":{\"name\":\"zavnews\",\"@id\":\"https:\/\/zavnews.net\/#\/schema\/person\/2477577553b6626f3681ce4d32a6917f\"},\"headline\":\"Zavidovi\u0107i: Projekat UPIP-a i RAZ-a \u201cZeleno zapo\u0161ljavanje\u201d odobren za finansiranje iz sredstava EU\",\"datePublished\":\"2017-03-29T10:14:22+00:00\",\"dateModified\":\"2017-03-29T10:46:20+00:00\",\"mainEntityOfPage\":{\"@id\":\"https:\/\/zavnews.net\/index.php\/2017\/03\/29\/zavidovici-projekat-upip-a-raz-a-zeleno-zaposljavanje-odobren-finansiranje-iz-sredstava-eu\/\"},\"wordCount\":595,\"commentCount\":0,\"publisher\":{\"@id\":\"https:\/\/zavnews.net\/#organization\"},\"image\":{\"@id\":\"https:\/\/zavnews.net\/index.php\/2017\/03\/29\/zavidovici-projekat-upip-a-raz-a-zeleno-zaposljavanje-odobren-finansiranje-iz-sredstava-eu\/#primaryimage\"},\"thumbnailUrl\":\"https:\/\/zavnews.net\/wp-content\/uploads\/2017\/03\/cats-5.jpg\",\"articleSection\":[\"BIZNIS\",\"VIJESTI\",\"zavidovi\u0107i\",\"zavidovi\u0107i\"],\"inLanguage\":\"bs-BA\",\"potentialAction\":[{\"@type\":\"CommentAction\",\"name\":\"Comment\",\"target\":[\"https:\/\/zavnews.net\/index.php\/2017\/03\/29\/zavidovici-projekat-upip-a-raz-a-zeleno-zaposljavanje-odobren-finansiranje-iz-sredstava-eu\/#respond\"]}]},{\"@type\":\"WebPage\",\"@id\":\"https:\/\/zavnews.net\/index.php\/2017\/03\/29\/zavidovici-projekat-upip-a-raz-a-zeleno-zaposljavanje-odobren-finansiranje-iz-sredstava-eu\/\",\"url\":\"https:\/\/zavnews.net\/index.php\/2017\/03\/29\/zavidovici-projekat-upip-a-raz-a-zeleno-zaposljavanje-odobren-finansiranje-iz-sredstava-eu\/\",\"name\":\"Zavidovi\u0107i: Projekat UPIP-a i RAZ-a \u201cZeleno zapo\u0161ljavanje\u201d odobren za finansiranje iz sredstava EU - Zavnews\",\"isPartOf\":{\"@id\":\"https:\/\/zavnews.net\/#website\"},\"primaryImageOfPage\":{\"@id\":\"https:\/\/zavnews.net\/index.php\/2017\/03\/29\/zavidovici-projekat-upip-a-raz-a-zeleno-zaposljavanje-odobren-finansiranje-iz-sredstava-eu\/#primaryimage\"},\"image\":{\"@id\":\"https:\/\/zavnews.net\/index.php\/2017\/03\/29\/zavidovici-projekat-upip-a-raz-a-zeleno-zaposljavanje-odobren-finansiranje-iz-sredstava-eu\/#primaryimage\"},\"thumbnailUrl\":\"https:\/\/zavnews.net\/wp-content\/uploads\/2017\/03\/cats-5.jpg\",\"datePublished\":\"2017-03-29T10:14:22+00:00\",\"dateModified\":\"2017-03-29T10:46:20+00:00\",\"breadcrumb\":{\"@id\":\"https:\/\/zavnews.net\/index.php\/2017\/03\/29\/zavidovici-projekat-upip-a-raz-a-zeleno-zaposljavanje-odobren-finansiranje-iz-sredstava-eu\/#breadcrumb\"},\"inLanguage\":\"bs-BA\",\"potentialAction\":[{\"@type\":\"ReadAction\",\"target\":[\"https:\/\/zavnews.net\/index.php\/2017\/03\/29\/zavidovici-projekat-upip-a-raz-a-zeleno-zaposljavanje-odobren-finansiranje-iz-sredstava-eu\/\"]}]},{\"@type\":\"ImageObject\",\"inLanguage\":\"bs-BA\",\"@id\":\"https:\/\/zavnews.net\/index.php\/2017\/03\/29\/zavidovici-projekat-upip-a-raz-a-zeleno-zaposljavanje-odobren-finansiranje-iz-sredstava-eu\/#primaryimage\",\"url\":\"https:\/\/zavnews.net\/wp-content\/uploads\/2017\/03\/cats-5.jpg\",\"contentUrl\":\"https:\/\/zavnews.net\/wp-content\/uploads\/2017\/03\/cats-5.jpg\",\"width\":1024,\"height\":465},{\"@type\":\"BreadcrumbList\",\"@id\":\"https:\/\/zavnews.net\/index.php\/2017\/03\/29\/zavidovici-projekat-upip-a-raz-a-zeleno-zaposljavanje-odobren-finansiranje-iz-sredstava-eu\/#breadcrumb\",\"itemListElement\":[{\"@type\":\"ListItem\",\"position\":1,\"name\":\"Po\u010detna stranica\",\"item\":\"https:\/\/zavnews.net\/\"},{\"@type\":\"ListItem\",\"position\":2,\"name\":\"Zavidovi\u0107i: Projekat UPIP-a i RAZ-a \u201cZeleno zapo\u0161ljavanje\u201d odobren za finansiranje iz sredstava EU\"}]},{\"@type\":\"WebSite\",\"@id\":\"https:\/\/zavnews.net\/#website\",\"url\":\"https:\/\/zavnews.net\/\",\"name\":\"Zavnews\",\"description\":\"Zavidovi\u0107i\",\"publisher\":{\"@id\":\"https:\/\/zavnews.net\/#organization\"},\"potentialAction\":[{\"@type\":\"SearchAction\",\"target\":{\"@type\":\"EntryPoint\",\"urlTemplate\":\"https:\/\/zavnews.net\/?s={search_term_string}\"},\"query-input\":{\"@type\":\"PropertyValueSpecification\",\"valueRequired\":true,\"valueName\":\"search_term_string\"}}],\"inLanguage\":\"bs-BA\"},{\"@type\":\"Organization\",\"@id\":\"https:\/\/zavnews.net\/#organization\",\"name\":\"Zavidovi\u0107i\",\"url\":\"https:\/\/zavnews.net\/\",\"logo\":{\"@type\":\"ImageObject\",\"inLanguage\":\"bs-BA\",\"@id\":\"https:\/\/zavnews.net\/#\/schema\/logo\/image\/\",\"url\":\"https:\/\/zavnews.net\/wp-content\/uploads\/2021\/11\/cropped-cropped-cropped-cropped-Screenshot_1-removebg-preview-2.png\",\"contentUrl\":\"https:\/\/zavnews.net\/wp-content\/uploads\/2021\/11\/cropped-cropped-cropped-cropped-Screenshot_1-removebg-preview-2.png\",\"width\":841,\"height\":180,\"caption\":\"Zavidovi\u0107i\"},\"image\":{\"@id\":\"https:\/\/zavnews.net\/#\/schema\/logo\/image\/\"}},{\"@type\":\"Person\",\"@id\":\"https:\/\/zavnews.net\/#\/schema\/person\/2477577553b6626f3681ce4d32a6917f\",\"name\":\"zavnews\",\"image\":{\"@type\":\"ImageObject\",\"inLanguage\":\"bs-BA\",\"@id\":\"https:\/\/zavnews.net\/#\/schema\/person\/image\/\",\"url\":\"https:\/\/secure.gravatar.com\/avatar\/3d25e050de275ca74aa70a2e30eb6f6c?s=96&d=mm&r=g\",\"contentUrl\":\"https:\/\/secure.gravatar.com\/avatar\/3d25e050de275ca74aa70a2e30eb6f6c?s=96&d=mm&r=g\",\"caption\":\"zavnews\"}}]}<\/script>\n<!-- \/ Yoast SEO plugin. -->","yoast_head_json":{"title":"Zavidovi\u0107i: Projekat UPIP-a i RAZ-a \u201cZeleno zapo\u0161ljavanje\u201d odobren za finansiranje iz sredstava EU - Zavnews","robots":{"index":"index","follow":"follow","max-snippet":"max-snippet:-1","max-image-preview":"max-image-preview:large","max-video-preview":"max-video-preview:-1"},"canonical":"https:\/\/zavnews.net\/index.php\/2017\/03\/29\/zavidovici-projekat-upip-a-raz-a-zeleno-zaposljavanje-odobren-finansiranje-iz-sredstava-eu\/","og_locale":"bs_BA","og_type":"article","og_title":"Zavidovi\u0107i: Projekat UPIP-a i RAZ-a \u201cZeleno zapo\u0161ljavanje\u201d odobren za finansiranje iz sredstava EU - Zavnews","og_description":"Vjerujemo kako Vam je poznato, a o tome smo ranije pisali, da je Evropska unija obezbijedila 4 miliona eura za projekat podr\u0161ke lokalnim partnerstvima za zapo\u0161ljavanje LEP, kojeg provodi Me\u0111unarodna organizacija rada ILO, koji \u0107e se realizirati kroz vi\u0161e odobrenih...","og_url":"https:\/\/zavnews.net\/index.php\/2017\/03\/29\/zavidovici-projekat-upip-a-raz-a-zeleno-zaposljavanje-odobren-finansiranje-iz-sredstava-eu\/","og_site_name":"Zavnews","article_published_time":"2017-03-29T10:14:22+00:00","article_modified_time":"2017-03-29T10:46:20+00:00","og_image":[{"width":1024,"height":465,"url":"https:\/\/zavnews.net\/wp-content\/uploads\/2017\/03\/cats-5.jpg","type":"image\/jpeg"}],"author":"zavnews","twitter_card":"summary_large_image","twitter_misc":{"Written by":"zavnews","Est. reading time":"3 minute"},"schema":{"@context":"https:\/\/schema.org","@graph":[{"@type":"Article","@id":"https:\/\/zavnews.net\/index.php\/2017\/03\/29\/zavidovici-projekat-upip-a-raz-a-zeleno-zaposljavanje-odobren-finansiranje-iz-sredstava-eu\/#article","isPartOf":{"@id":"https:\/\/zavnews.net\/index.php\/2017\/03\/29\/zavidovici-projekat-upip-a-raz-a-zeleno-zaposljavanje-odobren-finansiranje-iz-sredstava-eu\/"},"author":{"name":"zavnews","@id":"https:\/\/zavnews.net\/#\/schema\/person\/2477577553b6626f3681ce4d32a6917f"},"headline":"Zavidovi\u0107i: Projekat UPIP-a i RAZ-a \u201cZeleno zapo\u0161ljavanje\u201d odobren za finansiranje iz sredstava EU","datePublished":"2017-03-29T10:14:22+00:00","dateModified":"2017-03-29T10:46:20+00:00","mainEntityOfPage":{"@id":"https:\/\/zavnews.net\/index.php\/2017\/03\/29\/zavidovici-projekat-upip-a-raz-a-zeleno-zaposljavanje-odobren-finansiranje-iz-sredstava-eu\/"},"wordCount":595,"commentCount":0,"publisher":{"@id":"https:\/\/zavnews.net\/#organization"},"image":{"@id":"https:\/\/zavnews.net\/index.php\/2017\/03\/29\/zavidovici-projekat-upip-a-raz-a-zeleno-zaposljavanje-odobren-finansiranje-iz-sredstava-eu\/#primaryimage"},"thumbnailUrl":"https:\/\/zavnews.net\/wp-content\/uploads\/2017\/03\/cats-5.jpg","articleSection":["BIZNIS","VIJESTI","zavidovi\u0107i","zavidovi\u0107i"],"inLanguage":"bs-BA","potentialAction":[{"@type":"CommentAction","name":"Comment","target":["https:\/\/zavnews.net\/index.php\/2017\/03\/29\/zavidovici-projekat-upip-a-raz-a-zeleno-zaposljavanje-odobren-finansiranje-iz-sredstava-eu\/#respond"]}]},{"@type":"WebPage","@id":"https:\/\/zavnews.net\/index.php\/2017\/03\/29\/zavidovici-projekat-upip-a-raz-a-zeleno-zaposljavanje-odobren-finansiranje-iz-sredstava-eu\/","url":"https:\/\/zavnews.net\/index.php\/2017\/03\/29\/zavidovici-projekat-upip-a-raz-a-zeleno-zaposljavanje-odobren-finansiranje-iz-sredstava-eu\/","name":"Zavidovi\u0107i: Projekat UPIP-a i RAZ-a \u201cZeleno zapo\u0161ljavanje\u201d odobren za finansiranje iz sredstava EU - Zavnews","isPartOf":{"@id":"https:\/\/zavnews.net\/#website"},"primaryImageOfPage":{"@id":"https:\/\/zavnews.net\/index.php\/2017\/03\/29\/zavidovici-projekat-upip-a-raz-a-zeleno-zaposljavanje-odobren-finansiranje-iz-sredstava-eu\/#primaryimage"},"image":{"@id":"https:\/\/zavnews.net\/index.php\/2017\/03\/29\/zavidovici-projekat-upip-a-raz-a-zeleno-zaposljavanje-odobren-finansiranje-iz-sredstava-eu\/#primaryimage"},"thumbnailUrl":"https:\/\/zavnews.net\/wp-content\/uploads\/2017\/03\/cats-5.jpg","datePublished":"2017-03-29T10:14:22+00:00","dateModified":"2017-03-29T10:46:20+00:00","breadcrumb":{"@id":"https:\/\/zavnews.net\/index.php\/2017\/03\/29\/zavidovici-projekat-upip-a-raz-a-zeleno-zaposljavanje-odobren-finansiranje-iz-sredstava-eu\/#breadcrumb"},"inLanguage":"bs-BA","potentialAction":[{"@type":"ReadAction","target":["https:\/\/zavnews.net\/index.php\/2017\/03\/29\/zavidovici-projekat-upip-a-raz-a-zeleno-zaposljavanje-odobren-finansiranje-iz-sredstava-eu\/"]}]},{"@type":"ImageObject","inLanguage":"bs-BA","@id":"https:\/\/zavnews.net\/index.php\/2017\/03\/29\/zavidovici-projekat-upip-a-raz-a-zeleno-zaposljavanje-odobren-finansiranje-iz-sredstava-eu\/#primaryimage","url":"https:\/\/zavnews.net\/wp-content\/uploads\/2017\/03\/cats-5.jpg","contentUrl":"https:\/\/zavnews.net\/wp-content\/uploads\/2017\/03\/cats-5.jpg","width":1024,"height":465},{"@type":"BreadcrumbList","@id":"https:\/\/zavnews.net\/index.php\/2017\/03\/29\/zavidovici-projekat-upip-a-raz-a-zeleno-zaposljavanje-odobren-finansiranje-iz-sredstava-eu\/#breadcrumb","itemListElement":[{"@type":"ListItem","position":1,"name":"Po\u010detna stranica","item":"https:\/\/zavnews.net\/"},{"@type":"ListItem","position":2,"name":"Zavidovi\u0107i: Projekat UPIP-a i RAZ-a \u201cZeleno zapo\u0161ljavanje\u201d odobren za finansiranje iz sredstava EU"}]},{"@type":"WebSite","@id":"https:\/\/zavnews.net\/#website","url":"https:\/\/zavnews.net\/","name":"Zavnews","description":"Zavidovi\u0107i","publisher":{"@id":"https:\/\/zavnews.net\/#organization"},"potentialAction":[{"@type":"SearchAction","target":{"@type":"EntryPoint","urlTemplate":"https:\/\/zavnews.net\/?s={search_term_string}"},"query-input":{"@type":"PropertyValueSpecification","valueRequired":true,"valueName":"search_term_string"}}],"inLanguage":"bs-BA"},{"@type":"Organization","@id":"https:\/\/zavnews.net\/#organization","name":"Zavidovi\u0107i","url":"https:\/\/zavnews.net\/","logo":{"@type":"ImageObject","inLanguage":"bs-BA","@id":"https:\/\/zavnews.net\/#\/schema\/logo\/image\/","url":"https:\/\/zavnews.net\/wp-content\/uploads\/2021\/11\/cropped-cropped-cropped-cropped-Screenshot_1-removebg-preview-2.png","contentUrl":"https:\/\/zavnews.net\/wp-content\/uploads\/2021\/11\/cropped-cropped-cropped-cropped-Screenshot_1-removebg-preview-2.png","width":841,"height":180,"caption":"Zavidovi\u0107i"},"image":{"@id":"https:\/\/zavnews.net\/#\/schema\/logo\/image\/"}},{"@type":"Person","@id":"https:\/\/zavnews.net\/#\/schema\/person\/2477577553b6626f3681ce4d32a6917f","name":"zavnews","image":{"@type":"ImageObject","inLanguage":"bs-BA","@id":"https:\/\/zavnews.net\/#\/schema\/person\/image\/","url":"https:\/\/secure.gravatar.com\/avatar\/3d25e050de275ca74aa70a2e30eb6f6c?s=96&d=mm&r=g","contentUrl":"https:\/\/secure.gravatar.com\/avatar\/3d25e050de275ca74aa70a2e30eb6f6c?s=96&d=mm&r=g","caption":"zavnews"}}]}},"_links":{"self":[{"href":"https:\/\/zavnews.net\/index.php\/wp-json\/wp\/v2\/posts\/4962"}],"collection":[{"href":"https:\/\/zavnews.net\/index.php\/wp-json\/wp\/v2\/posts"}],"about":[{"href":"https:\/\/zavnews.net\/index.php\/wp-json\/wp\/v2\/types\/post"}],"author":[{"embeddable":true,"href":"https:\/\/zavnews.net\/index.php\/wp-json\/wp\/v2\/users\/1"}],"replies":[{"embeddable":true,"href":"https:\/\/zavnews.net\/index.php\/wp-json\/wp\/v2\/comments?post=4962"}],"version-history":[{"count":5,"href":"https:\/\/zavnews.net\/index.php\/wp-json\/wp\/v2\/posts\/4962\/revisions"}],"predecessor-version":[{"id":4970,"href":"https:\/\/zavnews.net\/index.php\/wp-json\/wp\/v2\/posts\/4962\/revisions\/4970"}],"wp:featuredmedia":[{"embeddable":true,"href":"https:\/\/zavnews.net\/index.php\/wp-json\/wp\/v2\/media\/4963"}],"wp:attachment":[{"href":"https:\/\/zavnews.net\/index.php\/wp-json\/wp\/v2\/media?parent=4962"}],"wp:term":[{"taxonomy":"category","embeddable":true,"href":"https:\/\/zavnews.net\/index.php\/wp-json\/wp\/v2\/categories?post=4962"},{"taxonomy":"post_tag","embeddable":true,"href":"https:\/\/zavnews.net\/index.php\/wp-json\/wp\/v2\/tags?post=4962"}],"curies":[{"name":"wp","href":"https:\/\/api.w.org\/{rel}","templated":true}]}}