{"id":4726,"date":"2017-03-23T14:40:19","date_gmt":"2017-03-23T13:40:19","guid":{"rendered":"http:\/\/zavnews.net\/?p=4726"},"modified":"2017-03-23T14:41:24","modified_gmt":"2017-03-23T13:41:24","slug":"udruzenja-zrtava-rata-nas-cilj-implementacija-presude-iz-2007-godine","status":"publish","type":"post","link":"https:\/\/zavnews.net\/index.php\/2017\/03\/23\/udruzenja-zrtava-rata-nas-cilj-implementacija-presude-iz-2007-godine\/","title":{"rendered":"Udru\u017eenja \u017ertava rata &#8211; Na\u0161 cilj implementacija presude iz 2007. godine"},"content":{"rendered":"<div class=\"fcbkbttn_buttons_block\" id=\"fcbkbttn_left\"><div class=\"fcbkbttn_button\">\n\t\t\t\t\t<a href=\"https:\/\/www.facebook.com\/www.zavnews.net\/\" target=\"_blank\">\n\t\t\t\t\t\t<img decoding=\"async\" src=\"https:\/\/zavnews.net\/wp-content\/plugins\/facebook-button-plugin\/images\/standard-facebook-ico.png\" alt=\"Fb-Button\" \/>\n\t\t\t\t\t<\/a>\n\t\t\t\t<\/div><div class=\"fcbkbttn_like \"><fb:like href=\"https:\/\/zavnews.net\/index.php\/2017\/03\/23\/udruzenja-zrtava-rata-nas-cilj-implementacija-presude-iz-2007-godine\/\" action=\"like\" colorscheme=\"light\" layout=\"standard\"  width=\"450px\" size=\"small\"><\/fb:like><\/div><div class=\"fb-share-button  \" data-href=\"https:\/\/zavnews.net\/index.php\/2017\/03\/23\/udruzenja-zrtava-rata-nas-cilj-implementacija-presude-iz-2007-godine\/\" data-type=\"button_count\" data-size=\"small\"><\/div><\/div><div class=\"itemIntroText\">\n<p style=\"text-align: justify;\"><a href=\"http:\/\/zavnews.net\/index.php\/2017\/03\/23\/udruzenja-zrtava-rata-nas-cilj-implementacija-presude-iz-2007-godine\/2976bbb58d7e9716d2c87368d0a5f200_xl\/\" rel=\"attachment wp-att-4727\"><img loading=\"lazy\" decoding=\"async\" class=\"aligncenter wp-image-4727\" src=\"http:\/\/zavnews.net\/wp-content\/uploads\/2017\/03\/2976bbb58d7e9716d2c87368d0a5f200_XL.jpg\" alt=\"\" width=\"958\" height=\"476\" srcset=\"https:\/\/zavnews.net\/wp-content\/uploads\/2017\/03\/2976bbb58d7e9716d2c87368d0a5f200_XL.jpg 744w, https:\/\/zavnews.net\/wp-content\/uploads\/2017\/03\/2976bbb58d7e9716d2c87368d0a5f200_XL-600x298.jpg 600w, https:\/\/zavnews.net\/wp-content\/uploads\/2017\/03\/2976bbb58d7e9716d2c87368d0a5f200_XL-300x149.jpg 300w\" sizes=\"(max-width: 958px) 100vw, 958px\" \/><\/a><\/p>\n<p style=\"text-align: justify;\"><strong>Predstavnici brojnih bh. udru\u017eenja \u017ertava rata tra\u017eit \u0107e od Parlamentarne skup\u0161tine BiH dono\u0161enje, odnosno izmjene Krivi\u010dnog zakona BiH, \u010dime \u0107e se, izme\u0111u ostalog, ka\u017enjavati negiranje genocida, te \u0107e formirati timove koji \u0107e dalje raditi na implementaciji cjelokupne presude Me\u0111unarodnog suda pravde iz 2007. godine.<\/strong><\/p>\n<\/div>\n<div class=\"itemFullText\">\n<p style=\"text-align: justify;\">Najavio je to na pres-konferenciji u Sarajevu predsjednik Udru\u017eenja &#8220;\u017drtava i svjedoka genocida&#8221; Murat Tahirovi\u0107 i precizirao da je njihov cilj implementacija presude iz 2007. godine, u svim njenim segmentima.<\/p>\n<p style=\"text-align: justify;\"><strong>&#8211; Po\u010dev\u0161i od dijela presude gdje Srbija snosi odgovornost za nesprje\u010davanje po\u010dinjenog genocida u Srebrenici, do toga da nije hapsila po\u010dinioce ratnog zlo\u010dina koji su \u017eivjeli u Srbiji. Isto tako i primjena dijela presude koja se odnosi na Republiku Srpsku, koja je u cjelini odgovorna za sve zlo\u010dine &#8211;<\/strong> ka\u017ee i dodaje da o\u010dekuju da \u0107e u nastojanju za postizanje cilja imati podr\u0161ku i politi\u010dara u BiH.<\/p>\n<p style=\"text-align: justify;\">Precizira da u toj presudi nije samo navedeno da je RS odgovorna za genocid u Srebrenici. Izme\u0111u ostalog, ka\u017ee on, navedeno je i to da RS je \u201eodgovorna za sve logore u 37 op\u0161tina, za koje je Biljana Plav\u0161i\u0107 priznala odgovornost\u201c.<\/p>\n<p style=\"text-align: justify;\">Predsjednica Udru\u017eenja Pokreta &#8220;Majke enklava Srebrenica i \u017depa&#8221; Munira Suba\u0161i\u0107, precizirala je da \u0107e oni tra\u017eiti ono \u0161to, kako je kazala, i pripada \u017ertvama genocida &#8211; istinu i pravdu.<\/p>\n<p style=\"text-align: justify;\"><strong>&#8211; Bez pravde nema povjerenja, bez povjerenja nema pomirenja, a svi govore o pomirenju &#8211;<\/strong> poru\u010dila je.<\/p>\n<p style=\"text-align: justify;\">Dana\u0161njem susretu s novinarima prisustvovali su predstavnici mnogih bh. udru\u017eenja \u017ertava rata koji smatraju da je odbijanje zahtjeva za reviziju presude Me\u0111unarodnog suda pravde politi\u010dko pitanje, ali i vjeruju da za dokazivanje istine i za pravdu nikada nije kasno.<\/p>\n<p style=\"text-align: justify;\"><strong>Uvjereni su da je bh. tim predvo\u0111en Sakibom Softi\u0107em i ostalima (uklju\u010duju\u0107i i \u010dlana Predsjedni\u0161tva BiH Bakira Izetbegovi\u0107a) u\u010dinio maksimum napora u \u201eokolnostima u kojima su mogli djelovati\u201c, a osu\u0111uju predstavnika srpskog i hrvatskog naroda u Predsjedni\u0161tvu BiH \u0161to su \u201epogre\u0161no informirali Me\u0111unarodni sud pravde\u201c.<\/strong><\/p>\n<p style=\"text-align: right;\">zavnews\/bir<\/p>\n<\/div>\n<div class=\"fcbkbttn_buttons_block\" id=\"fcbkbttn_left\"><div class=\"fcbkbttn_button\">\n\t\t\t\t\t<a href=\"https:\/\/www.facebook.com\/www.zavnews.net\/\" target=\"_blank\">\n\t\t\t\t\t\t<img decoding=\"async\" src=\"https:\/\/zavnews.net\/wp-content\/plugins\/facebook-button-plugin\/images\/standard-facebook-ico.png\" alt=\"Fb-Button\" \/>\n\t\t\t\t\t<\/a>\n\t\t\t\t<\/div><div class=\"fcbkbttn_like \"><fb:like href=\"https:\/\/zavnews.net\/index.php\/2017\/03\/23\/udruzenja-zrtava-rata-nas-cilj-implementacija-presude-iz-2007-godine\/\" action=\"like\" colorscheme=\"light\" layout=\"standard\"  width=\"450px\" size=\"small\"><\/fb:like><\/div><div class=\"fb-share-button  \" data-href=\"https:\/\/zavnews.net\/index.php\/2017\/03\/23\/udruzenja-zrtava-rata-nas-cilj-implementacija-presude-iz-2007-godine\/\" data-type=\"button_count\" data-size=\"small\"><\/div><\/div>","protected":false},"excerpt":{"rendered":"<div class=\"fcbkbttn_buttons_block\" id=\"fcbkbttn_left\"><div class=\"fcbkbttn_button\">\n\t\t\t\t\t<a href=\"https:\/\/www.facebook.com\/www.zavnews.net\/\" target=\"_blank\">\n\t\t\t\t\t\t<img decoding=\"async\" src=\"https:\/\/zavnews.net\/wp-content\/plugins\/facebook-button-plugin\/images\/standard-facebook-ico.png\" alt=\"Fb-Button\" \/>\n\t\t\t\t\t<\/a>\n\t\t\t\t<\/div><div class=\"fcbkbttn_like \"><fb:like href=\"https:\/\/zavnews.net\/index.php\/2017\/03\/23\/udruzenja-zrtava-rata-nas-cilj-implementacija-presude-iz-2007-godine\/\" action=\"like\" colorscheme=\"light\" layout=\"standard\"  width=\"450px\" size=\"small\"><\/fb:like><\/div><div class=\"fb-share-button  \" data-href=\"https:\/\/zavnews.net\/index.php\/2017\/03\/23\/udruzenja-zrtava-rata-nas-cilj-implementacija-presude-iz-2007-godine\/\" data-type=\"button_count\" data-size=\"small\"><\/div><\/div><p>Predstavnici brojnih bh. udru\u017eenja \u017ertava rata tra\u017eit \u0107e od Parlamentarne skup\u0161tine BiH dono\u0161enje, odnosno izmjene Krivi\u010dnog zakona BiH, \u010dime \u0107e se, izme\u0111u ostalog, ka\u017enjavati negiranje genocida, te \u0107e formirati timove koji \u0107e dalje raditi na implementaciji cjelokupne presude Me\u0111unarodnog suda&#8230;<\/p>\n<div class=\"fcbkbttn_buttons_block\" id=\"fcbkbttn_left\"><div class=\"fcbkbttn_button\">\n\t\t\t\t\t<a href=\"https:\/\/www.facebook.com\/www.zavnews.net\/\" target=\"_blank\">\n\t\t\t\t\t\t<img decoding=\"async\" src=\"https:\/\/zavnews.net\/wp-content\/plugins\/facebook-button-plugin\/images\/standard-facebook-ico.png\" alt=\"Fb-Button\" \/>\n\t\t\t\t\t<\/a>\n\t\t\t\t<\/div><div class=\"fcbkbttn_like \"><fb:like href=\"https:\/\/zavnews.net\/index.php\/2017\/03\/23\/udruzenja-zrtava-rata-nas-cilj-implementacija-presude-iz-2007-godine\/\" action=\"like\" colorscheme=\"light\" layout=\"standard\"  width=\"450px\" size=\"small\"><\/fb:like><\/div><div class=\"fb-share-button  \" data-href=\"https:\/\/zavnews.net\/index.php\/2017\/03\/23\/udruzenja-zrtava-rata-nas-cilj-implementacija-presude-iz-2007-godine\/\" data-type=\"button_count\" data-size=\"small\"><\/div><\/div>","protected":false},"author":1,"featured_media":4727,"comment_status":"open","ping_status":"open","sticky":false,"template":"","format":"standard","meta":{"footnotes":""},"categories":[13,3],"tags":[],"yoast_head":"<!-- This site is optimized with the Yoast SEO plugin v23.5 - https:\/\/yoast.com\/wordpress\/plugins\/seo\/ -->\n<title>Udru\u017eenja \u017ertava rata - Na\u0161 cilj implementacija presude iz 2007. godine - Zavnews<\/title>\n<meta name=\"robots\" content=\"index, follow, max-snippet:-1, max-image-preview:large, max-video-preview:-1\" \/>\n<link rel=\"canonical\" href=\"https:\/\/zavnews.net\/index.php\/2017\/03\/23\/udruzenja-zrtava-rata-nas-cilj-implementacija-presude-iz-2007-godine\/\" \/>\n<meta property=\"og:locale\" content=\"bs_BA\" \/>\n<meta property=\"og:type\" content=\"article\" \/>\n<meta property=\"og:title\" content=\"Udru\u017eenja \u017ertava rata - Na\u0161 cilj implementacija presude iz 2007. godine - Zavnews\" \/>\n<meta property=\"og:description\" content=\"Predstavnici brojnih bh. udru\u017eenja \u017ertava rata tra\u017eit \u0107e od Parlamentarne skup\u0161tine BiH dono\u0161enje, odnosno izmjene Krivi\u010dnog zakona BiH, \u010dime \u0107e se, izme\u0111u ostalog, ka\u017enjavati negiranje genocida, te \u0107e formirati timove koji \u0107e dalje raditi na implementaciji cjelokupne presude Me\u0111unarodnog suda...\" \/>\n<meta property=\"og:url\" content=\"https:\/\/zavnews.net\/index.php\/2017\/03\/23\/udruzenja-zrtava-rata-nas-cilj-implementacija-presude-iz-2007-godine\/\" \/>\n<meta property=\"og:site_name\" content=\"Zavnews\" \/>\n<meta property=\"article:published_time\" content=\"2017-03-23T13:40:19+00:00\" \/>\n<meta property=\"article:modified_time\" content=\"2017-03-23T13:41:24+00:00\" \/>\n<meta property=\"og:image\" content=\"https:\/\/zavnews.net\/wp-content\/uploads\/2017\/03\/2976bbb58d7e9716d2c87368d0a5f200_XL.jpg\" \/>\n\t<meta property=\"og:image:width\" content=\"744\" \/>\n\t<meta property=\"og:image:height\" content=\"370\" \/>\n\t<meta property=\"og:image:type\" content=\"image\/jpeg\" \/>\n<meta name=\"author\" content=\"zavnews\" \/>\n<meta name=\"twitter:card\" content=\"summary_large_image\" \/>\n<meta name=\"twitter:label1\" content=\"Written by\" \/>\n\t<meta name=\"twitter:data1\" content=\"zavnews\" \/>\n\t<meta name=\"twitter:label2\" content=\"Est. reading time\" \/>\n\t<meta name=\"twitter:data2\" content=\"2 minute\" \/>\n<script type=\"application\/ld+json\" class=\"yoast-schema-graph\">{\"@context\":\"https:\/\/schema.org\",\"@graph\":[{\"@type\":\"Article\",\"@id\":\"https:\/\/zavnews.net\/index.php\/2017\/03\/23\/udruzenja-zrtava-rata-nas-cilj-implementacija-presude-iz-2007-godine\/#article\",\"isPartOf\":{\"@id\":\"https:\/\/zavnews.net\/index.php\/2017\/03\/23\/udruzenja-zrtava-rata-nas-cilj-implementacija-presude-iz-2007-godine\/\"},\"author\":{\"name\":\"zavnews\",\"@id\":\"https:\/\/zavnews.net\/#\/schema\/person\/2477577553b6626f3681ce4d32a6917f\"},\"headline\":\"Udru\u017eenja \u017ertava rata &#8211; Na\u0161 cilj implementacija presude iz 2007. godine\",\"datePublished\":\"2017-03-23T13:40:19+00:00\",\"dateModified\":\"2017-03-23T13:41:24+00:00\",\"mainEntityOfPage\":{\"@id\":\"https:\/\/zavnews.net\/index.php\/2017\/03\/23\/udruzenja-zrtava-rata-nas-cilj-implementacija-presude-iz-2007-godine\/\"},\"wordCount\":365,\"commentCount\":0,\"publisher\":{\"@id\":\"https:\/\/zavnews.net\/#organization\"},\"image\":{\"@id\":\"https:\/\/zavnews.net\/index.php\/2017\/03\/23\/udruzenja-zrtava-rata-nas-cilj-implementacija-presude-iz-2007-godine\/#primaryimage\"},\"thumbnailUrl\":\"https:\/\/zavnews.net\/wp-content\/uploads\/2017\/03\/2976bbb58d7e9716d2c87368d0a5f200_XL.jpg\",\"articleSection\":[\"BiH\",\"VIJESTI\"],\"inLanguage\":\"bs-BA\",\"potentialAction\":[{\"@type\":\"CommentAction\",\"name\":\"Comment\",\"target\":[\"https:\/\/zavnews.net\/index.php\/2017\/03\/23\/udruzenja-zrtava-rata-nas-cilj-implementacija-presude-iz-2007-godine\/#respond\"]}]},{\"@type\":\"WebPage\",\"@id\":\"https:\/\/zavnews.net\/index.php\/2017\/03\/23\/udruzenja-zrtava-rata-nas-cilj-implementacija-presude-iz-2007-godine\/\",\"url\":\"https:\/\/zavnews.net\/index.php\/2017\/03\/23\/udruzenja-zrtava-rata-nas-cilj-implementacija-presude-iz-2007-godine\/\",\"name\":\"Udru\u017eenja \u017ertava rata - Na\u0161 cilj implementacija presude iz 2007. godine - Zavnews\",\"isPartOf\":{\"@id\":\"https:\/\/zavnews.net\/#website\"},\"primaryImageOfPage\":{\"@id\":\"https:\/\/zavnews.net\/index.php\/2017\/03\/23\/udruzenja-zrtava-rata-nas-cilj-implementacija-presude-iz-2007-godine\/#primaryimage\"},\"image\":{\"@id\":\"https:\/\/zavnews.net\/index.php\/2017\/03\/23\/udruzenja-zrtava-rata-nas-cilj-implementacija-presude-iz-2007-godine\/#primaryimage\"},\"thumbnailUrl\":\"https:\/\/zavnews.net\/wp-content\/uploads\/2017\/03\/2976bbb58d7e9716d2c87368d0a5f200_XL.jpg\",\"datePublished\":\"2017-03-23T13:40:19+00:00\",\"dateModified\":\"2017-03-23T13:41:24+00:00\",\"breadcrumb\":{\"@id\":\"https:\/\/zavnews.net\/index.php\/2017\/03\/23\/udruzenja-zrtava-rata-nas-cilj-implementacija-presude-iz-2007-godine\/#breadcrumb\"},\"inLanguage\":\"bs-BA\",\"potentialAction\":[{\"@type\":\"ReadAction\",\"target\":[\"https:\/\/zavnews.net\/index.php\/2017\/03\/23\/udruzenja-zrtava-rata-nas-cilj-implementacija-presude-iz-2007-godine\/\"]}]},{\"@type\":\"ImageObject\",\"inLanguage\":\"bs-BA\",\"@id\":\"https:\/\/zavnews.net\/index.php\/2017\/03\/23\/udruzenja-zrtava-rata-nas-cilj-implementacija-presude-iz-2007-godine\/#primaryimage\",\"url\":\"https:\/\/zavnews.net\/wp-content\/uploads\/2017\/03\/2976bbb58d7e9716d2c87368d0a5f200_XL.jpg\",\"contentUrl\":\"https:\/\/zavnews.net\/wp-content\/uploads\/2017\/03\/2976bbb58d7e9716d2c87368d0a5f200_XL.jpg\",\"width\":744,\"height\":370},{\"@type\":\"BreadcrumbList\",\"@id\":\"https:\/\/zavnews.net\/index.php\/2017\/03\/23\/udruzenja-zrtava-rata-nas-cilj-implementacija-presude-iz-2007-godine\/#breadcrumb\",\"itemListElement\":[{\"@type\":\"ListItem\",\"position\":1,\"name\":\"Po\u010detna stranica\",\"item\":\"https:\/\/zavnews.net\/\"},{\"@type\":\"ListItem\",\"position\":2,\"name\":\"Udru\u017eenja \u017ertava rata &#8211; Na\u0161 cilj implementacija presude iz 2007. godine\"}]},{\"@type\":\"WebSite\",\"@id\":\"https:\/\/zavnews.net\/#website\",\"url\":\"https:\/\/zavnews.net\/\",\"name\":\"Zavnews\",\"description\":\"Zavidovi\u0107i\",\"publisher\":{\"@id\":\"https:\/\/zavnews.net\/#organization\"},\"potentialAction\":[{\"@type\":\"SearchAction\",\"target\":{\"@type\":\"EntryPoint\",\"urlTemplate\":\"https:\/\/zavnews.net\/?s={search_term_string}\"},\"query-input\":{\"@type\":\"PropertyValueSpecification\",\"valueRequired\":true,\"valueName\":\"search_term_string\"}}],\"inLanguage\":\"bs-BA\"},{\"@type\":\"Organization\",\"@id\":\"https:\/\/zavnews.net\/#organization\",\"name\":\"Zavidovi\u0107i\",\"url\":\"https:\/\/zavnews.net\/\",\"logo\":{\"@type\":\"ImageObject\",\"inLanguage\":\"bs-BA\",\"@id\":\"https:\/\/zavnews.net\/#\/schema\/logo\/image\/\",\"url\":\"https:\/\/zavnews.net\/wp-content\/uploads\/2021\/11\/cropped-cropped-cropped-cropped-Screenshot_1-removebg-preview-2.png\",\"contentUrl\":\"https:\/\/zavnews.net\/wp-content\/uploads\/2021\/11\/cropped-cropped-cropped-cropped-Screenshot_1-removebg-preview-2.png\",\"width\":841,\"height\":180,\"caption\":\"Zavidovi\u0107i\"},\"image\":{\"@id\":\"https:\/\/zavnews.net\/#\/schema\/logo\/image\/\"}},{\"@type\":\"Person\",\"@id\":\"https:\/\/zavnews.net\/#\/schema\/person\/2477577553b6626f3681ce4d32a6917f\",\"name\":\"zavnews\",\"image\":{\"@type\":\"ImageObject\",\"inLanguage\":\"bs-BA\",\"@id\":\"https:\/\/zavnews.net\/#\/schema\/person\/image\/\",\"url\":\"https:\/\/secure.gravatar.com\/avatar\/3d25e050de275ca74aa70a2e30eb6f6c?s=96&d=mm&r=g\",\"contentUrl\":\"https:\/\/secure.gravatar.com\/avatar\/3d25e050de275ca74aa70a2e30eb6f6c?s=96&d=mm&r=g\",\"caption\":\"zavnews\"}}]}<\/script>\n<!-- \/ Yoast SEO plugin. -->","yoast_head_json":{"title":"Udru\u017eenja \u017ertava rata - Na\u0161 cilj implementacija presude iz 2007. godine - Zavnews","robots":{"index":"index","follow":"follow","max-snippet":"max-snippet:-1","max-image-preview":"max-image-preview:large","max-video-preview":"max-video-preview:-1"},"canonical":"https:\/\/zavnews.net\/index.php\/2017\/03\/23\/udruzenja-zrtava-rata-nas-cilj-implementacija-presude-iz-2007-godine\/","og_locale":"bs_BA","og_type":"article","og_title":"Udru\u017eenja \u017ertava rata - Na\u0161 cilj implementacija presude iz 2007. godine - Zavnews","og_description":"Predstavnici brojnih bh. udru\u017eenja \u017ertava rata tra\u017eit \u0107e od Parlamentarne skup\u0161tine BiH dono\u0161enje, odnosno izmjene Krivi\u010dnog zakona BiH, \u010dime \u0107e se, izme\u0111u ostalog, ka\u017enjavati negiranje genocida, te \u0107e formirati timove koji \u0107e dalje raditi na implementaciji cjelokupne presude Me\u0111unarodnog suda...","og_url":"https:\/\/zavnews.net\/index.php\/2017\/03\/23\/udruzenja-zrtava-rata-nas-cilj-implementacija-presude-iz-2007-godine\/","og_site_name":"Zavnews","article_published_time":"2017-03-23T13:40:19+00:00","article_modified_time":"2017-03-23T13:41:24+00:00","og_image":[{"width":744,"height":370,"url":"https:\/\/zavnews.net\/wp-content\/uploads\/2017\/03\/2976bbb58d7e9716d2c87368d0a5f200_XL.jpg","type":"image\/jpeg"}],"author":"zavnews","twitter_card":"summary_large_image","twitter_misc":{"Written by":"zavnews","Est. reading time":"2 minute"},"schema":{"@context":"https:\/\/schema.org","@graph":[{"@type":"Article","@id":"https:\/\/zavnews.net\/index.php\/2017\/03\/23\/udruzenja-zrtava-rata-nas-cilj-implementacija-presude-iz-2007-godine\/#article","isPartOf":{"@id":"https:\/\/zavnews.net\/index.php\/2017\/03\/23\/udruzenja-zrtava-rata-nas-cilj-implementacija-presude-iz-2007-godine\/"},"author":{"name":"zavnews","@id":"https:\/\/zavnews.net\/#\/schema\/person\/2477577553b6626f3681ce4d32a6917f"},"headline":"Udru\u017eenja \u017ertava rata &#8211; Na\u0161 cilj implementacija presude iz 2007. godine","datePublished":"2017-03-23T13:40:19+00:00","dateModified":"2017-03-23T13:41:24+00:00","mainEntityOfPage":{"@id":"https:\/\/zavnews.net\/index.php\/2017\/03\/23\/udruzenja-zrtava-rata-nas-cilj-implementacija-presude-iz-2007-godine\/"},"wordCount":365,"commentCount":0,"publisher":{"@id":"https:\/\/zavnews.net\/#organization"},"image":{"@id":"https:\/\/zavnews.net\/index.php\/2017\/03\/23\/udruzenja-zrtava-rata-nas-cilj-implementacija-presude-iz-2007-godine\/#primaryimage"},"thumbnailUrl":"https:\/\/zavnews.net\/wp-content\/uploads\/2017\/03\/2976bbb58d7e9716d2c87368d0a5f200_XL.jpg","articleSection":["BiH","VIJESTI"],"inLanguage":"bs-BA","potentialAction":[{"@type":"CommentAction","name":"Comment","target":["https:\/\/zavnews.net\/index.php\/2017\/03\/23\/udruzenja-zrtava-rata-nas-cilj-implementacija-presude-iz-2007-godine\/#respond"]}]},{"@type":"WebPage","@id":"https:\/\/zavnews.net\/index.php\/2017\/03\/23\/udruzenja-zrtava-rata-nas-cilj-implementacija-presude-iz-2007-godine\/","url":"https:\/\/zavnews.net\/index.php\/2017\/03\/23\/udruzenja-zrtava-rata-nas-cilj-implementacija-presude-iz-2007-godine\/","name":"Udru\u017eenja \u017ertava rata - Na\u0161 cilj implementacija presude iz 2007. godine - Zavnews","isPartOf":{"@id":"https:\/\/zavnews.net\/#website"},"primaryImageOfPage":{"@id":"https:\/\/zavnews.net\/index.php\/2017\/03\/23\/udruzenja-zrtava-rata-nas-cilj-implementacija-presude-iz-2007-godine\/#primaryimage"},"image":{"@id":"https:\/\/zavnews.net\/index.php\/2017\/03\/23\/udruzenja-zrtava-rata-nas-cilj-implementacija-presude-iz-2007-godine\/#primaryimage"},"thumbnailUrl":"https:\/\/zavnews.net\/wp-content\/uploads\/2017\/03\/2976bbb58d7e9716d2c87368d0a5f200_XL.jpg","datePublished":"2017-03-23T13:40:19+00:00","dateModified":"2017-03-23T13:41:24+00:00","breadcrumb":{"@id":"https:\/\/zavnews.net\/index.php\/2017\/03\/23\/udruzenja-zrtava-rata-nas-cilj-implementacija-presude-iz-2007-godine\/#breadcrumb"},"inLanguage":"bs-BA","potentialAction":[{"@type":"ReadAction","target":["https:\/\/zavnews.net\/index.php\/2017\/03\/23\/udruzenja-zrtava-rata-nas-cilj-implementacija-presude-iz-2007-godine\/"]}]},{"@type":"ImageObject","inLanguage":"bs-BA","@id":"https:\/\/zavnews.net\/index.php\/2017\/03\/23\/udruzenja-zrtava-rata-nas-cilj-implementacija-presude-iz-2007-godine\/#primaryimage","url":"https:\/\/zavnews.net\/wp-content\/uploads\/2017\/03\/2976bbb58d7e9716d2c87368d0a5f200_XL.jpg","contentUrl":"https:\/\/zavnews.net\/wp-content\/uploads\/2017\/03\/2976bbb58d7e9716d2c87368d0a5f200_XL.jpg","width":744,"height":370},{"@type":"BreadcrumbList","@id":"https:\/\/zavnews.net\/index.php\/2017\/03\/23\/udruzenja-zrtava-rata-nas-cilj-implementacija-presude-iz-2007-godine\/#breadcrumb","itemListElement":[{"@type":"ListItem","position":1,"name":"Po\u010detna stranica","item":"https:\/\/zavnews.net\/"},{"@type":"ListItem","position":2,"name":"Udru\u017eenja \u017ertava rata &#8211; Na\u0161 cilj implementacija presude iz 2007. godine"}]},{"@type":"WebSite","@id":"https:\/\/zavnews.net\/#website","url":"https:\/\/zavnews.net\/","name":"Zavnews","description":"Zavidovi\u0107i","publisher":{"@id":"https:\/\/zavnews.net\/#organization"},"potentialAction":[{"@type":"SearchAction","target":{"@type":"EntryPoint","urlTemplate":"https:\/\/zavnews.net\/?s={search_term_string}"},"query-input":{"@type":"PropertyValueSpecification","valueRequired":true,"valueName":"search_term_string"}}],"inLanguage":"bs-BA"},{"@type":"Organization","@id":"https:\/\/zavnews.net\/#organization","name":"Zavidovi\u0107i","url":"https:\/\/zavnews.net\/","logo":{"@type":"ImageObject","inLanguage":"bs-BA","@id":"https:\/\/zavnews.net\/#\/schema\/logo\/image\/","url":"https:\/\/zavnews.net\/wp-content\/uploads\/2021\/11\/cropped-cropped-cropped-cropped-Screenshot_1-removebg-preview-2.png","contentUrl":"https:\/\/zavnews.net\/wp-content\/uploads\/2021\/11\/cropped-cropped-cropped-cropped-Screenshot_1-removebg-preview-2.png","width":841,"height":180,"caption":"Zavidovi\u0107i"},"image":{"@id":"https:\/\/zavnews.net\/#\/schema\/logo\/image\/"}},{"@type":"Person","@id":"https:\/\/zavnews.net\/#\/schema\/person\/2477577553b6626f3681ce4d32a6917f","name":"zavnews","image":{"@type":"ImageObject","inLanguage":"bs-BA","@id":"https:\/\/zavnews.net\/#\/schema\/person\/image\/","url":"https:\/\/secure.gravatar.com\/avatar\/3d25e050de275ca74aa70a2e30eb6f6c?s=96&d=mm&r=g","contentUrl":"https:\/\/secure.gravatar.com\/avatar\/3d25e050de275ca74aa70a2e30eb6f6c?s=96&d=mm&r=g","caption":"zavnews"}}]}},"_links":{"self":[{"href":"https:\/\/zavnews.net\/index.php\/wp-json\/wp\/v2\/posts\/4726"}],"collection":[{"href":"https:\/\/zavnews.net\/index.php\/wp-json\/wp\/v2\/posts"}],"about":[{"href":"https:\/\/zavnews.net\/index.php\/wp-json\/wp\/v2\/types\/post"}],"author":[{"embeddable":true,"href":"https:\/\/zavnews.net\/index.php\/wp-json\/wp\/v2\/users\/1"}],"replies":[{"embeddable":true,"href":"https:\/\/zavnews.net\/index.php\/wp-json\/wp\/v2\/comments?post=4726"}],"version-history":[{"count":3,"href":"https:\/\/zavnews.net\/index.php\/wp-json\/wp\/v2\/posts\/4726\/revisions"}],"predecessor-version":[{"id":4730,"href":"https:\/\/zavnews.net\/index.php\/wp-json\/wp\/v2\/posts\/4726\/revisions\/4730"}],"wp:featuredmedia":[{"embeddable":true,"href":"https:\/\/zavnews.net\/index.php\/wp-json\/wp\/v2\/media\/4727"}],"wp:attachment":[{"href":"https:\/\/zavnews.net\/index.php\/wp-json\/wp\/v2\/media?parent=4726"}],"wp:term":[{"taxonomy":"category","embeddable":true,"href":"https:\/\/zavnews.net\/index.php\/wp-json\/wp\/v2\/categories?post=4726"},{"taxonomy":"post_tag","embeddable":true,"href":"https:\/\/zavnews.net\/index.php\/wp-json\/wp\/v2\/tags?post=4726"}],"curies":[{"name":"wp","href":"https:\/\/api.w.org\/{rel}","templated":true}]}}