{"id":4710,"date":"2017-03-23T11:40:00","date_gmt":"2017-03-23T10:40:00","guid":{"rendered":"http:\/\/zavnews.net\/?p=4710"},"modified":"2017-03-23T11:40:00","modified_gmt":"2017-03-23T10:40:00","slug":"grupacija-as-kupila-imovinu-agrokomerca-tri-miliona-km","status":"publish","type":"post","link":"https:\/\/zavnews.net\/index.php\/2017\/03\/23\/grupacija-as-kupila-imovinu-agrokomerca-tri-miliona-km\/","title":{"rendered":"Grupacija AS kupila imovinu Agrokomerca za tri miliona KM"},"content":{"rendered":"<div class=\"fcbkbttn_buttons_block\" id=\"fcbkbttn_left\"><div class=\"fcbkbttn_button\">\n\t\t\t\t\t<a href=\"https:\/\/www.facebook.com\/www.zavnews.net\/\" target=\"_blank\">\n\t\t\t\t\t\t<img decoding=\"async\" src=\"https:\/\/zavnews.net\/wp-content\/plugins\/facebook-button-plugin\/images\/standard-facebook-ico.png\" alt=\"Fb-Button\" \/>\n\t\t\t\t\t<\/a>\n\t\t\t\t<\/div><div class=\"fcbkbttn_like \"><fb:like href=\"https:\/\/zavnews.net\/index.php\/2017\/03\/23\/grupacija-as-kupila-imovinu-agrokomerca-tri-miliona-km\/\" action=\"like\" colorscheme=\"light\" layout=\"standard\"  width=\"450px\" size=\"small\"><\/fb:like><\/div><div class=\"fb-share-button  \" data-href=\"https:\/\/zavnews.net\/index.php\/2017\/03\/23\/grupacija-as-kupila-imovinu-agrokomerca-tri-miliona-km\/\" data-type=\"button_count\" data-size=\"small\"><\/div><\/div><h4 style=\"text-align: justify;\"><a href=\"http:\/\/zavnews.net\/index.php\/2017\/03\/23\/grupacija-as-kupila-imovinu-agrokomerca-tri-miliona-km\/grupacija-31\/\" rel=\"attachment wp-att-4711\"><img loading=\"lazy\" decoding=\"async\" class=\"aligncenter  wp-image-4711\" src=\"http:\/\/zavnews.net\/wp-content\/uploads\/2017\/03\/grupacija-31.jpg\" alt=\"\" width=\"995\" height=\"587\" srcset=\"https:\/\/zavnews.net\/wp-content\/uploads\/2017\/03\/grupacija-31.jpg 700w, https:\/\/zavnews.net\/wp-content\/uploads\/2017\/03\/grupacija-31-600x354.jpg 600w, https:\/\/zavnews.net\/wp-content\/uploads\/2017\/03\/grupacija-31-300x177.jpg 300w\" sizes=\"(max-width: 995px) 100vw, 995px\" \/><\/a><\/h4>\n<h4 style=\"text-align: justify;\">Op\u0161tinski sud u Velikoj Kladu\u0161i donio je odluku o prodaji tvornice sto\u010dne hrane dioni\u010dkog dru\u0161tva Agrokomerc najpovoljnijem ponu\u0111a\u010du, malo poznatoj firmi AC Food Velika Kladu\u0161a, za iznos od 3.053.000 konvertibilnih maraka.<\/h4>\n<p style=\"text-align: justify;\">Imovina koju je kupio AC Food je veoma vrijedna, \u0161to pokazuje \u010dinjenica da ju je Ekonomski institut iz Sarajeva prije nekoliko godina procijenio je na 22 miliona KM, kako su ranije pisali mediji.\u00a0U sklopu te imovine se osim ogromnih skladi\u0161nih kapaciteta nalazi i nekoliko proizvodnih pogona te 84.000 kvadratnih\u00a0metara gra\u0111evinskog zemlji\u0161ta.<\/p>\n<p style=\"text-align: justify;\">Ako firma AC Food nije poznata njen vlasnik itekako jeste. Naime, u Registru poslovnih subjekata u BiH navodi se da je osniva\u010d firme AC Food kompanija AS Holding iz Te\u0161nja. Kao \u010dlanovi uprave firme AC Food u istom registru navode se Amir Hasanovi\u0107 i Rusmir Hrvi\u0107.<\/p>\n<p style=\"text-align: justify;\"><img loading=\"lazy\" decoding=\"async\" class=\"\" src=\"http:\/\/www.biznisinfo.ba\/wp-content\/uploads\/2017\/03\/tesanj43.jpg\" width=\"928\" height=\"534\" \/><\/p>\n<p style=\"text-align: justify;\">Osniva\u010di AS Holdinga su Rusmir Hrvi\u0107 i njegov amid\u017ea\u00a0Sulejman Hrvi\u0107. Rusmir Hrvi\u0107 je podsjetimo, predsjednik Uprave AS Group, jedne od najve\u0107ih i najuspje\u0161nijih grupacija u BiH. Samo u prehrambenoj diviziji u AS Group ima oko 1.200 razli\u010ditih prozovoda.<\/p>\n<p style=\"text-align: justify;\">AS Group sa\u010dinjavaju prehrambeno \u2013 trgova\u010dka kompanija <strong>AS<\/strong> iz Te\u0161nja, industrija prehrambenih proizvoda <strong>Vispak<\/strong> iz Visokog, kompanija za proizvodnju mineralne vode <strong>Oaza<\/strong>, Kompanija za preradu i proizvodnju proizvoda na bazi \u017eitarica <strong>Klas <\/strong>d.d iz Sarajeva, industrija prehrambenih proizvoda <strong>Sprind<\/strong> d.d. iz Sarajeva, <strong>Mlin<\/strong> i <strong>Pekara Ljuba\u010de<\/strong> d.d. iz Tuzle, te kompanija za nekretnine <strong>Vemal<\/strong>, kao i tekstilne industrije <strong>Napredak<\/strong> iz Te\u0161nja i <strong>Fortitudo<\/strong> iz Travnika. Grupacija zapo\u0161ljava oko 2.700 radnika, sa tendencijom rasta.<\/p>\n<p style=\"text-align: justify;\">Navodno ova grupacija ima velike planove s proizvodnjom u Agrokomercu.<\/p>\n<p style=\"text-align: justify;\">Aukcija je odr\u017eana 28. februara a\u00a0kompanija ima rok do kraja marta da uplati novac, \u010dime \u0107e i definitivno postati vlasnik imovine.<\/p>\n<p style=\"text-align: justify;\">Ina\u010de, u\u00a0januaru\u00a02016. pred Op\u0107inskim sudom u Velikoj Kladu\u0161i ova nekretnina Agrokomerca je prodana za 12 miliona maraka firmi EIN Natural iz Sarajeva, \u010diji je vlasnik Nihad Imamovi\u0107, koji je kasnije odustao. Nakon \u0161to je odustao i drugi najpovoljniji ponu\u0111a\u010d, jedna od najvrjednijih nekretnina je pripala Razvojnoj banci Federacije BiH, ali je Kantonalni sud u Biha\u0107u poni\u0161tio ovu prodaju.<\/p>\n<p style=\"text-align: justify;\"><img loading=\"lazy\" decoding=\"async\" class=\"\" src=\"http:\/\/www.biznisinfo.ba\/wp-content\/uploads\/2017\/03\/agro421.jpg\" width=\"944\" height=\"1046\" \/><\/p>\n<p style=\"text-align: right;\">zavnews\/biznisinfo<\/p>\n<div class=\"fcbkbttn_buttons_block\" id=\"fcbkbttn_left\"><div class=\"fcbkbttn_button\">\n\t\t\t\t\t<a href=\"https:\/\/www.facebook.com\/www.zavnews.net\/\" target=\"_blank\">\n\t\t\t\t\t\t<img decoding=\"async\" src=\"https:\/\/zavnews.net\/wp-content\/plugins\/facebook-button-plugin\/images\/standard-facebook-ico.png\" alt=\"Fb-Button\" \/>\n\t\t\t\t\t<\/a>\n\t\t\t\t<\/div><div class=\"fcbkbttn_like \"><fb:like href=\"https:\/\/zavnews.net\/index.php\/2017\/03\/23\/grupacija-as-kupila-imovinu-agrokomerca-tri-miliona-km\/\" action=\"like\" colorscheme=\"light\" layout=\"standard\"  width=\"450px\" size=\"small\"><\/fb:like><\/div><div class=\"fb-share-button  \" data-href=\"https:\/\/zavnews.net\/index.php\/2017\/03\/23\/grupacija-as-kupila-imovinu-agrokomerca-tri-miliona-km\/\" data-type=\"button_count\" data-size=\"small\"><\/div><\/div>","protected":false},"excerpt":{"rendered":"<div class=\"fcbkbttn_buttons_block\" id=\"fcbkbttn_left\"><div class=\"fcbkbttn_button\">\n\t\t\t\t\t<a href=\"https:\/\/www.facebook.com\/www.zavnews.net\/\" target=\"_blank\">\n\t\t\t\t\t\t<img decoding=\"async\" src=\"https:\/\/zavnews.net\/wp-content\/plugins\/facebook-button-plugin\/images\/standard-facebook-ico.png\" alt=\"Fb-Button\" \/>\n\t\t\t\t\t<\/a>\n\t\t\t\t<\/div><div class=\"fcbkbttn_like \"><fb:like href=\"https:\/\/zavnews.net\/index.php\/2017\/03\/23\/grupacija-as-kupila-imovinu-agrokomerca-tri-miliona-km\/\" action=\"like\" colorscheme=\"light\" layout=\"standard\"  width=\"450px\" size=\"small\"><\/fb:like><\/div><div class=\"fb-share-button  \" data-href=\"https:\/\/zavnews.net\/index.php\/2017\/03\/23\/grupacija-as-kupila-imovinu-agrokomerca-tri-miliona-km\/\" data-type=\"button_count\" data-size=\"small\"><\/div><\/div><p>Op\u0161tinski sud u Velikoj Kladu\u0161i donio je odluku o prodaji tvornice sto\u010dne hrane dioni\u010dkog dru\u0161tva Agrokomerc najpovoljnijem ponu\u0111a\u010du, malo poznatoj firmi AC Food Velika Kladu\u0161a, za iznos od 3.053.000 konvertibilnih maraka. Imovina koju je kupio AC Food je veoma vrijedna,&#8230;<\/p>\n<div class=\"fcbkbttn_buttons_block\" id=\"fcbkbttn_left\"><div class=\"fcbkbttn_button\">\n\t\t\t\t\t<a href=\"https:\/\/www.facebook.com\/www.zavnews.net\/\" target=\"_blank\">\n\t\t\t\t\t\t<img decoding=\"async\" src=\"https:\/\/zavnews.net\/wp-content\/plugins\/facebook-button-plugin\/images\/standard-facebook-ico.png\" alt=\"Fb-Button\" \/>\n\t\t\t\t\t<\/a>\n\t\t\t\t<\/div><div class=\"fcbkbttn_like \"><fb:like href=\"https:\/\/zavnews.net\/index.php\/2017\/03\/23\/grupacija-as-kupila-imovinu-agrokomerca-tri-miliona-km\/\" action=\"like\" colorscheme=\"light\" layout=\"standard\"  width=\"450px\" size=\"small\"><\/fb:like><\/div><div class=\"fb-share-button  \" data-href=\"https:\/\/zavnews.net\/index.php\/2017\/03\/23\/grupacija-as-kupila-imovinu-agrokomerca-tri-miliona-km\/\" data-type=\"button_count\" data-size=\"small\"><\/div><\/div>","protected":false},"author":1,"featured_media":4711,"comment_status":"open","ping_status":"open","sticky":false,"template":"","format":"standard","meta":{"footnotes":""},"categories":[13,23,6,3],"tags":[],"yoast_head":"<!-- This site is optimized with the Yoast SEO plugin v23.5 - https:\/\/yoast.com\/wordpress\/plugins\/seo\/ -->\n<title>Grupacija AS kupila imovinu Agrokomerca za tri miliona KM - Zavnews<\/title>\n<meta name=\"robots\" content=\"index, follow, max-snippet:-1, max-image-preview:large, max-video-preview:-1\" \/>\n<link rel=\"canonical\" href=\"https:\/\/zavnews.net\/index.php\/2017\/03\/23\/grupacija-as-kupila-imovinu-agrokomerca-tri-miliona-km\/\" \/>\n<meta property=\"og:locale\" content=\"bs_BA\" \/>\n<meta property=\"og:type\" content=\"article\" \/>\n<meta property=\"og:title\" content=\"Grupacija AS kupila imovinu Agrokomerca za tri miliona KM - Zavnews\" \/>\n<meta property=\"og:description\" content=\"Op\u0161tinski sud u Velikoj Kladu\u0161i donio je odluku o prodaji tvornice sto\u010dne hrane dioni\u010dkog dru\u0161tva Agrokomerc najpovoljnijem ponu\u0111a\u010du, malo poznatoj firmi AC Food Velika Kladu\u0161a, za iznos od 3.053.000 konvertibilnih maraka. Imovina koju je kupio AC Food je veoma vrijedna,...\" \/>\n<meta property=\"og:url\" content=\"https:\/\/zavnews.net\/index.php\/2017\/03\/23\/grupacija-as-kupila-imovinu-agrokomerca-tri-miliona-km\/\" \/>\n<meta property=\"og:site_name\" content=\"Zavnews\" \/>\n<meta property=\"article:published_time\" content=\"2017-03-23T10:40:00+00:00\" \/>\n<meta property=\"og:image\" content=\"https:\/\/zavnews.net\/wp-content\/uploads\/2017\/03\/grupacija-31.jpg\" \/>\n\t<meta property=\"og:image:width\" content=\"700\" \/>\n\t<meta property=\"og:image:height\" content=\"413\" \/>\n\t<meta property=\"og:image:type\" content=\"image\/jpeg\" \/>\n<meta name=\"author\" content=\"zavnews\" \/>\n<meta name=\"twitter:card\" content=\"summary_large_image\" \/>\n<meta name=\"twitter:label1\" content=\"Written by\" \/>\n\t<meta name=\"twitter:data1\" content=\"zavnews\" \/>\n\t<meta name=\"twitter:label2\" content=\"Est. reading time\" \/>\n\t<meta name=\"twitter:data2\" content=\"2 minute\" \/>\n<script type=\"application\/ld+json\" class=\"yoast-schema-graph\">{\"@context\":\"https:\/\/schema.org\",\"@graph\":[{\"@type\":\"Article\",\"@id\":\"https:\/\/zavnews.net\/index.php\/2017\/03\/23\/grupacija-as-kupila-imovinu-agrokomerca-tri-miliona-km\/#article\",\"isPartOf\":{\"@id\":\"https:\/\/zavnews.net\/index.php\/2017\/03\/23\/grupacija-as-kupila-imovinu-agrokomerca-tri-miliona-km\/\"},\"author\":{\"name\":\"zavnews\",\"@id\":\"https:\/\/zavnews.net\/#\/schema\/person\/2477577553b6626f3681ce4d32a6917f\"},\"headline\":\"Grupacija AS kupila imovinu Agrokomerca za tri miliona KM\",\"datePublished\":\"2017-03-23T10:40:00+00:00\",\"dateModified\":\"2017-03-23T10:40:00+00:00\",\"mainEntityOfPage\":{\"@id\":\"https:\/\/zavnews.net\/index.php\/2017\/03\/23\/grupacija-as-kupila-imovinu-agrokomerca-tri-miliona-km\/\"},\"wordCount\":369,\"commentCount\":0,\"publisher\":{\"@id\":\"https:\/\/zavnews.net\/#organization\"},\"image\":{\"@id\":\"https:\/\/zavnews.net\/index.php\/2017\/03\/23\/grupacija-as-kupila-imovinu-agrokomerca-tri-miliona-km\/#primaryimage\"},\"thumbnailUrl\":\"https:\/\/zavnews.net\/wp-content\/uploads\/2017\/03\/grupacija-31.jpg\",\"articleSection\":[\"BiH\",\"BiH\",\"BIZNIS\",\"VIJESTI\"],\"inLanguage\":\"bs-BA\",\"potentialAction\":[{\"@type\":\"CommentAction\",\"name\":\"Comment\",\"target\":[\"https:\/\/zavnews.net\/index.php\/2017\/03\/23\/grupacija-as-kupila-imovinu-agrokomerca-tri-miliona-km\/#respond\"]}]},{\"@type\":\"WebPage\",\"@id\":\"https:\/\/zavnews.net\/index.php\/2017\/03\/23\/grupacija-as-kupila-imovinu-agrokomerca-tri-miliona-km\/\",\"url\":\"https:\/\/zavnews.net\/index.php\/2017\/03\/23\/grupacija-as-kupila-imovinu-agrokomerca-tri-miliona-km\/\",\"name\":\"Grupacija AS kupila imovinu Agrokomerca za tri miliona KM - Zavnews\",\"isPartOf\":{\"@id\":\"https:\/\/zavnews.net\/#website\"},\"primaryImageOfPage\":{\"@id\":\"https:\/\/zavnews.net\/index.php\/2017\/03\/23\/grupacija-as-kupila-imovinu-agrokomerca-tri-miliona-km\/#primaryimage\"},\"image\":{\"@id\":\"https:\/\/zavnews.net\/index.php\/2017\/03\/23\/grupacija-as-kupila-imovinu-agrokomerca-tri-miliona-km\/#primaryimage\"},\"thumbnailUrl\":\"https:\/\/zavnews.net\/wp-content\/uploads\/2017\/03\/grupacija-31.jpg\",\"datePublished\":\"2017-03-23T10:40:00+00:00\",\"dateModified\":\"2017-03-23T10:40:00+00:00\",\"breadcrumb\":{\"@id\":\"https:\/\/zavnews.net\/index.php\/2017\/03\/23\/grupacija-as-kupila-imovinu-agrokomerca-tri-miliona-km\/#breadcrumb\"},\"inLanguage\":\"bs-BA\",\"potentialAction\":[{\"@type\":\"ReadAction\",\"target\":[\"https:\/\/zavnews.net\/index.php\/2017\/03\/23\/grupacija-as-kupila-imovinu-agrokomerca-tri-miliona-km\/\"]}]},{\"@type\":\"ImageObject\",\"inLanguage\":\"bs-BA\",\"@id\":\"https:\/\/zavnews.net\/index.php\/2017\/03\/23\/grupacija-as-kupila-imovinu-agrokomerca-tri-miliona-km\/#primaryimage\",\"url\":\"https:\/\/zavnews.net\/wp-content\/uploads\/2017\/03\/grupacija-31.jpg\",\"contentUrl\":\"https:\/\/zavnews.net\/wp-content\/uploads\/2017\/03\/grupacija-31.jpg\",\"width\":700,\"height\":413},{\"@type\":\"BreadcrumbList\",\"@id\":\"https:\/\/zavnews.net\/index.php\/2017\/03\/23\/grupacija-as-kupila-imovinu-agrokomerca-tri-miliona-km\/#breadcrumb\",\"itemListElement\":[{\"@type\":\"ListItem\",\"position\":1,\"name\":\"Po\u010detna stranica\",\"item\":\"https:\/\/zavnews.net\/\"},{\"@type\":\"ListItem\",\"position\":2,\"name\":\"Grupacija AS kupila imovinu Agrokomerca za tri miliona KM\"}]},{\"@type\":\"WebSite\",\"@id\":\"https:\/\/zavnews.net\/#website\",\"url\":\"https:\/\/zavnews.net\/\",\"name\":\"Zavnews\",\"description\":\"Zavidovi\u0107i\",\"publisher\":{\"@id\":\"https:\/\/zavnews.net\/#organization\"},\"potentialAction\":[{\"@type\":\"SearchAction\",\"target\":{\"@type\":\"EntryPoint\",\"urlTemplate\":\"https:\/\/zavnews.net\/?s={search_term_string}\"},\"query-input\":{\"@type\":\"PropertyValueSpecification\",\"valueRequired\":true,\"valueName\":\"search_term_string\"}}],\"inLanguage\":\"bs-BA\"},{\"@type\":\"Organization\",\"@id\":\"https:\/\/zavnews.net\/#organization\",\"name\":\"Zavidovi\u0107i\",\"url\":\"https:\/\/zavnews.net\/\",\"logo\":{\"@type\":\"ImageObject\",\"inLanguage\":\"bs-BA\",\"@id\":\"https:\/\/zavnews.net\/#\/schema\/logo\/image\/\",\"url\":\"https:\/\/zavnews.net\/wp-content\/uploads\/2021\/11\/cropped-cropped-cropped-cropped-Screenshot_1-removebg-preview-2.png\",\"contentUrl\":\"https:\/\/zavnews.net\/wp-content\/uploads\/2021\/11\/cropped-cropped-cropped-cropped-Screenshot_1-removebg-preview-2.png\",\"width\":841,\"height\":180,\"caption\":\"Zavidovi\u0107i\"},\"image\":{\"@id\":\"https:\/\/zavnews.net\/#\/schema\/logo\/image\/\"}},{\"@type\":\"Person\",\"@id\":\"https:\/\/zavnews.net\/#\/schema\/person\/2477577553b6626f3681ce4d32a6917f\",\"name\":\"zavnews\",\"image\":{\"@type\":\"ImageObject\",\"inLanguage\":\"bs-BA\",\"@id\":\"https:\/\/zavnews.net\/#\/schema\/person\/image\/\",\"url\":\"https:\/\/secure.gravatar.com\/avatar\/3d25e050de275ca74aa70a2e30eb6f6c?s=96&d=mm&r=g\",\"contentUrl\":\"https:\/\/secure.gravatar.com\/avatar\/3d25e050de275ca74aa70a2e30eb6f6c?s=96&d=mm&r=g\",\"caption\":\"zavnews\"}}]}<\/script>\n<!-- \/ Yoast SEO plugin. -->","yoast_head_json":{"title":"Grupacija AS kupila imovinu Agrokomerca za tri miliona KM - Zavnews","robots":{"index":"index","follow":"follow","max-snippet":"max-snippet:-1","max-image-preview":"max-image-preview:large","max-video-preview":"max-video-preview:-1"},"canonical":"https:\/\/zavnews.net\/index.php\/2017\/03\/23\/grupacija-as-kupila-imovinu-agrokomerca-tri-miliona-km\/","og_locale":"bs_BA","og_type":"article","og_title":"Grupacija AS kupila imovinu Agrokomerca za tri miliona KM - Zavnews","og_description":"Op\u0161tinski sud u Velikoj Kladu\u0161i donio je odluku o prodaji tvornice sto\u010dne hrane dioni\u010dkog dru\u0161tva Agrokomerc najpovoljnijem ponu\u0111a\u010du, malo poznatoj firmi AC Food Velika Kladu\u0161a, za iznos od 3.053.000 konvertibilnih maraka. Imovina koju je kupio AC Food je veoma vrijedna,...","og_url":"https:\/\/zavnews.net\/index.php\/2017\/03\/23\/grupacija-as-kupila-imovinu-agrokomerca-tri-miliona-km\/","og_site_name":"Zavnews","article_published_time":"2017-03-23T10:40:00+00:00","og_image":[{"width":700,"height":413,"url":"https:\/\/zavnews.net\/wp-content\/uploads\/2017\/03\/grupacija-31.jpg","type":"image\/jpeg"}],"author":"zavnews","twitter_card":"summary_large_image","twitter_misc":{"Written by":"zavnews","Est. reading time":"2 minute"},"schema":{"@context":"https:\/\/schema.org","@graph":[{"@type":"Article","@id":"https:\/\/zavnews.net\/index.php\/2017\/03\/23\/grupacija-as-kupila-imovinu-agrokomerca-tri-miliona-km\/#article","isPartOf":{"@id":"https:\/\/zavnews.net\/index.php\/2017\/03\/23\/grupacija-as-kupila-imovinu-agrokomerca-tri-miliona-km\/"},"author":{"name":"zavnews","@id":"https:\/\/zavnews.net\/#\/schema\/person\/2477577553b6626f3681ce4d32a6917f"},"headline":"Grupacija AS kupila imovinu Agrokomerca za tri miliona KM","datePublished":"2017-03-23T10:40:00+00:00","dateModified":"2017-03-23T10:40:00+00:00","mainEntityOfPage":{"@id":"https:\/\/zavnews.net\/index.php\/2017\/03\/23\/grupacija-as-kupila-imovinu-agrokomerca-tri-miliona-km\/"},"wordCount":369,"commentCount":0,"publisher":{"@id":"https:\/\/zavnews.net\/#organization"},"image":{"@id":"https:\/\/zavnews.net\/index.php\/2017\/03\/23\/grupacija-as-kupila-imovinu-agrokomerca-tri-miliona-km\/#primaryimage"},"thumbnailUrl":"https:\/\/zavnews.net\/wp-content\/uploads\/2017\/03\/grupacija-31.jpg","articleSection":["BiH","BiH","BIZNIS","VIJESTI"],"inLanguage":"bs-BA","potentialAction":[{"@type":"CommentAction","name":"Comment","target":["https:\/\/zavnews.net\/index.php\/2017\/03\/23\/grupacija-as-kupila-imovinu-agrokomerca-tri-miliona-km\/#respond"]}]},{"@type":"WebPage","@id":"https:\/\/zavnews.net\/index.php\/2017\/03\/23\/grupacija-as-kupila-imovinu-agrokomerca-tri-miliona-km\/","url":"https:\/\/zavnews.net\/index.php\/2017\/03\/23\/grupacija-as-kupila-imovinu-agrokomerca-tri-miliona-km\/","name":"Grupacija AS kupila imovinu Agrokomerca za tri miliona KM - Zavnews","isPartOf":{"@id":"https:\/\/zavnews.net\/#website"},"primaryImageOfPage":{"@id":"https:\/\/zavnews.net\/index.php\/2017\/03\/23\/grupacija-as-kupila-imovinu-agrokomerca-tri-miliona-km\/#primaryimage"},"image":{"@id":"https:\/\/zavnews.net\/index.php\/2017\/03\/23\/grupacija-as-kupila-imovinu-agrokomerca-tri-miliona-km\/#primaryimage"},"thumbnailUrl":"https:\/\/zavnews.net\/wp-content\/uploads\/2017\/03\/grupacija-31.jpg","datePublished":"2017-03-23T10:40:00+00:00","dateModified":"2017-03-23T10:40:00+00:00","breadcrumb":{"@id":"https:\/\/zavnews.net\/index.php\/2017\/03\/23\/grupacija-as-kupila-imovinu-agrokomerca-tri-miliona-km\/#breadcrumb"},"inLanguage":"bs-BA","potentialAction":[{"@type":"ReadAction","target":["https:\/\/zavnews.net\/index.php\/2017\/03\/23\/grupacija-as-kupila-imovinu-agrokomerca-tri-miliona-km\/"]}]},{"@type":"ImageObject","inLanguage":"bs-BA","@id":"https:\/\/zavnews.net\/index.php\/2017\/03\/23\/grupacija-as-kupila-imovinu-agrokomerca-tri-miliona-km\/#primaryimage","url":"https:\/\/zavnews.net\/wp-content\/uploads\/2017\/03\/grupacija-31.jpg","contentUrl":"https:\/\/zavnews.net\/wp-content\/uploads\/2017\/03\/grupacija-31.jpg","width":700,"height":413},{"@type":"BreadcrumbList","@id":"https:\/\/zavnews.net\/index.php\/2017\/03\/23\/grupacija-as-kupila-imovinu-agrokomerca-tri-miliona-km\/#breadcrumb","itemListElement":[{"@type":"ListItem","position":1,"name":"Po\u010detna stranica","item":"https:\/\/zavnews.net\/"},{"@type":"ListItem","position":2,"name":"Grupacija AS kupila imovinu Agrokomerca za tri miliona KM"}]},{"@type":"WebSite","@id":"https:\/\/zavnews.net\/#website","url":"https:\/\/zavnews.net\/","name":"Zavnews","description":"Zavidovi\u0107i","publisher":{"@id":"https:\/\/zavnews.net\/#organization"},"potentialAction":[{"@type":"SearchAction","target":{"@type":"EntryPoint","urlTemplate":"https:\/\/zavnews.net\/?s={search_term_string}"},"query-input":{"@type":"PropertyValueSpecification","valueRequired":true,"valueName":"search_term_string"}}],"inLanguage":"bs-BA"},{"@type":"Organization","@id":"https:\/\/zavnews.net\/#organization","name":"Zavidovi\u0107i","url":"https:\/\/zavnews.net\/","logo":{"@type":"ImageObject","inLanguage":"bs-BA","@id":"https:\/\/zavnews.net\/#\/schema\/logo\/image\/","url":"https:\/\/zavnews.net\/wp-content\/uploads\/2021\/11\/cropped-cropped-cropped-cropped-Screenshot_1-removebg-preview-2.png","contentUrl":"https:\/\/zavnews.net\/wp-content\/uploads\/2021\/11\/cropped-cropped-cropped-cropped-Screenshot_1-removebg-preview-2.png","width":841,"height":180,"caption":"Zavidovi\u0107i"},"image":{"@id":"https:\/\/zavnews.net\/#\/schema\/logo\/image\/"}},{"@type":"Person","@id":"https:\/\/zavnews.net\/#\/schema\/person\/2477577553b6626f3681ce4d32a6917f","name":"zavnews","image":{"@type":"ImageObject","inLanguage":"bs-BA","@id":"https:\/\/zavnews.net\/#\/schema\/person\/image\/","url":"https:\/\/secure.gravatar.com\/avatar\/3d25e050de275ca74aa70a2e30eb6f6c?s=96&d=mm&r=g","contentUrl":"https:\/\/secure.gravatar.com\/avatar\/3d25e050de275ca74aa70a2e30eb6f6c?s=96&d=mm&r=g","caption":"zavnews"}}]}},"_links":{"self":[{"href":"https:\/\/zavnews.net\/index.php\/wp-json\/wp\/v2\/posts\/4710"}],"collection":[{"href":"https:\/\/zavnews.net\/index.php\/wp-json\/wp\/v2\/posts"}],"about":[{"href":"https:\/\/zavnews.net\/index.php\/wp-json\/wp\/v2\/types\/post"}],"author":[{"embeddable":true,"href":"https:\/\/zavnews.net\/index.php\/wp-json\/wp\/v2\/users\/1"}],"replies":[{"embeddable":true,"href":"https:\/\/zavnews.net\/index.php\/wp-json\/wp\/v2\/comments?post=4710"}],"version-history":[{"count":2,"href":"https:\/\/zavnews.net\/index.php\/wp-json\/wp\/v2\/posts\/4710\/revisions"}],"predecessor-version":[{"id":4713,"href":"https:\/\/zavnews.net\/index.php\/wp-json\/wp\/v2\/posts\/4710\/revisions\/4713"}],"wp:featuredmedia":[{"embeddable":true,"href":"https:\/\/zavnews.net\/index.php\/wp-json\/wp\/v2\/media\/4711"}],"wp:attachment":[{"href":"https:\/\/zavnews.net\/index.php\/wp-json\/wp\/v2\/media?parent=4710"}],"wp:term":[{"taxonomy":"category","embeddable":true,"href":"https:\/\/zavnews.net\/index.php\/wp-json\/wp\/v2\/categories?post=4710"},{"taxonomy":"post_tag","embeddable":true,"href":"https:\/\/zavnews.net\/index.php\/wp-json\/wp\/v2\/tags?post=4710"}],"curies":[{"name":"wp","href":"https:\/\/api.w.org\/{rel}","templated":true}]}}