{"id":4691,"date":"2017-03-22T22:18:00","date_gmt":"2017-03-22T21:18:00","guid":{"rendered":"http:\/\/zavnews.net\/?p=4691"},"modified":"2017-03-22T22:18:00","modified_gmt":"2017-03-22T21:18:00","slug":"evo-zasto-konzum-izgubio-trzisnu-utakmicu-bih","status":"publish","type":"post","link":"https:\/\/zavnews.net\/index.php\/2017\/03\/22\/evo-zasto-konzum-izgubio-trzisnu-utakmicu-bih\/","title":{"rendered":"Evo za\u0161to je Konzum izgubio tr\u017ei\u0161nu utakmicu u BiH"},"content":{"rendered":"<div class=\"fcbkbttn_buttons_block\" id=\"fcbkbttn_left\"><div class=\"fcbkbttn_button\">\n\t\t\t\t\t<a href=\"https:\/\/www.facebook.com\/www.zavnews.net\/\" target=\"_blank\">\n\t\t\t\t\t\t<img decoding=\"async\" src=\"https:\/\/zavnews.net\/wp-content\/plugins\/facebook-button-plugin\/images\/standard-facebook-ico.png\" alt=\"Fb-Button\" \/>\n\t\t\t\t\t<\/a>\n\t\t\t\t<\/div><div class=\"fcbkbttn_like \"><fb:like href=\"https:\/\/zavnews.net\/index.php\/2017\/03\/22\/evo-zasto-konzum-izgubio-trzisnu-utakmicu-bih\/\" action=\"like\" colorscheme=\"light\" layout=\"standard\"  width=\"450px\" size=\"small\"><\/fb:like><\/div><div class=\"fb-share-button  \" data-href=\"https:\/\/zavnews.net\/index.php\/2017\/03\/22\/evo-zasto-konzum-izgubio-trzisnu-utakmicu-bih\/\" data-type=\"button_count\" data-size=\"small\"><\/div><\/div><h4 style=\"text-align: justify;\"><a href=\"http:\/\/zavnews.net\/index.php\/2017\/03\/22\/evo-zasto-konzum-izgubio-trzisnu-utakmicu-bih\/cats-26\/\" rel=\"attachment wp-att-4692\"><img loading=\"lazy\" decoding=\"async\" class=\"aligncenter  wp-image-4692\" src=\"http:\/\/zavnews.net\/wp-content\/uploads\/2017\/03\/cats-1.jpg\" alt=\"\" width=\"903\" height=\"559\" srcset=\"https:\/\/zavnews.net\/wp-content\/uploads\/2017\/03\/cats-1.jpg 736w, https:\/\/zavnews.net\/wp-content\/uploads\/2017\/03\/cats-1-600x372.jpg 600w, https:\/\/zavnews.net\/wp-content\/uploads\/2017\/03\/cats-1-300x186.jpg 300w\" sizes=\"(max-width: 903px) 100vw, 903px\" \/><\/a><\/h4>\n<h4 style=\"text-align: justify;\">Hrvatska kompanija Agrokor na\u0161la se u velikim finansijskim problemima, a nekako paralelno je objavljeno da je Konzum, koji posluje u sklopu ove korporacije, izgubio poziciju tr\u017ei\u0161nog lidera u BiH.<\/h4>\n<p style=\"text-align: justify;\">Ova dva podatka nisu direktno povezana, odnosno Konzum je izgubio utakmicu na tr\u017ei\u0161tu u BiH zbog niza pogre\u0161aka i isto bi se desilo \u010dak i da nije aktuelnih problema na nivou koncerna, navodi se u analizi poslovnog portala BiznisInfo.<\/p>\n<p style=\"text-align: justify;\"><strong>Ovo su glavne Konzumove grje\u0161ke koje su do toga dovele:\u00a0<\/strong><\/p>\n<h4 style=\"text-align: justify;\">1. Niske\u00a0cijene<\/h4>\n<p style=\"text-align: justify;\">Konzum je prakti\u010dno bez borbe prepustio Bingu ulogu lanca s najni\u017eim cijenama u BiH. Bingove cijene zapravo, nikada nisu bile mnogo ni\u017ee.<\/p>\n<p style=\"text-align: justify;\">No, to je bilo dovoljno da se uz pravu marketin\u0161ku kampanju, izgradi imid\u017e najjeftinijeg trgovinskog lanca, i da se preotme veliki broj Konzumovih mu\u0161terija.<\/p>\n<p style=\"text-align: justify;\">Konzum je morao davno reagirati s korekcijama cijena makar mu to kratkoro\u010dno donijelo pad profita.\u00a0Sigurno bi se isplatilo jer ne bi do\u0161lo do odliva mu\u0161terija i prihoda.<\/p>\n<h4 style=\"text-align: justify;\"><img loading=\"lazy\" decoding=\"async\" class=\"alignleft\" src=\"http:\/\/www.biznisinfo.ba\/wp-content\/uploads\/2017\/02\/dita-105.jpg\" width=\"308\" height=\"366\" \/>2. Podr\u0161ka doma\u0107im kompanijama<\/h4>\n<p style=\"text-align: justify;\">Oba lanca javno su iskazivala podr\u0161ku doma\u0107im kompanijama. No, Konzum nije ubijedio javnost da je njegova podr\u0161ka bh. firmama su\u0161tinska, a ne kozmeti\u010dka. Naprimjer, nakon pokretanja proizvodnje u Diti, simbolu radni\u010dke klase u BiH, Konzum je saop\u0161tio da je uvrstio njene proizvode na police.<\/p>\n<p style=\"text-align: justify;\">No, kada su se kamere ugasile prisustvo Ditinih proizvoda je redukovano. Od svih Ditinih proizvoda\u00a0ostao je samo deterd\u017eent 3de koji je dobio malo prostora na dnu police.<\/p>\n<p style=\"text-align: justify;\">Konzum je mogao na\u0107i nekoliko manjih bh. kompanija kojima bi dao \u0161ansu i preko kojih bi dokazao da su\u0161tinski \u017eeli pomo\u0107i doma\u0107oj privredi.<\/p>\n<h4 style=\"text-align: justify;\">3. Ekonomska kolonizacija<\/h4>\n<p style=\"text-align: justify;\">Dominantne pozicije u Konzumovim radnjama zauzimaju hrvatski proizovdi, i to ne samo oni koji su u vlasni\u0161tvu Agrokora, ve\u0107 i Saponije, Podravke itd.<\/p>\n<p style=\"text-align: justify;\">S jedne strane je to razumljivo i legalno, ali se u tome pretjeralo, pa su gra\u0111ani osjetili Konzum kao instrument ekonomske kolonizacije druge dr\u017eave.<\/p>\n<p style=\"text-align: justify;\">Osim toga, pro\u0161le godine do\u0161lo je i do napetosti u\u00a0politi\u010dkim\u00a0odnosima BiH i Hrvatske, pa \u010dak i do poziva na bojkot hrvatskih proizvoda. Konzum nije na\u0161ao efikasan na\u010din da neutralizira efekte ovih de\u0161avanja.<\/p>\n<h4 style=\"text-align: justify;\">4. Pogre\u0161ni prioriteti<\/h4>\n<p style=\"text-align: justify;\">Konzum je lani mnogo novca utro\u0161io na reklamiranje svojih renoviranih objekata kao mjesta \u201c<strong>ugodnog ambijenta<\/strong>\u201d koja nude \u201c<strong>jedinstveno i interaktivno iskustvo kupovine<\/strong>\u201c, \u0161ta god to zna\u010dilo.<\/p>\n<p style=\"text-align: justify;\">Zapravo, jedino \u0161to je novo u ovim objektima jesu pametna kolica i automatske kase koji jesu novost na bh. tr\u017ei\u0161tu, ali ih zapravo malo ljudi koristi.<\/p>\n<p style=\"text-align: justify;\">S druge strane, Bingo je u svojim reklamama insistirao samo na niskim cijenama. U jednoj reklami\u00a0male zelene (niske) cijene iz prodavnice\u00a0izbacuju crvene, visoke cijene (koje o\u010dito simboliziraju Konzum).<\/p>\n<p><iframe loading=\"lazy\" width=\"640\" height=\"360\" src=\"https:\/\/www.youtube.com\/embed\/84cLVMZ07cE?feature=oembed\" frameborder=\"0\" allowfullscreen><\/iframe><\/p>\n<h4 style=\"text-align: justify;\">5. \u00a0Medijski proma\u0161aji<\/h4>\n<p style=\"text-align: justify;\">Kada je rije\u010d o marketingu, Konzum je skr\u0161io ogroman novac na nekoliko mainstream medija koji odavno nemaju monopol u informisanju javnosti i koji mu na kraju, nisu pru\u017eili nikakvu za\u0161titu.<\/p>\n<p style=\"text-align: justify;\">S druge strane, nekolicina drugih medija koje je zanemarivao, sistematski su naru\u0161avali njegov ugled\u00a0i poziciju.<\/p>\n<p style=\"text-align: justify;\">Osim toga, Konzum je insistirao na klasi\u010dnoj reklami i onda kad je vrag odnio \u0161alu i kada je bilo vrijeme za strate\u0161ki, krizni PR.<\/p>\n<p style=\"text-align: justify;\">Drugim rije\u010dima, Konzum je reklamirao pile\u0107i batak onda kada je ljudima trebalo objasniti da je rije\u010d o prijateljskoj firmi u kojoj kupovina nije samo u\u017eitak ve\u0107 i u\u0161teda, te da se na taj na\u010din mo\u017ee pomo\u0107i i bh. ekonomiji.<\/p>\n<h4 style=\"text-align: justify;\">6.\u00a0Pogre\u0161ne procjene<\/h4>\n<p style=\"text-align: justify;\">Konzum je potro\u0161io mnogo vremena i novca reklamiraju\u0107i internet trgovinu. Vjerovatno se vodio globalnim podacima o rastu ove vrste kupovine, zapostavljaju\u0107i lokalne specifi\u010dnosti.<\/p>\n<p style=\"text-align: justify;\">Naime, ta\u010dno je da u BiH sve vi\u0161e ljudi koristi internet pa i da sve vi\u0161e ljudi kupuje na taj na\u010din, ali to se uglavnom odnosi na stvari koje nisu dostupne u susjedstvu.<\/p>\n<h4 style=\"text-align: justify;\">7. Zaklju\u010dak<\/h4>\n<p style=\"text-align: justify;\">Konzum je izgubio tr\u017ei\u0161nu utakmicu u BiH, kako bi se reklo sportskim rje\u010dnikom, jedan na jedan, protiv tuzlanskog lanca Bingo.<\/p>\n<p style=\"text-align: justify;\"><strong>Taj gubitak posljedica je niza odluka koje je donosilo rukovodstvo hrvatske kompanije, pogre\u0161nih procjena, neuzimanja u obzir lokalnih specifi\u010dnosti i nespremnosti da se su\u0161tinski pomogne bh. privredi, kao i\u00a0prevelike vezanosti za hrvatske proizvode.\u00a0<\/strong><\/p>\n<p style=\"text-align: justify;\">Taj gubitak je bespovratan, i situacija se ne\u0107e promijeniti ni nakon \u0161to se rije\u0161i trenutna du\u017eni\u010dka kriza na nivou Agrokora.<\/p>\n<p style=\"text-align: justify;\">Naravno, to ne zna\u010di da \u0107e Konzum propasti, ali \u0107e morati promijeniti dosta toga u svom poslovanju.<\/p>\n<p style=\"text-align: right;\">zavnews\/<a href=\"http:\/\/www.biznisinfo.ba\/evo-zasto-je-konzum-izgubio-trzisnu-utakmicu-u-bih\/\" target=\"_blank\"><span style=\"color: #0000ff;\">biznisinfo<\/span><\/a><\/p>\n<div class=\"fcbkbttn_buttons_block\" id=\"fcbkbttn_left\"><div class=\"fcbkbttn_button\">\n\t\t\t\t\t<a href=\"https:\/\/www.facebook.com\/www.zavnews.net\/\" target=\"_blank\">\n\t\t\t\t\t\t<img decoding=\"async\" src=\"https:\/\/zavnews.net\/wp-content\/plugins\/facebook-button-plugin\/images\/standard-facebook-ico.png\" alt=\"Fb-Button\" \/>\n\t\t\t\t\t<\/a>\n\t\t\t\t<\/div><div class=\"fcbkbttn_like \"><fb:like href=\"https:\/\/zavnews.net\/index.php\/2017\/03\/22\/evo-zasto-konzum-izgubio-trzisnu-utakmicu-bih\/\" action=\"like\" colorscheme=\"light\" layout=\"standard\"  width=\"450px\" size=\"small\"><\/fb:like><\/div><div class=\"fb-share-button  \" data-href=\"https:\/\/zavnews.net\/index.php\/2017\/03\/22\/evo-zasto-konzum-izgubio-trzisnu-utakmicu-bih\/\" data-type=\"button_count\" data-size=\"small\"><\/div><\/div>","protected":false},"excerpt":{"rendered":"<div class=\"fcbkbttn_buttons_block\" id=\"fcbkbttn_left\"><div class=\"fcbkbttn_button\">\n\t\t\t\t\t<a href=\"https:\/\/www.facebook.com\/www.zavnews.net\/\" target=\"_blank\">\n\t\t\t\t\t\t<img decoding=\"async\" src=\"https:\/\/zavnews.net\/wp-content\/plugins\/facebook-button-plugin\/images\/standard-facebook-ico.png\" alt=\"Fb-Button\" \/>\n\t\t\t\t\t<\/a>\n\t\t\t\t<\/div><div class=\"fcbkbttn_like \"><fb:like href=\"https:\/\/zavnews.net\/index.php\/2017\/03\/22\/evo-zasto-konzum-izgubio-trzisnu-utakmicu-bih\/\" action=\"like\" colorscheme=\"light\" layout=\"standard\"  width=\"450px\" size=\"small\"><\/fb:like><\/div><div class=\"fb-share-button  \" data-href=\"https:\/\/zavnews.net\/index.php\/2017\/03\/22\/evo-zasto-konzum-izgubio-trzisnu-utakmicu-bih\/\" data-type=\"button_count\" data-size=\"small\"><\/div><\/div><p>Hrvatska kompanija Agrokor na\u0161la se u velikim finansijskim problemima, a nekako paralelno je objavljeno da je Konzum, koji posluje u sklopu ove korporacije, izgubio poziciju tr\u017ei\u0161nog lidera u BiH. Ova dva podatka nisu direktno povezana, odnosno Konzum je izgubio utakmicu&#8230;<\/p>\n<div class=\"fcbkbttn_buttons_block\" id=\"fcbkbttn_left\"><div class=\"fcbkbttn_button\">\n\t\t\t\t\t<a href=\"https:\/\/www.facebook.com\/www.zavnews.net\/\" target=\"_blank\">\n\t\t\t\t\t\t<img decoding=\"async\" src=\"https:\/\/zavnews.net\/wp-content\/plugins\/facebook-button-plugin\/images\/standard-facebook-ico.png\" alt=\"Fb-Button\" \/>\n\t\t\t\t\t<\/a>\n\t\t\t\t<\/div><div class=\"fcbkbttn_like \"><fb:like href=\"https:\/\/zavnews.net\/index.php\/2017\/03\/22\/evo-zasto-konzum-izgubio-trzisnu-utakmicu-bih\/\" action=\"like\" colorscheme=\"light\" layout=\"standard\"  width=\"450px\" size=\"small\"><\/fb:like><\/div><div class=\"fb-share-button  \" data-href=\"https:\/\/zavnews.net\/index.php\/2017\/03\/22\/evo-zasto-konzum-izgubio-trzisnu-utakmicu-bih\/\" data-type=\"button_count\" data-size=\"small\"><\/div><\/div>","protected":false},"author":1,"featured_media":4692,"comment_status":"open","ping_status":"open","sticky":false,"template":"","format":"standard","meta":{"footnotes":""},"categories":[23,6],"tags":[],"yoast_head":"<!-- This site is optimized with the Yoast SEO plugin v23.5 - https:\/\/yoast.com\/wordpress\/plugins\/seo\/ -->\n<title>Evo za\u0161to je Konzum izgubio tr\u017ei\u0161nu utakmicu u BiH - Zavnews<\/title>\n<meta name=\"robots\" content=\"index, follow, max-snippet:-1, max-image-preview:large, max-video-preview:-1\" \/>\n<link rel=\"canonical\" href=\"https:\/\/zavnews.net\/index.php\/2017\/03\/22\/evo-zasto-konzum-izgubio-trzisnu-utakmicu-bih\/\" \/>\n<meta property=\"og:locale\" content=\"bs_BA\" \/>\n<meta property=\"og:type\" content=\"article\" \/>\n<meta property=\"og:title\" content=\"Evo za\u0161to je Konzum izgubio tr\u017ei\u0161nu utakmicu u BiH - Zavnews\" \/>\n<meta property=\"og:description\" content=\"Hrvatska kompanija Agrokor na\u0161la se u velikim finansijskim problemima, a nekako paralelno je objavljeno da je Konzum, koji posluje u sklopu ove korporacije, izgubio poziciju tr\u017ei\u0161nog lidera u BiH. Ova dva podatka nisu direktno povezana, odnosno Konzum je izgubio utakmicu...\" \/>\n<meta property=\"og:url\" content=\"https:\/\/zavnews.net\/index.php\/2017\/03\/22\/evo-zasto-konzum-izgubio-trzisnu-utakmicu-bih\/\" \/>\n<meta property=\"og:site_name\" content=\"Zavnews\" \/>\n<meta property=\"article:published_time\" content=\"2017-03-22T21:18:00+00:00\" \/>\n<meta property=\"og:image\" content=\"https:\/\/zavnews.net\/wp-content\/uploads\/2017\/03\/cats-1.jpg\" \/>\n\t<meta property=\"og:image:width\" content=\"736\" \/>\n\t<meta property=\"og:image:height\" content=\"456\" \/>\n\t<meta property=\"og:image:type\" content=\"image\/jpeg\" \/>\n<meta name=\"author\" content=\"zavnews\" \/>\n<meta name=\"twitter:card\" content=\"summary_large_image\" \/>\n<meta name=\"twitter:label1\" content=\"Written by\" \/>\n\t<meta name=\"twitter:data1\" content=\"zavnews\" \/>\n\t<meta name=\"twitter:label2\" content=\"Est. reading time\" \/>\n\t<meta name=\"twitter:data2\" content=\"4 minute\" \/>\n<script type=\"application\/ld+json\" class=\"yoast-schema-graph\">{\"@context\":\"https:\/\/schema.org\",\"@graph\":[{\"@type\":\"Article\",\"@id\":\"https:\/\/zavnews.net\/index.php\/2017\/03\/22\/evo-zasto-konzum-izgubio-trzisnu-utakmicu-bih\/#article\",\"isPartOf\":{\"@id\":\"https:\/\/zavnews.net\/index.php\/2017\/03\/22\/evo-zasto-konzum-izgubio-trzisnu-utakmicu-bih\/\"},\"author\":{\"name\":\"zavnews\",\"@id\":\"https:\/\/zavnews.net\/#\/schema\/person\/2477577553b6626f3681ce4d32a6917f\"},\"headline\":\"Evo za\u0161to je Konzum izgubio tr\u017ei\u0161nu utakmicu u BiH\",\"datePublished\":\"2017-03-22T21:18:00+00:00\",\"dateModified\":\"2017-03-22T21:18:00+00:00\",\"mainEntityOfPage\":{\"@id\":\"https:\/\/zavnews.net\/index.php\/2017\/03\/22\/evo-zasto-konzum-izgubio-trzisnu-utakmicu-bih\/\"},\"wordCount\":783,\"commentCount\":0,\"publisher\":{\"@id\":\"https:\/\/zavnews.net\/#organization\"},\"image\":{\"@id\":\"https:\/\/zavnews.net\/index.php\/2017\/03\/22\/evo-zasto-konzum-izgubio-trzisnu-utakmicu-bih\/#primaryimage\"},\"thumbnailUrl\":\"https:\/\/zavnews.net\/wp-content\/uploads\/2017\/03\/cats-1.jpg\",\"articleSection\":[\"BiH\",\"BIZNIS\"],\"inLanguage\":\"bs-BA\",\"potentialAction\":[{\"@type\":\"CommentAction\",\"name\":\"Comment\",\"target\":[\"https:\/\/zavnews.net\/index.php\/2017\/03\/22\/evo-zasto-konzum-izgubio-trzisnu-utakmicu-bih\/#respond\"]}]},{\"@type\":\"WebPage\",\"@id\":\"https:\/\/zavnews.net\/index.php\/2017\/03\/22\/evo-zasto-konzum-izgubio-trzisnu-utakmicu-bih\/\",\"url\":\"https:\/\/zavnews.net\/index.php\/2017\/03\/22\/evo-zasto-konzum-izgubio-trzisnu-utakmicu-bih\/\",\"name\":\"Evo za\u0161to je Konzum izgubio tr\u017ei\u0161nu utakmicu u BiH - Zavnews\",\"isPartOf\":{\"@id\":\"https:\/\/zavnews.net\/#website\"},\"primaryImageOfPage\":{\"@id\":\"https:\/\/zavnews.net\/index.php\/2017\/03\/22\/evo-zasto-konzum-izgubio-trzisnu-utakmicu-bih\/#primaryimage\"},\"image\":{\"@id\":\"https:\/\/zavnews.net\/index.php\/2017\/03\/22\/evo-zasto-konzum-izgubio-trzisnu-utakmicu-bih\/#primaryimage\"},\"thumbnailUrl\":\"https:\/\/zavnews.net\/wp-content\/uploads\/2017\/03\/cats-1.jpg\",\"datePublished\":\"2017-03-22T21:18:00+00:00\",\"dateModified\":\"2017-03-22T21:18:00+00:00\",\"breadcrumb\":{\"@id\":\"https:\/\/zavnews.net\/index.php\/2017\/03\/22\/evo-zasto-konzum-izgubio-trzisnu-utakmicu-bih\/#breadcrumb\"},\"inLanguage\":\"bs-BA\",\"potentialAction\":[{\"@type\":\"ReadAction\",\"target\":[\"https:\/\/zavnews.net\/index.php\/2017\/03\/22\/evo-zasto-konzum-izgubio-trzisnu-utakmicu-bih\/\"]}]},{\"@type\":\"ImageObject\",\"inLanguage\":\"bs-BA\",\"@id\":\"https:\/\/zavnews.net\/index.php\/2017\/03\/22\/evo-zasto-konzum-izgubio-trzisnu-utakmicu-bih\/#primaryimage\",\"url\":\"https:\/\/zavnews.net\/wp-content\/uploads\/2017\/03\/cats-1.jpg\",\"contentUrl\":\"https:\/\/zavnews.net\/wp-content\/uploads\/2017\/03\/cats-1.jpg\",\"width\":736,\"height\":456},{\"@type\":\"BreadcrumbList\",\"@id\":\"https:\/\/zavnews.net\/index.php\/2017\/03\/22\/evo-zasto-konzum-izgubio-trzisnu-utakmicu-bih\/#breadcrumb\",\"itemListElement\":[{\"@type\":\"ListItem\",\"position\":1,\"name\":\"Po\u010detna stranica\",\"item\":\"https:\/\/zavnews.net\/\"},{\"@type\":\"ListItem\",\"position\":2,\"name\":\"Evo za\u0161to je Konzum izgubio tr\u017ei\u0161nu utakmicu u BiH\"}]},{\"@type\":\"WebSite\",\"@id\":\"https:\/\/zavnews.net\/#website\",\"url\":\"https:\/\/zavnews.net\/\",\"name\":\"Zavnews\",\"description\":\"Zavidovi\u0107i\",\"publisher\":{\"@id\":\"https:\/\/zavnews.net\/#organization\"},\"potentialAction\":[{\"@type\":\"SearchAction\",\"target\":{\"@type\":\"EntryPoint\",\"urlTemplate\":\"https:\/\/zavnews.net\/?s={search_term_string}\"},\"query-input\":{\"@type\":\"PropertyValueSpecification\",\"valueRequired\":true,\"valueName\":\"search_term_string\"}}],\"inLanguage\":\"bs-BA\"},{\"@type\":\"Organization\",\"@id\":\"https:\/\/zavnews.net\/#organization\",\"name\":\"Zavidovi\u0107i\",\"url\":\"https:\/\/zavnews.net\/\",\"logo\":{\"@type\":\"ImageObject\",\"inLanguage\":\"bs-BA\",\"@id\":\"https:\/\/zavnews.net\/#\/schema\/logo\/image\/\",\"url\":\"https:\/\/zavnews.net\/wp-content\/uploads\/2021\/11\/cropped-cropped-cropped-cropped-Screenshot_1-removebg-preview-2.png\",\"contentUrl\":\"https:\/\/zavnews.net\/wp-content\/uploads\/2021\/11\/cropped-cropped-cropped-cropped-Screenshot_1-removebg-preview-2.png\",\"width\":841,\"height\":180,\"caption\":\"Zavidovi\u0107i\"},\"image\":{\"@id\":\"https:\/\/zavnews.net\/#\/schema\/logo\/image\/\"}},{\"@type\":\"Person\",\"@id\":\"https:\/\/zavnews.net\/#\/schema\/person\/2477577553b6626f3681ce4d32a6917f\",\"name\":\"zavnews\",\"image\":{\"@type\":\"ImageObject\",\"inLanguage\":\"bs-BA\",\"@id\":\"https:\/\/zavnews.net\/#\/schema\/person\/image\/\",\"url\":\"https:\/\/secure.gravatar.com\/avatar\/3d25e050de275ca74aa70a2e30eb6f6c?s=96&d=mm&r=g\",\"contentUrl\":\"https:\/\/secure.gravatar.com\/avatar\/3d25e050de275ca74aa70a2e30eb6f6c?s=96&d=mm&r=g\",\"caption\":\"zavnews\"}}]}<\/script>\n<!-- \/ Yoast SEO plugin. -->","yoast_head_json":{"title":"Evo za\u0161to je Konzum izgubio tr\u017ei\u0161nu utakmicu u BiH - Zavnews","robots":{"index":"index","follow":"follow","max-snippet":"max-snippet:-1","max-image-preview":"max-image-preview:large","max-video-preview":"max-video-preview:-1"},"canonical":"https:\/\/zavnews.net\/index.php\/2017\/03\/22\/evo-zasto-konzum-izgubio-trzisnu-utakmicu-bih\/","og_locale":"bs_BA","og_type":"article","og_title":"Evo za\u0161to je Konzum izgubio tr\u017ei\u0161nu utakmicu u BiH - Zavnews","og_description":"Hrvatska kompanija Agrokor na\u0161la se u velikim finansijskim problemima, a nekako paralelno je objavljeno da je Konzum, koji posluje u sklopu ove korporacije, izgubio poziciju tr\u017ei\u0161nog lidera u BiH. Ova dva podatka nisu direktno povezana, odnosno Konzum je izgubio utakmicu...","og_url":"https:\/\/zavnews.net\/index.php\/2017\/03\/22\/evo-zasto-konzum-izgubio-trzisnu-utakmicu-bih\/","og_site_name":"Zavnews","article_published_time":"2017-03-22T21:18:00+00:00","og_image":[{"width":736,"height":456,"url":"https:\/\/zavnews.net\/wp-content\/uploads\/2017\/03\/cats-1.jpg","type":"image\/jpeg"}],"author":"zavnews","twitter_card":"summary_large_image","twitter_misc":{"Written by":"zavnews","Est. reading time":"4 minute"},"schema":{"@context":"https:\/\/schema.org","@graph":[{"@type":"Article","@id":"https:\/\/zavnews.net\/index.php\/2017\/03\/22\/evo-zasto-konzum-izgubio-trzisnu-utakmicu-bih\/#article","isPartOf":{"@id":"https:\/\/zavnews.net\/index.php\/2017\/03\/22\/evo-zasto-konzum-izgubio-trzisnu-utakmicu-bih\/"},"author":{"name":"zavnews","@id":"https:\/\/zavnews.net\/#\/schema\/person\/2477577553b6626f3681ce4d32a6917f"},"headline":"Evo za\u0161to je Konzum izgubio tr\u017ei\u0161nu utakmicu u BiH","datePublished":"2017-03-22T21:18:00+00:00","dateModified":"2017-03-22T21:18:00+00:00","mainEntityOfPage":{"@id":"https:\/\/zavnews.net\/index.php\/2017\/03\/22\/evo-zasto-konzum-izgubio-trzisnu-utakmicu-bih\/"},"wordCount":783,"commentCount":0,"publisher":{"@id":"https:\/\/zavnews.net\/#organization"},"image":{"@id":"https:\/\/zavnews.net\/index.php\/2017\/03\/22\/evo-zasto-konzum-izgubio-trzisnu-utakmicu-bih\/#primaryimage"},"thumbnailUrl":"https:\/\/zavnews.net\/wp-content\/uploads\/2017\/03\/cats-1.jpg","articleSection":["BiH","BIZNIS"],"inLanguage":"bs-BA","potentialAction":[{"@type":"CommentAction","name":"Comment","target":["https:\/\/zavnews.net\/index.php\/2017\/03\/22\/evo-zasto-konzum-izgubio-trzisnu-utakmicu-bih\/#respond"]}]},{"@type":"WebPage","@id":"https:\/\/zavnews.net\/index.php\/2017\/03\/22\/evo-zasto-konzum-izgubio-trzisnu-utakmicu-bih\/","url":"https:\/\/zavnews.net\/index.php\/2017\/03\/22\/evo-zasto-konzum-izgubio-trzisnu-utakmicu-bih\/","name":"Evo za\u0161to je Konzum izgubio tr\u017ei\u0161nu utakmicu u BiH - Zavnews","isPartOf":{"@id":"https:\/\/zavnews.net\/#website"},"primaryImageOfPage":{"@id":"https:\/\/zavnews.net\/index.php\/2017\/03\/22\/evo-zasto-konzum-izgubio-trzisnu-utakmicu-bih\/#primaryimage"},"image":{"@id":"https:\/\/zavnews.net\/index.php\/2017\/03\/22\/evo-zasto-konzum-izgubio-trzisnu-utakmicu-bih\/#primaryimage"},"thumbnailUrl":"https:\/\/zavnews.net\/wp-content\/uploads\/2017\/03\/cats-1.jpg","datePublished":"2017-03-22T21:18:00+00:00","dateModified":"2017-03-22T21:18:00+00:00","breadcrumb":{"@id":"https:\/\/zavnews.net\/index.php\/2017\/03\/22\/evo-zasto-konzum-izgubio-trzisnu-utakmicu-bih\/#breadcrumb"},"inLanguage":"bs-BA","potentialAction":[{"@type":"ReadAction","target":["https:\/\/zavnews.net\/index.php\/2017\/03\/22\/evo-zasto-konzum-izgubio-trzisnu-utakmicu-bih\/"]}]},{"@type":"ImageObject","inLanguage":"bs-BA","@id":"https:\/\/zavnews.net\/index.php\/2017\/03\/22\/evo-zasto-konzum-izgubio-trzisnu-utakmicu-bih\/#primaryimage","url":"https:\/\/zavnews.net\/wp-content\/uploads\/2017\/03\/cats-1.jpg","contentUrl":"https:\/\/zavnews.net\/wp-content\/uploads\/2017\/03\/cats-1.jpg","width":736,"height":456},{"@type":"BreadcrumbList","@id":"https:\/\/zavnews.net\/index.php\/2017\/03\/22\/evo-zasto-konzum-izgubio-trzisnu-utakmicu-bih\/#breadcrumb","itemListElement":[{"@type":"ListItem","position":1,"name":"Po\u010detna stranica","item":"https:\/\/zavnews.net\/"},{"@type":"ListItem","position":2,"name":"Evo za\u0161to je Konzum izgubio tr\u017ei\u0161nu utakmicu u BiH"}]},{"@type":"WebSite","@id":"https:\/\/zavnews.net\/#website","url":"https:\/\/zavnews.net\/","name":"Zavnews","description":"Zavidovi\u0107i","publisher":{"@id":"https:\/\/zavnews.net\/#organization"},"potentialAction":[{"@type":"SearchAction","target":{"@type":"EntryPoint","urlTemplate":"https:\/\/zavnews.net\/?s={search_term_string}"},"query-input":{"@type":"PropertyValueSpecification","valueRequired":true,"valueName":"search_term_string"}}],"inLanguage":"bs-BA"},{"@type":"Organization","@id":"https:\/\/zavnews.net\/#organization","name":"Zavidovi\u0107i","url":"https:\/\/zavnews.net\/","logo":{"@type":"ImageObject","inLanguage":"bs-BA","@id":"https:\/\/zavnews.net\/#\/schema\/logo\/image\/","url":"https:\/\/zavnews.net\/wp-content\/uploads\/2021\/11\/cropped-cropped-cropped-cropped-Screenshot_1-removebg-preview-2.png","contentUrl":"https:\/\/zavnews.net\/wp-content\/uploads\/2021\/11\/cropped-cropped-cropped-cropped-Screenshot_1-removebg-preview-2.png","width":841,"height":180,"caption":"Zavidovi\u0107i"},"image":{"@id":"https:\/\/zavnews.net\/#\/schema\/logo\/image\/"}},{"@type":"Person","@id":"https:\/\/zavnews.net\/#\/schema\/person\/2477577553b6626f3681ce4d32a6917f","name":"zavnews","image":{"@type":"ImageObject","inLanguage":"bs-BA","@id":"https:\/\/zavnews.net\/#\/schema\/person\/image\/","url":"https:\/\/secure.gravatar.com\/avatar\/3d25e050de275ca74aa70a2e30eb6f6c?s=96&d=mm&r=g","contentUrl":"https:\/\/secure.gravatar.com\/avatar\/3d25e050de275ca74aa70a2e30eb6f6c?s=96&d=mm&r=g","caption":"zavnews"}}]}},"_links":{"self":[{"href":"https:\/\/zavnews.net\/index.php\/wp-json\/wp\/v2\/posts\/4691"}],"collection":[{"href":"https:\/\/zavnews.net\/index.php\/wp-json\/wp\/v2\/posts"}],"about":[{"href":"https:\/\/zavnews.net\/index.php\/wp-json\/wp\/v2\/types\/post"}],"author":[{"embeddable":true,"href":"https:\/\/zavnews.net\/index.php\/wp-json\/wp\/v2\/users\/1"}],"replies":[{"embeddable":true,"href":"https:\/\/zavnews.net\/index.php\/wp-json\/wp\/v2\/comments?post=4691"}],"version-history":[{"count":2,"href":"https:\/\/zavnews.net\/index.php\/wp-json\/wp\/v2\/posts\/4691\/revisions"}],"predecessor-version":[{"id":4694,"href":"https:\/\/zavnews.net\/index.php\/wp-json\/wp\/v2\/posts\/4691\/revisions\/4694"}],"wp:featuredmedia":[{"embeddable":true,"href":"https:\/\/zavnews.net\/index.php\/wp-json\/wp\/v2\/media\/4692"}],"wp:attachment":[{"href":"https:\/\/zavnews.net\/index.php\/wp-json\/wp\/v2\/media?parent=4691"}],"wp:term":[{"taxonomy":"category","embeddable":true,"href":"https:\/\/zavnews.net\/index.php\/wp-json\/wp\/v2\/categories?post=4691"},{"taxonomy":"post_tag","embeddable":true,"href":"https:\/\/zavnews.net\/index.php\/wp-json\/wp\/v2\/tags?post=4691"}],"curies":[{"name":"wp","href":"https:\/\/api.w.org\/{rel}","templated":true}]}}