{"id":4616,"date":"2017-03-17T21:29:54","date_gmt":"2017-03-17T20:29:54","guid":{"rendered":"http:\/\/zavnews.net\/?p=4616"},"modified":"2017-03-17T21:29:55","modified_gmt":"2017-03-17T20:29:55","slug":"pokrenuo-svoj-biznis-nedzad-becar-proizvodi-auto-kozmetiku","status":"publish","type":"post","link":"https:\/\/zavnews.net\/index.php\/2017\/03\/17\/pokrenuo-svoj-biznis-nedzad-becar-proizvodi-auto-kozmetiku\/","title":{"rendered":"Pokrenuo svoj biznis: Ned\u017ead Be\u0107ar proizvodi auto-kozmetiku"},"content":{"rendered":"<div class=\"fcbkbttn_buttons_block\" id=\"fcbkbttn_left\"><div class=\"fcbkbttn_button\">\n\t\t\t\t\t<a href=\"https:\/\/www.facebook.com\/www.zavnews.net\/\" target=\"_blank\">\n\t\t\t\t\t\t<img decoding=\"async\" src=\"https:\/\/zavnews.net\/wp-content\/plugins\/facebook-button-plugin\/images\/standard-facebook-ico.png\" alt=\"Fb-Button\" \/>\n\t\t\t\t\t<\/a>\n\t\t\t\t<\/div><div class=\"fcbkbttn_like \"><fb:like href=\"https:\/\/zavnews.net\/index.php\/2017\/03\/17\/pokrenuo-svoj-biznis-nedzad-becar-proizvodi-auto-kozmetiku\/\" action=\"like\" colorscheme=\"light\" layout=\"standard\"  width=\"450px\" size=\"small\"><\/fb:like><\/div><div class=\"fb-share-button  \" data-href=\"https:\/\/zavnews.net\/index.php\/2017\/03\/17\/pokrenuo-svoj-biznis-nedzad-becar-proizvodi-auto-kozmetiku\/\" data-type=\"button_count\" data-size=\"small\"><\/div><\/div><p style=\"text-align: justify;\"><a href=\"http:\/\/zavnews.net\/index.php\/2017\/03\/17\/pokrenuo-svoj-biznis-nedzad-becar-proizvodi-auto-kozmetiku\/04-2\/\" rel=\"attachment wp-att-4617\"><img loading=\"lazy\" decoding=\"async\" class=\"aligncenter  wp-image-4617\" src=\"http:\/\/zavnews.net\/wp-content\/uploads\/2017\/03\/04-1.jpg\" alt=\"\" width=\"896\" height=\"595\" srcset=\"https:\/\/zavnews.net\/wp-content\/uploads\/2017\/03\/04-1.jpg 600w, https:\/\/zavnews.net\/wp-content\/uploads\/2017\/03\/04-1-300x199.jpg 300w\" sizes=\"(max-width: 896px) 100vw, 896px\" \/><\/a><\/p>\n<p style=\"text-align: justify;\"><strong>Po zavr\u0161etku srednje \u0161kole, 2016. godine, Ned\u017ead Be\u0107ar u potrazi za poslom, prijavio se na javni poziv Op\u0107ine Centar za program samozapo\u0161ljavanja.\u00a0<\/strong><\/p>\n<p style=\"text-align: justify;\"><strong>&#8211; Nakon zavr\u0161etka srednje \u0161kole vi\u0161e mjeseci sam tra\u017eio posao. Razgovarao sam sa ocem da pokrenem vlastiti posao i tad sam vidio oglas da Op\u0107ina Centar finansira poslovne projekte mladih nezaposlenih osoba, te sam odlu\u010dio prijaviti se i vidjeti \u0161ta \u0107e mi to donijeti. Moj projekat je izabran te je Op\u0107ina tokom cijelog tog procesa nastojala da nam iza\u0111e u susret \u2013<\/strong> poja\u0161njava\u00a0Be\u0107ar.<\/p>\n<p style=\"text-align: justify;\">Ned\u017ead je nakon zavr\u0161etka \u0161kole istra\u017eivao poslovne djelatnosti koje su najmanje zastupljene u na\u0161oj zemlji i tra\u017eio je pravac kojim \u0107e krenuti.<\/p>\n<p style=\"text-align: justify;\"><img loading=\"lazy\" decoding=\"async\" class=\"alignleft\" src=\"http:\/\/faktor.ba\/bundles\/websitenews\/gallery\/news\/240517\/thumbs\/600_1489756426nedzad_becar_1.JPG\" width=\"478\" height=\"317\" \/><\/p>\n<p style=\"text-align: justify;\"><strong>&#8211; Uradio sam istra\u017eivanje o manje zastupljenim poslovnim djelatnostima kod nas u Bosni i Hercegovini i uvidio sam da je proizvodnja auto-mirisa i uop\u0107e svih proizvoda koji se odnose na auto kozmetiku, jako malo zastupljena kod nas, te da se svi proizvodi ovakve vrste uvoze iz drugih zemalja. Zbog toga sam odlu\u010dio napraviti biznis plan koji \u0107e omogu\u0107iti doma\u0107u proizvodnju i za sad je dobro krenulo. Auto mirisi koje mi proizvodimo se prave i od drveta i od papira. Pravimo i mirise za ormare i iste nudimo ovda\u0161njim buticima, a koji se isto tako mogu koristiti i u ku\u0107noj upotrebi. Tako\u0111er pravimo i podmeta\u010de za \u010da\u0161e &#8211;<\/strong> isti\u010de Ned\u017ead.<\/p>\n<p style=\"text-align: justify;\">Biznis Ned\u017eadu trenutno ide jako dobro i ostvario je jako kvalitetne poslovne kontakte.<\/p>\n<p style=\"text-align: justify;\"><strong><img loading=\"lazy\" decoding=\"async\" class=\"alignright\" src=\"http:\/\/faktor.ba\/bundles\/websitenews\/gallery\/news\/240517\/thumbs\/600_1489756431nedzad_becar_5.JPG\" width=\"433\" height=\"287\" \/>&#8211; Proizvode sam izra\u0111ivao za nekoliko kompanija koje se bave prodajom automobila i za osiguravaju\u0107e ku\u0107e. Ostvario sam neke kontakte te namjeravam pro\u0161iriti proizvodnju i svoje proizvode u budu\u0107nosti ponuditi i vanjskom tr\u017ei\u0161tu &#8211;<\/strong> nagla\u0161ava Ned\u017ead.<\/p>\n<p style=\"text-align: justify;\">Mladi Ned\u017ead ne \u017eali zbog utro\u0161enog truda i vremena. Zadovoljan je i ponosan na ono \u0161to je do sada postigao i nada se da \u0107e u budu\u0107nosti kada pro\u0161iri kapacitet firme uspjeti ponuditi radna mjesta i tako pomo\u0107i svojim sugra\u0111anima.<\/p>\n<p style=\"text-align: justify;\"><strong>&#8211; Svi\u0111a mi se ovaj posao. Imam \u017eelju da ovim poslom pomognem i sebi i drugima. Ne \u017ealim za utro\u0161enim vremenom<\/strong> \u2013 zaklju\u010dio je Ned\u017ead.<\/p>\n<p style=\"text-align: right;\">zavnews\/faktor<\/p>\n<div class=\"fcbkbttn_buttons_block\" id=\"fcbkbttn_left\"><div class=\"fcbkbttn_button\">\n\t\t\t\t\t<a href=\"https:\/\/www.facebook.com\/www.zavnews.net\/\" target=\"_blank\">\n\t\t\t\t\t\t<img decoding=\"async\" src=\"https:\/\/zavnews.net\/wp-content\/plugins\/facebook-button-plugin\/images\/standard-facebook-ico.png\" alt=\"Fb-Button\" \/>\n\t\t\t\t\t<\/a>\n\t\t\t\t<\/div><div class=\"fcbkbttn_like \"><fb:like href=\"https:\/\/zavnews.net\/index.php\/2017\/03\/17\/pokrenuo-svoj-biznis-nedzad-becar-proizvodi-auto-kozmetiku\/\" action=\"like\" colorscheme=\"light\" layout=\"standard\"  width=\"450px\" size=\"small\"><\/fb:like><\/div><div class=\"fb-share-button  \" data-href=\"https:\/\/zavnews.net\/index.php\/2017\/03\/17\/pokrenuo-svoj-biznis-nedzad-becar-proizvodi-auto-kozmetiku\/\" data-type=\"button_count\" data-size=\"small\"><\/div><\/div>","protected":false},"excerpt":{"rendered":"<div class=\"fcbkbttn_buttons_block\" id=\"fcbkbttn_left\"><div class=\"fcbkbttn_button\">\n\t\t\t\t\t<a href=\"https:\/\/www.facebook.com\/www.zavnews.net\/\" target=\"_blank\">\n\t\t\t\t\t\t<img decoding=\"async\" src=\"https:\/\/zavnews.net\/wp-content\/plugins\/facebook-button-plugin\/images\/standard-facebook-ico.png\" alt=\"Fb-Button\" \/>\n\t\t\t\t\t<\/a>\n\t\t\t\t<\/div><div class=\"fcbkbttn_like \"><fb:like href=\"https:\/\/zavnews.net\/index.php\/2017\/03\/17\/pokrenuo-svoj-biznis-nedzad-becar-proizvodi-auto-kozmetiku\/\" action=\"like\" colorscheme=\"light\" layout=\"standard\"  width=\"450px\" size=\"small\"><\/fb:like><\/div><div class=\"fb-share-button  \" data-href=\"https:\/\/zavnews.net\/index.php\/2017\/03\/17\/pokrenuo-svoj-biznis-nedzad-becar-proizvodi-auto-kozmetiku\/\" data-type=\"button_count\" data-size=\"small\"><\/div><\/div><p>Po zavr\u0161etku srednje \u0161kole, 2016. godine, Ned\u017ead Be\u0107ar u potrazi za poslom, prijavio se na javni poziv Op\u0107ine Centar za program samozapo\u0161ljavanja.\u00a0 &#8211; Nakon zavr\u0161etka srednje \u0161kole vi\u0161e mjeseci sam tra\u017eio posao. Razgovarao sam sa ocem da pokrenem vlastiti posao&#8230;<\/p>\n<div class=\"fcbkbttn_buttons_block\" id=\"fcbkbttn_left\"><div class=\"fcbkbttn_button\">\n\t\t\t\t\t<a href=\"https:\/\/www.facebook.com\/www.zavnews.net\/\" target=\"_blank\">\n\t\t\t\t\t\t<img decoding=\"async\" src=\"https:\/\/zavnews.net\/wp-content\/plugins\/facebook-button-plugin\/images\/standard-facebook-ico.png\" alt=\"Fb-Button\" \/>\n\t\t\t\t\t<\/a>\n\t\t\t\t<\/div><div class=\"fcbkbttn_like \"><fb:like href=\"https:\/\/zavnews.net\/index.php\/2017\/03\/17\/pokrenuo-svoj-biznis-nedzad-becar-proizvodi-auto-kozmetiku\/\" action=\"like\" colorscheme=\"light\" layout=\"standard\"  width=\"450px\" size=\"small\"><\/fb:like><\/div><div class=\"fb-share-button  \" data-href=\"https:\/\/zavnews.net\/index.php\/2017\/03\/17\/pokrenuo-svoj-biznis-nedzad-becar-proizvodi-auto-kozmetiku\/\" data-type=\"button_count\" data-size=\"small\"><\/div><\/div>","protected":false},"author":1,"featured_media":4617,"comment_status":"open","ping_status":"open","sticky":false,"template":"","format":"standard","meta":{"footnotes":""},"categories":[23,6],"tags":[],"yoast_head":"<!-- This site is optimized with the Yoast SEO plugin v23.5 - https:\/\/yoast.com\/wordpress\/plugins\/seo\/ -->\n<title>Pokrenuo svoj biznis: Ned\u017ead Be\u0107ar proizvodi auto-kozmetiku - Zavnews<\/title>\n<meta name=\"robots\" content=\"index, follow, max-snippet:-1, max-image-preview:large, max-video-preview:-1\" \/>\n<link rel=\"canonical\" href=\"https:\/\/zavnews.net\/index.php\/2017\/03\/17\/pokrenuo-svoj-biznis-nedzad-becar-proizvodi-auto-kozmetiku\/\" \/>\n<meta property=\"og:locale\" content=\"bs_BA\" \/>\n<meta property=\"og:type\" content=\"article\" \/>\n<meta property=\"og:title\" content=\"Pokrenuo svoj biznis: Ned\u017ead Be\u0107ar proizvodi auto-kozmetiku - Zavnews\" \/>\n<meta property=\"og:description\" content=\"Po zavr\u0161etku srednje \u0161kole, 2016. godine, Ned\u017ead Be\u0107ar u potrazi za poslom, prijavio se na javni poziv Op\u0107ine Centar za program samozapo\u0161ljavanja.\u00a0 &#8211; Nakon zavr\u0161etka srednje \u0161kole vi\u0161e mjeseci sam tra\u017eio posao. Razgovarao sam sa ocem da pokrenem vlastiti posao...\" \/>\n<meta property=\"og:url\" content=\"https:\/\/zavnews.net\/index.php\/2017\/03\/17\/pokrenuo-svoj-biznis-nedzad-becar-proizvodi-auto-kozmetiku\/\" \/>\n<meta property=\"og:site_name\" content=\"Zavnews\" \/>\n<meta property=\"article:published_time\" content=\"2017-03-17T20:29:54+00:00\" \/>\n<meta property=\"article:modified_time\" content=\"2017-03-17T20:29:55+00:00\" \/>\n<meta property=\"og:image\" content=\"https:\/\/zavnews.net\/wp-content\/uploads\/2017\/03\/04-1.jpg\" \/>\n\t<meta property=\"og:image:width\" content=\"600\" \/>\n\t<meta property=\"og:image:height\" content=\"398\" \/>\n\t<meta property=\"og:image:type\" content=\"image\/jpeg\" \/>\n<meta name=\"author\" content=\"zavnews\" \/>\n<meta name=\"twitter:card\" content=\"summary_large_image\" \/>\n<meta name=\"twitter:label1\" content=\"Written by\" \/>\n\t<meta name=\"twitter:data1\" content=\"zavnews\" \/>\n\t<meta name=\"twitter:label2\" content=\"Est. reading time\" \/>\n\t<meta name=\"twitter:data2\" content=\"2 minute\" \/>\n<script type=\"application\/ld+json\" class=\"yoast-schema-graph\">{\"@context\":\"https:\/\/schema.org\",\"@graph\":[{\"@type\":\"Article\",\"@id\":\"https:\/\/zavnews.net\/index.php\/2017\/03\/17\/pokrenuo-svoj-biznis-nedzad-becar-proizvodi-auto-kozmetiku\/#article\",\"isPartOf\":{\"@id\":\"https:\/\/zavnews.net\/index.php\/2017\/03\/17\/pokrenuo-svoj-biznis-nedzad-becar-proizvodi-auto-kozmetiku\/\"},\"author\":{\"name\":\"zavnews\",\"@id\":\"https:\/\/zavnews.net\/#\/schema\/person\/2477577553b6626f3681ce4d32a6917f\"},\"headline\":\"Pokrenuo svoj biznis: Ned\u017ead Be\u0107ar proizvodi auto-kozmetiku\",\"datePublished\":\"2017-03-17T20:29:54+00:00\",\"dateModified\":\"2017-03-17T20:29:55+00:00\",\"mainEntityOfPage\":{\"@id\":\"https:\/\/zavnews.net\/index.php\/2017\/03\/17\/pokrenuo-svoj-biznis-nedzad-becar-proizvodi-auto-kozmetiku\/\"},\"wordCount\":390,\"commentCount\":0,\"publisher\":{\"@id\":\"https:\/\/zavnews.net\/#organization\"},\"image\":{\"@id\":\"https:\/\/zavnews.net\/index.php\/2017\/03\/17\/pokrenuo-svoj-biznis-nedzad-becar-proizvodi-auto-kozmetiku\/#primaryimage\"},\"thumbnailUrl\":\"https:\/\/zavnews.net\/wp-content\/uploads\/2017\/03\/04-1.jpg\",\"articleSection\":[\"BiH\",\"BIZNIS\"],\"inLanguage\":\"bs-BA\",\"potentialAction\":[{\"@type\":\"CommentAction\",\"name\":\"Comment\",\"target\":[\"https:\/\/zavnews.net\/index.php\/2017\/03\/17\/pokrenuo-svoj-biznis-nedzad-becar-proizvodi-auto-kozmetiku\/#respond\"]}]},{\"@type\":\"WebPage\",\"@id\":\"https:\/\/zavnews.net\/index.php\/2017\/03\/17\/pokrenuo-svoj-biznis-nedzad-becar-proizvodi-auto-kozmetiku\/\",\"url\":\"https:\/\/zavnews.net\/index.php\/2017\/03\/17\/pokrenuo-svoj-biznis-nedzad-becar-proizvodi-auto-kozmetiku\/\",\"name\":\"Pokrenuo svoj biznis: Ned\u017ead Be\u0107ar proizvodi auto-kozmetiku - Zavnews\",\"isPartOf\":{\"@id\":\"https:\/\/zavnews.net\/#website\"},\"primaryImageOfPage\":{\"@id\":\"https:\/\/zavnews.net\/index.php\/2017\/03\/17\/pokrenuo-svoj-biznis-nedzad-becar-proizvodi-auto-kozmetiku\/#primaryimage\"},\"image\":{\"@id\":\"https:\/\/zavnews.net\/index.php\/2017\/03\/17\/pokrenuo-svoj-biznis-nedzad-becar-proizvodi-auto-kozmetiku\/#primaryimage\"},\"thumbnailUrl\":\"https:\/\/zavnews.net\/wp-content\/uploads\/2017\/03\/04-1.jpg\",\"datePublished\":\"2017-03-17T20:29:54+00:00\",\"dateModified\":\"2017-03-17T20:29:55+00:00\",\"breadcrumb\":{\"@id\":\"https:\/\/zavnews.net\/index.php\/2017\/03\/17\/pokrenuo-svoj-biznis-nedzad-becar-proizvodi-auto-kozmetiku\/#breadcrumb\"},\"inLanguage\":\"bs-BA\",\"potentialAction\":[{\"@type\":\"ReadAction\",\"target\":[\"https:\/\/zavnews.net\/index.php\/2017\/03\/17\/pokrenuo-svoj-biznis-nedzad-becar-proizvodi-auto-kozmetiku\/\"]}]},{\"@type\":\"ImageObject\",\"inLanguage\":\"bs-BA\",\"@id\":\"https:\/\/zavnews.net\/index.php\/2017\/03\/17\/pokrenuo-svoj-biznis-nedzad-becar-proizvodi-auto-kozmetiku\/#primaryimage\",\"url\":\"https:\/\/zavnews.net\/wp-content\/uploads\/2017\/03\/04-1.jpg\",\"contentUrl\":\"https:\/\/zavnews.net\/wp-content\/uploads\/2017\/03\/04-1.jpg\",\"width\":600,\"height\":398},{\"@type\":\"BreadcrumbList\",\"@id\":\"https:\/\/zavnews.net\/index.php\/2017\/03\/17\/pokrenuo-svoj-biznis-nedzad-becar-proizvodi-auto-kozmetiku\/#breadcrumb\",\"itemListElement\":[{\"@type\":\"ListItem\",\"position\":1,\"name\":\"Po\u010detna stranica\",\"item\":\"https:\/\/zavnews.net\/\"},{\"@type\":\"ListItem\",\"position\":2,\"name\":\"Pokrenuo svoj biznis: Ned\u017ead Be\u0107ar proizvodi auto-kozmetiku\"}]},{\"@type\":\"WebSite\",\"@id\":\"https:\/\/zavnews.net\/#website\",\"url\":\"https:\/\/zavnews.net\/\",\"name\":\"Zavnews\",\"description\":\"Zavidovi\u0107i\",\"publisher\":{\"@id\":\"https:\/\/zavnews.net\/#organization\"},\"potentialAction\":[{\"@type\":\"SearchAction\",\"target\":{\"@type\":\"EntryPoint\",\"urlTemplate\":\"https:\/\/zavnews.net\/?s={search_term_string}\"},\"query-input\":{\"@type\":\"PropertyValueSpecification\",\"valueRequired\":true,\"valueName\":\"search_term_string\"}}],\"inLanguage\":\"bs-BA\"},{\"@type\":\"Organization\",\"@id\":\"https:\/\/zavnews.net\/#organization\",\"name\":\"Zavidovi\u0107i\",\"url\":\"https:\/\/zavnews.net\/\",\"logo\":{\"@type\":\"ImageObject\",\"inLanguage\":\"bs-BA\",\"@id\":\"https:\/\/zavnews.net\/#\/schema\/logo\/image\/\",\"url\":\"https:\/\/zavnews.net\/wp-content\/uploads\/2021\/11\/cropped-cropped-cropped-cropped-Screenshot_1-removebg-preview-2.png\",\"contentUrl\":\"https:\/\/zavnews.net\/wp-content\/uploads\/2021\/11\/cropped-cropped-cropped-cropped-Screenshot_1-removebg-preview-2.png\",\"width\":841,\"height\":180,\"caption\":\"Zavidovi\u0107i\"},\"image\":{\"@id\":\"https:\/\/zavnews.net\/#\/schema\/logo\/image\/\"}},{\"@type\":\"Person\",\"@id\":\"https:\/\/zavnews.net\/#\/schema\/person\/2477577553b6626f3681ce4d32a6917f\",\"name\":\"zavnews\",\"image\":{\"@type\":\"ImageObject\",\"inLanguage\":\"bs-BA\",\"@id\":\"https:\/\/zavnews.net\/#\/schema\/person\/image\/\",\"url\":\"https:\/\/secure.gravatar.com\/avatar\/3d25e050de275ca74aa70a2e30eb6f6c?s=96&d=mm&r=g\",\"contentUrl\":\"https:\/\/secure.gravatar.com\/avatar\/3d25e050de275ca74aa70a2e30eb6f6c?s=96&d=mm&r=g\",\"caption\":\"zavnews\"}}]}<\/script>\n<!-- \/ Yoast SEO plugin. -->","yoast_head_json":{"title":"Pokrenuo svoj biznis: Ned\u017ead Be\u0107ar proizvodi auto-kozmetiku - Zavnews","robots":{"index":"index","follow":"follow","max-snippet":"max-snippet:-1","max-image-preview":"max-image-preview:large","max-video-preview":"max-video-preview:-1"},"canonical":"https:\/\/zavnews.net\/index.php\/2017\/03\/17\/pokrenuo-svoj-biznis-nedzad-becar-proizvodi-auto-kozmetiku\/","og_locale":"bs_BA","og_type":"article","og_title":"Pokrenuo svoj biznis: Ned\u017ead Be\u0107ar proizvodi auto-kozmetiku - Zavnews","og_description":"Po zavr\u0161etku srednje \u0161kole, 2016. godine, Ned\u017ead Be\u0107ar u potrazi za poslom, prijavio se na javni poziv Op\u0107ine Centar za program samozapo\u0161ljavanja.\u00a0 &#8211; Nakon zavr\u0161etka srednje \u0161kole vi\u0161e mjeseci sam tra\u017eio posao. Razgovarao sam sa ocem da pokrenem vlastiti posao...","og_url":"https:\/\/zavnews.net\/index.php\/2017\/03\/17\/pokrenuo-svoj-biznis-nedzad-becar-proizvodi-auto-kozmetiku\/","og_site_name":"Zavnews","article_published_time":"2017-03-17T20:29:54+00:00","article_modified_time":"2017-03-17T20:29:55+00:00","og_image":[{"width":600,"height":398,"url":"https:\/\/zavnews.net\/wp-content\/uploads\/2017\/03\/04-1.jpg","type":"image\/jpeg"}],"author":"zavnews","twitter_card":"summary_large_image","twitter_misc":{"Written by":"zavnews","Est. reading time":"2 minute"},"schema":{"@context":"https:\/\/schema.org","@graph":[{"@type":"Article","@id":"https:\/\/zavnews.net\/index.php\/2017\/03\/17\/pokrenuo-svoj-biznis-nedzad-becar-proizvodi-auto-kozmetiku\/#article","isPartOf":{"@id":"https:\/\/zavnews.net\/index.php\/2017\/03\/17\/pokrenuo-svoj-biznis-nedzad-becar-proizvodi-auto-kozmetiku\/"},"author":{"name":"zavnews","@id":"https:\/\/zavnews.net\/#\/schema\/person\/2477577553b6626f3681ce4d32a6917f"},"headline":"Pokrenuo svoj biznis: Ned\u017ead Be\u0107ar proizvodi auto-kozmetiku","datePublished":"2017-03-17T20:29:54+00:00","dateModified":"2017-03-17T20:29:55+00:00","mainEntityOfPage":{"@id":"https:\/\/zavnews.net\/index.php\/2017\/03\/17\/pokrenuo-svoj-biznis-nedzad-becar-proizvodi-auto-kozmetiku\/"},"wordCount":390,"commentCount":0,"publisher":{"@id":"https:\/\/zavnews.net\/#organization"},"image":{"@id":"https:\/\/zavnews.net\/index.php\/2017\/03\/17\/pokrenuo-svoj-biznis-nedzad-becar-proizvodi-auto-kozmetiku\/#primaryimage"},"thumbnailUrl":"https:\/\/zavnews.net\/wp-content\/uploads\/2017\/03\/04-1.jpg","articleSection":["BiH","BIZNIS"],"inLanguage":"bs-BA","potentialAction":[{"@type":"CommentAction","name":"Comment","target":["https:\/\/zavnews.net\/index.php\/2017\/03\/17\/pokrenuo-svoj-biznis-nedzad-becar-proizvodi-auto-kozmetiku\/#respond"]}]},{"@type":"WebPage","@id":"https:\/\/zavnews.net\/index.php\/2017\/03\/17\/pokrenuo-svoj-biznis-nedzad-becar-proizvodi-auto-kozmetiku\/","url":"https:\/\/zavnews.net\/index.php\/2017\/03\/17\/pokrenuo-svoj-biznis-nedzad-becar-proizvodi-auto-kozmetiku\/","name":"Pokrenuo svoj biznis: Ned\u017ead Be\u0107ar proizvodi auto-kozmetiku - Zavnews","isPartOf":{"@id":"https:\/\/zavnews.net\/#website"},"primaryImageOfPage":{"@id":"https:\/\/zavnews.net\/index.php\/2017\/03\/17\/pokrenuo-svoj-biznis-nedzad-becar-proizvodi-auto-kozmetiku\/#primaryimage"},"image":{"@id":"https:\/\/zavnews.net\/index.php\/2017\/03\/17\/pokrenuo-svoj-biznis-nedzad-becar-proizvodi-auto-kozmetiku\/#primaryimage"},"thumbnailUrl":"https:\/\/zavnews.net\/wp-content\/uploads\/2017\/03\/04-1.jpg","datePublished":"2017-03-17T20:29:54+00:00","dateModified":"2017-03-17T20:29:55+00:00","breadcrumb":{"@id":"https:\/\/zavnews.net\/index.php\/2017\/03\/17\/pokrenuo-svoj-biznis-nedzad-becar-proizvodi-auto-kozmetiku\/#breadcrumb"},"inLanguage":"bs-BA","potentialAction":[{"@type":"ReadAction","target":["https:\/\/zavnews.net\/index.php\/2017\/03\/17\/pokrenuo-svoj-biznis-nedzad-becar-proizvodi-auto-kozmetiku\/"]}]},{"@type":"ImageObject","inLanguage":"bs-BA","@id":"https:\/\/zavnews.net\/index.php\/2017\/03\/17\/pokrenuo-svoj-biznis-nedzad-becar-proizvodi-auto-kozmetiku\/#primaryimage","url":"https:\/\/zavnews.net\/wp-content\/uploads\/2017\/03\/04-1.jpg","contentUrl":"https:\/\/zavnews.net\/wp-content\/uploads\/2017\/03\/04-1.jpg","width":600,"height":398},{"@type":"BreadcrumbList","@id":"https:\/\/zavnews.net\/index.php\/2017\/03\/17\/pokrenuo-svoj-biznis-nedzad-becar-proizvodi-auto-kozmetiku\/#breadcrumb","itemListElement":[{"@type":"ListItem","position":1,"name":"Po\u010detna stranica","item":"https:\/\/zavnews.net\/"},{"@type":"ListItem","position":2,"name":"Pokrenuo svoj biznis: Ned\u017ead Be\u0107ar proizvodi auto-kozmetiku"}]},{"@type":"WebSite","@id":"https:\/\/zavnews.net\/#website","url":"https:\/\/zavnews.net\/","name":"Zavnews","description":"Zavidovi\u0107i","publisher":{"@id":"https:\/\/zavnews.net\/#organization"},"potentialAction":[{"@type":"SearchAction","target":{"@type":"EntryPoint","urlTemplate":"https:\/\/zavnews.net\/?s={search_term_string}"},"query-input":{"@type":"PropertyValueSpecification","valueRequired":true,"valueName":"search_term_string"}}],"inLanguage":"bs-BA"},{"@type":"Organization","@id":"https:\/\/zavnews.net\/#organization","name":"Zavidovi\u0107i","url":"https:\/\/zavnews.net\/","logo":{"@type":"ImageObject","inLanguage":"bs-BA","@id":"https:\/\/zavnews.net\/#\/schema\/logo\/image\/","url":"https:\/\/zavnews.net\/wp-content\/uploads\/2021\/11\/cropped-cropped-cropped-cropped-Screenshot_1-removebg-preview-2.png","contentUrl":"https:\/\/zavnews.net\/wp-content\/uploads\/2021\/11\/cropped-cropped-cropped-cropped-Screenshot_1-removebg-preview-2.png","width":841,"height":180,"caption":"Zavidovi\u0107i"},"image":{"@id":"https:\/\/zavnews.net\/#\/schema\/logo\/image\/"}},{"@type":"Person","@id":"https:\/\/zavnews.net\/#\/schema\/person\/2477577553b6626f3681ce4d32a6917f","name":"zavnews","image":{"@type":"ImageObject","inLanguage":"bs-BA","@id":"https:\/\/zavnews.net\/#\/schema\/person\/image\/","url":"https:\/\/secure.gravatar.com\/avatar\/3d25e050de275ca74aa70a2e30eb6f6c?s=96&d=mm&r=g","contentUrl":"https:\/\/secure.gravatar.com\/avatar\/3d25e050de275ca74aa70a2e30eb6f6c?s=96&d=mm&r=g","caption":"zavnews"}}]}},"_links":{"self":[{"href":"https:\/\/zavnews.net\/index.php\/wp-json\/wp\/v2\/posts\/4616"}],"collection":[{"href":"https:\/\/zavnews.net\/index.php\/wp-json\/wp\/v2\/posts"}],"about":[{"href":"https:\/\/zavnews.net\/index.php\/wp-json\/wp\/v2\/types\/post"}],"author":[{"embeddable":true,"href":"https:\/\/zavnews.net\/index.php\/wp-json\/wp\/v2\/users\/1"}],"replies":[{"embeddable":true,"href":"https:\/\/zavnews.net\/index.php\/wp-json\/wp\/v2\/comments?post=4616"}],"version-history":[{"count":2,"href":"https:\/\/zavnews.net\/index.php\/wp-json\/wp\/v2\/posts\/4616\/revisions"}],"predecessor-version":[{"id":4619,"href":"https:\/\/zavnews.net\/index.php\/wp-json\/wp\/v2\/posts\/4616\/revisions\/4619"}],"wp:featuredmedia":[{"embeddable":true,"href":"https:\/\/zavnews.net\/index.php\/wp-json\/wp\/v2\/media\/4617"}],"wp:attachment":[{"href":"https:\/\/zavnews.net\/index.php\/wp-json\/wp\/v2\/media?parent=4616"}],"wp:term":[{"taxonomy":"category","embeddable":true,"href":"https:\/\/zavnews.net\/index.php\/wp-json\/wp\/v2\/categories?post=4616"},{"taxonomy":"post_tag","embeddable":true,"href":"https:\/\/zavnews.net\/index.php\/wp-json\/wp\/v2\/tags?post=4616"}],"curies":[{"name":"wp","href":"https:\/\/api.w.org\/{rel}","templated":true}]}}