{"id":438,"date":"2016-12-14T19:50:31","date_gmt":"2016-12-14T18:50:31","guid":{"rendered":"http:\/\/zavnews.net\/?p=438"},"modified":"2016-12-14T19:50:31","modified_gmt":"2016-12-14T18:50:31","slug":"danas-sarajevu-odrzan-miting-podrske-narodu-sirije","status":"publish","type":"post","link":"https:\/\/zavnews.net\/index.php\/2016\/12\/14\/danas-sarajevu-odrzan-miting-podrske-narodu-sirije\/","title":{"rendered":"Danas u Sarajevu odr\u017ean miting podr\u0161ke narodu Sirije"},"content":{"rendered":"<div class=\"fcbkbttn_buttons_block\" id=\"fcbkbttn_left\"><div class=\"fcbkbttn_button\">\n\t\t\t\t\t<a href=\"https:\/\/www.facebook.com\/www.zavnews.net\/\" target=\"_blank\">\n\t\t\t\t\t\t<img decoding=\"async\" src=\"https:\/\/zavnews.net\/wp-content\/plugins\/facebook-button-plugin\/images\/standard-facebook-ico.png\" alt=\"Fb-Button\" \/>\n\t\t\t\t\t<\/a>\n\t\t\t\t<\/div><div class=\"fcbkbttn_like \"><fb:like href=\"https:\/\/zavnews.net\/index.php\/2016\/12\/14\/danas-sarajevu-odrzan-miting-podrske-narodu-sirije\/\" action=\"like\" colorscheme=\"light\" layout=\"standard\"  width=\"450px\" size=\"small\"><\/fb:like><\/div><div class=\"fb-share-button  \" data-href=\"https:\/\/zavnews.net\/index.php\/2016\/12\/14\/danas-sarajevu-odrzan-miting-podrske-narodu-sirije\/\" data-type=\"button_count\" data-size=\"small\"><\/div><\/div><div class=\"articleIntro\" style=\"text-align: justify;\"><strong>Gra\u0111ani Sarajeva i drugih gradova BiH, danas su se pridru\u017eili brojnim gradovima \u0161irom svijeta koji su odlu\u010dili di\u0107i glas protiv nasilja i ubistava u Halepu i cijeloj Siriji. Veliki broj gra\u0111ana se okupio ispred BBI Centra u Sarajevu odakle je svjetskim silama upu\u0107en apel da zaustave krvoproli\u0107e u Siriji.<\/strong><\/div>\n<div class=\"articlePhotoContent\">\n<div class=\"articleTxt\">\n<p style=\"text-align: justify;\">Mitingu podr\u0161ke prisustvovali su predstavnici kulturnih udru\u017eenja, organizacija civilnog dru\u0161tva, akademske i vjerske zajednice, studenti i drugi gra\u0111ani.<\/p>\n<p style=\"text-align: justify;\">\n<strong>&#8220;Do\u0161ao sam da izrazim solidarnost sa stanovnicima Halepa i drugih sirijskih gradova. Ako iko zna kako je biti gladan u strahu bez lijekova znamo mi koji smo bili pod opsadom&#8221;,<\/strong> kazao je Ivo Kom\u0161i\u0107.<\/p>\n<p><strong>&#8220;Ovo je dan kada Sarajevo poku\u0161ava di\u0107i glas i upozoriti svijet na to da se de\u0161ava nemilosrdni rat. Do\u0161lo je vrijeme da se ka\u017ee da se uni\u0161tava \u010dovje\u010danstvo i ginu ljudi\u201c,<\/strong> poru\u010dio je Eli Tauber.<\/p>\n<p>Govornici su podsjetili na stradnaja gra\u0111ana Sarajeva tokom opsade grada, poru\u010div\u0161i da je svijet i tada \u0161utio, kao i sada. Ljudi \u0161irom svijeta su pozvani da dignu svoj glas protiv krvoproli\u0107a.\n<\/p>\n<p style=\"text-align: justify;\"><img loading=\"lazy\" decoding=\"async\" class=\"alignnone  wp-image-441\" src=\"http:\/\/zavnews.net\/wp-content\/uploads\/2016\/12\/58515efc-ddd0-4016-80d5-20dd0a0a0a80-miting-sarajevo-sirija-2-previewOrg.jpg\" alt=\"\" width=\"827\" height=\"522\" srcset=\"https:\/\/zavnews.net\/wp-content\/uploads\/2016\/12\/58515efc-ddd0-4016-80d5-20dd0a0a0a80-miting-sarajevo-sirija-2-previewOrg.jpg 760w, https:\/\/zavnews.net\/wp-content\/uploads\/2016\/12\/58515efc-ddd0-4016-80d5-20dd0a0a0a80-miting-sarajevo-sirija-2-previewOrg-600x379.jpg 600w, https:\/\/zavnews.net\/wp-content\/uploads\/2016\/12\/58515efc-ddd0-4016-80d5-20dd0a0a0a80-miting-sarajevo-sirija-2-previewOrg-300x189.jpg 300w\" sizes=\"(max-width: 827px) 100vw, 827px\" \/><\/p>\n<p style=\"text-align: justify;\">\n<strong>&#8220;Nema svetoga rata, samo sveti mir&#8221;,<\/strong> poru\u010dio je Franjo Topi\u0107, predsjednik HKD Napredak.<\/p>\n<p><strong>&#8220;Danas smo svi jedinstveni, predstavnici svih religija trebaju uputiti apel cijelom \u010dovje\u010danstvu i UN-u da se zaustave svi ratovi i prekinu stradanja civila i nevine djece&#8221;,<\/strong> kazao je Savo Vla\u0161ki iz SKPD Prosvjeta.<\/p>\n<p>Predstavnica mladih i Kruga 99 Mirna Kulenovi\u0107 se prisjetila rata u Sarajevu i vremena kada je ro\u0111ena, <strong>rekav\u0161i da je bolnica u kojoj je ro\u0111ena granatirana i da je \u010dista sre\u0107a \u0161to je danas \u017eiva i \u0161to ima priliku biti jedna od onih koji \u0107e pokazati mo\u0107 pojedinaca.<\/strong>\n<\/p>\n<p style=\"text-align: justify;\"><img loading=\"lazy\" decoding=\"async\" class=\"alignnone  wp-image-440\" src=\"http:\/\/zavnews.net\/wp-content\/uploads\/2016\/12\/58515a37-cdd8-4265-b4d2-201b0a0a0a80-sarajevo-sirija-miting-6-previewOrg-1024x624.jpg\" alt=\"\" width=\"826\" height=\"504\" srcset=\"https:\/\/zavnews.net\/wp-content\/uploads\/2016\/12\/58515a37-cdd8-4265-b4d2-201b0a0a0a80-sarajevo-sirija-miting-6-previewOrg-1024x624.jpg 1024w, https:\/\/zavnews.net\/wp-content\/uploads\/2016\/12\/58515a37-cdd8-4265-b4d2-201b0a0a0a80-sarajevo-sirija-miting-6-previewOrg-600x365.jpg 600w, https:\/\/zavnews.net\/wp-content\/uploads\/2016\/12\/58515a37-cdd8-4265-b4d2-201b0a0a0a80-sarajevo-sirija-miting-6-previewOrg-300x183.jpg 300w, https:\/\/zavnews.net\/wp-content\/uploads\/2016\/12\/58515a37-cdd8-4265-b4d2-201b0a0a0a80-sarajevo-sirija-miting-6-previewOrg-768x468.jpg 768w, https:\/\/zavnews.net\/wp-content\/uploads\/2016\/12\/58515a37-cdd8-4265-b4d2-201b0a0a0a80-sarajevo-sirija-miting-6-previewOrg.jpg 1261w\" sizes=\"(max-width: 826px) 100vw, 826px\" \/><\/p>\n<p style=\"text-align: justify;\">\n<strong>Mitingu je prisustvovao i veliki broj roditelja s djecom\u00a0<\/strong><br \/>\n<strong>\u00a0<\/strong><br \/>\n<strong>&#8220;Majka sam ubijene k\u0107erke Sanele. Poginula je od granate dok sam je dr\u017eala u krilu. Ovdje je sve ubijano \u0161to se moglo ubiti, ali ne i volja naroda. Molim dobre ljude da prestane rat u Siriji da prestanu ubijati djecu. Moja Sanela nije do\u010dekala deveti ro\u0111endan. Molim dobre ljude da nijedna majka vi\u0161e ne zapla\u010de. Molim sve sile da ostave ljude i djecu da \u017eive\u201c,<\/strong> poru\u010dila je Saja Haskovi\u0107.<\/p>\n<p>Okupljeni su nosili transparente na kojima je, izme\u0111u ostalog, pisalo <strong>&#8220;Sirija , jo\u0161 jedna rat u\u017eivo&#8221;<\/strong> i <strong>&#8220;Ubijanje nije politika&#8221;.<\/strong><\/p>\n<p><strong>&#8220;Mi ne mo\u017eemo u\u010diniti mnogo da olak\u0161amo patnju civila koji su pod stalnim napadima bez hrane i pod opsadom, ali mo\u017eemo di\u0107i glas protiv ubijanja. Apelujemo na sve mo\u0107nike koji preko naroda Sirije rje\u0161avaju geopoliti\u010dke interese da zaustave svoje armade i dotok oru\u017eja&#8221;,<\/strong> navedeno je u zajedni\u010dkoj izjavi organizatora skupa.<\/p>\n<p>Zajedni\u010dka izjava organizatora u kojoj se tra\u017ei zaustavljanje pokolja u Siriji i spa\u0161avanje nedu\u017enih \u017eivota, bit \u0107e upu\u0107ena svima ambasadama u na\u0161oj zemlji.<\/p>\n<p><iframe loading=\"lazy\" width=\"640\" height=\"360\" src=\"https:\/\/www.youtube.com\/embed\/JvIXQpMuPOg?feature=oembed\" frameborder=\"0\" allowfullscreen><\/iframe><\/p>\n<\/div>\n<\/div>\n<div class=\"fcbkbttn_buttons_block\" id=\"fcbkbttn_left\"><div class=\"fcbkbttn_button\">\n\t\t\t\t\t<a href=\"https:\/\/www.facebook.com\/www.zavnews.net\/\" target=\"_blank\">\n\t\t\t\t\t\t<img decoding=\"async\" src=\"https:\/\/zavnews.net\/wp-content\/plugins\/facebook-button-plugin\/images\/standard-facebook-ico.png\" alt=\"Fb-Button\" \/>\n\t\t\t\t\t<\/a>\n\t\t\t\t<\/div><div class=\"fcbkbttn_like \"><fb:like href=\"https:\/\/zavnews.net\/index.php\/2016\/12\/14\/danas-sarajevu-odrzan-miting-podrske-narodu-sirije\/\" action=\"like\" colorscheme=\"light\" layout=\"standard\"  width=\"450px\" size=\"small\"><\/fb:like><\/div><div class=\"fb-share-button  \" data-href=\"https:\/\/zavnews.net\/index.php\/2016\/12\/14\/danas-sarajevu-odrzan-miting-podrske-narodu-sirije\/\" data-type=\"button_count\" data-size=\"small\"><\/div><\/div>","protected":false},"excerpt":{"rendered":"<div class=\"fcbkbttn_buttons_block\" id=\"fcbkbttn_left\"><div class=\"fcbkbttn_button\">\n\t\t\t\t\t<a href=\"https:\/\/www.facebook.com\/www.zavnews.net\/\" target=\"_blank\">\n\t\t\t\t\t\t<img decoding=\"async\" src=\"https:\/\/zavnews.net\/wp-content\/plugins\/facebook-button-plugin\/images\/standard-facebook-ico.png\" alt=\"Fb-Button\" \/>\n\t\t\t\t\t<\/a>\n\t\t\t\t<\/div><div class=\"fcbkbttn_like \"><fb:like href=\"https:\/\/zavnews.net\/index.php\/2016\/12\/14\/danas-sarajevu-odrzan-miting-podrske-narodu-sirije\/\" action=\"like\" colorscheme=\"light\" layout=\"standard\"  width=\"450px\" size=\"small\"><\/fb:like><\/div><div class=\"fb-share-button  \" data-href=\"https:\/\/zavnews.net\/index.php\/2016\/12\/14\/danas-sarajevu-odrzan-miting-podrske-narodu-sirije\/\" data-type=\"button_count\" data-size=\"small\"><\/div><\/div><p>Gra\u0111ani Sarajeva i drugih gradova BiH, danas su se pridru\u017eili brojnim gradovima \u0161irom svijeta koji su odlu\u010dili di\u0107i glas protiv nasilja i ubistava u Halepu i cijeloj Siriji. Veliki broj gra\u0111ana se okupio ispred BBI Centra u Sarajevu odakle je&#8230;<\/p>\n<div class=\"fcbkbttn_buttons_block\" id=\"fcbkbttn_left\"><div class=\"fcbkbttn_button\">\n\t\t\t\t\t<a href=\"https:\/\/www.facebook.com\/www.zavnews.net\/\" target=\"_blank\">\n\t\t\t\t\t\t<img decoding=\"async\" src=\"https:\/\/zavnews.net\/wp-content\/plugins\/facebook-button-plugin\/images\/standard-facebook-ico.png\" alt=\"Fb-Button\" \/>\n\t\t\t\t\t<\/a>\n\t\t\t\t<\/div><div class=\"fcbkbttn_like \"><fb:like href=\"https:\/\/zavnews.net\/index.php\/2016\/12\/14\/danas-sarajevu-odrzan-miting-podrske-narodu-sirije\/\" action=\"like\" colorscheme=\"light\" layout=\"standard\"  width=\"450px\" size=\"small\"><\/fb:like><\/div><div class=\"fb-share-button  \" data-href=\"https:\/\/zavnews.net\/index.php\/2016\/12\/14\/danas-sarajevu-odrzan-miting-podrske-narodu-sirije\/\" data-type=\"button_count\" data-size=\"small\"><\/div><\/div>","protected":false},"author":1,"featured_media":439,"comment_status":"open","ping_status":"open","sticky":false,"template":"","format":"standard","meta":{"footnotes":""},"categories":[13,3],"tags":[],"yoast_head":"<!-- This site is optimized with the Yoast SEO plugin v23.5 - https:\/\/yoast.com\/wordpress\/plugins\/seo\/ -->\n<title>Danas u Sarajevu odr\u017ean miting podr\u0161ke narodu Sirije - Zavnews<\/title>\n<meta name=\"robots\" content=\"index, follow, max-snippet:-1, max-image-preview:large, max-video-preview:-1\" \/>\n<link rel=\"canonical\" href=\"https:\/\/zavnews.net\/index.php\/2016\/12\/14\/danas-sarajevu-odrzan-miting-podrske-narodu-sirije\/\" \/>\n<meta property=\"og:locale\" content=\"bs_BA\" \/>\n<meta property=\"og:type\" content=\"article\" \/>\n<meta property=\"og:title\" content=\"Danas u Sarajevu odr\u017ean miting podr\u0161ke narodu Sirije - Zavnews\" \/>\n<meta property=\"og:description\" content=\"Gra\u0111ani Sarajeva i drugih gradova BiH, danas su se pridru\u017eili brojnim gradovima \u0161irom svijeta koji su odlu\u010dili di\u0107i glas protiv nasilja i ubistava u Halepu i cijeloj Siriji. Veliki broj gra\u0111ana se okupio ispred BBI Centra u Sarajevu odakle je...\" \/>\n<meta property=\"og:url\" content=\"https:\/\/zavnews.net\/index.php\/2016\/12\/14\/danas-sarajevu-odrzan-miting-podrske-narodu-sirije\/\" \/>\n<meta property=\"og:site_name\" content=\"Zavnews\" \/>\n<meta property=\"article:published_time\" content=\"2016-12-14T18:50:31+00:00\" \/>\n<meta property=\"og:image\" content=\"https:\/\/zavnews.net\/wp-content\/uploads\/2016\/12\/58515a1c-8490-4077-999e-1f530a0a0a80-sarajevo-sirija-miting-1-previewOrg.jpg\" \/>\n\t<meta property=\"og:image:width\" content=\"760\" \/>\n\t<meta property=\"og:image:height\" content=\"480\" \/>\n\t<meta property=\"og:image:type\" content=\"image\/jpeg\" \/>\n<meta name=\"author\" content=\"zavnews\" \/>\n<meta name=\"twitter:card\" content=\"summary_large_image\" \/>\n<meta name=\"twitter:label1\" content=\"Written by\" \/>\n\t<meta name=\"twitter:data1\" content=\"zavnews\" \/>\n\t<meta name=\"twitter:label2\" content=\"Est. reading time\" \/>\n\t<meta name=\"twitter:data2\" content=\"2 minute\" \/>\n<script type=\"application\/ld+json\" class=\"yoast-schema-graph\">{\"@context\":\"https:\/\/schema.org\",\"@graph\":[{\"@type\":\"Article\",\"@id\":\"https:\/\/zavnews.net\/index.php\/2016\/12\/14\/danas-sarajevu-odrzan-miting-podrske-narodu-sirije\/#article\",\"isPartOf\":{\"@id\":\"https:\/\/zavnews.net\/index.php\/2016\/12\/14\/danas-sarajevu-odrzan-miting-podrske-narodu-sirije\/\"},\"author\":{\"name\":\"zavnews\",\"@id\":\"https:\/\/zavnews.net\/#\/schema\/person\/2477577553b6626f3681ce4d32a6917f\"},\"headline\":\"Danas u Sarajevu odr\u017ean miting podr\u0161ke narodu Sirije\",\"datePublished\":\"2016-12-14T18:50:31+00:00\",\"dateModified\":\"2016-12-14T18:50:31+00:00\",\"mainEntityOfPage\":{\"@id\":\"https:\/\/zavnews.net\/index.php\/2016\/12\/14\/danas-sarajevu-odrzan-miting-podrske-narodu-sirije\/\"},\"wordCount\":509,\"commentCount\":0,\"publisher\":{\"@id\":\"https:\/\/zavnews.net\/#organization\"},\"image\":{\"@id\":\"https:\/\/zavnews.net\/index.php\/2016\/12\/14\/danas-sarajevu-odrzan-miting-podrske-narodu-sirije\/#primaryimage\"},\"thumbnailUrl\":\"https:\/\/zavnews.net\/wp-content\/uploads\/2016\/12\/58515a1c-8490-4077-999e-1f530a0a0a80-sarajevo-sirija-miting-1-previewOrg.jpg\",\"articleSection\":[\"BiH\",\"VIJESTI\"],\"inLanguage\":\"bs-BA\",\"potentialAction\":[{\"@type\":\"CommentAction\",\"name\":\"Comment\",\"target\":[\"https:\/\/zavnews.net\/index.php\/2016\/12\/14\/danas-sarajevu-odrzan-miting-podrske-narodu-sirije\/#respond\"]}]},{\"@type\":\"WebPage\",\"@id\":\"https:\/\/zavnews.net\/index.php\/2016\/12\/14\/danas-sarajevu-odrzan-miting-podrske-narodu-sirije\/\",\"url\":\"https:\/\/zavnews.net\/index.php\/2016\/12\/14\/danas-sarajevu-odrzan-miting-podrske-narodu-sirije\/\",\"name\":\"Danas u Sarajevu odr\u017ean miting podr\u0161ke narodu Sirije - Zavnews\",\"isPartOf\":{\"@id\":\"https:\/\/zavnews.net\/#website\"},\"primaryImageOfPage\":{\"@id\":\"https:\/\/zavnews.net\/index.php\/2016\/12\/14\/danas-sarajevu-odrzan-miting-podrske-narodu-sirije\/#primaryimage\"},\"image\":{\"@id\":\"https:\/\/zavnews.net\/index.php\/2016\/12\/14\/danas-sarajevu-odrzan-miting-podrske-narodu-sirije\/#primaryimage\"},\"thumbnailUrl\":\"https:\/\/zavnews.net\/wp-content\/uploads\/2016\/12\/58515a1c-8490-4077-999e-1f530a0a0a80-sarajevo-sirija-miting-1-previewOrg.jpg\",\"datePublished\":\"2016-12-14T18:50:31+00:00\",\"dateModified\":\"2016-12-14T18:50:31+00:00\",\"breadcrumb\":{\"@id\":\"https:\/\/zavnews.net\/index.php\/2016\/12\/14\/danas-sarajevu-odrzan-miting-podrske-narodu-sirije\/#breadcrumb\"},\"inLanguage\":\"bs-BA\",\"potentialAction\":[{\"@type\":\"ReadAction\",\"target\":[\"https:\/\/zavnews.net\/index.php\/2016\/12\/14\/danas-sarajevu-odrzan-miting-podrske-narodu-sirije\/\"]}]},{\"@type\":\"ImageObject\",\"inLanguage\":\"bs-BA\",\"@id\":\"https:\/\/zavnews.net\/index.php\/2016\/12\/14\/danas-sarajevu-odrzan-miting-podrske-narodu-sirije\/#primaryimage\",\"url\":\"https:\/\/zavnews.net\/wp-content\/uploads\/2016\/12\/58515a1c-8490-4077-999e-1f530a0a0a80-sarajevo-sirija-miting-1-previewOrg.jpg\",\"contentUrl\":\"https:\/\/zavnews.net\/wp-content\/uploads\/2016\/12\/58515a1c-8490-4077-999e-1f530a0a0a80-sarajevo-sirija-miting-1-previewOrg.jpg\",\"width\":760,\"height\":480},{\"@type\":\"BreadcrumbList\",\"@id\":\"https:\/\/zavnews.net\/index.php\/2016\/12\/14\/danas-sarajevu-odrzan-miting-podrske-narodu-sirije\/#breadcrumb\",\"itemListElement\":[{\"@type\":\"ListItem\",\"position\":1,\"name\":\"Po\u010detna stranica\",\"item\":\"https:\/\/zavnews.net\/\"},{\"@type\":\"ListItem\",\"position\":2,\"name\":\"Danas u Sarajevu odr\u017ean miting podr\u0161ke narodu Sirije\"}]},{\"@type\":\"WebSite\",\"@id\":\"https:\/\/zavnews.net\/#website\",\"url\":\"https:\/\/zavnews.net\/\",\"name\":\"Zavnews\",\"description\":\"Zavidovi\u0107i\",\"publisher\":{\"@id\":\"https:\/\/zavnews.net\/#organization\"},\"potentialAction\":[{\"@type\":\"SearchAction\",\"target\":{\"@type\":\"EntryPoint\",\"urlTemplate\":\"https:\/\/zavnews.net\/?s={search_term_string}\"},\"query-input\":{\"@type\":\"PropertyValueSpecification\",\"valueRequired\":true,\"valueName\":\"search_term_string\"}}],\"inLanguage\":\"bs-BA\"},{\"@type\":\"Organization\",\"@id\":\"https:\/\/zavnews.net\/#organization\",\"name\":\"Zavidovi\u0107i\",\"url\":\"https:\/\/zavnews.net\/\",\"logo\":{\"@type\":\"ImageObject\",\"inLanguage\":\"bs-BA\",\"@id\":\"https:\/\/zavnews.net\/#\/schema\/logo\/image\/\",\"url\":\"https:\/\/zavnews.net\/wp-content\/uploads\/2021\/11\/cropped-cropped-cropped-cropped-Screenshot_1-removebg-preview-2.png\",\"contentUrl\":\"https:\/\/zavnews.net\/wp-content\/uploads\/2021\/11\/cropped-cropped-cropped-cropped-Screenshot_1-removebg-preview-2.png\",\"width\":841,\"height\":180,\"caption\":\"Zavidovi\u0107i\"},\"image\":{\"@id\":\"https:\/\/zavnews.net\/#\/schema\/logo\/image\/\"}},{\"@type\":\"Person\",\"@id\":\"https:\/\/zavnews.net\/#\/schema\/person\/2477577553b6626f3681ce4d32a6917f\",\"name\":\"zavnews\",\"image\":{\"@type\":\"ImageObject\",\"inLanguage\":\"bs-BA\",\"@id\":\"https:\/\/zavnews.net\/#\/schema\/person\/image\/\",\"url\":\"https:\/\/secure.gravatar.com\/avatar\/3d25e050de275ca74aa70a2e30eb6f6c?s=96&d=mm&r=g\",\"contentUrl\":\"https:\/\/secure.gravatar.com\/avatar\/3d25e050de275ca74aa70a2e30eb6f6c?s=96&d=mm&r=g\",\"caption\":\"zavnews\"}}]}<\/script>\n<!-- \/ Yoast SEO plugin. -->","yoast_head_json":{"title":"Danas u Sarajevu odr\u017ean miting podr\u0161ke narodu Sirije - Zavnews","robots":{"index":"index","follow":"follow","max-snippet":"max-snippet:-1","max-image-preview":"max-image-preview:large","max-video-preview":"max-video-preview:-1"},"canonical":"https:\/\/zavnews.net\/index.php\/2016\/12\/14\/danas-sarajevu-odrzan-miting-podrske-narodu-sirije\/","og_locale":"bs_BA","og_type":"article","og_title":"Danas u Sarajevu odr\u017ean miting podr\u0161ke narodu Sirije - Zavnews","og_description":"Gra\u0111ani Sarajeva i drugih gradova BiH, danas su se pridru\u017eili brojnim gradovima \u0161irom svijeta koji su odlu\u010dili di\u0107i glas protiv nasilja i ubistava u Halepu i cijeloj Siriji. Veliki broj gra\u0111ana se okupio ispred BBI Centra u Sarajevu odakle je...","og_url":"https:\/\/zavnews.net\/index.php\/2016\/12\/14\/danas-sarajevu-odrzan-miting-podrske-narodu-sirije\/","og_site_name":"Zavnews","article_published_time":"2016-12-14T18:50:31+00:00","og_image":[{"width":760,"height":480,"url":"https:\/\/zavnews.net\/wp-content\/uploads\/2016\/12\/58515a1c-8490-4077-999e-1f530a0a0a80-sarajevo-sirija-miting-1-previewOrg.jpg","type":"image\/jpeg"}],"author":"zavnews","twitter_card":"summary_large_image","twitter_misc":{"Written by":"zavnews","Est. reading time":"2 minute"},"schema":{"@context":"https:\/\/schema.org","@graph":[{"@type":"Article","@id":"https:\/\/zavnews.net\/index.php\/2016\/12\/14\/danas-sarajevu-odrzan-miting-podrske-narodu-sirije\/#article","isPartOf":{"@id":"https:\/\/zavnews.net\/index.php\/2016\/12\/14\/danas-sarajevu-odrzan-miting-podrske-narodu-sirije\/"},"author":{"name":"zavnews","@id":"https:\/\/zavnews.net\/#\/schema\/person\/2477577553b6626f3681ce4d32a6917f"},"headline":"Danas u Sarajevu odr\u017ean miting podr\u0161ke narodu Sirije","datePublished":"2016-12-14T18:50:31+00:00","dateModified":"2016-12-14T18:50:31+00:00","mainEntityOfPage":{"@id":"https:\/\/zavnews.net\/index.php\/2016\/12\/14\/danas-sarajevu-odrzan-miting-podrske-narodu-sirije\/"},"wordCount":509,"commentCount":0,"publisher":{"@id":"https:\/\/zavnews.net\/#organization"},"image":{"@id":"https:\/\/zavnews.net\/index.php\/2016\/12\/14\/danas-sarajevu-odrzan-miting-podrske-narodu-sirije\/#primaryimage"},"thumbnailUrl":"https:\/\/zavnews.net\/wp-content\/uploads\/2016\/12\/58515a1c-8490-4077-999e-1f530a0a0a80-sarajevo-sirija-miting-1-previewOrg.jpg","articleSection":["BiH","VIJESTI"],"inLanguage":"bs-BA","potentialAction":[{"@type":"CommentAction","name":"Comment","target":["https:\/\/zavnews.net\/index.php\/2016\/12\/14\/danas-sarajevu-odrzan-miting-podrske-narodu-sirije\/#respond"]}]},{"@type":"WebPage","@id":"https:\/\/zavnews.net\/index.php\/2016\/12\/14\/danas-sarajevu-odrzan-miting-podrske-narodu-sirije\/","url":"https:\/\/zavnews.net\/index.php\/2016\/12\/14\/danas-sarajevu-odrzan-miting-podrske-narodu-sirije\/","name":"Danas u Sarajevu odr\u017ean miting podr\u0161ke narodu Sirije - Zavnews","isPartOf":{"@id":"https:\/\/zavnews.net\/#website"},"primaryImageOfPage":{"@id":"https:\/\/zavnews.net\/index.php\/2016\/12\/14\/danas-sarajevu-odrzan-miting-podrske-narodu-sirije\/#primaryimage"},"image":{"@id":"https:\/\/zavnews.net\/index.php\/2016\/12\/14\/danas-sarajevu-odrzan-miting-podrske-narodu-sirije\/#primaryimage"},"thumbnailUrl":"https:\/\/zavnews.net\/wp-content\/uploads\/2016\/12\/58515a1c-8490-4077-999e-1f530a0a0a80-sarajevo-sirija-miting-1-previewOrg.jpg","datePublished":"2016-12-14T18:50:31+00:00","dateModified":"2016-12-14T18:50:31+00:00","breadcrumb":{"@id":"https:\/\/zavnews.net\/index.php\/2016\/12\/14\/danas-sarajevu-odrzan-miting-podrske-narodu-sirije\/#breadcrumb"},"inLanguage":"bs-BA","potentialAction":[{"@type":"ReadAction","target":["https:\/\/zavnews.net\/index.php\/2016\/12\/14\/danas-sarajevu-odrzan-miting-podrske-narodu-sirije\/"]}]},{"@type":"ImageObject","inLanguage":"bs-BA","@id":"https:\/\/zavnews.net\/index.php\/2016\/12\/14\/danas-sarajevu-odrzan-miting-podrske-narodu-sirije\/#primaryimage","url":"https:\/\/zavnews.net\/wp-content\/uploads\/2016\/12\/58515a1c-8490-4077-999e-1f530a0a0a80-sarajevo-sirija-miting-1-previewOrg.jpg","contentUrl":"https:\/\/zavnews.net\/wp-content\/uploads\/2016\/12\/58515a1c-8490-4077-999e-1f530a0a0a80-sarajevo-sirija-miting-1-previewOrg.jpg","width":760,"height":480},{"@type":"BreadcrumbList","@id":"https:\/\/zavnews.net\/index.php\/2016\/12\/14\/danas-sarajevu-odrzan-miting-podrske-narodu-sirije\/#breadcrumb","itemListElement":[{"@type":"ListItem","position":1,"name":"Po\u010detna stranica","item":"https:\/\/zavnews.net\/"},{"@type":"ListItem","position":2,"name":"Danas u Sarajevu odr\u017ean miting podr\u0161ke narodu Sirije"}]},{"@type":"WebSite","@id":"https:\/\/zavnews.net\/#website","url":"https:\/\/zavnews.net\/","name":"Zavnews","description":"Zavidovi\u0107i","publisher":{"@id":"https:\/\/zavnews.net\/#organization"},"potentialAction":[{"@type":"SearchAction","target":{"@type":"EntryPoint","urlTemplate":"https:\/\/zavnews.net\/?s={search_term_string}"},"query-input":{"@type":"PropertyValueSpecification","valueRequired":true,"valueName":"search_term_string"}}],"inLanguage":"bs-BA"},{"@type":"Organization","@id":"https:\/\/zavnews.net\/#organization","name":"Zavidovi\u0107i","url":"https:\/\/zavnews.net\/","logo":{"@type":"ImageObject","inLanguage":"bs-BA","@id":"https:\/\/zavnews.net\/#\/schema\/logo\/image\/","url":"https:\/\/zavnews.net\/wp-content\/uploads\/2021\/11\/cropped-cropped-cropped-cropped-Screenshot_1-removebg-preview-2.png","contentUrl":"https:\/\/zavnews.net\/wp-content\/uploads\/2021\/11\/cropped-cropped-cropped-cropped-Screenshot_1-removebg-preview-2.png","width":841,"height":180,"caption":"Zavidovi\u0107i"},"image":{"@id":"https:\/\/zavnews.net\/#\/schema\/logo\/image\/"}},{"@type":"Person","@id":"https:\/\/zavnews.net\/#\/schema\/person\/2477577553b6626f3681ce4d32a6917f","name":"zavnews","image":{"@type":"ImageObject","inLanguage":"bs-BA","@id":"https:\/\/zavnews.net\/#\/schema\/person\/image\/","url":"https:\/\/secure.gravatar.com\/avatar\/3d25e050de275ca74aa70a2e30eb6f6c?s=96&d=mm&r=g","contentUrl":"https:\/\/secure.gravatar.com\/avatar\/3d25e050de275ca74aa70a2e30eb6f6c?s=96&d=mm&r=g","caption":"zavnews"}}]}},"_links":{"self":[{"href":"https:\/\/zavnews.net\/index.php\/wp-json\/wp\/v2\/posts\/438"}],"collection":[{"href":"https:\/\/zavnews.net\/index.php\/wp-json\/wp\/v2\/posts"}],"about":[{"href":"https:\/\/zavnews.net\/index.php\/wp-json\/wp\/v2\/types\/post"}],"author":[{"embeddable":true,"href":"https:\/\/zavnews.net\/index.php\/wp-json\/wp\/v2\/users\/1"}],"replies":[{"embeddable":true,"href":"https:\/\/zavnews.net\/index.php\/wp-json\/wp\/v2\/comments?post=438"}],"version-history":[{"count":1,"href":"https:\/\/zavnews.net\/index.php\/wp-json\/wp\/v2\/posts\/438\/revisions"}],"predecessor-version":[{"id":442,"href":"https:\/\/zavnews.net\/index.php\/wp-json\/wp\/v2\/posts\/438\/revisions\/442"}],"wp:featuredmedia":[{"embeddable":true,"href":"https:\/\/zavnews.net\/index.php\/wp-json\/wp\/v2\/media\/439"}],"wp:attachment":[{"href":"https:\/\/zavnews.net\/index.php\/wp-json\/wp\/v2\/media?parent=438"}],"wp:term":[{"taxonomy":"category","embeddable":true,"href":"https:\/\/zavnews.net\/index.php\/wp-json\/wp\/v2\/categories?post=438"},{"taxonomy":"post_tag","embeddable":true,"href":"https:\/\/zavnews.net\/index.php\/wp-json\/wp\/v2\/tags?post=438"}],"curies":[{"name":"wp","href":"https:\/\/api.w.org\/{rel}","templated":true}]}}