{"id":4292,"date":"2017-03-03T19:17:30","date_gmt":"2017-03-03T18:17:30","guid":{"rendered":"http:\/\/zavnews.net\/?p=4292"},"modified":"2017-03-03T19:20:17","modified_gmt":"2017-03-03T18:20:17","slug":"denis-zvizdic-mogherini-dolazi-porukom-da-vrata-eu-a-otvorena-bih","status":"publish","type":"post","link":"https:\/\/zavnews.net\/index.php\/2017\/03\/03\/denis-zvizdic-mogherini-dolazi-porukom-da-vrata-eu-a-otvorena-bih\/","title":{"rendered":"Denis Zvizdi\u0107: Mogherini dolazi sa porukom da su vrata EU-e otvorena za BiH"},"content":{"rendered":"<div class=\"fcbkbttn_buttons_block\" id=\"fcbkbttn_left\"><div class=\"fcbkbttn_button\">\n\t\t\t\t\t<a href=\"https:\/\/www.facebook.com\/www.zavnews.net\/\" target=\"_blank\">\n\t\t\t\t\t\t<img decoding=\"async\" src=\"https:\/\/zavnews.net\/wp-content\/plugins\/facebook-button-plugin\/images\/standard-facebook-ico.png\" alt=\"Fb-Button\" \/>\n\t\t\t\t\t<\/a>\n\t\t\t\t<\/div><div class=\"fcbkbttn_like \"><fb:like href=\"https:\/\/zavnews.net\/index.php\/2017\/03\/03\/denis-zvizdic-mogherini-dolazi-porukom-da-vrata-eu-a-otvorena-bih\/\" action=\"like\" colorscheme=\"light\" layout=\"standard\"  width=\"450px\" size=\"small\"><\/fb:like><\/div><div class=\"fb-share-button  \" data-href=\"https:\/\/zavnews.net\/index.php\/2017\/03\/03\/denis-zvizdic-mogherini-dolazi-porukom-da-vrata-eu-a-otvorena-bih\/\" data-type=\"button_count\" data-size=\"small\"><\/div><\/div><p style=\"text-align: justify;\"><a href=\"http:\/\/zavnews.net\/index.php\/2017\/02\/27\/predsjedavajuci-vmbih-denis-zvizdic-cestitao-dan-nezavisnosti-bih\/denis1-2\/\" rel=\"attachment wp-att-4198\"><img loading=\"lazy\" decoding=\"async\" class=\"aligncenter wp-image-4198\" src=\"http:\/\/zavnews.net\/wp-content\/uploads\/2017\/02\/denis1-1.jpg\" alt=\"\" width=\"893\" height=\"504\" srcset=\"https:\/\/zavnews.net\/wp-content\/uploads\/2017\/02\/denis1-1.jpg 850w, https:\/\/zavnews.net\/wp-content\/uploads\/2017\/02\/denis1-1-600x339.jpg 600w, https:\/\/zavnews.net\/wp-content\/uploads\/2017\/02\/denis1-1-300x169.jpg 300w, https:\/\/zavnews.net\/wp-content\/uploads\/2017\/02\/denis1-1-768x434.jpg 768w\" sizes=\"(max-width: 893px) 100vw, 893px\" \/><\/a><\/p>\n<p style=\"text-align: justify;\"><strong>Sve nas je jako obradovala vijest da visoka predstavnica EU-a za vanjsku i sigurnosnu politiku Federica Mogherini sutra dolazi u BiH, jer je jako va\u017eno da u sklopu svoje balkanske turneje posjeti i na\u0161u zemlju, rekao je Denis Zvizdi\u0107, predsjedavaju\u0107i Vije\u0107a ministara BiH.<\/strong><\/p>\n<p style=\"text-align: justify;\"><strong>&#8211; Bosna i Hercegovina je iz puno razloga i zbog brojnih procesa koji se de\u0161avaju na teritoriji Zapadnog Balkana sigurno klju\u010dna zemlja i jedna od najva\u017enijih zemalja uop\u0107e na Zapadnom Balkanu i jugoisto\u010dnoj Evropi. Mogherini, sa kojom sam imao priliku razgovarati prije 15-ak dana kada smo i pripremali odre\u0111ene teme ili smjernice za ovaj sastanak, dolazi sa nekoliko va\u017enih poruka za BiH &#8211;<\/strong> rekao je Zvizdi\u0107 za Anadoliju.<\/p>\n<p style=\"text-align: justify;\">Prema njegovim rije\u010dima, klju\u010dna i najva\u017enija poruka je da su vrata Evropske unije i dalje otvorena za BiH.<\/p>\n<p style=\"text-align: justify;\"><strong>&#8211; Postoji jasna evropska perspektiva, izvjesna perspektiva, i BiH i drugih zemalja zapadnog Balkana, jer sve dok postoji Evropska unija kao bazni cilj i najmanji zajedni\u010dki sadr\u017eilac za sve zemlje zapadnog Balkana, sve do tada \u0107e biti mogu\u0107e zna\u010dajno razvijati i unaprje\u0111ivati regionalne odnose, dobrosusjedske odnose i raditi na zna\u010dajnijem povezivanju zemalja zapadnog Balkana \u2013<\/strong> kazao je predsjedavaju\u0107i Vije\u0107a ministara BiH.<\/p>\n<p style=\"text-align: justify;\">Predstavnici bh. vlasti upoznat \u0107e visoku predstavnicu Mogherini o rezultatima dosada\u0161nje implementacije obaveza iz evropske agende BiH i uop\u0107e ekonomske, sigurnosne i regionalne saradnje i situacije u kompletnom regionu.<\/p>\n<p style=\"text-align: justify;\"><strong>&#8211; Ono \u0161to je va\u017eno, \u010dini mi se, jeste da \u0107e i oni i\u0107i, odnosno EU i predstavnici EU-e, u pravcu mnogo frekventnijeg i obimnijeg, u\u010destalijeg posje\u0107ivanja Zapadnog Balkana, \u010dime se daje potpuno jasna poruka da Zapadni Balkan ustvari ima evropsku perspektivu. Tako se na neki na\u010din \u0161alje poruka onima koji bi htjeli kroz razli\u010dite utjecaje da na neki na\u010din postanu dominantni na ovim prostorima, da je evropski i u kona\u010dnici NATO put jedina alternativa, jedini pravi put i za BiH i za Zapadni Balkan &#8211;<\/strong> rekao je Zvizdi\u0107.<\/p>\n<p style=\"text-align: justify;\"><strong>&#8211; \u010cak mislim da \u0107emo na neki na\u010din zatra\u017eiti i organizirati polugodi\u0161nje ili kvartalne susrete na najvi\u0161em nivou izme\u0111u predstavnika klju\u010dnih evropskih institucija bitnih za balkanski region uz naravno, predstavnike, odnosno predsjednike ili premijere samoga Balkana &#8211;<\/strong> ka\u017ee Zvizdi\u0107.<\/p>\n<p style=\"text-align: justify;\">Dodao je da \u0107e biti poslana poruka da su zemlje regiona, ipak, i spremne i sposobne, te imaju kapacitete da razgovaraju i dogovaraju se o nekim baznim ciljevima u budu\u0107nosti.<\/p>\n<p style=\"text-align: right;\">zavnews\/faktor<\/p>\n<div class=\"fcbkbttn_buttons_block\" id=\"fcbkbttn_left\"><div class=\"fcbkbttn_button\">\n\t\t\t\t\t<a href=\"https:\/\/www.facebook.com\/www.zavnews.net\/\" target=\"_blank\">\n\t\t\t\t\t\t<img decoding=\"async\" src=\"https:\/\/zavnews.net\/wp-content\/plugins\/facebook-button-plugin\/images\/standard-facebook-ico.png\" alt=\"Fb-Button\" \/>\n\t\t\t\t\t<\/a>\n\t\t\t\t<\/div><div class=\"fcbkbttn_like \"><fb:like href=\"https:\/\/zavnews.net\/index.php\/2017\/03\/03\/denis-zvizdic-mogherini-dolazi-porukom-da-vrata-eu-a-otvorena-bih\/\" action=\"like\" colorscheme=\"light\" layout=\"standard\"  width=\"450px\" size=\"small\"><\/fb:like><\/div><div class=\"fb-share-button  \" data-href=\"https:\/\/zavnews.net\/index.php\/2017\/03\/03\/denis-zvizdic-mogherini-dolazi-porukom-da-vrata-eu-a-otvorena-bih\/\" data-type=\"button_count\" data-size=\"small\"><\/div><\/div>","protected":false},"excerpt":{"rendered":"<div class=\"fcbkbttn_buttons_block\" id=\"fcbkbttn_left\"><div class=\"fcbkbttn_button\">\n\t\t\t\t\t<a href=\"https:\/\/www.facebook.com\/www.zavnews.net\/\" target=\"_blank\">\n\t\t\t\t\t\t<img decoding=\"async\" src=\"https:\/\/zavnews.net\/wp-content\/plugins\/facebook-button-plugin\/images\/standard-facebook-ico.png\" alt=\"Fb-Button\" \/>\n\t\t\t\t\t<\/a>\n\t\t\t\t<\/div><div class=\"fcbkbttn_like \"><fb:like href=\"https:\/\/zavnews.net\/index.php\/2017\/03\/03\/denis-zvizdic-mogherini-dolazi-porukom-da-vrata-eu-a-otvorena-bih\/\" action=\"like\" colorscheme=\"light\" layout=\"standard\"  width=\"450px\" size=\"small\"><\/fb:like><\/div><div class=\"fb-share-button  \" data-href=\"https:\/\/zavnews.net\/index.php\/2017\/03\/03\/denis-zvizdic-mogherini-dolazi-porukom-da-vrata-eu-a-otvorena-bih\/\" data-type=\"button_count\" data-size=\"small\"><\/div><\/div><p>Sve nas je jako obradovala vijest da visoka predstavnica EU-a za vanjsku i sigurnosnu politiku Federica Mogherini sutra dolazi u BiH, jer je jako va\u017eno da u sklopu svoje balkanske turneje posjeti i na\u0161u zemlju, rekao je Denis Zvizdi\u0107, predsjedavaju\u0107i&#8230;<\/p>\n<div class=\"fcbkbttn_buttons_block\" id=\"fcbkbttn_left\"><div class=\"fcbkbttn_button\">\n\t\t\t\t\t<a href=\"https:\/\/www.facebook.com\/www.zavnews.net\/\" target=\"_blank\">\n\t\t\t\t\t\t<img decoding=\"async\" src=\"https:\/\/zavnews.net\/wp-content\/plugins\/facebook-button-plugin\/images\/standard-facebook-ico.png\" alt=\"Fb-Button\" \/>\n\t\t\t\t\t<\/a>\n\t\t\t\t<\/div><div class=\"fcbkbttn_like \"><fb:like href=\"https:\/\/zavnews.net\/index.php\/2017\/03\/03\/denis-zvizdic-mogherini-dolazi-porukom-da-vrata-eu-a-otvorena-bih\/\" action=\"like\" colorscheme=\"light\" layout=\"standard\"  width=\"450px\" size=\"small\"><\/fb:like><\/div><div class=\"fb-share-button  \" data-href=\"https:\/\/zavnews.net\/index.php\/2017\/03\/03\/denis-zvizdic-mogherini-dolazi-porukom-da-vrata-eu-a-otvorena-bih\/\" data-type=\"button_count\" data-size=\"small\"><\/div><\/div>","protected":false},"author":1,"featured_media":4198,"comment_status":"open","ping_status":"open","sticky":false,"template":"","format":"standard","meta":{"footnotes":""},"categories":[13,3],"tags":[],"yoast_head":"<!-- This site is optimized with the Yoast SEO plugin v23.5 - https:\/\/yoast.com\/wordpress\/plugins\/seo\/ -->\n<title>Denis Zvizdi\u0107: Mogherini dolazi sa porukom da su vrata EU-e otvorena za BiH - Zavnews<\/title>\n<meta name=\"robots\" content=\"index, follow, max-snippet:-1, max-image-preview:large, max-video-preview:-1\" \/>\n<link rel=\"canonical\" href=\"https:\/\/zavnews.net\/index.php\/2017\/03\/03\/denis-zvizdic-mogherini-dolazi-porukom-da-vrata-eu-a-otvorena-bih\/\" \/>\n<meta property=\"og:locale\" content=\"bs_BA\" \/>\n<meta property=\"og:type\" content=\"article\" \/>\n<meta property=\"og:title\" content=\"Denis Zvizdi\u0107: Mogherini dolazi sa porukom da su vrata EU-e otvorena za BiH - Zavnews\" \/>\n<meta property=\"og:description\" content=\"Sve nas je jako obradovala vijest da visoka predstavnica EU-a za vanjsku i sigurnosnu politiku Federica Mogherini sutra dolazi u BiH, jer je jako va\u017eno da u sklopu svoje balkanske turneje posjeti i na\u0161u zemlju, rekao je Denis Zvizdi\u0107, predsjedavaju\u0107i...\" \/>\n<meta property=\"og:url\" content=\"https:\/\/zavnews.net\/index.php\/2017\/03\/03\/denis-zvizdic-mogherini-dolazi-porukom-da-vrata-eu-a-otvorena-bih\/\" \/>\n<meta property=\"og:site_name\" content=\"Zavnews\" \/>\n<meta property=\"article:published_time\" content=\"2017-03-03T18:17:30+00:00\" \/>\n<meta property=\"article:modified_time\" content=\"2017-03-03T18:20:17+00:00\" \/>\n<meta property=\"og:image\" content=\"https:\/\/zavnews.net\/wp-content\/uploads\/2017\/02\/denis1-1.jpg\" \/>\n\t<meta property=\"og:image:width\" content=\"850\" \/>\n\t<meta property=\"og:image:height\" content=\"480\" \/>\n\t<meta property=\"og:image:type\" content=\"image\/jpeg\" \/>\n<meta name=\"author\" content=\"zavnews\" \/>\n<meta name=\"twitter:card\" content=\"summary_large_image\" \/>\n<meta name=\"twitter:label1\" content=\"Written by\" \/>\n\t<meta name=\"twitter:data1\" content=\"zavnews\" \/>\n\t<meta name=\"twitter:label2\" content=\"Est. reading time\" \/>\n\t<meta name=\"twitter:data2\" content=\"2 minute\" \/>\n<script type=\"application\/ld+json\" class=\"yoast-schema-graph\">{\"@context\":\"https:\/\/schema.org\",\"@graph\":[{\"@type\":\"Article\",\"@id\":\"https:\/\/zavnews.net\/index.php\/2017\/03\/03\/denis-zvizdic-mogherini-dolazi-porukom-da-vrata-eu-a-otvorena-bih\/#article\",\"isPartOf\":{\"@id\":\"https:\/\/zavnews.net\/index.php\/2017\/03\/03\/denis-zvizdic-mogherini-dolazi-porukom-da-vrata-eu-a-otvorena-bih\/\"},\"author\":{\"name\":\"zavnews\",\"@id\":\"https:\/\/zavnews.net\/#\/schema\/person\/2477577553b6626f3681ce4d32a6917f\"},\"headline\":\"Denis Zvizdi\u0107: Mogherini dolazi sa porukom da su vrata EU-e otvorena za BiH\",\"datePublished\":\"2017-03-03T18:17:30+00:00\",\"dateModified\":\"2017-03-03T18:20:17+00:00\",\"mainEntityOfPage\":{\"@id\":\"https:\/\/zavnews.net\/index.php\/2017\/03\/03\/denis-zvizdic-mogherini-dolazi-porukom-da-vrata-eu-a-otvorena-bih\/\"},\"wordCount\":431,\"commentCount\":0,\"publisher\":{\"@id\":\"https:\/\/zavnews.net\/#organization\"},\"image\":{\"@id\":\"https:\/\/zavnews.net\/index.php\/2017\/03\/03\/denis-zvizdic-mogherini-dolazi-porukom-da-vrata-eu-a-otvorena-bih\/#primaryimage\"},\"thumbnailUrl\":\"https:\/\/zavnews.net\/wp-content\/uploads\/2017\/02\/denis1-1.jpg\",\"articleSection\":[\"BiH\",\"VIJESTI\"],\"inLanguage\":\"bs-BA\",\"potentialAction\":[{\"@type\":\"CommentAction\",\"name\":\"Comment\",\"target\":[\"https:\/\/zavnews.net\/index.php\/2017\/03\/03\/denis-zvizdic-mogherini-dolazi-porukom-da-vrata-eu-a-otvorena-bih\/#respond\"]}]},{\"@type\":\"WebPage\",\"@id\":\"https:\/\/zavnews.net\/index.php\/2017\/03\/03\/denis-zvizdic-mogherini-dolazi-porukom-da-vrata-eu-a-otvorena-bih\/\",\"url\":\"https:\/\/zavnews.net\/index.php\/2017\/03\/03\/denis-zvizdic-mogherini-dolazi-porukom-da-vrata-eu-a-otvorena-bih\/\",\"name\":\"Denis Zvizdi\u0107: Mogherini dolazi sa porukom da su vrata EU-e otvorena za BiH - Zavnews\",\"isPartOf\":{\"@id\":\"https:\/\/zavnews.net\/#website\"},\"primaryImageOfPage\":{\"@id\":\"https:\/\/zavnews.net\/index.php\/2017\/03\/03\/denis-zvizdic-mogherini-dolazi-porukom-da-vrata-eu-a-otvorena-bih\/#primaryimage\"},\"image\":{\"@id\":\"https:\/\/zavnews.net\/index.php\/2017\/03\/03\/denis-zvizdic-mogherini-dolazi-porukom-da-vrata-eu-a-otvorena-bih\/#primaryimage\"},\"thumbnailUrl\":\"https:\/\/zavnews.net\/wp-content\/uploads\/2017\/02\/denis1-1.jpg\",\"datePublished\":\"2017-03-03T18:17:30+00:00\",\"dateModified\":\"2017-03-03T18:20:17+00:00\",\"breadcrumb\":{\"@id\":\"https:\/\/zavnews.net\/index.php\/2017\/03\/03\/denis-zvizdic-mogherini-dolazi-porukom-da-vrata-eu-a-otvorena-bih\/#breadcrumb\"},\"inLanguage\":\"bs-BA\",\"potentialAction\":[{\"@type\":\"ReadAction\",\"target\":[\"https:\/\/zavnews.net\/index.php\/2017\/03\/03\/denis-zvizdic-mogherini-dolazi-porukom-da-vrata-eu-a-otvorena-bih\/\"]}]},{\"@type\":\"ImageObject\",\"inLanguage\":\"bs-BA\",\"@id\":\"https:\/\/zavnews.net\/index.php\/2017\/03\/03\/denis-zvizdic-mogherini-dolazi-porukom-da-vrata-eu-a-otvorena-bih\/#primaryimage\",\"url\":\"https:\/\/zavnews.net\/wp-content\/uploads\/2017\/02\/denis1-1.jpg\",\"contentUrl\":\"https:\/\/zavnews.net\/wp-content\/uploads\/2017\/02\/denis1-1.jpg\",\"width\":850,\"height\":480},{\"@type\":\"BreadcrumbList\",\"@id\":\"https:\/\/zavnews.net\/index.php\/2017\/03\/03\/denis-zvizdic-mogherini-dolazi-porukom-da-vrata-eu-a-otvorena-bih\/#breadcrumb\",\"itemListElement\":[{\"@type\":\"ListItem\",\"position\":1,\"name\":\"Po\u010detna stranica\",\"item\":\"https:\/\/zavnews.net\/\"},{\"@type\":\"ListItem\",\"position\":2,\"name\":\"Denis Zvizdi\u0107: Mogherini dolazi sa porukom da su vrata EU-e otvorena za BiH\"}]},{\"@type\":\"WebSite\",\"@id\":\"https:\/\/zavnews.net\/#website\",\"url\":\"https:\/\/zavnews.net\/\",\"name\":\"Zavnews\",\"description\":\"Zavidovi\u0107i\",\"publisher\":{\"@id\":\"https:\/\/zavnews.net\/#organization\"},\"potentialAction\":[{\"@type\":\"SearchAction\",\"target\":{\"@type\":\"EntryPoint\",\"urlTemplate\":\"https:\/\/zavnews.net\/?s={search_term_string}\"},\"query-input\":{\"@type\":\"PropertyValueSpecification\",\"valueRequired\":true,\"valueName\":\"search_term_string\"}}],\"inLanguage\":\"bs-BA\"},{\"@type\":\"Organization\",\"@id\":\"https:\/\/zavnews.net\/#organization\",\"name\":\"Zavidovi\u0107i\",\"url\":\"https:\/\/zavnews.net\/\",\"logo\":{\"@type\":\"ImageObject\",\"inLanguage\":\"bs-BA\",\"@id\":\"https:\/\/zavnews.net\/#\/schema\/logo\/image\/\",\"url\":\"https:\/\/zavnews.net\/wp-content\/uploads\/2021\/11\/cropped-cropped-cropped-cropped-Screenshot_1-removebg-preview-2.png\",\"contentUrl\":\"https:\/\/zavnews.net\/wp-content\/uploads\/2021\/11\/cropped-cropped-cropped-cropped-Screenshot_1-removebg-preview-2.png\",\"width\":841,\"height\":180,\"caption\":\"Zavidovi\u0107i\"},\"image\":{\"@id\":\"https:\/\/zavnews.net\/#\/schema\/logo\/image\/\"}},{\"@type\":\"Person\",\"@id\":\"https:\/\/zavnews.net\/#\/schema\/person\/2477577553b6626f3681ce4d32a6917f\",\"name\":\"zavnews\",\"image\":{\"@type\":\"ImageObject\",\"inLanguage\":\"bs-BA\",\"@id\":\"https:\/\/zavnews.net\/#\/schema\/person\/image\/\",\"url\":\"https:\/\/secure.gravatar.com\/avatar\/3d25e050de275ca74aa70a2e30eb6f6c?s=96&d=mm&r=g\",\"contentUrl\":\"https:\/\/secure.gravatar.com\/avatar\/3d25e050de275ca74aa70a2e30eb6f6c?s=96&d=mm&r=g\",\"caption\":\"zavnews\"}}]}<\/script>\n<!-- \/ Yoast SEO plugin. -->","yoast_head_json":{"title":"Denis Zvizdi\u0107: Mogherini dolazi sa porukom da su vrata EU-e otvorena za BiH - Zavnews","robots":{"index":"index","follow":"follow","max-snippet":"max-snippet:-1","max-image-preview":"max-image-preview:large","max-video-preview":"max-video-preview:-1"},"canonical":"https:\/\/zavnews.net\/index.php\/2017\/03\/03\/denis-zvizdic-mogherini-dolazi-porukom-da-vrata-eu-a-otvorena-bih\/","og_locale":"bs_BA","og_type":"article","og_title":"Denis Zvizdi\u0107: Mogherini dolazi sa porukom da su vrata EU-e otvorena za BiH - Zavnews","og_description":"Sve nas je jako obradovala vijest da visoka predstavnica EU-a za vanjsku i sigurnosnu politiku Federica Mogherini sutra dolazi u BiH, jer je jako va\u017eno da u sklopu svoje balkanske turneje posjeti i na\u0161u zemlju, rekao je Denis Zvizdi\u0107, predsjedavaju\u0107i...","og_url":"https:\/\/zavnews.net\/index.php\/2017\/03\/03\/denis-zvizdic-mogherini-dolazi-porukom-da-vrata-eu-a-otvorena-bih\/","og_site_name":"Zavnews","article_published_time":"2017-03-03T18:17:30+00:00","article_modified_time":"2017-03-03T18:20:17+00:00","og_image":[{"width":850,"height":480,"url":"https:\/\/zavnews.net\/wp-content\/uploads\/2017\/02\/denis1-1.jpg","type":"image\/jpeg"}],"author":"zavnews","twitter_card":"summary_large_image","twitter_misc":{"Written by":"zavnews","Est. reading time":"2 minute"},"schema":{"@context":"https:\/\/schema.org","@graph":[{"@type":"Article","@id":"https:\/\/zavnews.net\/index.php\/2017\/03\/03\/denis-zvizdic-mogherini-dolazi-porukom-da-vrata-eu-a-otvorena-bih\/#article","isPartOf":{"@id":"https:\/\/zavnews.net\/index.php\/2017\/03\/03\/denis-zvizdic-mogherini-dolazi-porukom-da-vrata-eu-a-otvorena-bih\/"},"author":{"name":"zavnews","@id":"https:\/\/zavnews.net\/#\/schema\/person\/2477577553b6626f3681ce4d32a6917f"},"headline":"Denis Zvizdi\u0107: Mogherini dolazi sa porukom da su vrata EU-e otvorena za BiH","datePublished":"2017-03-03T18:17:30+00:00","dateModified":"2017-03-03T18:20:17+00:00","mainEntityOfPage":{"@id":"https:\/\/zavnews.net\/index.php\/2017\/03\/03\/denis-zvizdic-mogherini-dolazi-porukom-da-vrata-eu-a-otvorena-bih\/"},"wordCount":431,"commentCount":0,"publisher":{"@id":"https:\/\/zavnews.net\/#organization"},"image":{"@id":"https:\/\/zavnews.net\/index.php\/2017\/03\/03\/denis-zvizdic-mogherini-dolazi-porukom-da-vrata-eu-a-otvorena-bih\/#primaryimage"},"thumbnailUrl":"https:\/\/zavnews.net\/wp-content\/uploads\/2017\/02\/denis1-1.jpg","articleSection":["BiH","VIJESTI"],"inLanguage":"bs-BA","potentialAction":[{"@type":"CommentAction","name":"Comment","target":["https:\/\/zavnews.net\/index.php\/2017\/03\/03\/denis-zvizdic-mogherini-dolazi-porukom-da-vrata-eu-a-otvorena-bih\/#respond"]}]},{"@type":"WebPage","@id":"https:\/\/zavnews.net\/index.php\/2017\/03\/03\/denis-zvizdic-mogherini-dolazi-porukom-da-vrata-eu-a-otvorena-bih\/","url":"https:\/\/zavnews.net\/index.php\/2017\/03\/03\/denis-zvizdic-mogherini-dolazi-porukom-da-vrata-eu-a-otvorena-bih\/","name":"Denis Zvizdi\u0107: Mogherini dolazi sa porukom da su vrata EU-e otvorena za BiH - Zavnews","isPartOf":{"@id":"https:\/\/zavnews.net\/#website"},"primaryImageOfPage":{"@id":"https:\/\/zavnews.net\/index.php\/2017\/03\/03\/denis-zvizdic-mogherini-dolazi-porukom-da-vrata-eu-a-otvorena-bih\/#primaryimage"},"image":{"@id":"https:\/\/zavnews.net\/index.php\/2017\/03\/03\/denis-zvizdic-mogherini-dolazi-porukom-da-vrata-eu-a-otvorena-bih\/#primaryimage"},"thumbnailUrl":"https:\/\/zavnews.net\/wp-content\/uploads\/2017\/02\/denis1-1.jpg","datePublished":"2017-03-03T18:17:30+00:00","dateModified":"2017-03-03T18:20:17+00:00","breadcrumb":{"@id":"https:\/\/zavnews.net\/index.php\/2017\/03\/03\/denis-zvizdic-mogherini-dolazi-porukom-da-vrata-eu-a-otvorena-bih\/#breadcrumb"},"inLanguage":"bs-BA","potentialAction":[{"@type":"ReadAction","target":["https:\/\/zavnews.net\/index.php\/2017\/03\/03\/denis-zvizdic-mogherini-dolazi-porukom-da-vrata-eu-a-otvorena-bih\/"]}]},{"@type":"ImageObject","inLanguage":"bs-BA","@id":"https:\/\/zavnews.net\/index.php\/2017\/03\/03\/denis-zvizdic-mogherini-dolazi-porukom-da-vrata-eu-a-otvorena-bih\/#primaryimage","url":"https:\/\/zavnews.net\/wp-content\/uploads\/2017\/02\/denis1-1.jpg","contentUrl":"https:\/\/zavnews.net\/wp-content\/uploads\/2017\/02\/denis1-1.jpg","width":850,"height":480},{"@type":"BreadcrumbList","@id":"https:\/\/zavnews.net\/index.php\/2017\/03\/03\/denis-zvizdic-mogherini-dolazi-porukom-da-vrata-eu-a-otvorena-bih\/#breadcrumb","itemListElement":[{"@type":"ListItem","position":1,"name":"Po\u010detna stranica","item":"https:\/\/zavnews.net\/"},{"@type":"ListItem","position":2,"name":"Denis Zvizdi\u0107: Mogherini dolazi sa porukom da su vrata EU-e otvorena za BiH"}]},{"@type":"WebSite","@id":"https:\/\/zavnews.net\/#website","url":"https:\/\/zavnews.net\/","name":"Zavnews","description":"Zavidovi\u0107i","publisher":{"@id":"https:\/\/zavnews.net\/#organization"},"potentialAction":[{"@type":"SearchAction","target":{"@type":"EntryPoint","urlTemplate":"https:\/\/zavnews.net\/?s={search_term_string}"},"query-input":{"@type":"PropertyValueSpecification","valueRequired":true,"valueName":"search_term_string"}}],"inLanguage":"bs-BA"},{"@type":"Organization","@id":"https:\/\/zavnews.net\/#organization","name":"Zavidovi\u0107i","url":"https:\/\/zavnews.net\/","logo":{"@type":"ImageObject","inLanguage":"bs-BA","@id":"https:\/\/zavnews.net\/#\/schema\/logo\/image\/","url":"https:\/\/zavnews.net\/wp-content\/uploads\/2021\/11\/cropped-cropped-cropped-cropped-Screenshot_1-removebg-preview-2.png","contentUrl":"https:\/\/zavnews.net\/wp-content\/uploads\/2021\/11\/cropped-cropped-cropped-cropped-Screenshot_1-removebg-preview-2.png","width":841,"height":180,"caption":"Zavidovi\u0107i"},"image":{"@id":"https:\/\/zavnews.net\/#\/schema\/logo\/image\/"}},{"@type":"Person","@id":"https:\/\/zavnews.net\/#\/schema\/person\/2477577553b6626f3681ce4d32a6917f","name":"zavnews","image":{"@type":"ImageObject","inLanguage":"bs-BA","@id":"https:\/\/zavnews.net\/#\/schema\/person\/image\/","url":"https:\/\/secure.gravatar.com\/avatar\/3d25e050de275ca74aa70a2e30eb6f6c?s=96&d=mm&r=g","contentUrl":"https:\/\/secure.gravatar.com\/avatar\/3d25e050de275ca74aa70a2e30eb6f6c?s=96&d=mm&r=g","caption":"zavnews"}}]}},"_links":{"self":[{"href":"https:\/\/zavnews.net\/index.php\/wp-json\/wp\/v2\/posts\/4292"}],"collection":[{"href":"https:\/\/zavnews.net\/index.php\/wp-json\/wp\/v2\/posts"}],"about":[{"href":"https:\/\/zavnews.net\/index.php\/wp-json\/wp\/v2\/types\/post"}],"author":[{"embeddable":true,"href":"https:\/\/zavnews.net\/index.php\/wp-json\/wp\/v2\/users\/1"}],"replies":[{"embeddable":true,"href":"https:\/\/zavnews.net\/index.php\/wp-json\/wp\/v2\/comments?post=4292"}],"version-history":[{"count":2,"href":"https:\/\/zavnews.net\/index.php\/wp-json\/wp\/v2\/posts\/4292\/revisions"}],"predecessor-version":[{"id":4294,"href":"https:\/\/zavnews.net\/index.php\/wp-json\/wp\/v2\/posts\/4292\/revisions\/4294"}],"wp:featuredmedia":[{"embeddable":true,"href":"https:\/\/zavnews.net\/index.php\/wp-json\/wp\/v2\/media\/4198"}],"wp:attachment":[{"href":"https:\/\/zavnews.net\/index.php\/wp-json\/wp\/v2\/media?parent=4292"}],"wp:term":[{"taxonomy":"category","embeddable":true,"href":"https:\/\/zavnews.net\/index.php\/wp-json\/wp\/v2\/categories?post=4292"},{"taxonomy":"post_tag","embeddable":true,"href":"https:\/\/zavnews.net\/index.php\/wp-json\/wp\/v2\/tags?post=4292"}],"curies":[{"name":"wp","href":"https:\/\/api.w.org\/{rel}","templated":true}]}}