{"id":4162,"date":"2017-02-25T21:58:34","date_gmt":"2017-02-25T20:58:34","guid":{"rendered":"http:\/\/zavnews.net\/?p=4162"},"modified":"2017-02-25T21:58:34","modified_gmt":"2017-02-25T20:58:34","slug":"ocekuje-se-jacanje-bh-industrijske-proizvodnje","status":"publish","type":"post","link":"https:\/\/zavnews.net\/index.php\/2017\/02\/25\/ocekuje-se-jacanje-bh-industrijske-proizvodnje\/","title":{"rendered":"O\u010dekuje se ja\u010danje bh. industrijske proizvodnje"},"content":{"rendered":"<div class=\"fcbkbttn_buttons_block\" id=\"fcbkbttn_left\"><div class=\"fcbkbttn_button\">\n\t\t\t\t\t<a href=\"https:\/\/www.facebook.com\/www.zavnews.net\/\" target=\"_blank\">\n\t\t\t\t\t\t<img decoding=\"async\" src=\"https:\/\/zavnews.net\/wp-content\/plugins\/facebook-button-plugin\/images\/standard-facebook-ico.png\" alt=\"Fb-Button\" \/>\n\t\t\t\t\t<\/a>\n\t\t\t\t<\/div><div class=\"fcbkbttn_like \"><fb:like href=\"https:\/\/zavnews.net\/index.php\/2017\/02\/25\/ocekuje-se-jacanje-bh-industrijske-proizvodnje\/\" action=\"like\" colorscheme=\"light\" layout=\"standard\"  width=\"450px\" size=\"small\"><\/fb:like><\/div><div class=\"fb-share-button  \" data-href=\"https:\/\/zavnews.net\/index.php\/2017\/02\/25\/ocekuje-se-jacanje-bh-industrijske-proizvodnje\/\" data-type=\"button_count\" data-size=\"small\"><\/div><\/div><p style=\"text-align: justify;\"><a href=\"http:\/\/zavnews.net\/index.php\/2017\/02\/25\/ocekuje-se-jacanje-bh-industrijske-proizvodnje\/a576e9ca7cef11bb817fe9feb15e4851\/\" rel=\"attachment wp-att-4163\"><img loading=\"lazy\" decoding=\"async\" class=\"aligncenter  wp-image-4163\" src=\"http:\/\/zavnews.net\/wp-content\/uploads\/2017\/02\/a576e9ca7cef11bb817fe9feb15e4851.jpg\" alt=\"\" width=\"884\" height=\"547\" srcset=\"https:\/\/zavnews.net\/wp-content\/uploads\/2017\/02\/a576e9ca7cef11bb817fe9feb15e4851.jpg 775w, https:\/\/zavnews.net\/wp-content\/uploads\/2017\/02\/a576e9ca7cef11bb817fe9feb15e4851-600x372.jpg 600w, https:\/\/zavnews.net\/wp-content\/uploads\/2017\/02\/a576e9ca7cef11bb817fe9feb15e4851-300x186.jpg 300w, https:\/\/zavnews.net\/wp-content\/uploads\/2017\/02\/a576e9ca7cef11bb817fe9feb15e4851-768x476.jpg 768w\" sizes=\"(max-width: 884px) 100vw, 884px\" \/><\/a><\/p>\n<p style=\"text-align: justify;\"><strong>Od 2017. do 2019. godine, osim nastavka pozitivnih eksternih dinamika, o\u010dekuje se i sve uticajniji zna\u010daj internih dinamika kroz strukturalne reforme koje bi trebale biti u funkciji ja\u010danja ukupne industrijske proizvodnje u BiH, navedeno je izme\u0111u ostalog u Dokumentu okvirnog bud\u017eeta Federacije BiH za navedeni period, koji je Parlamentu Federacije BiH proslije\u0111en iz Federalne vlade odnosno Ministarstva finansija.<\/strong><\/p>\n<p style=\"text-align: justify;\">Prema oficijelnoj najavi, ovaj dokument \u0107e biti na dnevnom redu sjednice Doma naroda sazvane za 2. mart.<\/p>\n<p style=\"text-align: justify;\">U Dokumentu je izra\u017eeno o\u010dekivanje da \u0107e energetski sektor nastaviti pozitivan trend rasta proizvodnje i dodatno osna\u017ei industrijsku proizvodnju u BiH u navedenom periodu.<\/p>\n<p style=\"text-align: justify;\">Prema projekcijama DEP-a, ovo bi trebalo rezultirati godi\u0161njim pove\u0107anjem bh. industrijske proizvodnje vi\u0161e od pet posto za svaku godinu.<\/p>\n<p style=\"text-align: justify;\"><a href=\"http:\/\/zavnews.net\/index.php\/2017\/02\/25\/ocekuje-se-jacanje-bh-industrijske-proizvodnje\/images-cms-image-000064174\/\" rel=\"attachment wp-att-4164\"><img loading=\"lazy\" decoding=\"async\" class=\"aligncenter  wp-image-4164\" src=\"http:\/\/zavnews.net\/wp-content\/uploads\/2017\/02\/images-cms-image-000064174.jpg\" alt=\"\" width=\"898\" height=\"556\" srcset=\"https:\/\/zavnews.net\/wp-content\/uploads\/2017\/02\/images-cms-image-000064174.jpg 775w, https:\/\/zavnews.net\/wp-content\/uploads\/2017\/02\/images-cms-image-000064174-600x372.jpg 600w, https:\/\/zavnews.net\/wp-content\/uploads\/2017\/02\/images-cms-image-000064174-300x186.jpg 300w, https:\/\/zavnews.net\/wp-content\/uploads\/2017\/02\/images-cms-image-000064174-768x476.jpg 768w\" sizes=\"(max-width: 898px) 100vw, 898px\" \/><\/a><\/p>\n<p style=\"text-align: justify;\">Tako se do kraja posmatranog perioda o\u010dekuje pove\u0107anje udjela izvoza u BDP-u na nivo od 37,3%, a ukupna pokrivenost uvoza izvozom zaklju\u010dno s 2019. bi mogla iznositi oko 70%. Industrijska proizvodnja u Federaciji BiH u 2015. je u odnosu na prethodnu bila ve\u0107a za 2,2%.<\/p>\n<p style=\"text-align: justify;\">Pokrivenost uvoza izvozom je ne\u0161to vi\u0161a u 2015. godini (57,5%), u odnosu na prethodnu godinu, kada je 55,8% uvoza bilo pokriveno izvozom. Rast izvoza u 2014. je za 4,2% nastavljen i 2015., uz ne\u0161to vi\u0161u stopu od 6,2%.<\/p>\n<p style=\"text-align: justify;\">O\u010dekivanja su da u narednim godinama Federacija BiH zabilje\u017ei kontinuirani rast izvozne aktivnosti, i to u 2017. za 7,9% te u 2018. godini za osam posto.<\/p>\n<p style=\"text-align: justify;\">O\u010dekivani rast uvoza u 2017. je za 4,5%, a u 2018. godini, 5,2%, navedeno je, pored ostalih brojnih pokazatelja, u Dokumentu okvirnog bud\u017eeta za period 2017-2019 godina.<\/p>\n<p style=\"text-align: right;\">zavnews\/biznisinfo<\/p>\n<div class=\"fcbkbttn_buttons_block\" id=\"fcbkbttn_left\"><div class=\"fcbkbttn_button\">\n\t\t\t\t\t<a href=\"https:\/\/www.facebook.com\/www.zavnews.net\/\" target=\"_blank\">\n\t\t\t\t\t\t<img decoding=\"async\" src=\"https:\/\/zavnews.net\/wp-content\/plugins\/facebook-button-plugin\/images\/standard-facebook-ico.png\" alt=\"Fb-Button\" \/>\n\t\t\t\t\t<\/a>\n\t\t\t\t<\/div><div class=\"fcbkbttn_like \"><fb:like href=\"https:\/\/zavnews.net\/index.php\/2017\/02\/25\/ocekuje-se-jacanje-bh-industrijske-proizvodnje\/\" action=\"like\" colorscheme=\"light\" layout=\"standard\"  width=\"450px\" size=\"small\"><\/fb:like><\/div><div class=\"fb-share-button  \" data-href=\"https:\/\/zavnews.net\/index.php\/2017\/02\/25\/ocekuje-se-jacanje-bh-industrijske-proizvodnje\/\" data-type=\"button_count\" data-size=\"small\"><\/div><\/div>","protected":false},"excerpt":{"rendered":"<div class=\"fcbkbttn_buttons_block\" id=\"fcbkbttn_left\"><div class=\"fcbkbttn_button\">\n\t\t\t\t\t<a href=\"https:\/\/www.facebook.com\/www.zavnews.net\/\" target=\"_blank\">\n\t\t\t\t\t\t<img decoding=\"async\" src=\"https:\/\/zavnews.net\/wp-content\/plugins\/facebook-button-plugin\/images\/standard-facebook-ico.png\" alt=\"Fb-Button\" \/>\n\t\t\t\t\t<\/a>\n\t\t\t\t<\/div><div class=\"fcbkbttn_like \"><fb:like href=\"https:\/\/zavnews.net\/index.php\/2017\/02\/25\/ocekuje-se-jacanje-bh-industrijske-proizvodnje\/\" action=\"like\" colorscheme=\"light\" layout=\"standard\"  width=\"450px\" size=\"small\"><\/fb:like><\/div><div class=\"fb-share-button  \" data-href=\"https:\/\/zavnews.net\/index.php\/2017\/02\/25\/ocekuje-se-jacanje-bh-industrijske-proizvodnje\/\" data-type=\"button_count\" data-size=\"small\"><\/div><\/div><p>Od 2017. do 2019. godine, osim nastavka pozitivnih eksternih dinamika, o\u010dekuje se i sve uticajniji zna\u010daj internih dinamika kroz strukturalne reforme koje bi trebale biti u funkciji ja\u010danja ukupne industrijske proizvodnje u BiH, navedeno je izme\u0111u ostalog u Dokumentu okvirnog&#8230;<\/p>\n<div class=\"fcbkbttn_buttons_block\" id=\"fcbkbttn_left\"><div class=\"fcbkbttn_button\">\n\t\t\t\t\t<a href=\"https:\/\/www.facebook.com\/www.zavnews.net\/\" target=\"_blank\">\n\t\t\t\t\t\t<img decoding=\"async\" src=\"https:\/\/zavnews.net\/wp-content\/plugins\/facebook-button-plugin\/images\/standard-facebook-ico.png\" alt=\"Fb-Button\" \/>\n\t\t\t\t\t<\/a>\n\t\t\t\t<\/div><div class=\"fcbkbttn_like \"><fb:like href=\"https:\/\/zavnews.net\/index.php\/2017\/02\/25\/ocekuje-se-jacanje-bh-industrijske-proizvodnje\/\" action=\"like\" colorscheme=\"light\" layout=\"standard\"  width=\"450px\" size=\"small\"><\/fb:like><\/div><div class=\"fb-share-button  \" data-href=\"https:\/\/zavnews.net\/index.php\/2017\/02\/25\/ocekuje-se-jacanje-bh-industrijske-proizvodnje\/\" data-type=\"button_count\" data-size=\"small\"><\/div><\/div>","protected":false},"author":1,"featured_media":4163,"comment_status":"open","ping_status":"open","sticky":false,"template":"","format":"standard","meta":{"footnotes":""},"categories":[13,23,6,3],"tags":[],"yoast_head":"<!-- This site is optimized with the Yoast SEO plugin v23.5 - https:\/\/yoast.com\/wordpress\/plugins\/seo\/ -->\n<title>O\u010dekuje se ja\u010danje bh. industrijske proizvodnje - Zavnews<\/title>\n<meta name=\"robots\" content=\"index, follow, max-snippet:-1, max-image-preview:large, max-video-preview:-1\" \/>\n<link rel=\"canonical\" href=\"https:\/\/zavnews.net\/index.php\/2017\/02\/25\/ocekuje-se-jacanje-bh-industrijske-proizvodnje\/\" \/>\n<meta property=\"og:locale\" content=\"bs_BA\" \/>\n<meta property=\"og:type\" content=\"article\" \/>\n<meta property=\"og:title\" content=\"O\u010dekuje se ja\u010danje bh. industrijske proizvodnje - Zavnews\" \/>\n<meta property=\"og:description\" content=\"Od 2017. do 2019. godine, osim nastavka pozitivnih eksternih dinamika, o\u010dekuje se i sve uticajniji zna\u010daj internih dinamika kroz strukturalne reforme koje bi trebale biti u funkciji ja\u010danja ukupne industrijske proizvodnje u BiH, navedeno je izme\u0111u ostalog u Dokumentu okvirnog...\" \/>\n<meta property=\"og:url\" content=\"https:\/\/zavnews.net\/index.php\/2017\/02\/25\/ocekuje-se-jacanje-bh-industrijske-proizvodnje\/\" \/>\n<meta property=\"og:site_name\" content=\"Zavnews\" \/>\n<meta property=\"article:published_time\" content=\"2017-02-25T20:58:34+00:00\" \/>\n<meta property=\"og:image\" content=\"https:\/\/zavnews.net\/wp-content\/uploads\/2017\/02\/a576e9ca7cef11bb817fe9feb15e4851.jpg\" \/>\n\t<meta property=\"og:image:width\" content=\"775\" \/>\n\t<meta property=\"og:image:height\" content=\"480\" \/>\n\t<meta property=\"og:image:type\" content=\"image\/jpeg\" \/>\n<meta name=\"author\" content=\"zavnews\" \/>\n<meta name=\"twitter:card\" content=\"summary_large_image\" \/>\n<meta name=\"twitter:label1\" content=\"Written by\" \/>\n\t<meta name=\"twitter:data1\" content=\"zavnews\" \/>\n\t<meta name=\"twitter:label2\" content=\"Est. reading time\" \/>\n\t<meta name=\"twitter:data2\" content=\"1 minuta\" \/>\n<script type=\"application\/ld+json\" class=\"yoast-schema-graph\">{\"@context\":\"https:\/\/schema.org\",\"@graph\":[{\"@type\":\"Article\",\"@id\":\"https:\/\/zavnews.net\/index.php\/2017\/02\/25\/ocekuje-se-jacanje-bh-industrijske-proizvodnje\/#article\",\"isPartOf\":{\"@id\":\"https:\/\/zavnews.net\/index.php\/2017\/02\/25\/ocekuje-se-jacanje-bh-industrijske-proizvodnje\/\"},\"author\":{\"name\":\"zavnews\",\"@id\":\"https:\/\/zavnews.net\/#\/schema\/person\/2477577553b6626f3681ce4d32a6917f\"},\"headline\":\"O\u010dekuje se ja\u010danje bh. industrijske proizvodnje\",\"datePublished\":\"2017-02-25T20:58:34+00:00\",\"dateModified\":\"2017-02-25T20:58:34+00:00\",\"mainEntityOfPage\":{\"@id\":\"https:\/\/zavnews.net\/index.php\/2017\/02\/25\/ocekuje-se-jacanje-bh-industrijske-proizvodnje\/\"},\"wordCount\":266,\"commentCount\":0,\"publisher\":{\"@id\":\"https:\/\/zavnews.net\/#organization\"},\"image\":{\"@id\":\"https:\/\/zavnews.net\/index.php\/2017\/02\/25\/ocekuje-se-jacanje-bh-industrijske-proizvodnje\/#primaryimage\"},\"thumbnailUrl\":\"https:\/\/zavnews.net\/wp-content\/uploads\/2017\/02\/a576e9ca7cef11bb817fe9feb15e4851.jpg\",\"articleSection\":[\"BiH\",\"BiH\",\"BIZNIS\",\"VIJESTI\"],\"inLanguage\":\"bs-BA\",\"potentialAction\":[{\"@type\":\"CommentAction\",\"name\":\"Comment\",\"target\":[\"https:\/\/zavnews.net\/index.php\/2017\/02\/25\/ocekuje-se-jacanje-bh-industrijske-proizvodnje\/#respond\"]}]},{\"@type\":\"WebPage\",\"@id\":\"https:\/\/zavnews.net\/index.php\/2017\/02\/25\/ocekuje-se-jacanje-bh-industrijske-proizvodnje\/\",\"url\":\"https:\/\/zavnews.net\/index.php\/2017\/02\/25\/ocekuje-se-jacanje-bh-industrijske-proizvodnje\/\",\"name\":\"O\u010dekuje se ja\u010danje bh. industrijske proizvodnje - Zavnews\",\"isPartOf\":{\"@id\":\"https:\/\/zavnews.net\/#website\"},\"primaryImageOfPage\":{\"@id\":\"https:\/\/zavnews.net\/index.php\/2017\/02\/25\/ocekuje-se-jacanje-bh-industrijske-proizvodnje\/#primaryimage\"},\"image\":{\"@id\":\"https:\/\/zavnews.net\/index.php\/2017\/02\/25\/ocekuje-se-jacanje-bh-industrijske-proizvodnje\/#primaryimage\"},\"thumbnailUrl\":\"https:\/\/zavnews.net\/wp-content\/uploads\/2017\/02\/a576e9ca7cef11bb817fe9feb15e4851.jpg\",\"datePublished\":\"2017-02-25T20:58:34+00:00\",\"dateModified\":\"2017-02-25T20:58:34+00:00\",\"breadcrumb\":{\"@id\":\"https:\/\/zavnews.net\/index.php\/2017\/02\/25\/ocekuje-se-jacanje-bh-industrijske-proizvodnje\/#breadcrumb\"},\"inLanguage\":\"bs-BA\",\"potentialAction\":[{\"@type\":\"ReadAction\",\"target\":[\"https:\/\/zavnews.net\/index.php\/2017\/02\/25\/ocekuje-se-jacanje-bh-industrijske-proizvodnje\/\"]}]},{\"@type\":\"ImageObject\",\"inLanguage\":\"bs-BA\",\"@id\":\"https:\/\/zavnews.net\/index.php\/2017\/02\/25\/ocekuje-se-jacanje-bh-industrijske-proizvodnje\/#primaryimage\",\"url\":\"https:\/\/zavnews.net\/wp-content\/uploads\/2017\/02\/a576e9ca7cef11bb817fe9feb15e4851.jpg\",\"contentUrl\":\"https:\/\/zavnews.net\/wp-content\/uploads\/2017\/02\/a576e9ca7cef11bb817fe9feb15e4851.jpg\",\"width\":775,\"height\":480},{\"@type\":\"BreadcrumbList\",\"@id\":\"https:\/\/zavnews.net\/index.php\/2017\/02\/25\/ocekuje-se-jacanje-bh-industrijske-proizvodnje\/#breadcrumb\",\"itemListElement\":[{\"@type\":\"ListItem\",\"position\":1,\"name\":\"Po\u010detna stranica\",\"item\":\"https:\/\/zavnews.net\/\"},{\"@type\":\"ListItem\",\"position\":2,\"name\":\"O\u010dekuje se ja\u010danje bh. industrijske proizvodnje\"}]},{\"@type\":\"WebSite\",\"@id\":\"https:\/\/zavnews.net\/#website\",\"url\":\"https:\/\/zavnews.net\/\",\"name\":\"Zavnews\",\"description\":\"Zavidovi\u0107i\",\"publisher\":{\"@id\":\"https:\/\/zavnews.net\/#organization\"},\"potentialAction\":[{\"@type\":\"SearchAction\",\"target\":{\"@type\":\"EntryPoint\",\"urlTemplate\":\"https:\/\/zavnews.net\/?s={search_term_string}\"},\"query-input\":{\"@type\":\"PropertyValueSpecification\",\"valueRequired\":true,\"valueName\":\"search_term_string\"}}],\"inLanguage\":\"bs-BA\"},{\"@type\":\"Organization\",\"@id\":\"https:\/\/zavnews.net\/#organization\",\"name\":\"Zavidovi\u0107i\",\"url\":\"https:\/\/zavnews.net\/\",\"logo\":{\"@type\":\"ImageObject\",\"inLanguage\":\"bs-BA\",\"@id\":\"https:\/\/zavnews.net\/#\/schema\/logo\/image\/\",\"url\":\"https:\/\/zavnews.net\/wp-content\/uploads\/2021\/11\/cropped-cropped-cropped-cropped-Screenshot_1-removebg-preview-2.png\",\"contentUrl\":\"https:\/\/zavnews.net\/wp-content\/uploads\/2021\/11\/cropped-cropped-cropped-cropped-Screenshot_1-removebg-preview-2.png\",\"width\":841,\"height\":180,\"caption\":\"Zavidovi\u0107i\"},\"image\":{\"@id\":\"https:\/\/zavnews.net\/#\/schema\/logo\/image\/\"}},{\"@type\":\"Person\",\"@id\":\"https:\/\/zavnews.net\/#\/schema\/person\/2477577553b6626f3681ce4d32a6917f\",\"name\":\"zavnews\",\"image\":{\"@type\":\"ImageObject\",\"inLanguage\":\"bs-BA\",\"@id\":\"https:\/\/zavnews.net\/#\/schema\/person\/image\/\",\"url\":\"https:\/\/secure.gravatar.com\/avatar\/3d25e050de275ca74aa70a2e30eb6f6c?s=96&d=mm&r=g\",\"contentUrl\":\"https:\/\/secure.gravatar.com\/avatar\/3d25e050de275ca74aa70a2e30eb6f6c?s=96&d=mm&r=g\",\"caption\":\"zavnews\"}}]}<\/script>\n<!-- \/ Yoast SEO plugin. -->","yoast_head_json":{"title":"O\u010dekuje se ja\u010danje bh. industrijske proizvodnje - Zavnews","robots":{"index":"index","follow":"follow","max-snippet":"max-snippet:-1","max-image-preview":"max-image-preview:large","max-video-preview":"max-video-preview:-1"},"canonical":"https:\/\/zavnews.net\/index.php\/2017\/02\/25\/ocekuje-se-jacanje-bh-industrijske-proizvodnje\/","og_locale":"bs_BA","og_type":"article","og_title":"O\u010dekuje se ja\u010danje bh. industrijske proizvodnje - Zavnews","og_description":"Od 2017. do 2019. godine, osim nastavka pozitivnih eksternih dinamika, o\u010dekuje se i sve uticajniji zna\u010daj internih dinamika kroz strukturalne reforme koje bi trebale biti u funkciji ja\u010danja ukupne industrijske proizvodnje u BiH, navedeno je izme\u0111u ostalog u Dokumentu okvirnog...","og_url":"https:\/\/zavnews.net\/index.php\/2017\/02\/25\/ocekuje-se-jacanje-bh-industrijske-proizvodnje\/","og_site_name":"Zavnews","article_published_time":"2017-02-25T20:58:34+00:00","og_image":[{"width":775,"height":480,"url":"https:\/\/zavnews.net\/wp-content\/uploads\/2017\/02\/a576e9ca7cef11bb817fe9feb15e4851.jpg","type":"image\/jpeg"}],"author":"zavnews","twitter_card":"summary_large_image","twitter_misc":{"Written by":"zavnews","Est. reading time":"1 minuta"},"schema":{"@context":"https:\/\/schema.org","@graph":[{"@type":"Article","@id":"https:\/\/zavnews.net\/index.php\/2017\/02\/25\/ocekuje-se-jacanje-bh-industrijske-proizvodnje\/#article","isPartOf":{"@id":"https:\/\/zavnews.net\/index.php\/2017\/02\/25\/ocekuje-se-jacanje-bh-industrijske-proizvodnje\/"},"author":{"name":"zavnews","@id":"https:\/\/zavnews.net\/#\/schema\/person\/2477577553b6626f3681ce4d32a6917f"},"headline":"O\u010dekuje se ja\u010danje bh. industrijske proizvodnje","datePublished":"2017-02-25T20:58:34+00:00","dateModified":"2017-02-25T20:58:34+00:00","mainEntityOfPage":{"@id":"https:\/\/zavnews.net\/index.php\/2017\/02\/25\/ocekuje-se-jacanje-bh-industrijske-proizvodnje\/"},"wordCount":266,"commentCount":0,"publisher":{"@id":"https:\/\/zavnews.net\/#organization"},"image":{"@id":"https:\/\/zavnews.net\/index.php\/2017\/02\/25\/ocekuje-se-jacanje-bh-industrijske-proizvodnje\/#primaryimage"},"thumbnailUrl":"https:\/\/zavnews.net\/wp-content\/uploads\/2017\/02\/a576e9ca7cef11bb817fe9feb15e4851.jpg","articleSection":["BiH","BiH","BIZNIS","VIJESTI"],"inLanguage":"bs-BA","potentialAction":[{"@type":"CommentAction","name":"Comment","target":["https:\/\/zavnews.net\/index.php\/2017\/02\/25\/ocekuje-se-jacanje-bh-industrijske-proizvodnje\/#respond"]}]},{"@type":"WebPage","@id":"https:\/\/zavnews.net\/index.php\/2017\/02\/25\/ocekuje-se-jacanje-bh-industrijske-proizvodnje\/","url":"https:\/\/zavnews.net\/index.php\/2017\/02\/25\/ocekuje-se-jacanje-bh-industrijske-proizvodnje\/","name":"O\u010dekuje se ja\u010danje bh. industrijske proizvodnje - Zavnews","isPartOf":{"@id":"https:\/\/zavnews.net\/#website"},"primaryImageOfPage":{"@id":"https:\/\/zavnews.net\/index.php\/2017\/02\/25\/ocekuje-se-jacanje-bh-industrijske-proizvodnje\/#primaryimage"},"image":{"@id":"https:\/\/zavnews.net\/index.php\/2017\/02\/25\/ocekuje-se-jacanje-bh-industrijske-proizvodnje\/#primaryimage"},"thumbnailUrl":"https:\/\/zavnews.net\/wp-content\/uploads\/2017\/02\/a576e9ca7cef11bb817fe9feb15e4851.jpg","datePublished":"2017-02-25T20:58:34+00:00","dateModified":"2017-02-25T20:58:34+00:00","breadcrumb":{"@id":"https:\/\/zavnews.net\/index.php\/2017\/02\/25\/ocekuje-se-jacanje-bh-industrijske-proizvodnje\/#breadcrumb"},"inLanguage":"bs-BA","potentialAction":[{"@type":"ReadAction","target":["https:\/\/zavnews.net\/index.php\/2017\/02\/25\/ocekuje-se-jacanje-bh-industrijske-proizvodnje\/"]}]},{"@type":"ImageObject","inLanguage":"bs-BA","@id":"https:\/\/zavnews.net\/index.php\/2017\/02\/25\/ocekuje-se-jacanje-bh-industrijske-proizvodnje\/#primaryimage","url":"https:\/\/zavnews.net\/wp-content\/uploads\/2017\/02\/a576e9ca7cef11bb817fe9feb15e4851.jpg","contentUrl":"https:\/\/zavnews.net\/wp-content\/uploads\/2017\/02\/a576e9ca7cef11bb817fe9feb15e4851.jpg","width":775,"height":480},{"@type":"BreadcrumbList","@id":"https:\/\/zavnews.net\/index.php\/2017\/02\/25\/ocekuje-se-jacanje-bh-industrijske-proizvodnje\/#breadcrumb","itemListElement":[{"@type":"ListItem","position":1,"name":"Po\u010detna stranica","item":"https:\/\/zavnews.net\/"},{"@type":"ListItem","position":2,"name":"O\u010dekuje se ja\u010danje bh. industrijske proizvodnje"}]},{"@type":"WebSite","@id":"https:\/\/zavnews.net\/#website","url":"https:\/\/zavnews.net\/","name":"Zavnews","description":"Zavidovi\u0107i","publisher":{"@id":"https:\/\/zavnews.net\/#organization"},"potentialAction":[{"@type":"SearchAction","target":{"@type":"EntryPoint","urlTemplate":"https:\/\/zavnews.net\/?s={search_term_string}"},"query-input":{"@type":"PropertyValueSpecification","valueRequired":true,"valueName":"search_term_string"}}],"inLanguage":"bs-BA"},{"@type":"Organization","@id":"https:\/\/zavnews.net\/#organization","name":"Zavidovi\u0107i","url":"https:\/\/zavnews.net\/","logo":{"@type":"ImageObject","inLanguage":"bs-BA","@id":"https:\/\/zavnews.net\/#\/schema\/logo\/image\/","url":"https:\/\/zavnews.net\/wp-content\/uploads\/2021\/11\/cropped-cropped-cropped-cropped-Screenshot_1-removebg-preview-2.png","contentUrl":"https:\/\/zavnews.net\/wp-content\/uploads\/2021\/11\/cropped-cropped-cropped-cropped-Screenshot_1-removebg-preview-2.png","width":841,"height":180,"caption":"Zavidovi\u0107i"},"image":{"@id":"https:\/\/zavnews.net\/#\/schema\/logo\/image\/"}},{"@type":"Person","@id":"https:\/\/zavnews.net\/#\/schema\/person\/2477577553b6626f3681ce4d32a6917f","name":"zavnews","image":{"@type":"ImageObject","inLanguage":"bs-BA","@id":"https:\/\/zavnews.net\/#\/schema\/person\/image\/","url":"https:\/\/secure.gravatar.com\/avatar\/3d25e050de275ca74aa70a2e30eb6f6c?s=96&d=mm&r=g","contentUrl":"https:\/\/secure.gravatar.com\/avatar\/3d25e050de275ca74aa70a2e30eb6f6c?s=96&d=mm&r=g","caption":"zavnews"}}]}},"_links":{"self":[{"href":"https:\/\/zavnews.net\/index.php\/wp-json\/wp\/v2\/posts\/4162"}],"collection":[{"href":"https:\/\/zavnews.net\/index.php\/wp-json\/wp\/v2\/posts"}],"about":[{"href":"https:\/\/zavnews.net\/index.php\/wp-json\/wp\/v2\/types\/post"}],"author":[{"embeddable":true,"href":"https:\/\/zavnews.net\/index.php\/wp-json\/wp\/v2\/users\/1"}],"replies":[{"embeddable":true,"href":"https:\/\/zavnews.net\/index.php\/wp-json\/wp\/v2\/comments?post=4162"}],"version-history":[{"count":2,"href":"https:\/\/zavnews.net\/index.php\/wp-json\/wp\/v2\/posts\/4162\/revisions"}],"predecessor-version":[{"id":4166,"href":"https:\/\/zavnews.net\/index.php\/wp-json\/wp\/v2\/posts\/4162\/revisions\/4166"}],"wp:featuredmedia":[{"embeddable":true,"href":"https:\/\/zavnews.net\/index.php\/wp-json\/wp\/v2\/media\/4163"}],"wp:attachment":[{"href":"https:\/\/zavnews.net\/index.php\/wp-json\/wp\/v2\/media?parent=4162"}],"wp:term":[{"taxonomy":"category","embeddable":true,"href":"https:\/\/zavnews.net\/index.php\/wp-json\/wp\/v2\/categories?post=4162"},{"taxonomy":"post_tag","embeddable":true,"href":"https:\/\/zavnews.net\/index.php\/wp-json\/wp\/v2\/tags?post=4162"}],"curies":[{"name":"wp","href":"https:\/\/api.w.org\/{rel}","templated":true}]}}