{"id":3979,"date":"2017-02-20T20:06:24","date_gmt":"2017-02-20T19:06:24","guid":{"rendered":"http:\/\/zavnews.net\/?p=3979"},"modified":"2017-02-20T20:06:24","modified_gmt":"2017-02-20T19:06:24","slug":"udruzenja-ratnih-zrtava-zaustavljanje-procesa-revizije-presude-negiranju-genocida","status":"publish","type":"post","link":"https:\/\/zavnews.net\/index.php\/2017\/02\/20\/udruzenja-ratnih-zrtava-zaustavljanje-procesa-revizije-presude-negiranju-genocida\/","title":{"rendered":"Udru\u017eenja ratnih \u017ertava: Zaustavljanje procesa revizije presude jednako je negiranju genocida"},"content":{"rendered":"<div class=\"fcbkbttn_buttons_block\" id=\"fcbkbttn_left\"><div class=\"fcbkbttn_button\">\n\t\t\t\t\t<a href=\"https:\/\/www.facebook.com\/www.zavnews.net\/\" target=\"_blank\">\n\t\t\t\t\t\t<img decoding=\"async\" src=\"https:\/\/zavnews.net\/wp-content\/plugins\/facebook-button-plugin\/images\/standard-facebook-ico.png\" alt=\"Fb-Button\" \/>\n\t\t\t\t\t<\/a>\n\t\t\t\t<\/div><div class=\"fcbkbttn_like \"><fb:like href=\"https:\/\/zavnews.net\/index.php\/2017\/02\/20\/udruzenja-ratnih-zrtava-zaustavljanje-procesa-revizije-presude-negiranju-genocida\/\" action=\"like\" colorscheme=\"light\" layout=\"standard\"  width=\"450px\" size=\"small\"><\/fb:like><\/div><div class=\"fb-share-button  \" data-href=\"https:\/\/zavnews.net\/index.php\/2017\/02\/20\/udruzenja-ratnih-zrtava-zaustavljanje-procesa-revizije-presude-negiranju-genocida\/\" data-type=\"button_count\" data-size=\"small\"><\/div><\/div><p style=\"text-align: justify;\"><a href=\"http:\/\/zavnews.net\/index.php\/2017\/02\/20\/udruzenja-ratnih-zrtava-zaustavljanje-procesa-revizije-presude-negiranju-genocida\/dsc00350-678x381\/\" rel=\"attachment wp-att-3980\"><img loading=\"lazy\" decoding=\"async\" class=\"aligncenter  wp-image-3980\" src=\"http:\/\/zavnews.net\/wp-content\/uploads\/2017\/02\/DSC00350-678x381.jpg\" alt=\"\" width=\"877\" height=\"495\" srcset=\"https:\/\/zavnews.net\/wp-content\/uploads\/2017\/02\/DSC00350-678x381.jpg 850w, https:\/\/zavnews.net\/wp-content\/uploads\/2017\/02\/DSC00350-678x381-600x339.jpg 600w, https:\/\/zavnews.net\/wp-content\/uploads\/2017\/02\/DSC00350-678x381-300x169.jpg 300w, https:\/\/zavnews.net\/wp-content\/uploads\/2017\/02\/DSC00350-678x381-768x434.jpg 768w\" sizes=\"(max-width: 877px) 100vw, 877px\" \/><\/a><\/p>\n<p style=\"text-align: justify;\"><strong>Vi\u0161e udru\u017eenja ratnih \u017ertava pozvalo je \u010dlana Predsjedni\u0161tva BiH Mladena Ivani\u0107a i ministra vanjskih poslova Igora Crnadka da se uzdr\u017ee od protivzakonitih akcija usmjerenih na zaustavljanje podno\u0161enja zahtjeva za reviziju presude po tu\u017ebi BiH protiv Srbije pred Me\u0111unarodnim sudom pravde u Hagu.<\/strong><\/p>\n<p style=\"text-align: justify;\"><strong>&#8211; Revizija je legalan proces i svaki vaninstitucionalni poku\u0161aji zaustavljanja agenta BiH pred Me\u0111unarodnim sudom pravde da podnese zahtjev za reviziju smatramo kr\u0161enjem zakona BiH. Pozivamo Tu\u017eila\u0161tvo BiH da pokrene predistra\u017ene radnje u pogledu sabotiranja, opstrukcija i blokada revizionog postupka BiH pred Me\u0111unarodnim sudom pravde. Tra\u017eimo od Tu\u017eila\u0161tva BiH da se odmah i neizostavno zabilje\u017ee sve izjave zvani\u010dnika koji su pozvali i pozivaju na zaustavljanje revizionog postupka &#8211;<\/strong> saop\u0107ilo je Udru\u017eenje \u017ertava i svjedoka genocida.<\/p>\n<p style=\"text-align: justify;\">Tako\u0111er, udru\u017eenja navode da \u0107e <strong>&#8220;svaki slijede\u0107i poku\u0161aj zaustavljanja legalnog procesa revizije pred Me\u0111unarodnim sudom pravde, ma o kome se radilo, tretirati kao krivi\u010dno djelo i ugro\u017eavanje na\u0161ih prava, kao i negiranje genocida&#8221;.<\/strong><\/p>\n<p style=\"text-align: justify;\"><strong>&#8211; S tim u vezi, podnijet \u0107emo krivi\u010dne prijave protiv svakog pojedinca, grupe ili organizacije bez obzira na to da li se radilo o doma\u0107im ili stranim zvani\u010dnicima \u2013<\/strong> navodi se u saop\u0107enju.<\/p>\n<p style=\"text-align: justify;\">Potpisnici ovog saop\u0107enja su: Pokret Majke enklave Srebrenica i \u017depa, Udru\u017eenje \u017ertava i svjedoka genocida, Udru\u017eenje \u017dena &#8211; \u017ertva rata, Udru\u017eenje \u017dena Podrinja &#8211; Bratunac, Udru\u017eenje gra\u0111ana za pravdu mir i povratak, Udru\u017eenje roditelja ubijene djece opkoljenog Sarajeva 1992-1995, Udru\u017eenje porodica nestalih op\u0107ine Vogo\u0161\u0107a i Udru\u017eenje porodica nestalih op\u0107ine Ilija\u0161.<\/p>\n<p style=\"text-align: right;\">zavnews\/faktor<\/p>\n<div class=\"fcbkbttn_buttons_block\" id=\"fcbkbttn_left\"><div class=\"fcbkbttn_button\">\n\t\t\t\t\t<a href=\"https:\/\/www.facebook.com\/www.zavnews.net\/\" target=\"_blank\">\n\t\t\t\t\t\t<img decoding=\"async\" src=\"https:\/\/zavnews.net\/wp-content\/plugins\/facebook-button-plugin\/images\/standard-facebook-ico.png\" alt=\"Fb-Button\" \/>\n\t\t\t\t\t<\/a>\n\t\t\t\t<\/div><div class=\"fcbkbttn_like \"><fb:like href=\"https:\/\/zavnews.net\/index.php\/2017\/02\/20\/udruzenja-ratnih-zrtava-zaustavljanje-procesa-revizije-presude-negiranju-genocida\/\" action=\"like\" colorscheme=\"light\" layout=\"standard\"  width=\"450px\" size=\"small\"><\/fb:like><\/div><div class=\"fb-share-button  \" data-href=\"https:\/\/zavnews.net\/index.php\/2017\/02\/20\/udruzenja-ratnih-zrtava-zaustavljanje-procesa-revizije-presude-negiranju-genocida\/\" data-type=\"button_count\" data-size=\"small\"><\/div><\/div>","protected":false},"excerpt":{"rendered":"<div class=\"fcbkbttn_buttons_block\" id=\"fcbkbttn_left\"><div class=\"fcbkbttn_button\">\n\t\t\t\t\t<a href=\"https:\/\/www.facebook.com\/www.zavnews.net\/\" target=\"_blank\">\n\t\t\t\t\t\t<img decoding=\"async\" src=\"https:\/\/zavnews.net\/wp-content\/plugins\/facebook-button-plugin\/images\/standard-facebook-ico.png\" alt=\"Fb-Button\" \/>\n\t\t\t\t\t<\/a>\n\t\t\t\t<\/div><div class=\"fcbkbttn_like \"><fb:like href=\"https:\/\/zavnews.net\/index.php\/2017\/02\/20\/udruzenja-ratnih-zrtava-zaustavljanje-procesa-revizije-presude-negiranju-genocida\/\" action=\"like\" colorscheme=\"light\" layout=\"standard\"  width=\"450px\" size=\"small\"><\/fb:like><\/div><div class=\"fb-share-button  \" data-href=\"https:\/\/zavnews.net\/index.php\/2017\/02\/20\/udruzenja-ratnih-zrtava-zaustavljanje-procesa-revizije-presude-negiranju-genocida\/\" data-type=\"button_count\" data-size=\"small\"><\/div><\/div><p>Vi\u0161e udru\u017eenja ratnih \u017ertava pozvalo je \u010dlana Predsjedni\u0161tva BiH Mladena Ivani\u0107a i ministra vanjskih poslova Igora Crnadka da se uzdr\u017ee od protivzakonitih akcija usmjerenih na zaustavljanje podno\u0161enja zahtjeva za reviziju presude po tu\u017ebi BiH protiv Srbije pred Me\u0111unarodnim sudom pravde&#8230;<\/p>\n<div class=\"fcbkbttn_buttons_block\" id=\"fcbkbttn_left\"><div class=\"fcbkbttn_button\">\n\t\t\t\t\t<a href=\"https:\/\/www.facebook.com\/www.zavnews.net\/\" target=\"_blank\">\n\t\t\t\t\t\t<img decoding=\"async\" src=\"https:\/\/zavnews.net\/wp-content\/plugins\/facebook-button-plugin\/images\/standard-facebook-ico.png\" alt=\"Fb-Button\" \/>\n\t\t\t\t\t<\/a>\n\t\t\t\t<\/div><div class=\"fcbkbttn_like \"><fb:like href=\"https:\/\/zavnews.net\/index.php\/2017\/02\/20\/udruzenja-ratnih-zrtava-zaustavljanje-procesa-revizije-presude-negiranju-genocida\/\" action=\"like\" colorscheme=\"light\" layout=\"standard\"  width=\"450px\" size=\"small\"><\/fb:like><\/div><div class=\"fb-share-button  \" data-href=\"https:\/\/zavnews.net\/index.php\/2017\/02\/20\/udruzenja-ratnih-zrtava-zaustavljanje-procesa-revizije-presude-negiranju-genocida\/\" data-type=\"button_count\" data-size=\"small\"><\/div><\/div>","protected":false},"author":1,"featured_media":3980,"comment_status":"open","ping_status":"open","sticky":false,"template":"","format":"standard","meta":{"footnotes":""},"categories":[13,3],"tags":[],"yoast_head":"<!-- This site is optimized with the Yoast SEO plugin v23.5 - https:\/\/yoast.com\/wordpress\/plugins\/seo\/ -->\n<title>Udru\u017eenja ratnih \u017ertava: Zaustavljanje procesa revizije presude jednako je negiranju genocida - Zavnews<\/title>\n<meta name=\"robots\" content=\"index, follow, max-snippet:-1, max-image-preview:large, max-video-preview:-1\" \/>\n<link rel=\"canonical\" href=\"https:\/\/zavnews.net\/index.php\/2017\/02\/20\/udruzenja-ratnih-zrtava-zaustavljanje-procesa-revizije-presude-negiranju-genocida\/\" \/>\n<meta property=\"og:locale\" content=\"bs_BA\" \/>\n<meta property=\"og:type\" content=\"article\" \/>\n<meta property=\"og:title\" content=\"Udru\u017eenja ratnih \u017ertava: Zaustavljanje procesa revizije presude jednako je negiranju genocida - Zavnews\" \/>\n<meta property=\"og:description\" content=\"Vi\u0161e udru\u017eenja ratnih \u017ertava pozvalo je \u010dlana Predsjedni\u0161tva BiH Mladena Ivani\u0107a i ministra vanjskih poslova Igora Crnadka da se uzdr\u017ee od protivzakonitih akcija usmjerenih na zaustavljanje podno\u0161enja zahtjeva za reviziju presude po tu\u017ebi BiH protiv Srbije pred Me\u0111unarodnim sudom pravde...\" \/>\n<meta property=\"og:url\" content=\"https:\/\/zavnews.net\/index.php\/2017\/02\/20\/udruzenja-ratnih-zrtava-zaustavljanje-procesa-revizije-presude-negiranju-genocida\/\" \/>\n<meta property=\"og:site_name\" content=\"Zavnews\" \/>\n<meta property=\"article:published_time\" content=\"2017-02-20T19:06:24+00:00\" \/>\n<meta property=\"og:image\" content=\"https:\/\/zavnews.net\/wp-content\/uploads\/2017\/02\/DSC00350-678x381.jpg\" \/>\n\t<meta property=\"og:image:width\" content=\"850\" \/>\n\t<meta property=\"og:image:height\" content=\"480\" \/>\n\t<meta property=\"og:image:type\" content=\"image\/jpeg\" \/>\n<meta name=\"author\" content=\"zavnews\" \/>\n<meta name=\"twitter:card\" content=\"summary_large_image\" \/>\n<meta name=\"twitter:label1\" content=\"Written by\" \/>\n\t<meta name=\"twitter:data1\" content=\"zavnews\" \/>\n\t<meta name=\"twitter:label2\" content=\"Est. reading time\" \/>\n\t<meta name=\"twitter:data2\" content=\"1 minuta\" \/>\n<script type=\"application\/ld+json\" class=\"yoast-schema-graph\">{\"@context\":\"https:\/\/schema.org\",\"@graph\":[{\"@type\":\"Article\",\"@id\":\"https:\/\/zavnews.net\/index.php\/2017\/02\/20\/udruzenja-ratnih-zrtava-zaustavljanje-procesa-revizije-presude-negiranju-genocida\/#article\",\"isPartOf\":{\"@id\":\"https:\/\/zavnews.net\/index.php\/2017\/02\/20\/udruzenja-ratnih-zrtava-zaustavljanje-procesa-revizije-presude-negiranju-genocida\/\"},\"author\":{\"name\":\"zavnews\",\"@id\":\"https:\/\/zavnews.net\/#\/schema\/person\/2477577553b6626f3681ce4d32a6917f\"},\"headline\":\"Udru\u017eenja ratnih \u017ertava: Zaustavljanje procesa revizije presude jednako je negiranju genocida\",\"datePublished\":\"2017-02-20T19:06:24+00:00\",\"dateModified\":\"2017-02-20T19:06:24+00:00\",\"mainEntityOfPage\":{\"@id\":\"https:\/\/zavnews.net\/index.php\/2017\/02\/20\/udruzenja-ratnih-zrtava-zaustavljanje-procesa-revizije-presude-negiranju-genocida\/\"},\"wordCount\":292,\"commentCount\":0,\"publisher\":{\"@id\":\"https:\/\/zavnews.net\/#organization\"},\"image\":{\"@id\":\"https:\/\/zavnews.net\/index.php\/2017\/02\/20\/udruzenja-ratnih-zrtava-zaustavljanje-procesa-revizije-presude-negiranju-genocida\/#primaryimage\"},\"thumbnailUrl\":\"https:\/\/zavnews.net\/wp-content\/uploads\/2017\/02\/DSC00350-678x381.jpg\",\"articleSection\":[\"BiH\",\"VIJESTI\"],\"inLanguage\":\"bs-BA\",\"potentialAction\":[{\"@type\":\"CommentAction\",\"name\":\"Comment\",\"target\":[\"https:\/\/zavnews.net\/index.php\/2017\/02\/20\/udruzenja-ratnih-zrtava-zaustavljanje-procesa-revizije-presude-negiranju-genocida\/#respond\"]}]},{\"@type\":\"WebPage\",\"@id\":\"https:\/\/zavnews.net\/index.php\/2017\/02\/20\/udruzenja-ratnih-zrtava-zaustavljanje-procesa-revizije-presude-negiranju-genocida\/\",\"url\":\"https:\/\/zavnews.net\/index.php\/2017\/02\/20\/udruzenja-ratnih-zrtava-zaustavljanje-procesa-revizije-presude-negiranju-genocida\/\",\"name\":\"Udru\u017eenja ratnih \u017ertava: Zaustavljanje procesa revizije presude jednako je negiranju genocida - Zavnews\",\"isPartOf\":{\"@id\":\"https:\/\/zavnews.net\/#website\"},\"primaryImageOfPage\":{\"@id\":\"https:\/\/zavnews.net\/index.php\/2017\/02\/20\/udruzenja-ratnih-zrtava-zaustavljanje-procesa-revizije-presude-negiranju-genocida\/#primaryimage\"},\"image\":{\"@id\":\"https:\/\/zavnews.net\/index.php\/2017\/02\/20\/udruzenja-ratnih-zrtava-zaustavljanje-procesa-revizije-presude-negiranju-genocida\/#primaryimage\"},\"thumbnailUrl\":\"https:\/\/zavnews.net\/wp-content\/uploads\/2017\/02\/DSC00350-678x381.jpg\",\"datePublished\":\"2017-02-20T19:06:24+00:00\",\"dateModified\":\"2017-02-20T19:06:24+00:00\",\"breadcrumb\":{\"@id\":\"https:\/\/zavnews.net\/index.php\/2017\/02\/20\/udruzenja-ratnih-zrtava-zaustavljanje-procesa-revizije-presude-negiranju-genocida\/#breadcrumb\"},\"inLanguage\":\"bs-BA\",\"potentialAction\":[{\"@type\":\"ReadAction\",\"target\":[\"https:\/\/zavnews.net\/index.php\/2017\/02\/20\/udruzenja-ratnih-zrtava-zaustavljanje-procesa-revizije-presude-negiranju-genocida\/\"]}]},{\"@type\":\"ImageObject\",\"inLanguage\":\"bs-BA\",\"@id\":\"https:\/\/zavnews.net\/index.php\/2017\/02\/20\/udruzenja-ratnih-zrtava-zaustavljanje-procesa-revizije-presude-negiranju-genocida\/#primaryimage\",\"url\":\"https:\/\/zavnews.net\/wp-content\/uploads\/2017\/02\/DSC00350-678x381.jpg\",\"contentUrl\":\"https:\/\/zavnews.net\/wp-content\/uploads\/2017\/02\/DSC00350-678x381.jpg\",\"width\":850,\"height\":480},{\"@type\":\"BreadcrumbList\",\"@id\":\"https:\/\/zavnews.net\/index.php\/2017\/02\/20\/udruzenja-ratnih-zrtava-zaustavljanje-procesa-revizije-presude-negiranju-genocida\/#breadcrumb\",\"itemListElement\":[{\"@type\":\"ListItem\",\"position\":1,\"name\":\"Po\u010detna stranica\",\"item\":\"https:\/\/zavnews.net\/\"},{\"@type\":\"ListItem\",\"position\":2,\"name\":\"Udru\u017eenja ratnih \u017ertava: Zaustavljanje procesa revizije presude jednako je negiranju genocida\"}]},{\"@type\":\"WebSite\",\"@id\":\"https:\/\/zavnews.net\/#website\",\"url\":\"https:\/\/zavnews.net\/\",\"name\":\"Zavnews\",\"description\":\"Zavidovi\u0107i\",\"publisher\":{\"@id\":\"https:\/\/zavnews.net\/#organization\"},\"potentialAction\":[{\"@type\":\"SearchAction\",\"target\":{\"@type\":\"EntryPoint\",\"urlTemplate\":\"https:\/\/zavnews.net\/?s={search_term_string}\"},\"query-input\":{\"@type\":\"PropertyValueSpecification\",\"valueRequired\":true,\"valueName\":\"search_term_string\"}}],\"inLanguage\":\"bs-BA\"},{\"@type\":\"Organization\",\"@id\":\"https:\/\/zavnews.net\/#organization\",\"name\":\"Zavidovi\u0107i\",\"url\":\"https:\/\/zavnews.net\/\",\"logo\":{\"@type\":\"ImageObject\",\"inLanguage\":\"bs-BA\",\"@id\":\"https:\/\/zavnews.net\/#\/schema\/logo\/image\/\",\"url\":\"https:\/\/zavnews.net\/wp-content\/uploads\/2021\/11\/cropped-cropped-cropped-cropped-Screenshot_1-removebg-preview-2.png\",\"contentUrl\":\"https:\/\/zavnews.net\/wp-content\/uploads\/2021\/11\/cropped-cropped-cropped-cropped-Screenshot_1-removebg-preview-2.png\",\"width\":841,\"height\":180,\"caption\":\"Zavidovi\u0107i\"},\"image\":{\"@id\":\"https:\/\/zavnews.net\/#\/schema\/logo\/image\/\"}},{\"@type\":\"Person\",\"@id\":\"https:\/\/zavnews.net\/#\/schema\/person\/2477577553b6626f3681ce4d32a6917f\",\"name\":\"zavnews\",\"image\":{\"@type\":\"ImageObject\",\"inLanguage\":\"bs-BA\",\"@id\":\"https:\/\/zavnews.net\/#\/schema\/person\/image\/\",\"url\":\"https:\/\/secure.gravatar.com\/avatar\/3d25e050de275ca74aa70a2e30eb6f6c?s=96&d=mm&r=g\",\"contentUrl\":\"https:\/\/secure.gravatar.com\/avatar\/3d25e050de275ca74aa70a2e30eb6f6c?s=96&d=mm&r=g\",\"caption\":\"zavnews\"}}]}<\/script>\n<!-- \/ Yoast SEO plugin. -->","yoast_head_json":{"title":"Udru\u017eenja ratnih \u017ertava: Zaustavljanje procesa revizije presude jednako je negiranju genocida - Zavnews","robots":{"index":"index","follow":"follow","max-snippet":"max-snippet:-1","max-image-preview":"max-image-preview:large","max-video-preview":"max-video-preview:-1"},"canonical":"https:\/\/zavnews.net\/index.php\/2017\/02\/20\/udruzenja-ratnih-zrtava-zaustavljanje-procesa-revizije-presude-negiranju-genocida\/","og_locale":"bs_BA","og_type":"article","og_title":"Udru\u017eenja ratnih \u017ertava: Zaustavljanje procesa revizije presude jednako je negiranju genocida - Zavnews","og_description":"Vi\u0161e udru\u017eenja ratnih \u017ertava pozvalo je \u010dlana Predsjedni\u0161tva BiH Mladena Ivani\u0107a i ministra vanjskih poslova Igora Crnadka da se uzdr\u017ee od protivzakonitih akcija usmjerenih na zaustavljanje podno\u0161enja zahtjeva za reviziju presude po tu\u017ebi BiH protiv Srbije pred Me\u0111unarodnim sudom pravde...","og_url":"https:\/\/zavnews.net\/index.php\/2017\/02\/20\/udruzenja-ratnih-zrtava-zaustavljanje-procesa-revizije-presude-negiranju-genocida\/","og_site_name":"Zavnews","article_published_time":"2017-02-20T19:06:24+00:00","og_image":[{"width":850,"height":480,"url":"https:\/\/zavnews.net\/wp-content\/uploads\/2017\/02\/DSC00350-678x381.jpg","type":"image\/jpeg"}],"author":"zavnews","twitter_card":"summary_large_image","twitter_misc":{"Written by":"zavnews","Est. reading time":"1 minuta"},"schema":{"@context":"https:\/\/schema.org","@graph":[{"@type":"Article","@id":"https:\/\/zavnews.net\/index.php\/2017\/02\/20\/udruzenja-ratnih-zrtava-zaustavljanje-procesa-revizije-presude-negiranju-genocida\/#article","isPartOf":{"@id":"https:\/\/zavnews.net\/index.php\/2017\/02\/20\/udruzenja-ratnih-zrtava-zaustavljanje-procesa-revizije-presude-negiranju-genocida\/"},"author":{"name":"zavnews","@id":"https:\/\/zavnews.net\/#\/schema\/person\/2477577553b6626f3681ce4d32a6917f"},"headline":"Udru\u017eenja ratnih \u017ertava: Zaustavljanje procesa revizije presude jednako je negiranju genocida","datePublished":"2017-02-20T19:06:24+00:00","dateModified":"2017-02-20T19:06:24+00:00","mainEntityOfPage":{"@id":"https:\/\/zavnews.net\/index.php\/2017\/02\/20\/udruzenja-ratnih-zrtava-zaustavljanje-procesa-revizije-presude-negiranju-genocida\/"},"wordCount":292,"commentCount":0,"publisher":{"@id":"https:\/\/zavnews.net\/#organization"},"image":{"@id":"https:\/\/zavnews.net\/index.php\/2017\/02\/20\/udruzenja-ratnih-zrtava-zaustavljanje-procesa-revizije-presude-negiranju-genocida\/#primaryimage"},"thumbnailUrl":"https:\/\/zavnews.net\/wp-content\/uploads\/2017\/02\/DSC00350-678x381.jpg","articleSection":["BiH","VIJESTI"],"inLanguage":"bs-BA","potentialAction":[{"@type":"CommentAction","name":"Comment","target":["https:\/\/zavnews.net\/index.php\/2017\/02\/20\/udruzenja-ratnih-zrtava-zaustavljanje-procesa-revizije-presude-negiranju-genocida\/#respond"]}]},{"@type":"WebPage","@id":"https:\/\/zavnews.net\/index.php\/2017\/02\/20\/udruzenja-ratnih-zrtava-zaustavljanje-procesa-revizije-presude-negiranju-genocida\/","url":"https:\/\/zavnews.net\/index.php\/2017\/02\/20\/udruzenja-ratnih-zrtava-zaustavljanje-procesa-revizije-presude-negiranju-genocida\/","name":"Udru\u017eenja ratnih \u017ertava: Zaustavljanje procesa revizije presude jednako je negiranju genocida - Zavnews","isPartOf":{"@id":"https:\/\/zavnews.net\/#website"},"primaryImageOfPage":{"@id":"https:\/\/zavnews.net\/index.php\/2017\/02\/20\/udruzenja-ratnih-zrtava-zaustavljanje-procesa-revizije-presude-negiranju-genocida\/#primaryimage"},"image":{"@id":"https:\/\/zavnews.net\/index.php\/2017\/02\/20\/udruzenja-ratnih-zrtava-zaustavljanje-procesa-revizije-presude-negiranju-genocida\/#primaryimage"},"thumbnailUrl":"https:\/\/zavnews.net\/wp-content\/uploads\/2017\/02\/DSC00350-678x381.jpg","datePublished":"2017-02-20T19:06:24+00:00","dateModified":"2017-02-20T19:06:24+00:00","breadcrumb":{"@id":"https:\/\/zavnews.net\/index.php\/2017\/02\/20\/udruzenja-ratnih-zrtava-zaustavljanje-procesa-revizije-presude-negiranju-genocida\/#breadcrumb"},"inLanguage":"bs-BA","potentialAction":[{"@type":"ReadAction","target":["https:\/\/zavnews.net\/index.php\/2017\/02\/20\/udruzenja-ratnih-zrtava-zaustavljanje-procesa-revizije-presude-negiranju-genocida\/"]}]},{"@type":"ImageObject","inLanguage":"bs-BA","@id":"https:\/\/zavnews.net\/index.php\/2017\/02\/20\/udruzenja-ratnih-zrtava-zaustavljanje-procesa-revizije-presude-negiranju-genocida\/#primaryimage","url":"https:\/\/zavnews.net\/wp-content\/uploads\/2017\/02\/DSC00350-678x381.jpg","contentUrl":"https:\/\/zavnews.net\/wp-content\/uploads\/2017\/02\/DSC00350-678x381.jpg","width":850,"height":480},{"@type":"BreadcrumbList","@id":"https:\/\/zavnews.net\/index.php\/2017\/02\/20\/udruzenja-ratnih-zrtava-zaustavljanje-procesa-revizije-presude-negiranju-genocida\/#breadcrumb","itemListElement":[{"@type":"ListItem","position":1,"name":"Po\u010detna stranica","item":"https:\/\/zavnews.net\/"},{"@type":"ListItem","position":2,"name":"Udru\u017eenja ratnih \u017ertava: Zaustavljanje procesa revizije presude jednako je negiranju genocida"}]},{"@type":"WebSite","@id":"https:\/\/zavnews.net\/#website","url":"https:\/\/zavnews.net\/","name":"Zavnews","description":"Zavidovi\u0107i","publisher":{"@id":"https:\/\/zavnews.net\/#organization"},"potentialAction":[{"@type":"SearchAction","target":{"@type":"EntryPoint","urlTemplate":"https:\/\/zavnews.net\/?s={search_term_string}"},"query-input":{"@type":"PropertyValueSpecification","valueRequired":true,"valueName":"search_term_string"}}],"inLanguage":"bs-BA"},{"@type":"Organization","@id":"https:\/\/zavnews.net\/#organization","name":"Zavidovi\u0107i","url":"https:\/\/zavnews.net\/","logo":{"@type":"ImageObject","inLanguage":"bs-BA","@id":"https:\/\/zavnews.net\/#\/schema\/logo\/image\/","url":"https:\/\/zavnews.net\/wp-content\/uploads\/2021\/11\/cropped-cropped-cropped-cropped-Screenshot_1-removebg-preview-2.png","contentUrl":"https:\/\/zavnews.net\/wp-content\/uploads\/2021\/11\/cropped-cropped-cropped-cropped-Screenshot_1-removebg-preview-2.png","width":841,"height":180,"caption":"Zavidovi\u0107i"},"image":{"@id":"https:\/\/zavnews.net\/#\/schema\/logo\/image\/"}},{"@type":"Person","@id":"https:\/\/zavnews.net\/#\/schema\/person\/2477577553b6626f3681ce4d32a6917f","name":"zavnews","image":{"@type":"ImageObject","inLanguage":"bs-BA","@id":"https:\/\/zavnews.net\/#\/schema\/person\/image\/","url":"https:\/\/secure.gravatar.com\/avatar\/3d25e050de275ca74aa70a2e30eb6f6c?s=96&d=mm&r=g","contentUrl":"https:\/\/secure.gravatar.com\/avatar\/3d25e050de275ca74aa70a2e30eb6f6c?s=96&d=mm&r=g","caption":"zavnews"}}]}},"_links":{"self":[{"href":"https:\/\/zavnews.net\/index.php\/wp-json\/wp\/v2\/posts\/3979"}],"collection":[{"href":"https:\/\/zavnews.net\/index.php\/wp-json\/wp\/v2\/posts"}],"about":[{"href":"https:\/\/zavnews.net\/index.php\/wp-json\/wp\/v2\/types\/post"}],"author":[{"embeddable":true,"href":"https:\/\/zavnews.net\/index.php\/wp-json\/wp\/v2\/users\/1"}],"replies":[{"embeddable":true,"href":"https:\/\/zavnews.net\/index.php\/wp-json\/wp\/v2\/comments?post=3979"}],"version-history":[{"count":2,"href":"https:\/\/zavnews.net\/index.php\/wp-json\/wp\/v2\/posts\/3979\/revisions"}],"predecessor-version":[{"id":3982,"href":"https:\/\/zavnews.net\/index.php\/wp-json\/wp\/v2\/posts\/3979\/revisions\/3982"}],"wp:featuredmedia":[{"embeddable":true,"href":"https:\/\/zavnews.net\/index.php\/wp-json\/wp\/v2\/media\/3980"}],"wp:attachment":[{"href":"https:\/\/zavnews.net\/index.php\/wp-json\/wp\/v2\/media?parent=3979"}],"wp:term":[{"taxonomy":"category","embeddable":true,"href":"https:\/\/zavnews.net\/index.php\/wp-json\/wp\/v2\/categories?post=3979"},{"taxonomy":"post_tag","embeddable":true,"href":"https:\/\/zavnews.net\/index.php\/wp-json\/wp\/v2\/tags?post=3979"}],"curies":[{"name":"wp","href":"https:\/\/api.w.org\/{rel}","templated":true}]}}