{"id":388,"date":"2016-12-13T21:14:02","date_gmt":"2016-12-13T20:14:02","guid":{"rendered":"http:\/\/zavnews.net\/?p=388"},"modified":"2016-12-13T21:14:02","modified_gmt":"2016-12-13T20:14:02","slug":"skup-podrske-narodu-sirije-sarajevo-mora-dici-glas-ubijanja","status":"publish","type":"post","link":"https:\/\/zavnews.net\/index.php\/2016\/12\/13\/skup-podrske-narodu-sirije-sarajevo-mora-dici-glas-ubijanja\/","title":{"rendered":"Skup podr\u0161ke narodu Sirije: Sarajevo mora di\u0107i glas protiv ubijanja!"},"content":{"rendered":"<div class=\"fcbkbttn_buttons_block\" id=\"fcbkbttn_left\"><div class=\"fcbkbttn_button\">\n\t\t\t\t\t<a href=\"https:\/\/www.facebook.com\/www.zavnews.net\/\" target=\"_blank\">\n\t\t\t\t\t\t<img decoding=\"async\" src=\"https:\/\/zavnews.net\/wp-content\/plugins\/facebook-button-plugin\/images\/standard-facebook-ico.png\" alt=\"Fb-Button\" \/>\n\t\t\t\t\t<\/a>\n\t\t\t\t<\/div><div class=\"fcbkbttn_like \"><fb:like href=\"https:\/\/zavnews.net\/index.php\/2016\/12\/13\/skup-podrske-narodu-sirije-sarajevo-mora-dici-glas-ubijanja\/\" action=\"like\" colorscheme=\"light\" layout=\"standard\"  width=\"450px\" size=\"small\"><\/fb:like><\/div><div class=\"fb-share-button  \" data-href=\"https:\/\/zavnews.net\/index.php\/2016\/12\/13\/skup-podrske-narodu-sirije-sarajevo-mora-dici-glas-ubijanja\/\" data-type=\"button_count\" data-size=\"small\"><\/div><\/div><p style=\"text-align: justify;\"><strong>Miting pod nazivom &#8220;Sarajevo &#8211; metropolama svijeta za Halep i Siriju&#8221;, sutra \u00a0\u0107e biti odr\u017ean na Trgu djece Sarajeva, a organizuju ga kulturna udru\u017eenja, organizacije civilnog dru\u0161tva, akademska zajednica i vjerske zajednice u BiH.<\/strong><\/p>\n<p style=\"text-align: justify;\">\n<p style=\"text-align: justify;\">Na ovaj na\u010din, kako poru\u010duju organizatori, iz Sarajeva se \u0161alje podr\u0161ka stanovnicima Sirije, posebno grada Halepa gdje svakodnevno stradaju civili.<\/p>\n<p style=\"text-align: justify;\">Eli Tauber iz Jevrejskog kulturno-prosvjetnog i humanitarnog dru\u0161tva \u201cLa Benevolencija\u201d <strong>podsjetio je kako je u Drugom svjetskom ratu stradalo \u0161est miliona Jevreja pred o\u010dima cijelog svijeta koji nije podigao svoj glas.<\/strong><\/p>\n<p style=\"text-align: justify;\">Upravo zato, kako je poru\u010dio Tauber, <strong>stanovnici Sarajeva moraju glasno re\u0107i da ne odobravaju krvoproli\u0107e u svijetu.<\/strong><\/p>\n<p style=\"text-align: justify;\">Mato Zovki\u0107 iz Hrvatskog kulturnog dru\u0161tva \u201cNapredak\u201d podsjetio je da rat u Siriji traje \u0161est godina i da se u njemu ne \u0161tede ni \u017eivoti djece ni \u017eena. Naglasio je kako miting nema nikakvu vjersku niti politi\u010dku pozadinu, nego da je cilj podr\u0161ka narodu Sirije.<\/p>\n<p style=\"text-align: justify;\"><strong>\u201cIncijativa je nikla u Rijasetu Islamske zajednice BiH i oni su zamolili nas, predstavnike drugih vjerskih zajednica, kardinal Vinko Pulji\u0107 dao je saglasnost i odobrio da se pridru\u017eimo. Svim srcem sam se pridru\u017eio. Ne \u017eelimo ovo politi\u010dki obojiti, ve\u0107 humanitarno. Katoli\u010dki poglavar Ivan papa Franjo u nedjelju je molio za humano tretiranje u Halepu i Siriji, ju\u010der je poslao pismo Assadu s molbom da humanitarna pomo\u0107 do\u0111e do svih. Zato, di\u017eemo svi mi, stanovnici Sarajeva, sutra svoj glas\u201d<\/strong>, poru\u010dio je Zovki\u0107.<\/p>\n<p style=\"text-align: justify;\"><strong>\u201cOvo je ljudski zadatak gdje poku\u0161avamo podi\u0107i svoj glas za mir, posebno za mir na Bliskom istoku, u Halepu, Damasku, Palmiri\u2026 Gradovima koji ve\u0107 mjesecima stradaju u jednom ratnom nasilju. Slike iz tih gradova nas podsje\u0107aju na slike na\u0161ih stradanja na kraju 20. stolje\u0107a. Ka\u017eemo da je do\u0161lo vrijeme da razvijanje kulture mira. Mislim da je na\u0161a jedina ljudska budu\u0107nost u molbi da mir vlada me\u0111u ljudima. Sarajevo u tom smislu ima veliki moralni kapacitet koji mo\u017ee uspjeti pokrenuti pitanje razvijanja kulture mira u Evropi i svijetu. Bez obzira na razli\u010ditosti, treba da \u017eivimo u miru. To je na\u0161a poruka\u201d<\/strong>, rekao je prof. dr. Senadin Lavi\u0107, predsjednik Bo\u0161nja\u010dke zajednice kulture &#8220;Preporod&#8221;.<\/p>\n<p style=\"text-align: justify;\">Podr\u0161ku mitingu dale su i organizacije i fondacije uklju\u010dene u Mre\u017eu za izgradnju mira \u010diji je direktor Goran Bubalo rekao da Sarajevo i BiH najbolje znaju \u0161ta je rat.<\/p>\n<p style=\"text-align: justify;\"><strong>\u201cSarajevo zna \u0161ta je rat, BiH zna \u0161ta je rat. Ovo nije samo poruka Sarajeva ve\u0107 cijele BiH, od Mostara, Trebinja, Banja Luke i Tuzle, svi oni \u0161alju podr\u0161ku. Sirijci su na\u0161a bra\u0107a i sestre, djeca nisu kriva, pozivamo svijet: Ovo se mora prekinuti\u201d<\/strong>, poru\u010dio je Bubalo.<\/p>\n<p style=\"text-align: justify;\">Na konferenciji uo\u010di sutra\u0161njeg mitinga obratio se i Sirijac Mustafa Bakou iz Udru\u017eenja \u201cSirijska solidarnost\u201d.<\/p>\n<p style=\"text-align: justify;\"><strong>\u201cU ime na\u0161eg naroda, zahvaljujem na ovom mitingu, jer je na\u0161 narod izgubio svaku nadu. Ova incijativa \u0107e vratiti nadu njima da ima ljudi koji misle na njih i koji brinu za njih\u201d, rekao je Bakou.<\/strong><\/p>\n<p style=\"text-align: justify;\">Tako\u0111er, na kraju mitinga bit \u0107e sa\u010dinjena zajedni\u010dka poruka gra\u0111ana BiH koja \u0107e zvani\u010dno biti proslije\u0111ena svim ambasadama u BiH, NATO savezu, Ujedinjenim nacijama (UN), Evropskoj uniji (EU) i drugim relevantnim me\u0111unarodnim organizacijama.<\/p>\n<div class=\"fcbkbttn_buttons_block\" id=\"fcbkbttn_left\"><div class=\"fcbkbttn_button\">\n\t\t\t\t\t<a href=\"https:\/\/www.facebook.com\/www.zavnews.net\/\" target=\"_blank\">\n\t\t\t\t\t\t<img decoding=\"async\" src=\"https:\/\/zavnews.net\/wp-content\/plugins\/facebook-button-plugin\/images\/standard-facebook-ico.png\" alt=\"Fb-Button\" \/>\n\t\t\t\t\t<\/a>\n\t\t\t\t<\/div><div class=\"fcbkbttn_like \"><fb:like href=\"https:\/\/zavnews.net\/index.php\/2016\/12\/13\/skup-podrske-narodu-sirije-sarajevo-mora-dici-glas-ubijanja\/\" action=\"like\" colorscheme=\"light\" layout=\"standard\"  width=\"450px\" size=\"small\"><\/fb:like><\/div><div class=\"fb-share-button  \" data-href=\"https:\/\/zavnews.net\/index.php\/2016\/12\/13\/skup-podrske-narodu-sirije-sarajevo-mora-dici-glas-ubijanja\/\" data-type=\"button_count\" data-size=\"small\"><\/div><\/div>","protected":false},"excerpt":{"rendered":"<div class=\"fcbkbttn_buttons_block\" id=\"fcbkbttn_left\"><div class=\"fcbkbttn_button\">\n\t\t\t\t\t<a href=\"https:\/\/www.facebook.com\/www.zavnews.net\/\" target=\"_blank\">\n\t\t\t\t\t\t<img decoding=\"async\" src=\"https:\/\/zavnews.net\/wp-content\/plugins\/facebook-button-plugin\/images\/standard-facebook-ico.png\" alt=\"Fb-Button\" \/>\n\t\t\t\t\t<\/a>\n\t\t\t\t<\/div><div class=\"fcbkbttn_like \"><fb:like href=\"https:\/\/zavnews.net\/index.php\/2016\/12\/13\/skup-podrske-narodu-sirije-sarajevo-mora-dici-glas-ubijanja\/\" action=\"like\" colorscheme=\"light\" layout=\"standard\"  width=\"450px\" size=\"small\"><\/fb:like><\/div><div class=\"fb-share-button  \" data-href=\"https:\/\/zavnews.net\/index.php\/2016\/12\/13\/skup-podrske-narodu-sirije-sarajevo-mora-dici-glas-ubijanja\/\" data-type=\"button_count\" data-size=\"small\"><\/div><\/div><p>Miting pod nazivom &#8220;Sarajevo &#8211; metropolama svijeta za Halep i Siriju&#8221;, sutra \u00a0\u0107e biti odr\u017ean na Trgu djece Sarajeva, a organizuju ga kulturna udru\u017eenja, organizacije civilnog dru\u0161tva, akademska zajednica i vjerske zajednice u BiH. Na ovaj na\u010din, kako poru\u010duju organizatori,&#8230;<\/p>\n<div class=\"fcbkbttn_buttons_block\" id=\"fcbkbttn_left\"><div class=\"fcbkbttn_button\">\n\t\t\t\t\t<a href=\"https:\/\/www.facebook.com\/www.zavnews.net\/\" target=\"_blank\">\n\t\t\t\t\t\t<img decoding=\"async\" src=\"https:\/\/zavnews.net\/wp-content\/plugins\/facebook-button-plugin\/images\/standard-facebook-ico.png\" alt=\"Fb-Button\" \/>\n\t\t\t\t\t<\/a>\n\t\t\t\t<\/div><div class=\"fcbkbttn_like \"><fb:like href=\"https:\/\/zavnews.net\/index.php\/2016\/12\/13\/skup-podrske-narodu-sirije-sarajevo-mora-dici-glas-ubijanja\/\" action=\"like\" colorscheme=\"light\" layout=\"standard\"  width=\"450px\" size=\"small\"><\/fb:like><\/div><div class=\"fb-share-button  \" data-href=\"https:\/\/zavnews.net\/index.php\/2016\/12\/13\/skup-podrske-narodu-sirije-sarajevo-mora-dici-glas-ubijanja\/\" data-type=\"button_count\" data-size=\"small\"><\/div><\/div>","protected":false},"author":1,"featured_media":389,"comment_status":"open","ping_status":"open","sticky":false,"template":"","format":"standard","meta":{"footnotes":""},"categories":[13,3],"tags":[],"yoast_head":"<!-- This site is optimized with the Yoast SEO plugin v23.5 - https:\/\/yoast.com\/wordpress\/plugins\/seo\/ -->\n<title>Skup podr\u0161ke narodu Sirije: Sarajevo mora di\u0107i glas protiv ubijanja! - Zavnews<\/title>\n<meta name=\"robots\" content=\"index, follow, max-snippet:-1, max-image-preview:large, max-video-preview:-1\" \/>\n<link rel=\"canonical\" href=\"https:\/\/zavnews.net\/index.php\/2016\/12\/13\/skup-podrske-narodu-sirije-sarajevo-mora-dici-glas-ubijanja\/\" \/>\n<meta property=\"og:locale\" content=\"bs_BA\" \/>\n<meta property=\"og:type\" content=\"article\" \/>\n<meta property=\"og:title\" content=\"Skup podr\u0161ke narodu Sirije: Sarajevo mora di\u0107i glas protiv ubijanja! - Zavnews\" \/>\n<meta property=\"og:description\" content=\"Miting pod nazivom &#8220;Sarajevo &#8211; metropolama svijeta za Halep i Siriju&#8221;, sutra \u00a0\u0107e biti odr\u017ean na Trgu djece Sarajeva, a organizuju ga kulturna udru\u017eenja, organizacije civilnog dru\u0161tva, akademska zajednica i vjerske zajednice u BiH. Na ovaj na\u010din, kako poru\u010duju organizatori,...\" \/>\n<meta property=\"og:url\" content=\"https:\/\/zavnews.net\/index.php\/2016\/12\/13\/skup-podrske-narodu-sirije-sarajevo-mora-dici-glas-ubijanja\/\" \/>\n<meta property=\"og:site_name\" content=\"Zavnews\" \/>\n<meta property=\"article:published_time\" content=\"2016-12-13T20:14:02+00:00\" \/>\n<meta property=\"og:image\" content=\"https:\/\/zavnews.net\/wp-content\/uploads\/2016\/12\/20161213_2_20671948_16948625_Web.jpg\" \/>\n\t<meta property=\"og:image:width\" content=\"760\" \/>\n\t<meta property=\"og:image:height\" content=\"480\" \/>\n\t<meta property=\"og:image:type\" content=\"image\/jpeg\" \/>\n<meta name=\"author\" content=\"zavnews\" \/>\n<meta name=\"twitter:card\" content=\"summary_large_image\" \/>\n<meta name=\"twitter:label1\" content=\"Written by\" \/>\n\t<meta name=\"twitter:data1\" content=\"zavnews\" \/>\n\t<meta name=\"twitter:label2\" content=\"Est. reading time\" \/>\n\t<meta name=\"twitter:data2\" content=\"3 minute\" \/>\n<script type=\"application\/ld+json\" class=\"yoast-schema-graph\">{\"@context\":\"https:\/\/schema.org\",\"@graph\":[{\"@type\":\"Article\",\"@id\":\"https:\/\/zavnews.net\/index.php\/2016\/12\/13\/skup-podrske-narodu-sirije-sarajevo-mora-dici-glas-ubijanja\/#article\",\"isPartOf\":{\"@id\":\"https:\/\/zavnews.net\/index.php\/2016\/12\/13\/skup-podrske-narodu-sirije-sarajevo-mora-dici-glas-ubijanja\/\"},\"author\":{\"name\":\"zavnews\",\"@id\":\"https:\/\/zavnews.net\/#\/schema\/person\/2477577553b6626f3681ce4d32a6917f\"},\"headline\":\"Skup podr\u0161ke narodu Sirije: Sarajevo mora di\u0107i glas protiv ubijanja!\",\"datePublished\":\"2016-12-13T20:14:02+00:00\",\"dateModified\":\"2016-12-13T20:14:02+00:00\",\"mainEntityOfPage\":{\"@id\":\"https:\/\/zavnews.net\/index.php\/2016\/12\/13\/skup-podrske-narodu-sirije-sarajevo-mora-dici-glas-ubijanja\/\"},\"wordCount\":565,\"commentCount\":0,\"publisher\":{\"@id\":\"https:\/\/zavnews.net\/#organization\"},\"image\":{\"@id\":\"https:\/\/zavnews.net\/index.php\/2016\/12\/13\/skup-podrske-narodu-sirije-sarajevo-mora-dici-glas-ubijanja\/#primaryimage\"},\"thumbnailUrl\":\"https:\/\/zavnews.net\/wp-content\/uploads\/2016\/12\/20161213_2_20671948_16948625_Web.jpg\",\"articleSection\":[\"BiH\",\"VIJESTI\"],\"inLanguage\":\"bs-BA\",\"potentialAction\":[{\"@type\":\"CommentAction\",\"name\":\"Comment\",\"target\":[\"https:\/\/zavnews.net\/index.php\/2016\/12\/13\/skup-podrske-narodu-sirije-sarajevo-mora-dici-glas-ubijanja\/#respond\"]}]},{\"@type\":\"WebPage\",\"@id\":\"https:\/\/zavnews.net\/index.php\/2016\/12\/13\/skup-podrske-narodu-sirije-sarajevo-mora-dici-glas-ubijanja\/\",\"url\":\"https:\/\/zavnews.net\/index.php\/2016\/12\/13\/skup-podrske-narodu-sirije-sarajevo-mora-dici-glas-ubijanja\/\",\"name\":\"Skup podr\u0161ke narodu Sirije: Sarajevo mora di\u0107i glas protiv ubijanja! - Zavnews\",\"isPartOf\":{\"@id\":\"https:\/\/zavnews.net\/#website\"},\"primaryImageOfPage\":{\"@id\":\"https:\/\/zavnews.net\/index.php\/2016\/12\/13\/skup-podrske-narodu-sirije-sarajevo-mora-dici-glas-ubijanja\/#primaryimage\"},\"image\":{\"@id\":\"https:\/\/zavnews.net\/index.php\/2016\/12\/13\/skup-podrske-narodu-sirije-sarajevo-mora-dici-glas-ubijanja\/#primaryimage\"},\"thumbnailUrl\":\"https:\/\/zavnews.net\/wp-content\/uploads\/2016\/12\/20161213_2_20671948_16948625_Web.jpg\",\"datePublished\":\"2016-12-13T20:14:02+00:00\",\"dateModified\":\"2016-12-13T20:14:02+00:00\",\"breadcrumb\":{\"@id\":\"https:\/\/zavnews.net\/index.php\/2016\/12\/13\/skup-podrske-narodu-sirije-sarajevo-mora-dici-glas-ubijanja\/#breadcrumb\"},\"inLanguage\":\"bs-BA\",\"potentialAction\":[{\"@type\":\"ReadAction\",\"target\":[\"https:\/\/zavnews.net\/index.php\/2016\/12\/13\/skup-podrske-narodu-sirije-sarajevo-mora-dici-glas-ubijanja\/\"]}]},{\"@type\":\"ImageObject\",\"inLanguage\":\"bs-BA\",\"@id\":\"https:\/\/zavnews.net\/index.php\/2016\/12\/13\/skup-podrske-narodu-sirije-sarajevo-mora-dici-glas-ubijanja\/#primaryimage\",\"url\":\"https:\/\/zavnews.net\/wp-content\/uploads\/2016\/12\/20161213_2_20671948_16948625_Web.jpg\",\"contentUrl\":\"https:\/\/zavnews.net\/wp-content\/uploads\/2016\/12\/20161213_2_20671948_16948625_Web.jpg\",\"width\":760,\"height\":480},{\"@type\":\"BreadcrumbList\",\"@id\":\"https:\/\/zavnews.net\/index.php\/2016\/12\/13\/skup-podrske-narodu-sirije-sarajevo-mora-dici-glas-ubijanja\/#breadcrumb\",\"itemListElement\":[{\"@type\":\"ListItem\",\"position\":1,\"name\":\"Po\u010detna stranica\",\"item\":\"https:\/\/zavnews.net\/\"},{\"@type\":\"ListItem\",\"position\":2,\"name\":\"Skup podr\u0161ke narodu Sirije: Sarajevo mora di\u0107i glas protiv ubijanja!\"}]},{\"@type\":\"WebSite\",\"@id\":\"https:\/\/zavnews.net\/#website\",\"url\":\"https:\/\/zavnews.net\/\",\"name\":\"Zavnews\",\"description\":\"Zavidovi\u0107i\",\"publisher\":{\"@id\":\"https:\/\/zavnews.net\/#organization\"},\"potentialAction\":[{\"@type\":\"SearchAction\",\"target\":{\"@type\":\"EntryPoint\",\"urlTemplate\":\"https:\/\/zavnews.net\/?s={search_term_string}\"},\"query-input\":{\"@type\":\"PropertyValueSpecification\",\"valueRequired\":true,\"valueName\":\"search_term_string\"}}],\"inLanguage\":\"bs-BA\"},{\"@type\":\"Organization\",\"@id\":\"https:\/\/zavnews.net\/#organization\",\"name\":\"Zavidovi\u0107i\",\"url\":\"https:\/\/zavnews.net\/\",\"logo\":{\"@type\":\"ImageObject\",\"inLanguage\":\"bs-BA\",\"@id\":\"https:\/\/zavnews.net\/#\/schema\/logo\/image\/\",\"url\":\"https:\/\/zavnews.net\/wp-content\/uploads\/2021\/11\/cropped-cropped-cropped-cropped-Screenshot_1-removebg-preview-2.png\",\"contentUrl\":\"https:\/\/zavnews.net\/wp-content\/uploads\/2021\/11\/cropped-cropped-cropped-cropped-Screenshot_1-removebg-preview-2.png\",\"width\":841,\"height\":180,\"caption\":\"Zavidovi\u0107i\"},\"image\":{\"@id\":\"https:\/\/zavnews.net\/#\/schema\/logo\/image\/\"}},{\"@type\":\"Person\",\"@id\":\"https:\/\/zavnews.net\/#\/schema\/person\/2477577553b6626f3681ce4d32a6917f\",\"name\":\"zavnews\",\"image\":{\"@type\":\"ImageObject\",\"inLanguage\":\"bs-BA\",\"@id\":\"https:\/\/zavnews.net\/#\/schema\/person\/image\/\",\"url\":\"https:\/\/secure.gravatar.com\/avatar\/3d25e050de275ca74aa70a2e30eb6f6c?s=96&d=mm&r=g\",\"contentUrl\":\"https:\/\/secure.gravatar.com\/avatar\/3d25e050de275ca74aa70a2e30eb6f6c?s=96&d=mm&r=g\",\"caption\":\"zavnews\"}}]}<\/script>\n<!-- \/ Yoast SEO plugin. -->","yoast_head_json":{"title":"Skup podr\u0161ke narodu Sirije: Sarajevo mora di\u0107i glas protiv ubijanja! - Zavnews","robots":{"index":"index","follow":"follow","max-snippet":"max-snippet:-1","max-image-preview":"max-image-preview:large","max-video-preview":"max-video-preview:-1"},"canonical":"https:\/\/zavnews.net\/index.php\/2016\/12\/13\/skup-podrske-narodu-sirije-sarajevo-mora-dici-glas-ubijanja\/","og_locale":"bs_BA","og_type":"article","og_title":"Skup podr\u0161ke narodu Sirije: Sarajevo mora di\u0107i glas protiv ubijanja! - Zavnews","og_description":"Miting pod nazivom &#8220;Sarajevo &#8211; metropolama svijeta za Halep i Siriju&#8221;, sutra \u00a0\u0107e biti odr\u017ean na Trgu djece Sarajeva, a organizuju ga kulturna udru\u017eenja, organizacije civilnog dru\u0161tva, akademska zajednica i vjerske zajednice u BiH. Na ovaj na\u010din, kako poru\u010duju organizatori,...","og_url":"https:\/\/zavnews.net\/index.php\/2016\/12\/13\/skup-podrske-narodu-sirije-sarajevo-mora-dici-glas-ubijanja\/","og_site_name":"Zavnews","article_published_time":"2016-12-13T20:14:02+00:00","og_image":[{"width":760,"height":480,"url":"https:\/\/zavnews.net\/wp-content\/uploads\/2016\/12\/20161213_2_20671948_16948625_Web.jpg","type":"image\/jpeg"}],"author":"zavnews","twitter_card":"summary_large_image","twitter_misc":{"Written by":"zavnews","Est. reading time":"3 minute"},"schema":{"@context":"https:\/\/schema.org","@graph":[{"@type":"Article","@id":"https:\/\/zavnews.net\/index.php\/2016\/12\/13\/skup-podrske-narodu-sirije-sarajevo-mora-dici-glas-ubijanja\/#article","isPartOf":{"@id":"https:\/\/zavnews.net\/index.php\/2016\/12\/13\/skup-podrske-narodu-sirije-sarajevo-mora-dici-glas-ubijanja\/"},"author":{"name":"zavnews","@id":"https:\/\/zavnews.net\/#\/schema\/person\/2477577553b6626f3681ce4d32a6917f"},"headline":"Skup podr\u0161ke narodu Sirije: Sarajevo mora di\u0107i glas protiv ubijanja!","datePublished":"2016-12-13T20:14:02+00:00","dateModified":"2016-12-13T20:14:02+00:00","mainEntityOfPage":{"@id":"https:\/\/zavnews.net\/index.php\/2016\/12\/13\/skup-podrske-narodu-sirije-sarajevo-mora-dici-glas-ubijanja\/"},"wordCount":565,"commentCount":0,"publisher":{"@id":"https:\/\/zavnews.net\/#organization"},"image":{"@id":"https:\/\/zavnews.net\/index.php\/2016\/12\/13\/skup-podrske-narodu-sirije-sarajevo-mora-dici-glas-ubijanja\/#primaryimage"},"thumbnailUrl":"https:\/\/zavnews.net\/wp-content\/uploads\/2016\/12\/20161213_2_20671948_16948625_Web.jpg","articleSection":["BiH","VIJESTI"],"inLanguage":"bs-BA","potentialAction":[{"@type":"CommentAction","name":"Comment","target":["https:\/\/zavnews.net\/index.php\/2016\/12\/13\/skup-podrske-narodu-sirije-sarajevo-mora-dici-glas-ubijanja\/#respond"]}]},{"@type":"WebPage","@id":"https:\/\/zavnews.net\/index.php\/2016\/12\/13\/skup-podrske-narodu-sirije-sarajevo-mora-dici-glas-ubijanja\/","url":"https:\/\/zavnews.net\/index.php\/2016\/12\/13\/skup-podrske-narodu-sirije-sarajevo-mora-dici-glas-ubijanja\/","name":"Skup podr\u0161ke narodu Sirije: Sarajevo mora di\u0107i glas protiv ubijanja! - Zavnews","isPartOf":{"@id":"https:\/\/zavnews.net\/#website"},"primaryImageOfPage":{"@id":"https:\/\/zavnews.net\/index.php\/2016\/12\/13\/skup-podrske-narodu-sirije-sarajevo-mora-dici-glas-ubijanja\/#primaryimage"},"image":{"@id":"https:\/\/zavnews.net\/index.php\/2016\/12\/13\/skup-podrske-narodu-sirije-sarajevo-mora-dici-glas-ubijanja\/#primaryimage"},"thumbnailUrl":"https:\/\/zavnews.net\/wp-content\/uploads\/2016\/12\/20161213_2_20671948_16948625_Web.jpg","datePublished":"2016-12-13T20:14:02+00:00","dateModified":"2016-12-13T20:14:02+00:00","breadcrumb":{"@id":"https:\/\/zavnews.net\/index.php\/2016\/12\/13\/skup-podrske-narodu-sirije-sarajevo-mora-dici-glas-ubijanja\/#breadcrumb"},"inLanguage":"bs-BA","potentialAction":[{"@type":"ReadAction","target":["https:\/\/zavnews.net\/index.php\/2016\/12\/13\/skup-podrske-narodu-sirije-sarajevo-mora-dici-glas-ubijanja\/"]}]},{"@type":"ImageObject","inLanguage":"bs-BA","@id":"https:\/\/zavnews.net\/index.php\/2016\/12\/13\/skup-podrske-narodu-sirije-sarajevo-mora-dici-glas-ubijanja\/#primaryimage","url":"https:\/\/zavnews.net\/wp-content\/uploads\/2016\/12\/20161213_2_20671948_16948625_Web.jpg","contentUrl":"https:\/\/zavnews.net\/wp-content\/uploads\/2016\/12\/20161213_2_20671948_16948625_Web.jpg","width":760,"height":480},{"@type":"BreadcrumbList","@id":"https:\/\/zavnews.net\/index.php\/2016\/12\/13\/skup-podrske-narodu-sirije-sarajevo-mora-dici-glas-ubijanja\/#breadcrumb","itemListElement":[{"@type":"ListItem","position":1,"name":"Po\u010detna stranica","item":"https:\/\/zavnews.net\/"},{"@type":"ListItem","position":2,"name":"Skup podr\u0161ke narodu Sirije: Sarajevo mora di\u0107i glas protiv ubijanja!"}]},{"@type":"WebSite","@id":"https:\/\/zavnews.net\/#website","url":"https:\/\/zavnews.net\/","name":"Zavnews","description":"Zavidovi\u0107i","publisher":{"@id":"https:\/\/zavnews.net\/#organization"},"potentialAction":[{"@type":"SearchAction","target":{"@type":"EntryPoint","urlTemplate":"https:\/\/zavnews.net\/?s={search_term_string}"},"query-input":{"@type":"PropertyValueSpecification","valueRequired":true,"valueName":"search_term_string"}}],"inLanguage":"bs-BA"},{"@type":"Organization","@id":"https:\/\/zavnews.net\/#organization","name":"Zavidovi\u0107i","url":"https:\/\/zavnews.net\/","logo":{"@type":"ImageObject","inLanguage":"bs-BA","@id":"https:\/\/zavnews.net\/#\/schema\/logo\/image\/","url":"https:\/\/zavnews.net\/wp-content\/uploads\/2021\/11\/cropped-cropped-cropped-cropped-Screenshot_1-removebg-preview-2.png","contentUrl":"https:\/\/zavnews.net\/wp-content\/uploads\/2021\/11\/cropped-cropped-cropped-cropped-Screenshot_1-removebg-preview-2.png","width":841,"height":180,"caption":"Zavidovi\u0107i"},"image":{"@id":"https:\/\/zavnews.net\/#\/schema\/logo\/image\/"}},{"@type":"Person","@id":"https:\/\/zavnews.net\/#\/schema\/person\/2477577553b6626f3681ce4d32a6917f","name":"zavnews","image":{"@type":"ImageObject","inLanguage":"bs-BA","@id":"https:\/\/zavnews.net\/#\/schema\/person\/image\/","url":"https:\/\/secure.gravatar.com\/avatar\/3d25e050de275ca74aa70a2e30eb6f6c?s=96&d=mm&r=g","contentUrl":"https:\/\/secure.gravatar.com\/avatar\/3d25e050de275ca74aa70a2e30eb6f6c?s=96&d=mm&r=g","caption":"zavnews"}}]}},"_links":{"self":[{"href":"https:\/\/zavnews.net\/index.php\/wp-json\/wp\/v2\/posts\/388"}],"collection":[{"href":"https:\/\/zavnews.net\/index.php\/wp-json\/wp\/v2\/posts"}],"about":[{"href":"https:\/\/zavnews.net\/index.php\/wp-json\/wp\/v2\/types\/post"}],"author":[{"embeddable":true,"href":"https:\/\/zavnews.net\/index.php\/wp-json\/wp\/v2\/users\/1"}],"replies":[{"embeddable":true,"href":"https:\/\/zavnews.net\/index.php\/wp-json\/wp\/v2\/comments?post=388"}],"version-history":[{"count":1,"href":"https:\/\/zavnews.net\/index.php\/wp-json\/wp\/v2\/posts\/388\/revisions"}],"predecessor-version":[{"id":390,"href":"https:\/\/zavnews.net\/index.php\/wp-json\/wp\/v2\/posts\/388\/revisions\/390"}],"wp:featuredmedia":[{"embeddable":true,"href":"https:\/\/zavnews.net\/index.php\/wp-json\/wp\/v2\/media\/389"}],"wp:attachment":[{"href":"https:\/\/zavnews.net\/index.php\/wp-json\/wp\/v2\/media?parent=388"}],"wp:term":[{"taxonomy":"category","embeddable":true,"href":"https:\/\/zavnews.net\/index.php\/wp-json\/wp\/v2\/categories?post=388"},{"taxonomy":"post_tag","embeddable":true,"href":"https:\/\/zavnews.net\/index.php\/wp-json\/wp\/v2\/tags?post=388"}],"curies":[{"name":"wp","href":"https:\/\/api.w.org\/{rel}","templated":true}]}}