{"id":3438,"date":"2017-02-11T15:23:34","date_gmt":"2017-02-11T14:23:34","guid":{"rendered":"http:\/\/zavnews.net\/?p=3438"},"modified":"2017-02-11T15:23:34","modified_gmt":"2017-02-11T14:23:34","slug":"projektom-ifad-asfaltirat-ce-se-putevi-izgradit-hladnjace-biznis-centar","status":"publish","type":"post","link":"https:\/\/zavnews.net\/index.php\/2017\/02\/11\/projektom-ifad-asfaltirat-ce-se-putevi-izgradit-hladnjace-biznis-centar\/","title":{"rendered":"Projektom IFAD asfaltirat \u0107e se putevi, izgradit hladnja\u010de i biznis centar"},"content":{"rendered":"<div class=\"fcbkbttn_buttons_block\" id=\"fcbkbttn_left\"><div class=\"fcbkbttn_button\">\n\t\t\t\t\t<a href=\"https:\/\/www.facebook.com\/www.zavnews.net\/\" target=\"_blank\">\n\t\t\t\t\t\t<img decoding=\"async\" src=\"https:\/\/zavnews.net\/wp-content\/plugins\/facebook-button-plugin\/images\/standard-facebook-ico.png\" alt=\"Fb-Button\" \/>\n\t\t\t\t\t<\/a>\n\t\t\t\t<\/div><div class=\"fcbkbttn_like \"><fb:like href=\"https:\/\/zavnews.net\/index.php\/2017\/02\/11\/projektom-ifad-asfaltirat-ce-se-putevi-izgradit-hladnjace-biznis-centar\/\" action=\"like\" colorscheme=\"light\" layout=\"standard\"  width=\"450px\" size=\"small\"><\/fb:like><\/div><div class=\"fb-share-button  \" data-href=\"https:\/\/zavnews.net\/index.php\/2017\/02\/11\/projektom-ifad-asfaltirat-ce-se-putevi-izgradit-hladnjace-biznis-centar\/\" data-type=\"button_count\" data-size=\"small\"><\/div><\/div><p style=\"text-align: justify;\"><a href=\"http:\/\/zavnews.net\/index.php\/2017\/02\/11\/projektom-ifad-asfaltirat-ce-se-putevi-izgradit-hladnjace-biznis-centar\/ifad_7_8_13\/\" rel=\"attachment wp-att-3439\"><img loading=\"lazy\" decoding=\"async\" class=\"aligncenter  wp-image-3439\" src=\"http:\/\/zavnews.net\/wp-content\/uploads\/2017\/02\/IFAD_7_8_13.jpg\" alt=\"\" width=\"880\" height=\"530\" srcset=\"https:\/\/zavnews.net\/wp-content\/uploads\/2017\/02\/IFAD_7_8_13.jpg 867w, https:\/\/zavnews.net\/wp-content\/uploads\/2017\/02\/IFAD_7_8_13-600x361.jpg 600w, https:\/\/zavnews.net\/wp-content\/uploads\/2017\/02\/IFAD_7_8_13-300x181.jpg 300w, https:\/\/zavnews.net\/wp-content\/uploads\/2017\/02\/IFAD_7_8_13-768x462.jpg 768w\" sizes=\"(max-width: 880px) 100vw, 880px\" \/><\/a><\/p>\n<p style=\"text-align: justify;\"><strong>Na podru\u010dju Federacije BiH u drugoj polovini marta\u00a0planira se otpo\u010deti asfaltiranje lokalnih ruralnih puteva u okviru Projekta razvoja ruralnog poduzetni\u0161tva. Sredstva za te namjene osigurao je Me\u0111unarodni fond za razvoj poljoprivrede (IFAD) BiH, kao i za druge mikroprojekte seoske tr\u017ei\u0161ne infrastrukture koji su odobreni u 27 op\u0107ina u FBiH.<\/strong><\/p>\n<p style=\"text-align: justify;\">Direktor Jedinice za koordinaciju projekata &#8211; PCU pri Federalnom ministarstvu poljoprivrede, vodoprivrede i \u0161umarstva Halil Omanovi\u0107 izjavio je Feni da je u fazi ugovaranja ve\u0107 desetak projekata.<\/p>\n<p style=\"text-align: justify;\">U sklopu njih bit \u0107e izgra\u0111en poljoprivredni biznis centar u Ravnom, hladnja\u010de za vo\u0107e i povr\u0107e u Ustikolini, Kalesiji, Ora\u0161ju i Jajcu, most u Kladnju, seoski putevi u Pra\u010di, vodovod u Od\u017eaku i Bosanskom Petrovcu, te sistemi za navodnjavanje poljoprivrednih povr\u0161ina u Teo\u010daku, Gora\u017edu i Ustikolini.<\/p>\n<p style=\"text-align: justify;\">Tako\u0111er, u Otoci kod Bosanske Krupe, mje\u0161tani \u0107e dobiti lokalnu tr\u017enicu, a iz sredstava projekta \u0107e biti finansiran put, kojim bi se povezale mjesne zajednice Priki Put i Konjodor u susjednim op\u0107inama Bosanska Krupa i Bu\u017eim.<\/p>\n<p style=\"text-align: justify;\">U Kalesiji je sve spremno za izgradnju puta Vukovije-Kru\u0161ik, kao i hladnja\u010de za vo\u0107e i povr\u0107e. Za infrastrukturne mikroprojekte u ovoj op\u0107ini\u00a0namijenjeno je 550.000 KM, a 650.000 KM revolving kreditnih sredstava je planirano za pomo\u0107 kod zasnivanja novih zasada vo\u0107a i povr\u0107a na nivou gazdinstva, te kao pomo\u0107 pri osnivanju obrta.<\/p>\n<p style=\"text-align: justify;\">Projekat razvoja ruralnog poduzetni\u0161tva vrijedan je oko 34 miliona KM, \u0161to omogu\u0107ava dalji razvoj i pobolj\u0161anje ruralnog poslovanja pove\u0107anjem i unaprje\u0111enjem proizvodnih kapaciteta na nivou farme, kao i rashladnih i skladi\u0161nih kapaciteta tr\u017ei\u0161ne infrastrukture u svih 27 projektnih op\u0107ina u FBiH.<\/p>\n<p style=\"text-align: justify;\">Uporedo s realizacijom tog \u0161estog po redu IFAD-ovog projekta, Omanovi\u0107 je najavio da \u0107e ove godine po\u010deti i sedmi, koji osigurava 56 miliona eura za razvoj ruralne konkurentnosti na cijelom podru\u010dju Bosne i Hercegovine u narednih deset godina, odnosno u dva ciklusa od po pet godina.<\/p>\n<p style=\"text-align: right;\">zavnews\/<a href=\"http:\/\/www.akta.ba\/bs\/Vijest\/vijesti\/projektom-ifad-asfaltirat-ce-se-putevi-izgradit-hladnjace-i-biznis-centar\/74426\" target=\"_blank\">akta<\/a><\/p>\n<div class=\"fcbkbttn_buttons_block\" id=\"fcbkbttn_left\"><div class=\"fcbkbttn_button\">\n\t\t\t\t\t<a href=\"https:\/\/www.facebook.com\/www.zavnews.net\/\" target=\"_blank\">\n\t\t\t\t\t\t<img decoding=\"async\" src=\"https:\/\/zavnews.net\/wp-content\/plugins\/facebook-button-plugin\/images\/standard-facebook-ico.png\" alt=\"Fb-Button\" \/>\n\t\t\t\t\t<\/a>\n\t\t\t\t<\/div><div class=\"fcbkbttn_like \"><fb:like href=\"https:\/\/zavnews.net\/index.php\/2017\/02\/11\/projektom-ifad-asfaltirat-ce-se-putevi-izgradit-hladnjace-biznis-centar\/\" action=\"like\" colorscheme=\"light\" layout=\"standard\"  width=\"450px\" size=\"small\"><\/fb:like><\/div><div class=\"fb-share-button  \" data-href=\"https:\/\/zavnews.net\/index.php\/2017\/02\/11\/projektom-ifad-asfaltirat-ce-se-putevi-izgradit-hladnjace-biznis-centar\/\" data-type=\"button_count\" data-size=\"small\"><\/div><\/div>","protected":false},"excerpt":{"rendered":"<div class=\"fcbkbttn_buttons_block\" id=\"fcbkbttn_left\"><div class=\"fcbkbttn_button\">\n\t\t\t\t\t<a href=\"https:\/\/www.facebook.com\/www.zavnews.net\/\" target=\"_blank\">\n\t\t\t\t\t\t<img decoding=\"async\" src=\"https:\/\/zavnews.net\/wp-content\/plugins\/facebook-button-plugin\/images\/standard-facebook-ico.png\" alt=\"Fb-Button\" \/>\n\t\t\t\t\t<\/a>\n\t\t\t\t<\/div><div class=\"fcbkbttn_like \"><fb:like href=\"https:\/\/zavnews.net\/index.php\/2017\/02\/11\/projektom-ifad-asfaltirat-ce-se-putevi-izgradit-hladnjace-biznis-centar\/\" action=\"like\" colorscheme=\"light\" layout=\"standard\"  width=\"450px\" size=\"small\"><\/fb:like><\/div><div class=\"fb-share-button  \" data-href=\"https:\/\/zavnews.net\/index.php\/2017\/02\/11\/projektom-ifad-asfaltirat-ce-se-putevi-izgradit-hladnjace-biznis-centar\/\" data-type=\"button_count\" data-size=\"small\"><\/div><\/div><p>Na podru\u010dju Federacije BiH u drugoj polovini marta\u00a0planira se otpo\u010deti asfaltiranje lokalnih ruralnih puteva u okviru Projekta razvoja ruralnog poduzetni\u0161tva. Sredstva za te namjene osigurao je Me\u0111unarodni fond za razvoj poljoprivrede (IFAD) BiH, kao i za druge mikroprojekte seoske tr\u017ei\u0161ne&#8230;<\/p>\n<div class=\"fcbkbttn_buttons_block\" id=\"fcbkbttn_left\"><div class=\"fcbkbttn_button\">\n\t\t\t\t\t<a href=\"https:\/\/www.facebook.com\/www.zavnews.net\/\" target=\"_blank\">\n\t\t\t\t\t\t<img decoding=\"async\" src=\"https:\/\/zavnews.net\/wp-content\/plugins\/facebook-button-plugin\/images\/standard-facebook-ico.png\" alt=\"Fb-Button\" \/>\n\t\t\t\t\t<\/a>\n\t\t\t\t<\/div><div class=\"fcbkbttn_like \"><fb:like href=\"https:\/\/zavnews.net\/index.php\/2017\/02\/11\/projektom-ifad-asfaltirat-ce-se-putevi-izgradit-hladnjace-biznis-centar\/\" action=\"like\" colorscheme=\"light\" layout=\"standard\"  width=\"450px\" size=\"small\"><\/fb:like><\/div><div class=\"fb-share-button  \" data-href=\"https:\/\/zavnews.net\/index.php\/2017\/02\/11\/projektom-ifad-asfaltirat-ce-se-putevi-izgradit-hladnjace-biznis-centar\/\" data-type=\"button_count\" data-size=\"small\"><\/div><\/div>","protected":false},"author":1,"featured_media":3439,"comment_status":"open","ping_status":"open","sticky":false,"template":"","format":"standard","meta":{"footnotes":""},"categories":[13,23,6,3],"tags":[],"yoast_head":"<!-- This site is optimized with the Yoast SEO plugin v23.5 - https:\/\/yoast.com\/wordpress\/plugins\/seo\/ -->\n<title>Projektom IFAD asfaltirat \u0107e se putevi, izgradit hladnja\u010de i biznis centar - Zavnews<\/title>\n<meta name=\"robots\" content=\"index, follow, max-snippet:-1, max-image-preview:large, max-video-preview:-1\" \/>\n<link rel=\"canonical\" href=\"https:\/\/zavnews.net\/index.php\/2017\/02\/11\/projektom-ifad-asfaltirat-ce-se-putevi-izgradit-hladnjace-biznis-centar\/\" \/>\n<meta property=\"og:locale\" content=\"bs_BA\" \/>\n<meta property=\"og:type\" content=\"article\" \/>\n<meta property=\"og:title\" content=\"Projektom IFAD asfaltirat \u0107e se putevi, izgradit hladnja\u010de i biznis centar - Zavnews\" \/>\n<meta property=\"og:description\" content=\"Na podru\u010dju Federacije BiH u drugoj polovini marta\u00a0planira se otpo\u010deti asfaltiranje lokalnih ruralnih puteva u okviru Projekta razvoja ruralnog poduzetni\u0161tva. Sredstva za te namjene osigurao je Me\u0111unarodni fond za razvoj poljoprivrede (IFAD) BiH, kao i za druge mikroprojekte seoske tr\u017ei\u0161ne...\" \/>\n<meta property=\"og:url\" content=\"https:\/\/zavnews.net\/index.php\/2017\/02\/11\/projektom-ifad-asfaltirat-ce-se-putevi-izgradit-hladnjace-biznis-centar\/\" \/>\n<meta property=\"og:site_name\" content=\"Zavnews\" \/>\n<meta property=\"article:published_time\" content=\"2017-02-11T14:23:34+00:00\" \/>\n<meta property=\"og:image\" content=\"https:\/\/zavnews.net\/wp-content\/uploads\/2017\/02\/IFAD_7_8_13.jpg\" \/>\n\t<meta property=\"og:image:width\" content=\"867\" \/>\n\t<meta property=\"og:image:height\" content=\"522\" \/>\n\t<meta property=\"og:image:type\" content=\"image\/jpeg\" \/>\n<meta name=\"author\" content=\"zavnews\" \/>\n<meta name=\"twitter:card\" content=\"summary_large_image\" \/>\n<meta name=\"twitter:label1\" content=\"Written by\" \/>\n\t<meta name=\"twitter:data1\" content=\"zavnews\" \/>\n\t<meta name=\"twitter:label2\" content=\"Est. reading time\" \/>\n\t<meta name=\"twitter:data2\" content=\"2 minute\" \/>\n<script type=\"application\/ld+json\" class=\"yoast-schema-graph\">{\"@context\":\"https:\/\/schema.org\",\"@graph\":[{\"@type\":\"Article\",\"@id\":\"https:\/\/zavnews.net\/index.php\/2017\/02\/11\/projektom-ifad-asfaltirat-ce-se-putevi-izgradit-hladnjace-biznis-centar\/#article\",\"isPartOf\":{\"@id\":\"https:\/\/zavnews.net\/index.php\/2017\/02\/11\/projektom-ifad-asfaltirat-ce-se-putevi-izgradit-hladnjace-biznis-centar\/\"},\"author\":{\"name\":\"zavnews\",\"@id\":\"https:\/\/zavnews.net\/#\/schema\/person\/2477577553b6626f3681ce4d32a6917f\"},\"headline\":\"Projektom IFAD asfaltirat \u0107e se putevi, izgradit hladnja\u010de i biznis centar\",\"datePublished\":\"2017-02-11T14:23:34+00:00\",\"dateModified\":\"2017-02-11T14:23:34+00:00\",\"mainEntityOfPage\":{\"@id\":\"https:\/\/zavnews.net\/index.php\/2017\/02\/11\/projektom-ifad-asfaltirat-ce-se-putevi-izgradit-hladnjace-biznis-centar\/\"},\"wordCount\":346,\"commentCount\":0,\"publisher\":{\"@id\":\"https:\/\/zavnews.net\/#organization\"},\"image\":{\"@id\":\"https:\/\/zavnews.net\/index.php\/2017\/02\/11\/projektom-ifad-asfaltirat-ce-se-putevi-izgradit-hladnjace-biznis-centar\/#primaryimage\"},\"thumbnailUrl\":\"https:\/\/zavnews.net\/wp-content\/uploads\/2017\/02\/IFAD_7_8_13.jpg\",\"articleSection\":[\"BiH\",\"BiH\",\"BIZNIS\",\"VIJESTI\"],\"inLanguage\":\"bs-BA\",\"potentialAction\":[{\"@type\":\"CommentAction\",\"name\":\"Comment\",\"target\":[\"https:\/\/zavnews.net\/index.php\/2017\/02\/11\/projektom-ifad-asfaltirat-ce-se-putevi-izgradit-hladnjace-biznis-centar\/#respond\"]}]},{\"@type\":\"WebPage\",\"@id\":\"https:\/\/zavnews.net\/index.php\/2017\/02\/11\/projektom-ifad-asfaltirat-ce-se-putevi-izgradit-hladnjace-biznis-centar\/\",\"url\":\"https:\/\/zavnews.net\/index.php\/2017\/02\/11\/projektom-ifad-asfaltirat-ce-se-putevi-izgradit-hladnjace-biznis-centar\/\",\"name\":\"Projektom IFAD asfaltirat \u0107e se putevi, izgradit hladnja\u010de i biznis centar - Zavnews\",\"isPartOf\":{\"@id\":\"https:\/\/zavnews.net\/#website\"},\"primaryImageOfPage\":{\"@id\":\"https:\/\/zavnews.net\/index.php\/2017\/02\/11\/projektom-ifad-asfaltirat-ce-se-putevi-izgradit-hladnjace-biznis-centar\/#primaryimage\"},\"image\":{\"@id\":\"https:\/\/zavnews.net\/index.php\/2017\/02\/11\/projektom-ifad-asfaltirat-ce-se-putevi-izgradit-hladnjace-biznis-centar\/#primaryimage\"},\"thumbnailUrl\":\"https:\/\/zavnews.net\/wp-content\/uploads\/2017\/02\/IFAD_7_8_13.jpg\",\"datePublished\":\"2017-02-11T14:23:34+00:00\",\"dateModified\":\"2017-02-11T14:23:34+00:00\",\"breadcrumb\":{\"@id\":\"https:\/\/zavnews.net\/index.php\/2017\/02\/11\/projektom-ifad-asfaltirat-ce-se-putevi-izgradit-hladnjace-biznis-centar\/#breadcrumb\"},\"inLanguage\":\"bs-BA\",\"potentialAction\":[{\"@type\":\"ReadAction\",\"target\":[\"https:\/\/zavnews.net\/index.php\/2017\/02\/11\/projektom-ifad-asfaltirat-ce-se-putevi-izgradit-hladnjace-biznis-centar\/\"]}]},{\"@type\":\"ImageObject\",\"inLanguage\":\"bs-BA\",\"@id\":\"https:\/\/zavnews.net\/index.php\/2017\/02\/11\/projektom-ifad-asfaltirat-ce-se-putevi-izgradit-hladnjace-biznis-centar\/#primaryimage\",\"url\":\"https:\/\/zavnews.net\/wp-content\/uploads\/2017\/02\/IFAD_7_8_13.jpg\",\"contentUrl\":\"https:\/\/zavnews.net\/wp-content\/uploads\/2017\/02\/IFAD_7_8_13.jpg\",\"width\":867,\"height\":522},{\"@type\":\"BreadcrumbList\",\"@id\":\"https:\/\/zavnews.net\/index.php\/2017\/02\/11\/projektom-ifad-asfaltirat-ce-se-putevi-izgradit-hladnjace-biznis-centar\/#breadcrumb\",\"itemListElement\":[{\"@type\":\"ListItem\",\"position\":1,\"name\":\"Po\u010detna stranica\",\"item\":\"https:\/\/zavnews.net\/\"},{\"@type\":\"ListItem\",\"position\":2,\"name\":\"Projektom IFAD asfaltirat \u0107e se putevi, izgradit hladnja\u010de i biznis centar\"}]},{\"@type\":\"WebSite\",\"@id\":\"https:\/\/zavnews.net\/#website\",\"url\":\"https:\/\/zavnews.net\/\",\"name\":\"Zavnews\",\"description\":\"Zavidovi\u0107i\",\"publisher\":{\"@id\":\"https:\/\/zavnews.net\/#organization\"},\"potentialAction\":[{\"@type\":\"SearchAction\",\"target\":{\"@type\":\"EntryPoint\",\"urlTemplate\":\"https:\/\/zavnews.net\/?s={search_term_string}\"},\"query-input\":{\"@type\":\"PropertyValueSpecification\",\"valueRequired\":true,\"valueName\":\"search_term_string\"}}],\"inLanguage\":\"bs-BA\"},{\"@type\":\"Organization\",\"@id\":\"https:\/\/zavnews.net\/#organization\",\"name\":\"Zavidovi\u0107i\",\"url\":\"https:\/\/zavnews.net\/\",\"logo\":{\"@type\":\"ImageObject\",\"inLanguage\":\"bs-BA\",\"@id\":\"https:\/\/zavnews.net\/#\/schema\/logo\/image\/\",\"url\":\"https:\/\/zavnews.net\/wp-content\/uploads\/2021\/11\/cropped-cropped-cropped-cropped-Screenshot_1-removebg-preview-2.png\",\"contentUrl\":\"https:\/\/zavnews.net\/wp-content\/uploads\/2021\/11\/cropped-cropped-cropped-cropped-Screenshot_1-removebg-preview-2.png\",\"width\":841,\"height\":180,\"caption\":\"Zavidovi\u0107i\"},\"image\":{\"@id\":\"https:\/\/zavnews.net\/#\/schema\/logo\/image\/\"}},{\"@type\":\"Person\",\"@id\":\"https:\/\/zavnews.net\/#\/schema\/person\/2477577553b6626f3681ce4d32a6917f\",\"name\":\"zavnews\",\"image\":{\"@type\":\"ImageObject\",\"inLanguage\":\"bs-BA\",\"@id\":\"https:\/\/zavnews.net\/#\/schema\/person\/image\/\",\"url\":\"https:\/\/secure.gravatar.com\/avatar\/3d25e050de275ca74aa70a2e30eb6f6c?s=96&d=mm&r=g\",\"contentUrl\":\"https:\/\/secure.gravatar.com\/avatar\/3d25e050de275ca74aa70a2e30eb6f6c?s=96&d=mm&r=g\",\"caption\":\"zavnews\"}}]}<\/script>\n<!-- \/ Yoast SEO plugin. -->","yoast_head_json":{"title":"Projektom IFAD asfaltirat \u0107e se putevi, izgradit hladnja\u010de i biznis centar - Zavnews","robots":{"index":"index","follow":"follow","max-snippet":"max-snippet:-1","max-image-preview":"max-image-preview:large","max-video-preview":"max-video-preview:-1"},"canonical":"https:\/\/zavnews.net\/index.php\/2017\/02\/11\/projektom-ifad-asfaltirat-ce-se-putevi-izgradit-hladnjace-biznis-centar\/","og_locale":"bs_BA","og_type":"article","og_title":"Projektom IFAD asfaltirat \u0107e se putevi, izgradit hladnja\u010de i biznis centar - Zavnews","og_description":"Na podru\u010dju Federacije BiH u drugoj polovini marta\u00a0planira se otpo\u010deti asfaltiranje lokalnih ruralnih puteva u okviru Projekta razvoja ruralnog poduzetni\u0161tva. Sredstva za te namjene osigurao je Me\u0111unarodni fond za razvoj poljoprivrede (IFAD) BiH, kao i za druge mikroprojekte seoske tr\u017ei\u0161ne...","og_url":"https:\/\/zavnews.net\/index.php\/2017\/02\/11\/projektom-ifad-asfaltirat-ce-se-putevi-izgradit-hladnjace-biznis-centar\/","og_site_name":"Zavnews","article_published_time":"2017-02-11T14:23:34+00:00","og_image":[{"width":867,"height":522,"url":"https:\/\/zavnews.net\/wp-content\/uploads\/2017\/02\/IFAD_7_8_13.jpg","type":"image\/jpeg"}],"author":"zavnews","twitter_card":"summary_large_image","twitter_misc":{"Written by":"zavnews","Est. reading time":"2 minute"},"schema":{"@context":"https:\/\/schema.org","@graph":[{"@type":"Article","@id":"https:\/\/zavnews.net\/index.php\/2017\/02\/11\/projektom-ifad-asfaltirat-ce-se-putevi-izgradit-hladnjace-biznis-centar\/#article","isPartOf":{"@id":"https:\/\/zavnews.net\/index.php\/2017\/02\/11\/projektom-ifad-asfaltirat-ce-se-putevi-izgradit-hladnjace-biznis-centar\/"},"author":{"name":"zavnews","@id":"https:\/\/zavnews.net\/#\/schema\/person\/2477577553b6626f3681ce4d32a6917f"},"headline":"Projektom IFAD asfaltirat \u0107e se putevi, izgradit hladnja\u010de i biznis centar","datePublished":"2017-02-11T14:23:34+00:00","dateModified":"2017-02-11T14:23:34+00:00","mainEntityOfPage":{"@id":"https:\/\/zavnews.net\/index.php\/2017\/02\/11\/projektom-ifad-asfaltirat-ce-se-putevi-izgradit-hladnjace-biznis-centar\/"},"wordCount":346,"commentCount":0,"publisher":{"@id":"https:\/\/zavnews.net\/#organization"},"image":{"@id":"https:\/\/zavnews.net\/index.php\/2017\/02\/11\/projektom-ifad-asfaltirat-ce-se-putevi-izgradit-hladnjace-biznis-centar\/#primaryimage"},"thumbnailUrl":"https:\/\/zavnews.net\/wp-content\/uploads\/2017\/02\/IFAD_7_8_13.jpg","articleSection":["BiH","BiH","BIZNIS","VIJESTI"],"inLanguage":"bs-BA","potentialAction":[{"@type":"CommentAction","name":"Comment","target":["https:\/\/zavnews.net\/index.php\/2017\/02\/11\/projektom-ifad-asfaltirat-ce-se-putevi-izgradit-hladnjace-biznis-centar\/#respond"]}]},{"@type":"WebPage","@id":"https:\/\/zavnews.net\/index.php\/2017\/02\/11\/projektom-ifad-asfaltirat-ce-se-putevi-izgradit-hladnjace-biznis-centar\/","url":"https:\/\/zavnews.net\/index.php\/2017\/02\/11\/projektom-ifad-asfaltirat-ce-se-putevi-izgradit-hladnjace-biznis-centar\/","name":"Projektom IFAD asfaltirat \u0107e se putevi, izgradit hladnja\u010de i biznis centar - Zavnews","isPartOf":{"@id":"https:\/\/zavnews.net\/#website"},"primaryImageOfPage":{"@id":"https:\/\/zavnews.net\/index.php\/2017\/02\/11\/projektom-ifad-asfaltirat-ce-se-putevi-izgradit-hladnjace-biznis-centar\/#primaryimage"},"image":{"@id":"https:\/\/zavnews.net\/index.php\/2017\/02\/11\/projektom-ifad-asfaltirat-ce-se-putevi-izgradit-hladnjace-biznis-centar\/#primaryimage"},"thumbnailUrl":"https:\/\/zavnews.net\/wp-content\/uploads\/2017\/02\/IFAD_7_8_13.jpg","datePublished":"2017-02-11T14:23:34+00:00","dateModified":"2017-02-11T14:23:34+00:00","breadcrumb":{"@id":"https:\/\/zavnews.net\/index.php\/2017\/02\/11\/projektom-ifad-asfaltirat-ce-se-putevi-izgradit-hladnjace-biznis-centar\/#breadcrumb"},"inLanguage":"bs-BA","potentialAction":[{"@type":"ReadAction","target":["https:\/\/zavnews.net\/index.php\/2017\/02\/11\/projektom-ifad-asfaltirat-ce-se-putevi-izgradit-hladnjace-biznis-centar\/"]}]},{"@type":"ImageObject","inLanguage":"bs-BA","@id":"https:\/\/zavnews.net\/index.php\/2017\/02\/11\/projektom-ifad-asfaltirat-ce-se-putevi-izgradit-hladnjace-biznis-centar\/#primaryimage","url":"https:\/\/zavnews.net\/wp-content\/uploads\/2017\/02\/IFAD_7_8_13.jpg","contentUrl":"https:\/\/zavnews.net\/wp-content\/uploads\/2017\/02\/IFAD_7_8_13.jpg","width":867,"height":522},{"@type":"BreadcrumbList","@id":"https:\/\/zavnews.net\/index.php\/2017\/02\/11\/projektom-ifad-asfaltirat-ce-se-putevi-izgradit-hladnjace-biznis-centar\/#breadcrumb","itemListElement":[{"@type":"ListItem","position":1,"name":"Po\u010detna stranica","item":"https:\/\/zavnews.net\/"},{"@type":"ListItem","position":2,"name":"Projektom IFAD asfaltirat \u0107e se putevi, izgradit hladnja\u010de i biznis centar"}]},{"@type":"WebSite","@id":"https:\/\/zavnews.net\/#website","url":"https:\/\/zavnews.net\/","name":"Zavnews","description":"Zavidovi\u0107i","publisher":{"@id":"https:\/\/zavnews.net\/#organization"},"potentialAction":[{"@type":"SearchAction","target":{"@type":"EntryPoint","urlTemplate":"https:\/\/zavnews.net\/?s={search_term_string}"},"query-input":{"@type":"PropertyValueSpecification","valueRequired":true,"valueName":"search_term_string"}}],"inLanguage":"bs-BA"},{"@type":"Organization","@id":"https:\/\/zavnews.net\/#organization","name":"Zavidovi\u0107i","url":"https:\/\/zavnews.net\/","logo":{"@type":"ImageObject","inLanguage":"bs-BA","@id":"https:\/\/zavnews.net\/#\/schema\/logo\/image\/","url":"https:\/\/zavnews.net\/wp-content\/uploads\/2021\/11\/cropped-cropped-cropped-cropped-Screenshot_1-removebg-preview-2.png","contentUrl":"https:\/\/zavnews.net\/wp-content\/uploads\/2021\/11\/cropped-cropped-cropped-cropped-Screenshot_1-removebg-preview-2.png","width":841,"height":180,"caption":"Zavidovi\u0107i"},"image":{"@id":"https:\/\/zavnews.net\/#\/schema\/logo\/image\/"}},{"@type":"Person","@id":"https:\/\/zavnews.net\/#\/schema\/person\/2477577553b6626f3681ce4d32a6917f","name":"zavnews","image":{"@type":"ImageObject","inLanguage":"bs-BA","@id":"https:\/\/zavnews.net\/#\/schema\/person\/image\/","url":"https:\/\/secure.gravatar.com\/avatar\/3d25e050de275ca74aa70a2e30eb6f6c?s=96&d=mm&r=g","contentUrl":"https:\/\/secure.gravatar.com\/avatar\/3d25e050de275ca74aa70a2e30eb6f6c?s=96&d=mm&r=g","caption":"zavnews"}}]}},"_links":{"self":[{"href":"https:\/\/zavnews.net\/index.php\/wp-json\/wp\/v2\/posts\/3438"}],"collection":[{"href":"https:\/\/zavnews.net\/index.php\/wp-json\/wp\/v2\/posts"}],"about":[{"href":"https:\/\/zavnews.net\/index.php\/wp-json\/wp\/v2\/types\/post"}],"author":[{"embeddable":true,"href":"https:\/\/zavnews.net\/index.php\/wp-json\/wp\/v2\/users\/1"}],"replies":[{"embeddable":true,"href":"https:\/\/zavnews.net\/index.php\/wp-json\/wp\/v2\/comments?post=3438"}],"version-history":[{"count":2,"href":"https:\/\/zavnews.net\/index.php\/wp-json\/wp\/v2\/posts\/3438\/revisions"}],"predecessor-version":[{"id":3441,"href":"https:\/\/zavnews.net\/index.php\/wp-json\/wp\/v2\/posts\/3438\/revisions\/3441"}],"wp:featuredmedia":[{"embeddable":true,"href":"https:\/\/zavnews.net\/index.php\/wp-json\/wp\/v2\/media\/3439"}],"wp:attachment":[{"href":"https:\/\/zavnews.net\/index.php\/wp-json\/wp\/v2\/media?parent=3438"}],"wp:term":[{"taxonomy":"category","embeddable":true,"href":"https:\/\/zavnews.net\/index.php\/wp-json\/wp\/v2\/categories?post=3438"},{"taxonomy":"post_tag","embeddable":true,"href":"https:\/\/zavnews.net\/index.php\/wp-json\/wp\/v2\/tags?post=3438"}],"curies":[{"name":"wp","href":"https:\/\/api.w.org\/{rel}","templated":true}]}}