{"id":3432,"date":"2017-02-11T15:10:19","date_gmt":"2017-02-11T14:10:19","guid":{"rendered":"http:\/\/zavnews.net\/?p=3432"},"modified":"2017-02-11T15:10:20","modified_gmt":"2017-02-11T14:10:20","slug":"grickalice-iz-bih-sajmu-kolnu","status":"publish","type":"post","link":"https:\/\/zavnews.net\/index.php\/2017\/02\/11\/grickalice-iz-bih-sajmu-kolnu\/","title":{"rendered":"Grickalice iz BiH na sajmu u K\u00f6lnu"},"content":{"rendered":"<div class=\"fcbkbttn_buttons_block\" id=\"fcbkbttn_left\"><div class=\"fcbkbttn_button\">\n\t\t\t\t\t<a href=\"https:\/\/www.facebook.com\/www.zavnews.net\/\" target=\"_blank\">\n\t\t\t\t\t\t<img decoding=\"async\" src=\"https:\/\/zavnews.net\/wp-content\/plugins\/facebook-button-plugin\/images\/standard-facebook-ico.png\" alt=\"Fb-Button\" \/>\n\t\t\t\t\t<\/a>\n\t\t\t\t<\/div><div class=\"fcbkbttn_like \"><fb:like href=\"https:\/\/zavnews.net\/index.php\/2017\/02\/11\/grickalice-iz-bih-sajmu-kolnu\/\" action=\"like\" colorscheme=\"light\" layout=\"standard\"  width=\"450px\" size=\"small\"><\/fb:like><\/div><div class=\"fb-share-button  \" data-href=\"https:\/\/zavnews.net\/index.php\/2017\/02\/11\/grickalice-iz-bih-sajmu-kolnu\/\" data-type=\"button_count\" data-size=\"small\"><\/div><\/div><p style=\"text-align: justify;\"><a href=\"http:\/\/zavnews.net\/index.php\/2017\/02\/11\/grickalice-iz-bih-sajmu-kolnu\/552e5beb-f0cc-4d6c-b2c2-6e84b0094cfb-pr-02-1\/\" rel=\"attachment wp-att-3433\"><img loading=\"lazy\" decoding=\"async\" class=\"aligncenter  wp-image-3433\" src=\"http:\/\/zavnews.net\/wp-content\/uploads\/2017\/02\/552e5beb-f0cc-4d6c-b2c2-6e84b0094cfb-pr-02-1.jpg\" alt=\"\" width=\"892\" height=\"522\" srcset=\"https:\/\/zavnews.net\/wp-content\/uploads\/2017\/02\/552e5beb-f0cc-4d6c-b2c2-6e84b0094cfb-pr-02-1.jpg 820w, https:\/\/zavnews.net\/wp-content\/uploads\/2017\/02\/552e5beb-f0cc-4d6c-b2c2-6e84b0094cfb-pr-02-1-600x351.jpg 600w, https:\/\/zavnews.net\/wp-content\/uploads\/2017\/02\/552e5beb-f0cc-4d6c-b2c2-6e84b0094cfb-pr-02-1-300x176.jpg 300w, https:\/\/zavnews.net\/wp-content\/uploads\/2017\/02\/552e5beb-f0cc-4d6c-b2c2-6e84b0094cfb-pr-02-1-768x450.jpg 768w\" sizes=\"(max-width: 892px) 100vw, 892px\" \/><\/a><\/p>\n<p style=\"text-align: justify;\"><strong>Sajam grickalica i slatki\u0161a ISM u Njema\u010dkoj okupio 1.649 izlaga\u010da iz 68 dr\u017eava, me\u0111u njima i Spanish market.<\/strong><\/p>\n<div class=\"td-post-text-content\">\n<p style=\"text-align: justify;\"><strong>Sajam slatki\u0161a i grickalica ISM u K\u00f6lnu ve\u0107 godinama je mjesto na kojem se okupljaju i predstavljaju proizvo\u0111a\u010di iz svih zemalja svijeta. Me\u0111utim, na tom sajmu do pro\u0161le godine nije bila nijedna firma iz BiH, kada je svoje proizvode tamo odlu\u010dio da predstavi Spanish market.<\/strong><\/p>\n<p style=\"text-align: justify;\"><strong>U\u010de\u0161\u0107e<\/strong><\/p>\n<p style=\"text-align: justify;\"><a href=\"http:\/\/zavnews.net\/index.php\/2017\/02\/11\/grickalice-iz-bih-sajmu-kolnu\/170206053-2_mn\/\" rel=\"attachment wp-att-3434\"><img loading=\"lazy\" decoding=\"async\" class=\" wp-image-3434 alignleft\" src=\"http:\/\/zavnews.net\/wp-content\/uploads\/2017\/02\/170206053.2_mn.jpg\" alt=\"\" width=\"208\" height=\"207\" srcset=\"https:\/\/zavnews.net\/wp-content\/uploads\/2017\/02\/170206053.2_mn.jpg 632w, https:\/\/zavnews.net\/wp-content\/uploads\/2017\/02\/170206053.2_mn-100x100.jpg 100w, https:\/\/zavnews.net\/wp-content\/uploads\/2017\/02\/170206053.2_mn-600x598.jpg 600w, https:\/\/zavnews.net\/wp-content\/uploads\/2017\/02\/170206053.2_mn-150x150.jpg 150w, https:\/\/zavnews.net\/wp-content\/uploads\/2017\/02\/170206053.2_mn-300x300.jpg 300w\" sizes=\"(max-width: 208px) 100vw, 208px\" \/><\/a>\u2013 Ovo nam je bio drugi put da u\u010destvujemo na sajmu u K\u00f6lnu i smatramo da je to odli\u010dna prilika da predstavimo svoje proizvode, da vidimo \u0161ta ima novo u svijetu grickalica i slatki\u0161a, ali i da upoznamo nove potencijalne partnere. Pro\u0161le godine smo, zahvaljuju\u0107i u\u010de\u0161\u0107u na sajmu, dogovorili izvoz na neka nova tr\u017ei\u0161ta kao \u0161to su Ma\u0111arska i Libija, a i ove godine smo uspjeli da ostvarimo brojne kontakte, kazala nam je Tea Filipovi\u0107, brend menad\u017eer za Quickie i Mas u Spanish marketu.<\/p>\n<p style=\"text-align: justify;\">Spanish market je kompanija koja svoje proizvode izvozi u brojne zemlje svijeta, a neke od njih su Njema\u010dka, Srbija, Poljska, Gr\u010dka, Ma\u0111arska, Libija, \u010ce\u0161ka, a u K\u00f6lnu su nedavno ostvarili kontakte sa firmama iz Irana, Izraela, Palestine, Amerike, Estonije, Malte, Kipra, \u0160panije, Finske\u2026<\/p>\n<p style=\"text-align: justify;\"><strong>Novi proizvod<\/strong><\/p>\n<p style=\"text-align: justify;\">\u2013 Imamo kapacitete da radimo i za dodatna tr\u017ei\u0161ta, \u0161to nam je i krajnji cilj. Trenutno imamo 15 proizvoda Quickie brenda i 10 slanog snacka, u narednom periodu \u0107emo \u0161iriti i kapacitete i proizvodnju, a na prolje\u0107e \u0107emo na tr\u017ei\u0161te izbaciti i jedan novi proizvod za djecu, poru\u010dila je Filipovi\u0107. Sajam grickalica i slatki\u0161a ISM u K\u00f6lnu ove godine imao je vi\u0161e od 38.000 posjetilaca iz vi\u0161e od 140 zemalja svijeta. Na sajmu je u\u010destvovalo 1.649 izlaga\u010da iz 68 dr\u017eava, pa nije mala stvar da se tu na\u0161lo i ime, makar, jedne kompanije iz BiH.<\/p>\n<p style=\"text-align: justify;\"><a href=\"http:\/\/zavnews.net\/index.php\/2017\/02\/11\/grickalice-iz-bih-sajmu-kolnu\/spanish_market_u_kelnu\/\" rel=\"attachment wp-att-3435\"><img loading=\"lazy\" decoding=\"async\" class=\"aligncenter  wp-image-3435\" src=\"http:\/\/zavnews.net\/wp-content\/uploads\/2017\/02\/spanish_market_u_kelnu-1024x769.jpg\" alt=\"\" width=\"907\" height=\"681\" srcset=\"https:\/\/zavnews.net\/wp-content\/uploads\/2017\/02\/spanish_market_u_kelnu-1024x769.jpg 1024w, https:\/\/zavnews.net\/wp-content\/uploads\/2017\/02\/spanish_market_u_kelnu-300x225.jpg 300w, https:\/\/zavnews.net\/wp-content\/uploads\/2017\/02\/spanish_market_u_kelnu-600x451.jpg 600w, https:\/\/zavnews.net\/wp-content\/uploads\/2017\/02\/spanish_market_u_kelnu-768x577.jpg 768w, https:\/\/zavnews.net\/wp-content\/uploads\/2017\/02\/spanish_market_u_kelnu.jpg 1189w\" sizes=\"(max-width: 907px) 100vw, 907px\" \/><\/a><\/p>\n<p style=\"text-align: right;\">zavnews\/kupuj387<\/p>\n<div class=\"td-g-rec td-g-rec-id-content_bottom\"><\/div>\n<\/div>\n<div class=\"clearfix\"><\/div>\n<footer>\n<div class=\"post-source-via\"><\/div>\n<\/footer>\n<div class=\"fcbkbttn_buttons_block\" id=\"fcbkbttn_left\"><div class=\"fcbkbttn_button\">\n\t\t\t\t\t<a href=\"https:\/\/www.facebook.com\/www.zavnews.net\/\" target=\"_blank\">\n\t\t\t\t\t\t<img decoding=\"async\" src=\"https:\/\/zavnews.net\/wp-content\/plugins\/facebook-button-plugin\/images\/standard-facebook-ico.png\" alt=\"Fb-Button\" \/>\n\t\t\t\t\t<\/a>\n\t\t\t\t<\/div><div class=\"fcbkbttn_like \"><fb:like href=\"https:\/\/zavnews.net\/index.php\/2017\/02\/11\/grickalice-iz-bih-sajmu-kolnu\/\" action=\"like\" colorscheme=\"light\" layout=\"standard\"  width=\"450px\" size=\"small\"><\/fb:like><\/div><div class=\"fb-share-button  \" data-href=\"https:\/\/zavnews.net\/index.php\/2017\/02\/11\/grickalice-iz-bih-sajmu-kolnu\/\" data-type=\"button_count\" data-size=\"small\"><\/div><\/div>","protected":false},"excerpt":{"rendered":"<div class=\"fcbkbttn_buttons_block\" id=\"fcbkbttn_left\"><div class=\"fcbkbttn_button\">\n\t\t\t\t\t<a href=\"https:\/\/www.facebook.com\/www.zavnews.net\/\" target=\"_blank\">\n\t\t\t\t\t\t<img decoding=\"async\" src=\"https:\/\/zavnews.net\/wp-content\/plugins\/facebook-button-plugin\/images\/standard-facebook-ico.png\" alt=\"Fb-Button\" \/>\n\t\t\t\t\t<\/a>\n\t\t\t\t<\/div><div class=\"fcbkbttn_like \"><fb:like href=\"https:\/\/zavnews.net\/index.php\/2017\/02\/11\/grickalice-iz-bih-sajmu-kolnu\/\" action=\"like\" colorscheme=\"light\" layout=\"standard\"  width=\"450px\" size=\"small\"><\/fb:like><\/div><div class=\"fb-share-button  \" data-href=\"https:\/\/zavnews.net\/index.php\/2017\/02\/11\/grickalice-iz-bih-sajmu-kolnu\/\" data-type=\"button_count\" data-size=\"small\"><\/div><\/div><p>Sajam grickalica i slatki\u0161a ISM u Njema\u010dkoj okupio 1.649 izlaga\u010da iz 68 dr\u017eava, me\u0111u njima i Spanish market. Sajam slatki\u0161a i grickalica ISM u K\u00f6lnu ve\u0107 godinama je mjesto na kojem se okupljaju i predstavljaju proizvo\u0111a\u010di iz svih zemalja svijeta&#8230;.<\/p>\n<div class=\"fcbkbttn_buttons_block\" id=\"fcbkbttn_left\"><div class=\"fcbkbttn_button\">\n\t\t\t\t\t<a href=\"https:\/\/www.facebook.com\/www.zavnews.net\/\" target=\"_blank\">\n\t\t\t\t\t\t<img decoding=\"async\" src=\"https:\/\/zavnews.net\/wp-content\/plugins\/facebook-button-plugin\/images\/standard-facebook-ico.png\" alt=\"Fb-Button\" \/>\n\t\t\t\t\t<\/a>\n\t\t\t\t<\/div><div class=\"fcbkbttn_like \"><fb:like href=\"https:\/\/zavnews.net\/index.php\/2017\/02\/11\/grickalice-iz-bih-sajmu-kolnu\/\" action=\"like\" colorscheme=\"light\" layout=\"standard\"  width=\"450px\" size=\"small\"><\/fb:like><\/div><div class=\"fb-share-button  \" data-href=\"https:\/\/zavnews.net\/index.php\/2017\/02\/11\/grickalice-iz-bih-sajmu-kolnu\/\" data-type=\"button_count\" data-size=\"small\"><\/div><\/div>","protected":false},"author":1,"featured_media":3433,"comment_status":"open","ping_status":"open","sticky":false,"template":"","format":"standard","meta":{"footnotes":""},"categories":[13,23,6,3],"tags":[],"yoast_head":"<!-- This site is optimized with the Yoast SEO plugin v23.5 - https:\/\/yoast.com\/wordpress\/plugins\/seo\/ -->\n<title>Grickalice iz BiH na sajmu u K\u00f6lnu - Zavnews<\/title>\n<meta name=\"robots\" content=\"index, follow, max-snippet:-1, max-image-preview:large, max-video-preview:-1\" \/>\n<link rel=\"canonical\" href=\"https:\/\/zavnews.net\/index.php\/2017\/02\/11\/grickalice-iz-bih-sajmu-kolnu\/\" \/>\n<meta property=\"og:locale\" content=\"bs_BA\" \/>\n<meta property=\"og:type\" content=\"article\" \/>\n<meta property=\"og:title\" content=\"Grickalice iz BiH na sajmu u K\u00f6lnu - Zavnews\" \/>\n<meta property=\"og:description\" content=\"Sajam grickalica i slatki\u0161a ISM u Njema\u010dkoj okupio 1.649 izlaga\u010da iz 68 dr\u017eava, me\u0111u njima i Spanish market. Sajam slatki\u0161a i grickalica ISM u K\u00f6lnu ve\u0107 godinama je mjesto na kojem se okupljaju i predstavljaju proizvo\u0111a\u010di iz svih zemalja svijeta....\" \/>\n<meta property=\"og:url\" content=\"https:\/\/zavnews.net\/index.php\/2017\/02\/11\/grickalice-iz-bih-sajmu-kolnu\/\" \/>\n<meta property=\"og:site_name\" content=\"Zavnews\" \/>\n<meta property=\"article:published_time\" content=\"2017-02-11T14:10:19+00:00\" \/>\n<meta property=\"article:modified_time\" content=\"2017-02-11T14:10:20+00:00\" \/>\n<meta property=\"og:image\" content=\"https:\/\/zavnews.net\/wp-content\/uploads\/2017\/02\/552e5beb-f0cc-4d6c-b2c2-6e84b0094cfb-pr-02-1.jpg\" \/>\n\t<meta property=\"og:image:width\" content=\"820\" \/>\n\t<meta property=\"og:image:height\" content=\"480\" \/>\n\t<meta property=\"og:image:type\" content=\"image\/jpeg\" \/>\n<meta name=\"author\" content=\"zavnews\" \/>\n<meta name=\"twitter:card\" content=\"summary_large_image\" \/>\n<meta name=\"twitter:label1\" content=\"Written by\" \/>\n\t<meta name=\"twitter:data1\" content=\"zavnews\" \/>\n\t<meta name=\"twitter:label2\" content=\"Est. reading time\" \/>\n\t<meta name=\"twitter:data2\" content=\"2 minute\" \/>\n<script type=\"application\/ld+json\" class=\"yoast-schema-graph\">{\"@context\":\"https:\/\/schema.org\",\"@graph\":[{\"@type\":\"Article\",\"@id\":\"https:\/\/zavnews.net\/index.php\/2017\/02\/11\/grickalice-iz-bih-sajmu-kolnu\/#article\",\"isPartOf\":{\"@id\":\"https:\/\/zavnews.net\/index.php\/2017\/02\/11\/grickalice-iz-bih-sajmu-kolnu\/\"},\"author\":{\"name\":\"zavnews\",\"@id\":\"https:\/\/zavnews.net\/#\/schema\/person\/2477577553b6626f3681ce4d32a6917f\"},\"headline\":\"Grickalice iz BiH na sajmu u K\u00f6lnu\",\"datePublished\":\"2017-02-11T14:10:19+00:00\",\"dateModified\":\"2017-02-11T14:10:20+00:00\",\"mainEntityOfPage\":{\"@id\":\"https:\/\/zavnews.net\/index.php\/2017\/02\/11\/grickalice-iz-bih-sajmu-kolnu\/\"},\"wordCount\":333,\"commentCount\":0,\"publisher\":{\"@id\":\"https:\/\/zavnews.net\/#organization\"},\"image\":{\"@id\":\"https:\/\/zavnews.net\/index.php\/2017\/02\/11\/grickalice-iz-bih-sajmu-kolnu\/#primaryimage\"},\"thumbnailUrl\":\"https:\/\/zavnews.net\/wp-content\/uploads\/2017\/02\/552e5beb-f0cc-4d6c-b2c2-6e84b0094cfb-pr-02-1.jpg\",\"articleSection\":[\"BiH\",\"BiH\",\"BIZNIS\",\"VIJESTI\"],\"inLanguage\":\"bs-BA\",\"potentialAction\":[{\"@type\":\"CommentAction\",\"name\":\"Comment\",\"target\":[\"https:\/\/zavnews.net\/index.php\/2017\/02\/11\/grickalice-iz-bih-sajmu-kolnu\/#respond\"]}]},{\"@type\":\"WebPage\",\"@id\":\"https:\/\/zavnews.net\/index.php\/2017\/02\/11\/grickalice-iz-bih-sajmu-kolnu\/\",\"url\":\"https:\/\/zavnews.net\/index.php\/2017\/02\/11\/grickalice-iz-bih-sajmu-kolnu\/\",\"name\":\"Grickalice iz BiH na sajmu u K\u00f6lnu - Zavnews\",\"isPartOf\":{\"@id\":\"https:\/\/zavnews.net\/#website\"},\"primaryImageOfPage\":{\"@id\":\"https:\/\/zavnews.net\/index.php\/2017\/02\/11\/grickalice-iz-bih-sajmu-kolnu\/#primaryimage\"},\"image\":{\"@id\":\"https:\/\/zavnews.net\/index.php\/2017\/02\/11\/grickalice-iz-bih-sajmu-kolnu\/#primaryimage\"},\"thumbnailUrl\":\"https:\/\/zavnews.net\/wp-content\/uploads\/2017\/02\/552e5beb-f0cc-4d6c-b2c2-6e84b0094cfb-pr-02-1.jpg\",\"datePublished\":\"2017-02-11T14:10:19+00:00\",\"dateModified\":\"2017-02-11T14:10:20+00:00\",\"breadcrumb\":{\"@id\":\"https:\/\/zavnews.net\/index.php\/2017\/02\/11\/grickalice-iz-bih-sajmu-kolnu\/#breadcrumb\"},\"inLanguage\":\"bs-BA\",\"potentialAction\":[{\"@type\":\"ReadAction\",\"target\":[\"https:\/\/zavnews.net\/index.php\/2017\/02\/11\/grickalice-iz-bih-sajmu-kolnu\/\"]}]},{\"@type\":\"ImageObject\",\"inLanguage\":\"bs-BA\",\"@id\":\"https:\/\/zavnews.net\/index.php\/2017\/02\/11\/grickalice-iz-bih-sajmu-kolnu\/#primaryimage\",\"url\":\"https:\/\/zavnews.net\/wp-content\/uploads\/2017\/02\/552e5beb-f0cc-4d6c-b2c2-6e84b0094cfb-pr-02-1.jpg\",\"contentUrl\":\"https:\/\/zavnews.net\/wp-content\/uploads\/2017\/02\/552e5beb-f0cc-4d6c-b2c2-6e84b0094cfb-pr-02-1.jpg\",\"width\":820,\"height\":480},{\"@type\":\"BreadcrumbList\",\"@id\":\"https:\/\/zavnews.net\/index.php\/2017\/02\/11\/grickalice-iz-bih-sajmu-kolnu\/#breadcrumb\",\"itemListElement\":[{\"@type\":\"ListItem\",\"position\":1,\"name\":\"Po\u010detna stranica\",\"item\":\"https:\/\/zavnews.net\/\"},{\"@type\":\"ListItem\",\"position\":2,\"name\":\"Grickalice iz BiH na sajmu u K\u00f6lnu\"}]},{\"@type\":\"WebSite\",\"@id\":\"https:\/\/zavnews.net\/#website\",\"url\":\"https:\/\/zavnews.net\/\",\"name\":\"Zavnews\",\"description\":\"Zavidovi\u0107i\",\"publisher\":{\"@id\":\"https:\/\/zavnews.net\/#organization\"},\"potentialAction\":[{\"@type\":\"SearchAction\",\"target\":{\"@type\":\"EntryPoint\",\"urlTemplate\":\"https:\/\/zavnews.net\/?s={search_term_string}\"},\"query-input\":{\"@type\":\"PropertyValueSpecification\",\"valueRequired\":true,\"valueName\":\"search_term_string\"}}],\"inLanguage\":\"bs-BA\"},{\"@type\":\"Organization\",\"@id\":\"https:\/\/zavnews.net\/#organization\",\"name\":\"Zavidovi\u0107i\",\"url\":\"https:\/\/zavnews.net\/\",\"logo\":{\"@type\":\"ImageObject\",\"inLanguage\":\"bs-BA\",\"@id\":\"https:\/\/zavnews.net\/#\/schema\/logo\/image\/\",\"url\":\"https:\/\/zavnews.net\/wp-content\/uploads\/2021\/11\/cropped-cropped-cropped-cropped-Screenshot_1-removebg-preview-2.png\",\"contentUrl\":\"https:\/\/zavnews.net\/wp-content\/uploads\/2021\/11\/cropped-cropped-cropped-cropped-Screenshot_1-removebg-preview-2.png\",\"width\":841,\"height\":180,\"caption\":\"Zavidovi\u0107i\"},\"image\":{\"@id\":\"https:\/\/zavnews.net\/#\/schema\/logo\/image\/\"}},{\"@type\":\"Person\",\"@id\":\"https:\/\/zavnews.net\/#\/schema\/person\/2477577553b6626f3681ce4d32a6917f\",\"name\":\"zavnews\",\"image\":{\"@type\":\"ImageObject\",\"inLanguage\":\"bs-BA\",\"@id\":\"https:\/\/zavnews.net\/#\/schema\/person\/image\/\",\"url\":\"https:\/\/secure.gravatar.com\/avatar\/3d25e050de275ca74aa70a2e30eb6f6c?s=96&d=mm&r=g\",\"contentUrl\":\"https:\/\/secure.gravatar.com\/avatar\/3d25e050de275ca74aa70a2e30eb6f6c?s=96&d=mm&r=g\",\"caption\":\"zavnews\"}}]}<\/script>\n<!-- \/ Yoast SEO plugin. -->","yoast_head_json":{"title":"Grickalice iz BiH na sajmu u K\u00f6lnu - Zavnews","robots":{"index":"index","follow":"follow","max-snippet":"max-snippet:-1","max-image-preview":"max-image-preview:large","max-video-preview":"max-video-preview:-1"},"canonical":"https:\/\/zavnews.net\/index.php\/2017\/02\/11\/grickalice-iz-bih-sajmu-kolnu\/","og_locale":"bs_BA","og_type":"article","og_title":"Grickalice iz BiH na sajmu u K\u00f6lnu - Zavnews","og_description":"Sajam grickalica i slatki\u0161a ISM u Njema\u010dkoj okupio 1.649 izlaga\u010da iz 68 dr\u017eava, me\u0111u njima i Spanish market. Sajam slatki\u0161a i grickalica ISM u K\u00f6lnu ve\u0107 godinama je mjesto na kojem se okupljaju i predstavljaju proizvo\u0111a\u010di iz svih zemalja svijeta....","og_url":"https:\/\/zavnews.net\/index.php\/2017\/02\/11\/grickalice-iz-bih-sajmu-kolnu\/","og_site_name":"Zavnews","article_published_time":"2017-02-11T14:10:19+00:00","article_modified_time":"2017-02-11T14:10:20+00:00","og_image":[{"width":820,"height":480,"url":"https:\/\/zavnews.net\/wp-content\/uploads\/2017\/02\/552e5beb-f0cc-4d6c-b2c2-6e84b0094cfb-pr-02-1.jpg","type":"image\/jpeg"}],"author":"zavnews","twitter_card":"summary_large_image","twitter_misc":{"Written by":"zavnews","Est. reading time":"2 minute"},"schema":{"@context":"https:\/\/schema.org","@graph":[{"@type":"Article","@id":"https:\/\/zavnews.net\/index.php\/2017\/02\/11\/grickalice-iz-bih-sajmu-kolnu\/#article","isPartOf":{"@id":"https:\/\/zavnews.net\/index.php\/2017\/02\/11\/grickalice-iz-bih-sajmu-kolnu\/"},"author":{"name":"zavnews","@id":"https:\/\/zavnews.net\/#\/schema\/person\/2477577553b6626f3681ce4d32a6917f"},"headline":"Grickalice iz BiH na sajmu u K\u00f6lnu","datePublished":"2017-02-11T14:10:19+00:00","dateModified":"2017-02-11T14:10:20+00:00","mainEntityOfPage":{"@id":"https:\/\/zavnews.net\/index.php\/2017\/02\/11\/grickalice-iz-bih-sajmu-kolnu\/"},"wordCount":333,"commentCount":0,"publisher":{"@id":"https:\/\/zavnews.net\/#organization"},"image":{"@id":"https:\/\/zavnews.net\/index.php\/2017\/02\/11\/grickalice-iz-bih-sajmu-kolnu\/#primaryimage"},"thumbnailUrl":"https:\/\/zavnews.net\/wp-content\/uploads\/2017\/02\/552e5beb-f0cc-4d6c-b2c2-6e84b0094cfb-pr-02-1.jpg","articleSection":["BiH","BiH","BIZNIS","VIJESTI"],"inLanguage":"bs-BA","potentialAction":[{"@type":"CommentAction","name":"Comment","target":["https:\/\/zavnews.net\/index.php\/2017\/02\/11\/grickalice-iz-bih-sajmu-kolnu\/#respond"]}]},{"@type":"WebPage","@id":"https:\/\/zavnews.net\/index.php\/2017\/02\/11\/grickalice-iz-bih-sajmu-kolnu\/","url":"https:\/\/zavnews.net\/index.php\/2017\/02\/11\/grickalice-iz-bih-sajmu-kolnu\/","name":"Grickalice iz BiH na sajmu u K\u00f6lnu - Zavnews","isPartOf":{"@id":"https:\/\/zavnews.net\/#website"},"primaryImageOfPage":{"@id":"https:\/\/zavnews.net\/index.php\/2017\/02\/11\/grickalice-iz-bih-sajmu-kolnu\/#primaryimage"},"image":{"@id":"https:\/\/zavnews.net\/index.php\/2017\/02\/11\/grickalice-iz-bih-sajmu-kolnu\/#primaryimage"},"thumbnailUrl":"https:\/\/zavnews.net\/wp-content\/uploads\/2017\/02\/552e5beb-f0cc-4d6c-b2c2-6e84b0094cfb-pr-02-1.jpg","datePublished":"2017-02-11T14:10:19+00:00","dateModified":"2017-02-11T14:10:20+00:00","breadcrumb":{"@id":"https:\/\/zavnews.net\/index.php\/2017\/02\/11\/grickalice-iz-bih-sajmu-kolnu\/#breadcrumb"},"inLanguage":"bs-BA","potentialAction":[{"@type":"ReadAction","target":["https:\/\/zavnews.net\/index.php\/2017\/02\/11\/grickalice-iz-bih-sajmu-kolnu\/"]}]},{"@type":"ImageObject","inLanguage":"bs-BA","@id":"https:\/\/zavnews.net\/index.php\/2017\/02\/11\/grickalice-iz-bih-sajmu-kolnu\/#primaryimage","url":"https:\/\/zavnews.net\/wp-content\/uploads\/2017\/02\/552e5beb-f0cc-4d6c-b2c2-6e84b0094cfb-pr-02-1.jpg","contentUrl":"https:\/\/zavnews.net\/wp-content\/uploads\/2017\/02\/552e5beb-f0cc-4d6c-b2c2-6e84b0094cfb-pr-02-1.jpg","width":820,"height":480},{"@type":"BreadcrumbList","@id":"https:\/\/zavnews.net\/index.php\/2017\/02\/11\/grickalice-iz-bih-sajmu-kolnu\/#breadcrumb","itemListElement":[{"@type":"ListItem","position":1,"name":"Po\u010detna stranica","item":"https:\/\/zavnews.net\/"},{"@type":"ListItem","position":2,"name":"Grickalice iz BiH na sajmu u K\u00f6lnu"}]},{"@type":"WebSite","@id":"https:\/\/zavnews.net\/#website","url":"https:\/\/zavnews.net\/","name":"Zavnews","description":"Zavidovi\u0107i","publisher":{"@id":"https:\/\/zavnews.net\/#organization"},"potentialAction":[{"@type":"SearchAction","target":{"@type":"EntryPoint","urlTemplate":"https:\/\/zavnews.net\/?s={search_term_string}"},"query-input":{"@type":"PropertyValueSpecification","valueRequired":true,"valueName":"search_term_string"}}],"inLanguage":"bs-BA"},{"@type":"Organization","@id":"https:\/\/zavnews.net\/#organization","name":"Zavidovi\u0107i","url":"https:\/\/zavnews.net\/","logo":{"@type":"ImageObject","inLanguage":"bs-BA","@id":"https:\/\/zavnews.net\/#\/schema\/logo\/image\/","url":"https:\/\/zavnews.net\/wp-content\/uploads\/2021\/11\/cropped-cropped-cropped-cropped-Screenshot_1-removebg-preview-2.png","contentUrl":"https:\/\/zavnews.net\/wp-content\/uploads\/2021\/11\/cropped-cropped-cropped-cropped-Screenshot_1-removebg-preview-2.png","width":841,"height":180,"caption":"Zavidovi\u0107i"},"image":{"@id":"https:\/\/zavnews.net\/#\/schema\/logo\/image\/"}},{"@type":"Person","@id":"https:\/\/zavnews.net\/#\/schema\/person\/2477577553b6626f3681ce4d32a6917f","name":"zavnews","image":{"@type":"ImageObject","inLanguage":"bs-BA","@id":"https:\/\/zavnews.net\/#\/schema\/person\/image\/","url":"https:\/\/secure.gravatar.com\/avatar\/3d25e050de275ca74aa70a2e30eb6f6c?s=96&d=mm&r=g","contentUrl":"https:\/\/secure.gravatar.com\/avatar\/3d25e050de275ca74aa70a2e30eb6f6c?s=96&d=mm&r=g","caption":"zavnews"}}]}},"_links":{"self":[{"href":"https:\/\/zavnews.net\/index.php\/wp-json\/wp\/v2\/posts\/3432"}],"collection":[{"href":"https:\/\/zavnews.net\/index.php\/wp-json\/wp\/v2\/posts"}],"about":[{"href":"https:\/\/zavnews.net\/index.php\/wp-json\/wp\/v2\/types\/post"}],"author":[{"embeddable":true,"href":"https:\/\/zavnews.net\/index.php\/wp-json\/wp\/v2\/users\/1"}],"replies":[{"embeddable":true,"href":"https:\/\/zavnews.net\/index.php\/wp-json\/wp\/v2\/comments?post=3432"}],"version-history":[{"count":2,"href":"https:\/\/zavnews.net\/index.php\/wp-json\/wp\/v2\/posts\/3432\/revisions"}],"predecessor-version":[{"id":3437,"href":"https:\/\/zavnews.net\/index.php\/wp-json\/wp\/v2\/posts\/3432\/revisions\/3437"}],"wp:featuredmedia":[{"embeddable":true,"href":"https:\/\/zavnews.net\/index.php\/wp-json\/wp\/v2\/media\/3433"}],"wp:attachment":[{"href":"https:\/\/zavnews.net\/index.php\/wp-json\/wp\/v2\/media?parent=3432"}],"wp:term":[{"taxonomy":"category","embeddable":true,"href":"https:\/\/zavnews.net\/index.php\/wp-json\/wp\/v2\/categories?post=3432"},{"taxonomy":"post_tag","embeddable":true,"href":"https:\/\/zavnews.net\/index.php\/wp-json\/wp\/v2\/tags?post=3432"}],"curies":[{"name":"wp","href":"https:\/\/api.w.org\/{rel}","templated":true}]}}