{"id":3095,"date":"2017-02-02T22:46:27","date_gmt":"2017-02-02T21:46:27","guid":{"rendered":"http:\/\/zavnews.net\/?p=3095"},"modified":"2017-02-02T22:46:27","modified_gmt":"2017-02-02T21:46:27","slug":"sebija-izetbegovic-se-plase-neradnici","status":"publish","type":"post","link":"https:\/\/zavnews.net\/index.php\/2017\/02\/02\/sebija-izetbegovic-se-plase-neradnici\/","title":{"rendered":"Sebija Izetbegovi\u0107: Mene se pla\u0161e samo neradnici"},"content":{"rendered":"<div class=\"fcbkbttn_buttons_block\" id=\"fcbkbttn_left\"><div class=\"fcbkbttn_button\">\n\t\t\t\t\t<a href=\"https:\/\/www.facebook.com\/www.zavnews.net\/\" target=\"_blank\">\n\t\t\t\t\t\t<img decoding=\"async\" src=\"https:\/\/zavnews.net\/wp-content\/plugins\/facebook-button-plugin\/images\/standard-facebook-ico.png\" alt=\"Fb-Button\" \/>\n\t\t\t\t\t<\/a>\n\t\t\t\t<\/div><div class=\"fcbkbttn_like \"><fb:like href=\"https:\/\/zavnews.net\/index.php\/2017\/02\/02\/sebija-izetbegovic-se-plase-neradnici\/\" action=\"like\" colorscheme=\"light\" layout=\"standard\"  width=\"450px\" size=\"small\"><\/fb:like><\/div><div class=\"fb-share-button  \" data-href=\"https:\/\/zavnews.net\/index.php\/2017\/02\/02\/sebija-izetbegovic-se-plase-neradnici\/\" data-type=\"button_count\" data-size=\"small\"><\/div><\/div><p style=\"text-align: justify;\"><a href=\"http:\/\/zavnews.net\/index.php\/2017\/02\/02\/sebija-izetbegovic-se-plase-neradnici\/569bbb65-bc28-498a-af3a-33730a0a0a6d-sebija-izetbegovic-preview\/\" rel=\"attachment wp-att-3096\"><img loading=\"lazy\" decoding=\"async\" class=\"aligncenter  wp-image-3096\" src=\"http:\/\/zavnews.net\/wp-content\/uploads\/2017\/02\/569bbb65-bc28-498a-af3a-33730a0a0a6d-sebija-izetbegovic-preview.jpg\" alt=\"\" width=\"866\" height=\"521\" srcset=\"https:\/\/zavnews.net\/wp-content\/uploads\/2017\/02\/569bbb65-bc28-498a-af3a-33730a0a0a6d-sebija-izetbegovic-preview.jpg 765w, https:\/\/zavnews.net\/wp-content\/uploads\/2017\/02\/569bbb65-bc28-498a-af3a-33730a0a0a6d-sebija-izetbegovic-preview-600x361.jpg 600w, https:\/\/zavnews.net\/wp-content\/uploads\/2017\/02\/569bbb65-bc28-498a-af3a-33730a0a0a6d-sebija-izetbegovic-preview-300x180.jpg 300w\" sizes=\"(max-width: 866px) 100vw, 866px\" \/><\/a><\/p>\n<p style=\"text-align: justify;\"><strong>Generalna direktorica Klini\u010dkog centra Univerziteta u Sarajevu Sebija Izetbegovi\u0107, prilikom gostovanja na Federalnoj televiziji kazala je da se nje pla\u0161e samo neradnici, te da se njoj u javnosti pridaje prevelika i nepotrebna pa\u017enja.<\/strong><\/p>\n<p style=\"text-align: justify;\"><strong>&#8211; Ne zaslu\u017eujem to, radim uspje\u0161no svoj posao. Mislim da treba raditi vrijedno i dobro &#8211;<\/strong> kazala je Izetbegovi\u0107.<\/p>\n<p style=\"text-align: justify;\">Pojasnila je\u00a0da KCUS ima vrlo staru opremu za lije\u010denje pacijenata, da je do sada vra\u0107eno vi\u0161e od 63 miliona KM i da su ulo\u017eeni veliki napori.<\/p>\n<p style=\"text-align: justify;\"><strong>&#8211; Vra\u0107ali smo dugovanja \u010dak iz 2013. godine jer su nam dobavlja\u010di rekli da \u0107e obustaviti saradnju. Pona\u0161ali smo se kako se doktori pona\u0161aju u vanrednim situacijama. Ja sam vjerovatno do\u017eivljena kao striktna osoba. Nisam \u0161tedjela sebe pa ni druge. Vrlo smo ponosni na u\u0161tede. Napravili smo samo 300.000 na kabinetu generalne direktorice. Na voznom parku smo napravili vi\u0161e od\u00a050.000 KM. Sada na\u0161i voza\u010di i automobili slu\u017ee samo za prijevoz pacijenata &#8211;<\/strong> rekla je Izetbegovi\u0107.<\/p>\n<p style=\"text-align: justify;\">Na novinarsko pitanje <strong>\u201cJeste li \u0161tedjeli pacijente?\u201c<\/strong> Izetbegovi\u0107 je odgovorila: <strong>&#8220;Mi smo \u0161tedjeli pacijente, ali ne na njima. Sve nabavke moramo raditi po striktnom Zakonu o javnim nabavkama&#8221;.<\/strong><\/p>\n<p style=\"text-align: justify;\">Dodala je da joj je \u017eao \u0161to veliki broj pacijenata ne zna da KCUS ne nabavlja citostatike i da su oni u tom lancu samo karika.<\/p>\n<p style=\"text-align: justify;\">Direktorica KCUS-a je za Federalnu televiziju govorila i o odlasku doktora.<\/p>\n<p style=\"text-align: justify;\"><strong>&#8211; Novi kadar koji je stigao u KCUS su ljudi vrlo afirmirani u svojim specijalnostima. Na\u0161i mladi specijalisti \u0107e biti pod supervizijom starijih kolega kojih jo\u0161 uvijek ima dovoljno. Mi smo potpuno kapacitirani. Nema mjesta za bojazan. Imamo veliki broj doktora iz cijele dr\u017eave koji bi htjeli do\u0107i da rade na KCUS, gdje bi mogli da napreduju u akademskom smislu &#8211;<\/strong> kazala je Izetbegovi\u0107.<\/p>\n<p style=\"text-align: justify;\">\u00a0Govorila je i o paralelnom radu na KCUS-u i u privatnim klinikama.<\/p>\n<p style=\"text-align: justify;\"><strong>&#8211; Zakon omogu\u0107ava dvojnu praksu, me\u0111utim, zakon ka\u017ee da poslodavac mora dati saglasnost. Nemam problem sa tim ukoliko na njihovoj listi \u010dekanja nema pacijenata. Radno vrijeme su provodili vrlo kratko na KCUS-u, a mnogo vi\u0161e na svojim klinikama. Imali smo problem sa odno\u0161enjem opreme sa KCUS-a, \u0161to je potpuno evidentno. Ljekari sa jedne klinike, njih 11 do 17, su se prijavljivali da idu na isti kongres, a liste \u010dekanja su bile duge. Mene se pla\u0161e samo neradnici, jedna mala grupa ljudi koji su bili cijelog \u017eivota povla\u0161teni, mislim da su jo\u0161 uvijek. \u0160ef jedne na\u0161e klinike na posao nije do\u0161ao 369 dana po raznim osnovama. Njegov drugi kolega ga je mijenjao &#8211;<\/strong> kazala je Izetbegovi\u0107.<\/p>\n<p style=\"text-align: justify;\">Dodala je da \u017eeli da prika\u017ee zdravstvene radnike u pravom svjetlu, da skine stigmu korupcije i nerada.<\/p>\n<p style=\"text-align: justify;\">Poru\u010dila je da se ne\u0107e izviniti zbog ekavice kojom je govorila nakon \u0161to joj je kolegica Nata\u0161a Kova\u010dev sa Al Jazeere Balkans postavila pitanje govore\u0107i ekavicom.<\/p>\n<p style=\"text-align: justify;\"><strong>&#8211; Jako dobro pazim \u0161ta \u0107u re\u0107i. Nisam osoba koja se izvinjava. Novinarka se obratila na ekavskom, ja to nisam smatrala provokacijom i odgovorila sam joj na ekavskom. Ro\u0111ena sam u Podgorici, prvo sam nau\u010dila \u0107irilicu. Imala sam pet jer sam najbolje znala \u0107irilicu kad sam do\u0161la u Sarajevo &#8211;<\/strong> kazala je Izetbegovi\u0107 gostuju\u0107i na Federalnoj televiziji.<\/p>\n<p style=\"text-align: right;\">zavnews\/<a href=\"http:\/\/faktor.ba\/vijest\/sebija-izetbegovic-mene-se-plase-samo-neradnici-234356\" target=\"_blank\"><span style=\"color: #0000ff;\">faktor<\/span><\/a><\/p>\n<div class=\"fcbkbttn_buttons_block\" id=\"fcbkbttn_left\"><div class=\"fcbkbttn_button\">\n\t\t\t\t\t<a href=\"https:\/\/www.facebook.com\/www.zavnews.net\/\" target=\"_blank\">\n\t\t\t\t\t\t<img decoding=\"async\" src=\"https:\/\/zavnews.net\/wp-content\/plugins\/facebook-button-plugin\/images\/standard-facebook-ico.png\" alt=\"Fb-Button\" \/>\n\t\t\t\t\t<\/a>\n\t\t\t\t<\/div><div class=\"fcbkbttn_like \"><fb:like href=\"https:\/\/zavnews.net\/index.php\/2017\/02\/02\/sebija-izetbegovic-se-plase-neradnici\/\" action=\"like\" colorscheme=\"light\" layout=\"standard\"  width=\"450px\" size=\"small\"><\/fb:like><\/div><div class=\"fb-share-button  \" data-href=\"https:\/\/zavnews.net\/index.php\/2017\/02\/02\/sebija-izetbegovic-se-plase-neradnici\/\" data-type=\"button_count\" data-size=\"small\"><\/div><\/div>","protected":false},"excerpt":{"rendered":"<div class=\"fcbkbttn_buttons_block\" id=\"fcbkbttn_left\"><div class=\"fcbkbttn_button\">\n\t\t\t\t\t<a href=\"https:\/\/www.facebook.com\/www.zavnews.net\/\" target=\"_blank\">\n\t\t\t\t\t\t<img decoding=\"async\" src=\"https:\/\/zavnews.net\/wp-content\/plugins\/facebook-button-plugin\/images\/standard-facebook-ico.png\" alt=\"Fb-Button\" \/>\n\t\t\t\t\t<\/a>\n\t\t\t\t<\/div><div class=\"fcbkbttn_like \"><fb:like href=\"https:\/\/zavnews.net\/index.php\/2017\/02\/02\/sebija-izetbegovic-se-plase-neradnici\/\" action=\"like\" colorscheme=\"light\" layout=\"standard\"  width=\"450px\" size=\"small\"><\/fb:like><\/div><div class=\"fb-share-button  \" data-href=\"https:\/\/zavnews.net\/index.php\/2017\/02\/02\/sebija-izetbegovic-se-plase-neradnici\/\" data-type=\"button_count\" data-size=\"small\"><\/div><\/div><p>Generalna direktorica Klini\u010dkog centra Univerziteta u Sarajevu Sebija Izetbegovi\u0107, prilikom gostovanja na Federalnoj televiziji kazala je da se nje pla\u0161e samo neradnici, te da se njoj u javnosti pridaje prevelika i nepotrebna pa\u017enja. &#8211; Ne zaslu\u017eujem to, radim uspje\u0161no svoj&#8230;<\/p>\n<div class=\"fcbkbttn_buttons_block\" id=\"fcbkbttn_left\"><div class=\"fcbkbttn_button\">\n\t\t\t\t\t<a href=\"https:\/\/www.facebook.com\/www.zavnews.net\/\" target=\"_blank\">\n\t\t\t\t\t\t<img decoding=\"async\" src=\"https:\/\/zavnews.net\/wp-content\/plugins\/facebook-button-plugin\/images\/standard-facebook-ico.png\" alt=\"Fb-Button\" \/>\n\t\t\t\t\t<\/a>\n\t\t\t\t<\/div><div class=\"fcbkbttn_like \"><fb:like href=\"https:\/\/zavnews.net\/index.php\/2017\/02\/02\/sebija-izetbegovic-se-plase-neradnici\/\" action=\"like\" colorscheme=\"light\" layout=\"standard\"  width=\"450px\" size=\"small\"><\/fb:like><\/div><div class=\"fb-share-button  \" data-href=\"https:\/\/zavnews.net\/index.php\/2017\/02\/02\/sebija-izetbegovic-se-plase-neradnici\/\" data-type=\"button_count\" data-size=\"small\"><\/div><\/div>","protected":false},"author":1,"featured_media":3096,"comment_status":"open","ping_status":"open","sticky":false,"template":"","format":"standard","meta":{"footnotes":""},"categories":[13,3],"tags":[],"yoast_head":"<!-- This site is optimized with the Yoast SEO plugin v23.5 - https:\/\/yoast.com\/wordpress\/plugins\/seo\/ -->\n<title>Sebija Izetbegovi\u0107: Mene se pla\u0161e samo neradnici - Zavnews<\/title>\n<meta name=\"robots\" content=\"index, follow, max-snippet:-1, max-image-preview:large, max-video-preview:-1\" \/>\n<link rel=\"canonical\" href=\"https:\/\/zavnews.net\/index.php\/2017\/02\/02\/sebija-izetbegovic-se-plase-neradnici\/\" \/>\n<meta property=\"og:locale\" content=\"bs_BA\" \/>\n<meta property=\"og:type\" content=\"article\" \/>\n<meta property=\"og:title\" content=\"Sebija Izetbegovi\u0107: Mene se pla\u0161e samo neradnici - Zavnews\" \/>\n<meta property=\"og:description\" content=\"Generalna direktorica Klini\u010dkog centra Univerziteta u Sarajevu Sebija Izetbegovi\u0107, prilikom gostovanja na Federalnoj televiziji kazala je da se nje pla\u0161e samo neradnici, te da se njoj u javnosti pridaje prevelika i nepotrebna pa\u017enja. &#8211; Ne zaslu\u017eujem to, radim uspje\u0161no svoj...\" \/>\n<meta property=\"og:url\" content=\"https:\/\/zavnews.net\/index.php\/2017\/02\/02\/sebija-izetbegovic-se-plase-neradnici\/\" \/>\n<meta property=\"og:site_name\" content=\"Zavnews\" \/>\n<meta property=\"article:published_time\" content=\"2017-02-02T21:46:27+00:00\" \/>\n<meta property=\"og:image\" content=\"https:\/\/zavnews.net\/wp-content\/uploads\/2017\/02\/569bbb65-bc28-498a-af3a-33730a0a0a6d-sebija-izetbegovic-preview.jpg\" \/>\n\t<meta property=\"og:image:width\" content=\"765\" \/>\n\t<meta property=\"og:image:height\" content=\"460\" \/>\n\t<meta property=\"og:image:type\" content=\"image\/jpeg\" \/>\n<meta name=\"author\" content=\"zavnews\" \/>\n<meta name=\"twitter:card\" content=\"summary_large_image\" \/>\n<meta name=\"twitter:label1\" content=\"Written by\" \/>\n\t<meta name=\"twitter:data1\" content=\"zavnews\" \/>\n\t<meta name=\"twitter:label2\" content=\"Est. reading time\" \/>\n\t<meta name=\"twitter:data2\" content=\"3 minute\" \/>\n<script type=\"application\/ld+json\" class=\"yoast-schema-graph\">{\"@context\":\"https:\/\/schema.org\",\"@graph\":[{\"@type\":\"Article\",\"@id\":\"https:\/\/zavnews.net\/index.php\/2017\/02\/02\/sebija-izetbegovic-se-plase-neradnici\/#article\",\"isPartOf\":{\"@id\":\"https:\/\/zavnews.net\/index.php\/2017\/02\/02\/sebija-izetbegovic-se-plase-neradnici\/\"},\"author\":{\"name\":\"zavnews\",\"@id\":\"https:\/\/zavnews.net\/#\/schema\/person\/2477577553b6626f3681ce4d32a6917f\"},\"headline\":\"Sebija Izetbegovi\u0107: Mene se pla\u0161e samo neradnici\",\"datePublished\":\"2017-02-02T21:46:27+00:00\",\"dateModified\":\"2017-02-02T21:46:27+00:00\",\"mainEntityOfPage\":{\"@id\":\"https:\/\/zavnews.net\/index.php\/2017\/02\/02\/sebija-izetbegovic-se-plase-neradnici\/\"},\"wordCount\":556,\"commentCount\":0,\"publisher\":{\"@id\":\"https:\/\/zavnews.net\/#organization\"},\"image\":{\"@id\":\"https:\/\/zavnews.net\/index.php\/2017\/02\/02\/sebija-izetbegovic-se-plase-neradnici\/#primaryimage\"},\"thumbnailUrl\":\"https:\/\/zavnews.net\/wp-content\/uploads\/2017\/02\/569bbb65-bc28-498a-af3a-33730a0a0a6d-sebija-izetbegovic-preview.jpg\",\"articleSection\":[\"BiH\",\"VIJESTI\"],\"inLanguage\":\"bs-BA\",\"potentialAction\":[{\"@type\":\"CommentAction\",\"name\":\"Comment\",\"target\":[\"https:\/\/zavnews.net\/index.php\/2017\/02\/02\/sebija-izetbegovic-se-plase-neradnici\/#respond\"]}]},{\"@type\":\"WebPage\",\"@id\":\"https:\/\/zavnews.net\/index.php\/2017\/02\/02\/sebija-izetbegovic-se-plase-neradnici\/\",\"url\":\"https:\/\/zavnews.net\/index.php\/2017\/02\/02\/sebija-izetbegovic-se-plase-neradnici\/\",\"name\":\"Sebija Izetbegovi\u0107: Mene se pla\u0161e samo neradnici - Zavnews\",\"isPartOf\":{\"@id\":\"https:\/\/zavnews.net\/#website\"},\"primaryImageOfPage\":{\"@id\":\"https:\/\/zavnews.net\/index.php\/2017\/02\/02\/sebija-izetbegovic-se-plase-neradnici\/#primaryimage\"},\"image\":{\"@id\":\"https:\/\/zavnews.net\/index.php\/2017\/02\/02\/sebija-izetbegovic-se-plase-neradnici\/#primaryimage\"},\"thumbnailUrl\":\"https:\/\/zavnews.net\/wp-content\/uploads\/2017\/02\/569bbb65-bc28-498a-af3a-33730a0a0a6d-sebija-izetbegovic-preview.jpg\",\"datePublished\":\"2017-02-02T21:46:27+00:00\",\"dateModified\":\"2017-02-02T21:46:27+00:00\",\"breadcrumb\":{\"@id\":\"https:\/\/zavnews.net\/index.php\/2017\/02\/02\/sebija-izetbegovic-se-plase-neradnici\/#breadcrumb\"},\"inLanguage\":\"bs-BA\",\"potentialAction\":[{\"@type\":\"ReadAction\",\"target\":[\"https:\/\/zavnews.net\/index.php\/2017\/02\/02\/sebija-izetbegovic-se-plase-neradnici\/\"]}]},{\"@type\":\"ImageObject\",\"inLanguage\":\"bs-BA\",\"@id\":\"https:\/\/zavnews.net\/index.php\/2017\/02\/02\/sebija-izetbegovic-se-plase-neradnici\/#primaryimage\",\"url\":\"https:\/\/zavnews.net\/wp-content\/uploads\/2017\/02\/569bbb65-bc28-498a-af3a-33730a0a0a6d-sebija-izetbegovic-preview.jpg\",\"contentUrl\":\"https:\/\/zavnews.net\/wp-content\/uploads\/2017\/02\/569bbb65-bc28-498a-af3a-33730a0a0a6d-sebija-izetbegovic-preview.jpg\",\"width\":765,\"height\":460},{\"@type\":\"BreadcrumbList\",\"@id\":\"https:\/\/zavnews.net\/index.php\/2017\/02\/02\/sebija-izetbegovic-se-plase-neradnici\/#breadcrumb\",\"itemListElement\":[{\"@type\":\"ListItem\",\"position\":1,\"name\":\"Po\u010detna stranica\",\"item\":\"https:\/\/zavnews.net\/\"},{\"@type\":\"ListItem\",\"position\":2,\"name\":\"Sebija Izetbegovi\u0107: Mene se pla\u0161e samo neradnici\"}]},{\"@type\":\"WebSite\",\"@id\":\"https:\/\/zavnews.net\/#website\",\"url\":\"https:\/\/zavnews.net\/\",\"name\":\"Zavnews\",\"description\":\"Zavidovi\u0107i\",\"publisher\":{\"@id\":\"https:\/\/zavnews.net\/#organization\"},\"potentialAction\":[{\"@type\":\"SearchAction\",\"target\":{\"@type\":\"EntryPoint\",\"urlTemplate\":\"https:\/\/zavnews.net\/?s={search_term_string}\"},\"query-input\":{\"@type\":\"PropertyValueSpecification\",\"valueRequired\":true,\"valueName\":\"search_term_string\"}}],\"inLanguage\":\"bs-BA\"},{\"@type\":\"Organization\",\"@id\":\"https:\/\/zavnews.net\/#organization\",\"name\":\"Zavidovi\u0107i\",\"url\":\"https:\/\/zavnews.net\/\",\"logo\":{\"@type\":\"ImageObject\",\"inLanguage\":\"bs-BA\",\"@id\":\"https:\/\/zavnews.net\/#\/schema\/logo\/image\/\",\"url\":\"https:\/\/zavnews.net\/wp-content\/uploads\/2021\/11\/cropped-cropped-cropped-cropped-Screenshot_1-removebg-preview-2.png\",\"contentUrl\":\"https:\/\/zavnews.net\/wp-content\/uploads\/2021\/11\/cropped-cropped-cropped-cropped-Screenshot_1-removebg-preview-2.png\",\"width\":841,\"height\":180,\"caption\":\"Zavidovi\u0107i\"},\"image\":{\"@id\":\"https:\/\/zavnews.net\/#\/schema\/logo\/image\/\"}},{\"@type\":\"Person\",\"@id\":\"https:\/\/zavnews.net\/#\/schema\/person\/2477577553b6626f3681ce4d32a6917f\",\"name\":\"zavnews\",\"image\":{\"@type\":\"ImageObject\",\"inLanguage\":\"bs-BA\",\"@id\":\"https:\/\/zavnews.net\/#\/schema\/person\/image\/\",\"url\":\"https:\/\/secure.gravatar.com\/avatar\/3d25e050de275ca74aa70a2e30eb6f6c?s=96&d=mm&r=g\",\"contentUrl\":\"https:\/\/secure.gravatar.com\/avatar\/3d25e050de275ca74aa70a2e30eb6f6c?s=96&d=mm&r=g\",\"caption\":\"zavnews\"}}]}<\/script>\n<!-- \/ Yoast SEO plugin. -->","yoast_head_json":{"title":"Sebija Izetbegovi\u0107: Mene se pla\u0161e samo neradnici - Zavnews","robots":{"index":"index","follow":"follow","max-snippet":"max-snippet:-1","max-image-preview":"max-image-preview:large","max-video-preview":"max-video-preview:-1"},"canonical":"https:\/\/zavnews.net\/index.php\/2017\/02\/02\/sebija-izetbegovic-se-plase-neradnici\/","og_locale":"bs_BA","og_type":"article","og_title":"Sebija Izetbegovi\u0107: Mene se pla\u0161e samo neradnici - Zavnews","og_description":"Generalna direktorica Klini\u010dkog centra Univerziteta u Sarajevu Sebija Izetbegovi\u0107, prilikom gostovanja na Federalnoj televiziji kazala je da se nje pla\u0161e samo neradnici, te da se njoj u javnosti pridaje prevelika i nepotrebna pa\u017enja. &#8211; Ne zaslu\u017eujem to, radim uspje\u0161no svoj...","og_url":"https:\/\/zavnews.net\/index.php\/2017\/02\/02\/sebija-izetbegovic-se-plase-neradnici\/","og_site_name":"Zavnews","article_published_time":"2017-02-02T21:46:27+00:00","og_image":[{"width":765,"height":460,"url":"https:\/\/zavnews.net\/wp-content\/uploads\/2017\/02\/569bbb65-bc28-498a-af3a-33730a0a0a6d-sebija-izetbegovic-preview.jpg","type":"image\/jpeg"}],"author":"zavnews","twitter_card":"summary_large_image","twitter_misc":{"Written by":"zavnews","Est. reading time":"3 minute"},"schema":{"@context":"https:\/\/schema.org","@graph":[{"@type":"Article","@id":"https:\/\/zavnews.net\/index.php\/2017\/02\/02\/sebija-izetbegovic-se-plase-neradnici\/#article","isPartOf":{"@id":"https:\/\/zavnews.net\/index.php\/2017\/02\/02\/sebija-izetbegovic-se-plase-neradnici\/"},"author":{"name":"zavnews","@id":"https:\/\/zavnews.net\/#\/schema\/person\/2477577553b6626f3681ce4d32a6917f"},"headline":"Sebija Izetbegovi\u0107: Mene se pla\u0161e samo neradnici","datePublished":"2017-02-02T21:46:27+00:00","dateModified":"2017-02-02T21:46:27+00:00","mainEntityOfPage":{"@id":"https:\/\/zavnews.net\/index.php\/2017\/02\/02\/sebija-izetbegovic-se-plase-neradnici\/"},"wordCount":556,"commentCount":0,"publisher":{"@id":"https:\/\/zavnews.net\/#organization"},"image":{"@id":"https:\/\/zavnews.net\/index.php\/2017\/02\/02\/sebija-izetbegovic-se-plase-neradnici\/#primaryimage"},"thumbnailUrl":"https:\/\/zavnews.net\/wp-content\/uploads\/2017\/02\/569bbb65-bc28-498a-af3a-33730a0a0a6d-sebija-izetbegovic-preview.jpg","articleSection":["BiH","VIJESTI"],"inLanguage":"bs-BA","potentialAction":[{"@type":"CommentAction","name":"Comment","target":["https:\/\/zavnews.net\/index.php\/2017\/02\/02\/sebija-izetbegovic-se-plase-neradnici\/#respond"]}]},{"@type":"WebPage","@id":"https:\/\/zavnews.net\/index.php\/2017\/02\/02\/sebija-izetbegovic-se-plase-neradnici\/","url":"https:\/\/zavnews.net\/index.php\/2017\/02\/02\/sebija-izetbegovic-se-plase-neradnici\/","name":"Sebija Izetbegovi\u0107: Mene se pla\u0161e samo neradnici - Zavnews","isPartOf":{"@id":"https:\/\/zavnews.net\/#website"},"primaryImageOfPage":{"@id":"https:\/\/zavnews.net\/index.php\/2017\/02\/02\/sebija-izetbegovic-se-plase-neradnici\/#primaryimage"},"image":{"@id":"https:\/\/zavnews.net\/index.php\/2017\/02\/02\/sebija-izetbegovic-se-plase-neradnici\/#primaryimage"},"thumbnailUrl":"https:\/\/zavnews.net\/wp-content\/uploads\/2017\/02\/569bbb65-bc28-498a-af3a-33730a0a0a6d-sebija-izetbegovic-preview.jpg","datePublished":"2017-02-02T21:46:27+00:00","dateModified":"2017-02-02T21:46:27+00:00","breadcrumb":{"@id":"https:\/\/zavnews.net\/index.php\/2017\/02\/02\/sebija-izetbegovic-se-plase-neradnici\/#breadcrumb"},"inLanguage":"bs-BA","potentialAction":[{"@type":"ReadAction","target":["https:\/\/zavnews.net\/index.php\/2017\/02\/02\/sebija-izetbegovic-se-plase-neradnici\/"]}]},{"@type":"ImageObject","inLanguage":"bs-BA","@id":"https:\/\/zavnews.net\/index.php\/2017\/02\/02\/sebija-izetbegovic-se-plase-neradnici\/#primaryimage","url":"https:\/\/zavnews.net\/wp-content\/uploads\/2017\/02\/569bbb65-bc28-498a-af3a-33730a0a0a6d-sebija-izetbegovic-preview.jpg","contentUrl":"https:\/\/zavnews.net\/wp-content\/uploads\/2017\/02\/569bbb65-bc28-498a-af3a-33730a0a0a6d-sebija-izetbegovic-preview.jpg","width":765,"height":460},{"@type":"BreadcrumbList","@id":"https:\/\/zavnews.net\/index.php\/2017\/02\/02\/sebija-izetbegovic-se-plase-neradnici\/#breadcrumb","itemListElement":[{"@type":"ListItem","position":1,"name":"Po\u010detna stranica","item":"https:\/\/zavnews.net\/"},{"@type":"ListItem","position":2,"name":"Sebija Izetbegovi\u0107: Mene se pla\u0161e samo neradnici"}]},{"@type":"WebSite","@id":"https:\/\/zavnews.net\/#website","url":"https:\/\/zavnews.net\/","name":"Zavnews","description":"Zavidovi\u0107i","publisher":{"@id":"https:\/\/zavnews.net\/#organization"},"potentialAction":[{"@type":"SearchAction","target":{"@type":"EntryPoint","urlTemplate":"https:\/\/zavnews.net\/?s={search_term_string}"},"query-input":{"@type":"PropertyValueSpecification","valueRequired":true,"valueName":"search_term_string"}}],"inLanguage":"bs-BA"},{"@type":"Organization","@id":"https:\/\/zavnews.net\/#organization","name":"Zavidovi\u0107i","url":"https:\/\/zavnews.net\/","logo":{"@type":"ImageObject","inLanguage":"bs-BA","@id":"https:\/\/zavnews.net\/#\/schema\/logo\/image\/","url":"https:\/\/zavnews.net\/wp-content\/uploads\/2021\/11\/cropped-cropped-cropped-cropped-Screenshot_1-removebg-preview-2.png","contentUrl":"https:\/\/zavnews.net\/wp-content\/uploads\/2021\/11\/cropped-cropped-cropped-cropped-Screenshot_1-removebg-preview-2.png","width":841,"height":180,"caption":"Zavidovi\u0107i"},"image":{"@id":"https:\/\/zavnews.net\/#\/schema\/logo\/image\/"}},{"@type":"Person","@id":"https:\/\/zavnews.net\/#\/schema\/person\/2477577553b6626f3681ce4d32a6917f","name":"zavnews","image":{"@type":"ImageObject","inLanguage":"bs-BA","@id":"https:\/\/zavnews.net\/#\/schema\/person\/image\/","url":"https:\/\/secure.gravatar.com\/avatar\/3d25e050de275ca74aa70a2e30eb6f6c?s=96&d=mm&r=g","contentUrl":"https:\/\/secure.gravatar.com\/avatar\/3d25e050de275ca74aa70a2e30eb6f6c?s=96&d=mm&r=g","caption":"zavnews"}}]}},"_links":{"self":[{"href":"https:\/\/zavnews.net\/index.php\/wp-json\/wp\/v2\/posts\/3095"}],"collection":[{"href":"https:\/\/zavnews.net\/index.php\/wp-json\/wp\/v2\/posts"}],"about":[{"href":"https:\/\/zavnews.net\/index.php\/wp-json\/wp\/v2\/types\/post"}],"author":[{"embeddable":true,"href":"https:\/\/zavnews.net\/index.php\/wp-json\/wp\/v2\/users\/1"}],"replies":[{"embeddable":true,"href":"https:\/\/zavnews.net\/index.php\/wp-json\/wp\/v2\/comments?post=3095"}],"version-history":[{"count":2,"href":"https:\/\/zavnews.net\/index.php\/wp-json\/wp\/v2\/posts\/3095\/revisions"}],"predecessor-version":[{"id":3098,"href":"https:\/\/zavnews.net\/index.php\/wp-json\/wp\/v2\/posts\/3095\/revisions\/3098"}],"wp:featuredmedia":[{"embeddable":true,"href":"https:\/\/zavnews.net\/index.php\/wp-json\/wp\/v2\/media\/3096"}],"wp:attachment":[{"href":"https:\/\/zavnews.net\/index.php\/wp-json\/wp\/v2\/media?parent=3095"}],"wp:term":[{"taxonomy":"category","embeddable":true,"href":"https:\/\/zavnews.net\/index.php\/wp-json\/wp\/v2\/categories?post=3095"},{"taxonomy":"post_tag","embeddable":true,"href":"https:\/\/zavnews.net\/index.php\/wp-json\/wp\/v2\/tags?post=3095"}],"curies":[{"name":"wp","href":"https:\/\/api.w.org\/{rel}","templated":true}]}}