{"id":3080,"date":"2017-02-02T15:16:24","date_gmt":"2017-02-02T14:16:24","guid":{"rendered":"http:\/\/zavnews.net\/?p=3080"},"modified":"2017-02-02T15:16:25","modified_gmt":"2017-02-02T14:16:25","slug":"zvizdic-kandidatski-status-aktivacija-map-a-do-kraja-godine","status":"publish","type":"post","link":"https:\/\/zavnews.net\/index.php\/2017\/02\/02\/zvizdic-kandidatski-status-aktivacija-map-a-do-kraja-godine\/","title":{"rendered":"Zvizdi\u0107: Kandidatski status i aktivacija MAP-a do kraja godine"},"content":{"rendered":"<div class=\"fcbkbttn_buttons_block\" id=\"fcbkbttn_left\"><div class=\"fcbkbttn_button\">\n\t\t\t\t\t<a href=\"https:\/\/www.facebook.com\/www.zavnews.net\/\" target=\"_blank\">\n\t\t\t\t\t\t<img decoding=\"async\" src=\"https:\/\/zavnews.net\/wp-content\/plugins\/facebook-button-plugin\/images\/standard-facebook-ico.png\" alt=\"Fb-Button\" \/>\n\t\t\t\t\t<\/a>\n\t\t\t\t<\/div><div class=\"fcbkbttn_like \"><fb:like href=\"https:\/\/zavnews.net\/index.php\/2017\/02\/02\/zvizdic-kandidatski-status-aktivacija-map-a-do-kraja-godine\/\" action=\"like\" colorscheme=\"light\" layout=\"standard\"  width=\"450px\" size=\"small\"><\/fb:like><\/div><div class=\"fb-share-button  \" data-href=\"https:\/\/zavnews.net\/index.php\/2017\/02\/02\/zvizdic-kandidatski-status-aktivacija-map-a-do-kraja-godine\/\" data-type=\"button_count\" data-size=\"small\"><\/div><\/div><p style=\"text-align: justify;\"><a href=\"http:\/\/zavnews.net\/index.php\/2017\/02\/02\/zvizdic-kandidatski-status-aktivacija-map-a-do-kraja-godine\/57ce8de9-e7b4-486c-a259-3f1a0a0a0a65-zvizdicstoltenbergfena-preview\/\" rel=\"attachment wp-att-3081\"><img loading=\"lazy\" decoding=\"async\" class=\"aligncenter  wp-image-3081\" src=\"http:\/\/zavnews.net\/wp-content\/uploads\/2017\/02\/57ce8de9-e7b4-486c-a259-3f1a0a0a0a65-zvizdicStoltenbergFENA-preview.jpg\" alt=\"\" width=\"865\" height=\"546\" srcset=\"https:\/\/zavnews.net\/wp-content\/uploads\/2017\/02\/57ce8de9-e7b4-486c-a259-3f1a0a0a0a65-zvizdicStoltenbergFENA-preview.jpg 760w, https:\/\/zavnews.net\/wp-content\/uploads\/2017\/02\/57ce8de9-e7b4-486c-a259-3f1a0a0a0a65-zvizdicStoltenbergFENA-preview-600x379.jpg 600w, https:\/\/zavnews.net\/wp-content\/uploads\/2017\/02\/57ce8de9-e7b4-486c-a259-3f1a0a0a0a65-zvizdicStoltenbergFENA-preview-300x189.jpg 300w, https:\/\/zavnews.net\/wp-content\/uploads\/2017\/02\/57ce8de9-e7b4-486c-a259-3f1a0a0a0a65-zvizdicStoltenbergFENA-preview-410x260.jpg 410w\" sizes=\"(max-width: 865px) 100vw, 865px\" \/><\/a><\/p>\n<p style=\"text-align: justify;\"><strong>Predsjedavaju\u0107i Vije\u0107a ministara BiH Denis Zvizdi\u0107 ocijenio je konstruktivnim dana\u0161nji razgovor sa generalnim sekretarom NATO-a Jensom Stoltenbergom, koji boravi u radnoj posjeti BiH.<\/strong><\/p>\n<p style=\"text-align: justify;\">&#8220;Mi smo Stoltenberga upoznali sa do sada realizovanim aktivnostima na putu NATO integracija BiH i vrlo jasno smo istakli na\u0161u potpunu opredijeljenost, prije svega, ka evropskim integracijama i prate\u0107im NATO integracijama BiH&#8221;, kazao je Zvizdi\u0107.<\/p>\n<p style=\"text-align: justify;\">Na sastanku Zvizdi\u0107a i Stoltenberga konstatovano je da je BiH uspjela napraviti vrlo zna\u010dajan progres u nekim oblastima, posebno nakon usvajanja Pregleda odbrane, te Plana implementacije Pregleda odbrane i Plana modernizacije Oru\u017eanih snaga (OS BiH) BiH i operabilnosti kapaciteta OS BiH.<\/p>\n<p style=\"text-align: justify;\"><strong>&#8220;To smo pokazali u nekom ranijem periodu, u\u010destvuju\u0107i u misijama pod NATO-ovom kontrolom van BiH, posebno u Avganistanu&#8221;,<\/strong> dodao je predsjedavaju\u0107i Vije\u0107a ministara BiH.<\/p>\n<p style=\"text-align: justify;\">Tema razgovora sa generalnim sekretarom NATO-a bio je i jo\u0161 jedan Talinski uslov, koji u potpunosti nije realizovan. Rije\u010d je o knji\u017eenju perspektivne vojne imovine.<\/p>\n<p style=\"text-align: justify;\"><strong>&#8220;No, i tu smo pokazali kredibilan napredak, s obzirom na to da su u ovom trenutku uknji\u017eene 24 lokacije, a da ih je 18 u procesu knji\u017eenja. Vrlo jasno smo ukazali da to sada vi\u0161e nije politi\u010dko pitanje, pitanje volje bilo kojeg politi\u010dara i bilo koje institucije, nego je to, vrlo jasno, pitanje vladavine prava i po\u0161tivanja sudskih presuda, imaju\u0107i u vidu \u010dinjenicu da je Apelacioni sud BiH donio Odluku o knji\u017eenju jedne vojne imovine na Han Pijesku na teritoriji RS&#8221;,<\/strong> pojasnio je Zvizdi\u0107.<\/p>\n<p style=\"text-align: justify;\">Ukazao je da je NATO proces ne\u0161to \u0161to je izuzetno va\u017eno za BiH.<\/p>\n<p style=\"text-align: justify;\"><strong>&#8220;On zna\u010di mir, stabilnost, ekonomski razvoj, nove investicije i ubrzano \u010dlanstvo u EU i dobru saradnju sa zemljama regije i zemljama ne samo na nivou Evrope, nego i na globalnom nivou&#8221;,<\/strong> dodao je Zvizdi\u0107.<\/p>\n<p style=\"text-align: justify;\">Kazao je da se nada da \u0107emo kraj 2017. godine do\u010dekati sa dvije dobre vijesti za BiH.<\/p>\n<p style=\"text-align: justify;\"><strong>&#8220;To je kandidatski status i aktivacija MAP-a, \u0161to bi na neki na\u010din zna\u010dilo nereverzibilno, nepovratno stavljanje na tra\u010dnice evroatlantskih integracija&#8221;,<\/strong> zaklju\u010dio je Zvizdi\u0107.<\/p>\n<p style=\"text-align: right;\">zavnews\/vijesti<\/p>\n<div class=\"fcbkbttn_buttons_block\" id=\"fcbkbttn_left\"><div class=\"fcbkbttn_button\">\n\t\t\t\t\t<a href=\"https:\/\/www.facebook.com\/www.zavnews.net\/\" target=\"_blank\">\n\t\t\t\t\t\t<img decoding=\"async\" src=\"https:\/\/zavnews.net\/wp-content\/plugins\/facebook-button-plugin\/images\/standard-facebook-ico.png\" alt=\"Fb-Button\" \/>\n\t\t\t\t\t<\/a>\n\t\t\t\t<\/div><div class=\"fcbkbttn_like \"><fb:like href=\"https:\/\/zavnews.net\/index.php\/2017\/02\/02\/zvizdic-kandidatski-status-aktivacija-map-a-do-kraja-godine\/\" action=\"like\" colorscheme=\"light\" layout=\"standard\"  width=\"450px\" size=\"small\"><\/fb:like><\/div><div class=\"fb-share-button  \" data-href=\"https:\/\/zavnews.net\/index.php\/2017\/02\/02\/zvizdic-kandidatski-status-aktivacija-map-a-do-kraja-godine\/\" data-type=\"button_count\" data-size=\"small\"><\/div><\/div>","protected":false},"excerpt":{"rendered":"<div class=\"fcbkbttn_buttons_block\" id=\"fcbkbttn_left\"><div class=\"fcbkbttn_button\">\n\t\t\t\t\t<a href=\"https:\/\/www.facebook.com\/www.zavnews.net\/\" target=\"_blank\">\n\t\t\t\t\t\t<img decoding=\"async\" src=\"https:\/\/zavnews.net\/wp-content\/plugins\/facebook-button-plugin\/images\/standard-facebook-ico.png\" alt=\"Fb-Button\" \/>\n\t\t\t\t\t<\/a>\n\t\t\t\t<\/div><div class=\"fcbkbttn_like \"><fb:like href=\"https:\/\/zavnews.net\/index.php\/2017\/02\/02\/zvizdic-kandidatski-status-aktivacija-map-a-do-kraja-godine\/\" action=\"like\" colorscheme=\"light\" layout=\"standard\"  width=\"450px\" size=\"small\"><\/fb:like><\/div><div class=\"fb-share-button  \" data-href=\"https:\/\/zavnews.net\/index.php\/2017\/02\/02\/zvizdic-kandidatski-status-aktivacija-map-a-do-kraja-godine\/\" data-type=\"button_count\" data-size=\"small\"><\/div><\/div><p>Predsjedavaju\u0107i Vije\u0107a ministara BiH Denis Zvizdi\u0107 ocijenio je konstruktivnim dana\u0161nji razgovor sa generalnim sekretarom NATO-a Jensom Stoltenbergom, koji boravi u radnoj posjeti BiH. &#8220;Mi smo Stoltenberga upoznali sa do sada realizovanim aktivnostima na putu NATO integracija BiH i vrlo jasno&#8230;<\/p>\n<div class=\"fcbkbttn_buttons_block\" id=\"fcbkbttn_left\"><div class=\"fcbkbttn_button\">\n\t\t\t\t\t<a href=\"https:\/\/www.facebook.com\/www.zavnews.net\/\" target=\"_blank\">\n\t\t\t\t\t\t<img decoding=\"async\" src=\"https:\/\/zavnews.net\/wp-content\/plugins\/facebook-button-plugin\/images\/standard-facebook-ico.png\" alt=\"Fb-Button\" \/>\n\t\t\t\t\t<\/a>\n\t\t\t\t<\/div><div class=\"fcbkbttn_like \"><fb:like href=\"https:\/\/zavnews.net\/index.php\/2017\/02\/02\/zvizdic-kandidatski-status-aktivacija-map-a-do-kraja-godine\/\" action=\"like\" colorscheme=\"light\" layout=\"standard\"  width=\"450px\" size=\"small\"><\/fb:like><\/div><div class=\"fb-share-button  \" data-href=\"https:\/\/zavnews.net\/index.php\/2017\/02\/02\/zvizdic-kandidatski-status-aktivacija-map-a-do-kraja-godine\/\" data-type=\"button_count\" data-size=\"small\"><\/div><\/div>","protected":false},"author":1,"featured_media":3081,"comment_status":"open","ping_status":"open","sticky":false,"template":"","format":"standard","meta":{"footnotes":""},"categories":[13,3],"tags":[],"yoast_head":"<!-- This site is optimized with the Yoast SEO plugin v23.5 - https:\/\/yoast.com\/wordpress\/plugins\/seo\/ -->\n<title>Zvizdi\u0107: Kandidatski status i aktivacija MAP-a do kraja godine - Zavnews<\/title>\n<meta name=\"robots\" content=\"index, follow, max-snippet:-1, max-image-preview:large, max-video-preview:-1\" \/>\n<link rel=\"canonical\" href=\"https:\/\/zavnews.net\/index.php\/2017\/02\/02\/zvizdic-kandidatski-status-aktivacija-map-a-do-kraja-godine\/\" \/>\n<meta property=\"og:locale\" content=\"bs_BA\" \/>\n<meta property=\"og:type\" content=\"article\" \/>\n<meta property=\"og:title\" content=\"Zvizdi\u0107: Kandidatski status i aktivacija MAP-a do kraja godine - Zavnews\" \/>\n<meta property=\"og:description\" content=\"Predsjedavaju\u0107i Vije\u0107a ministara BiH Denis Zvizdi\u0107 ocijenio je konstruktivnim dana\u0161nji razgovor sa generalnim sekretarom NATO-a Jensom Stoltenbergom, koji boravi u radnoj posjeti BiH. &#8220;Mi smo Stoltenberga upoznali sa do sada realizovanim aktivnostima na putu NATO integracija BiH i vrlo jasno...\" \/>\n<meta property=\"og:url\" content=\"https:\/\/zavnews.net\/index.php\/2017\/02\/02\/zvizdic-kandidatski-status-aktivacija-map-a-do-kraja-godine\/\" \/>\n<meta property=\"og:site_name\" content=\"Zavnews\" \/>\n<meta property=\"article:published_time\" content=\"2017-02-02T14:16:24+00:00\" \/>\n<meta property=\"article:modified_time\" content=\"2017-02-02T14:16:25+00:00\" \/>\n<meta property=\"og:image\" content=\"https:\/\/zavnews.net\/wp-content\/uploads\/2017\/02\/57ce8de9-e7b4-486c-a259-3f1a0a0a0a65-zvizdicStoltenbergFENA-preview.jpg\" \/>\n\t<meta property=\"og:image:width\" content=\"760\" \/>\n\t<meta property=\"og:image:height\" content=\"480\" \/>\n\t<meta property=\"og:image:type\" content=\"image\/jpeg\" \/>\n<meta name=\"author\" content=\"zavnews\" \/>\n<meta name=\"twitter:card\" content=\"summary_large_image\" \/>\n<meta name=\"twitter:label1\" content=\"Written by\" \/>\n\t<meta name=\"twitter:data1\" content=\"zavnews\" \/>\n\t<meta name=\"twitter:label2\" content=\"Est. reading time\" \/>\n\t<meta name=\"twitter:data2\" content=\"2 minute\" \/>\n<script type=\"application\/ld+json\" class=\"yoast-schema-graph\">{\"@context\":\"https:\/\/schema.org\",\"@graph\":[{\"@type\":\"Article\",\"@id\":\"https:\/\/zavnews.net\/index.php\/2017\/02\/02\/zvizdic-kandidatski-status-aktivacija-map-a-do-kraja-godine\/#article\",\"isPartOf\":{\"@id\":\"https:\/\/zavnews.net\/index.php\/2017\/02\/02\/zvizdic-kandidatski-status-aktivacija-map-a-do-kraja-godine\/\"},\"author\":{\"name\":\"zavnews\",\"@id\":\"https:\/\/zavnews.net\/#\/schema\/person\/2477577553b6626f3681ce4d32a6917f\"},\"headline\":\"Zvizdi\u0107: Kandidatski status i aktivacija MAP-a do kraja godine\",\"datePublished\":\"2017-02-02T14:16:24+00:00\",\"dateModified\":\"2017-02-02T14:16:25+00:00\",\"mainEntityOfPage\":{\"@id\":\"https:\/\/zavnews.net\/index.php\/2017\/02\/02\/zvizdic-kandidatski-status-aktivacija-map-a-do-kraja-godine\/\"},\"wordCount\":356,\"commentCount\":0,\"publisher\":{\"@id\":\"https:\/\/zavnews.net\/#organization\"},\"image\":{\"@id\":\"https:\/\/zavnews.net\/index.php\/2017\/02\/02\/zvizdic-kandidatski-status-aktivacija-map-a-do-kraja-godine\/#primaryimage\"},\"thumbnailUrl\":\"https:\/\/zavnews.net\/wp-content\/uploads\/2017\/02\/57ce8de9-e7b4-486c-a259-3f1a0a0a0a65-zvizdicStoltenbergFENA-preview.jpg\",\"articleSection\":[\"BiH\",\"VIJESTI\"],\"inLanguage\":\"bs-BA\",\"potentialAction\":[{\"@type\":\"CommentAction\",\"name\":\"Comment\",\"target\":[\"https:\/\/zavnews.net\/index.php\/2017\/02\/02\/zvizdic-kandidatski-status-aktivacija-map-a-do-kraja-godine\/#respond\"]}]},{\"@type\":\"WebPage\",\"@id\":\"https:\/\/zavnews.net\/index.php\/2017\/02\/02\/zvizdic-kandidatski-status-aktivacija-map-a-do-kraja-godine\/\",\"url\":\"https:\/\/zavnews.net\/index.php\/2017\/02\/02\/zvizdic-kandidatski-status-aktivacija-map-a-do-kraja-godine\/\",\"name\":\"Zvizdi\u0107: Kandidatski status i aktivacija MAP-a do kraja godine - Zavnews\",\"isPartOf\":{\"@id\":\"https:\/\/zavnews.net\/#website\"},\"primaryImageOfPage\":{\"@id\":\"https:\/\/zavnews.net\/index.php\/2017\/02\/02\/zvizdic-kandidatski-status-aktivacija-map-a-do-kraja-godine\/#primaryimage\"},\"image\":{\"@id\":\"https:\/\/zavnews.net\/index.php\/2017\/02\/02\/zvizdic-kandidatski-status-aktivacija-map-a-do-kraja-godine\/#primaryimage\"},\"thumbnailUrl\":\"https:\/\/zavnews.net\/wp-content\/uploads\/2017\/02\/57ce8de9-e7b4-486c-a259-3f1a0a0a0a65-zvizdicStoltenbergFENA-preview.jpg\",\"datePublished\":\"2017-02-02T14:16:24+00:00\",\"dateModified\":\"2017-02-02T14:16:25+00:00\",\"breadcrumb\":{\"@id\":\"https:\/\/zavnews.net\/index.php\/2017\/02\/02\/zvizdic-kandidatski-status-aktivacija-map-a-do-kraja-godine\/#breadcrumb\"},\"inLanguage\":\"bs-BA\",\"potentialAction\":[{\"@type\":\"ReadAction\",\"target\":[\"https:\/\/zavnews.net\/index.php\/2017\/02\/02\/zvizdic-kandidatski-status-aktivacija-map-a-do-kraja-godine\/\"]}]},{\"@type\":\"ImageObject\",\"inLanguage\":\"bs-BA\",\"@id\":\"https:\/\/zavnews.net\/index.php\/2017\/02\/02\/zvizdic-kandidatski-status-aktivacija-map-a-do-kraja-godine\/#primaryimage\",\"url\":\"https:\/\/zavnews.net\/wp-content\/uploads\/2017\/02\/57ce8de9-e7b4-486c-a259-3f1a0a0a0a65-zvizdicStoltenbergFENA-preview.jpg\",\"contentUrl\":\"https:\/\/zavnews.net\/wp-content\/uploads\/2017\/02\/57ce8de9-e7b4-486c-a259-3f1a0a0a0a65-zvizdicStoltenbergFENA-preview.jpg\",\"width\":760,\"height\":480},{\"@type\":\"BreadcrumbList\",\"@id\":\"https:\/\/zavnews.net\/index.php\/2017\/02\/02\/zvizdic-kandidatski-status-aktivacija-map-a-do-kraja-godine\/#breadcrumb\",\"itemListElement\":[{\"@type\":\"ListItem\",\"position\":1,\"name\":\"Po\u010detna stranica\",\"item\":\"https:\/\/zavnews.net\/\"},{\"@type\":\"ListItem\",\"position\":2,\"name\":\"Zvizdi\u0107: Kandidatski status i aktivacija MAP-a do kraja godine\"}]},{\"@type\":\"WebSite\",\"@id\":\"https:\/\/zavnews.net\/#website\",\"url\":\"https:\/\/zavnews.net\/\",\"name\":\"Zavnews\",\"description\":\"Zavidovi\u0107i\",\"publisher\":{\"@id\":\"https:\/\/zavnews.net\/#organization\"},\"potentialAction\":[{\"@type\":\"SearchAction\",\"target\":{\"@type\":\"EntryPoint\",\"urlTemplate\":\"https:\/\/zavnews.net\/?s={search_term_string}\"},\"query-input\":{\"@type\":\"PropertyValueSpecification\",\"valueRequired\":true,\"valueName\":\"search_term_string\"}}],\"inLanguage\":\"bs-BA\"},{\"@type\":\"Organization\",\"@id\":\"https:\/\/zavnews.net\/#organization\",\"name\":\"Zavidovi\u0107i\",\"url\":\"https:\/\/zavnews.net\/\",\"logo\":{\"@type\":\"ImageObject\",\"inLanguage\":\"bs-BA\",\"@id\":\"https:\/\/zavnews.net\/#\/schema\/logo\/image\/\",\"url\":\"https:\/\/zavnews.net\/wp-content\/uploads\/2021\/11\/cropped-cropped-cropped-cropped-Screenshot_1-removebg-preview-2.png\",\"contentUrl\":\"https:\/\/zavnews.net\/wp-content\/uploads\/2021\/11\/cropped-cropped-cropped-cropped-Screenshot_1-removebg-preview-2.png\",\"width\":841,\"height\":180,\"caption\":\"Zavidovi\u0107i\"},\"image\":{\"@id\":\"https:\/\/zavnews.net\/#\/schema\/logo\/image\/\"}},{\"@type\":\"Person\",\"@id\":\"https:\/\/zavnews.net\/#\/schema\/person\/2477577553b6626f3681ce4d32a6917f\",\"name\":\"zavnews\",\"image\":{\"@type\":\"ImageObject\",\"inLanguage\":\"bs-BA\",\"@id\":\"https:\/\/zavnews.net\/#\/schema\/person\/image\/\",\"url\":\"https:\/\/secure.gravatar.com\/avatar\/3d25e050de275ca74aa70a2e30eb6f6c?s=96&d=mm&r=g\",\"contentUrl\":\"https:\/\/secure.gravatar.com\/avatar\/3d25e050de275ca74aa70a2e30eb6f6c?s=96&d=mm&r=g\",\"caption\":\"zavnews\"}}]}<\/script>\n<!-- \/ Yoast SEO plugin. -->","yoast_head_json":{"title":"Zvizdi\u0107: Kandidatski status i aktivacija MAP-a do kraja godine - Zavnews","robots":{"index":"index","follow":"follow","max-snippet":"max-snippet:-1","max-image-preview":"max-image-preview:large","max-video-preview":"max-video-preview:-1"},"canonical":"https:\/\/zavnews.net\/index.php\/2017\/02\/02\/zvizdic-kandidatski-status-aktivacija-map-a-do-kraja-godine\/","og_locale":"bs_BA","og_type":"article","og_title":"Zvizdi\u0107: Kandidatski status i aktivacija MAP-a do kraja godine - Zavnews","og_description":"Predsjedavaju\u0107i Vije\u0107a ministara BiH Denis Zvizdi\u0107 ocijenio je konstruktivnim dana\u0161nji razgovor sa generalnim sekretarom NATO-a Jensom Stoltenbergom, koji boravi u radnoj posjeti BiH. &#8220;Mi smo Stoltenberga upoznali sa do sada realizovanim aktivnostima na putu NATO integracija BiH i vrlo jasno...","og_url":"https:\/\/zavnews.net\/index.php\/2017\/02\/02\/zvizdic-kandidatski-status-aktivacija-map-a-do-kraja-godine\/","og_site_name":"Zavnews","article_published_time":"2017-02-02T14:16:24+00:00","article_modified_time":"2017-02-02T14:16:25+00:00","og_image":[{"width":760,"height":480,"url":"https:\/\/zavnews.net\/wp-content\/uploads\/2017\/02\/57ce8de9-e7b4-486c-a259-3f1a0a0a0a65-zvizdicStoltenbergFENA-preview.jpg","type":"image\/jpeg"}],"author":"zavnews","twitter_card":"summary_large_image","twitter_misc":{"Written by":"zavnews","Est. reading time":"2 minute"},"schema":{"@context":"https:\/\/schema.org","@graph":[{"@type":"Article","@id":"https:\/\/zavnews.net\/index.php\/2017\/02\/02\/zvizdic-kandidatski-status-aktivacija-map-a-do-kraja-godine\/#article","isPartOf":{"@id":"https:\/\/zavnews.net\/index.php\/2017\/02\/02\/zvizdic-kandidatski-status-aktivacija-map-a-do-kraja-godine\/"},"author":{"name":"zavnews","@id":"https:\/\/zavnews.net\/#\/schema\/person\/2477577553b6626f3681ce4d32a6917f"},"headline":"Zvizdi\u0107: Kandidatski status i aktivacija MAP-a do kraja godine","datePublished":"2017-02-02T14:16:24+00:00","dateModified":"2017-02-02T14:16:25+00:00","mainEntityOfPage":{"@id":"https:\/\/zavnews.net\/index.php\/2017\/02\/02\/zvizdic-kandidatski-status-aktivacija-map-a-do-kraja-godine\/"},"wordCount":356,"commentCount":0,"publisher":{"@id":"https:\/\/zavnews.net\/#organization"},"image":{"@id":"https:\/\/zavnews.net\/index.php\/2017\/02\/02\/zvizdic-kandidatski-status-aktivacija-map-a-do-kraja-godine\/#primaryimage"},"thumbnailUrl":"https:\/\/zavnews.net\/wp-content\/uploads\/2017\/02\/57ce8de9-e7b4-486c-a259-3f1a0a0a0a65-zvizdicStoltenbergFENA-preview.jpg","articleSection":["BiH","VIJESTI"],"inLanguage":"bs-BA","potentialAction":[{"@type":"CommentAction","name":"Comment","target":["https:\/\/zavnews.net\/index.php\/2017\/02\/02\/zvizdic-kandidatski-status-aktivacija-map-a-do-kraja-godine\/#respond"]}]},{"@type":"WebPage","@id":"https:\/\/zavnews.net\/index.php\/2017\/02\/02\/zvizdic-kandidatski-status-aktivacija-map-a-do-kraja-godine\/","url":"https:\/\/zavnews.net\/index.php\/2017\/02\/02\/zvizdic-kandidatski-status-aktivacija-map-a-do-kraja-godine\/","name":"Zvizdi\u0107: Kandidatski status i aktivacija MAP-a do kraja godine - Zavnews","isPartOf":{"@id":"https:\/\/zavnews.net\/#website"},"primaryImageOfPage":{"@id":"https:\/\/zavnews.net\/index.php\/2017\/02\/02\/zvizdic-kandidatski-status-aktivacija-map-a-do-kraja-godine\/#primaryimage"},"image":{"@id":"https:\/\/zavnews.net\/index.php\/2017\/02\/02\/zvizdic-kandidatski-status-aktivacija-map-a-do-kraja-godine\/#primaryimage"},"thumbnailUrl":"https:\/\/zavnews.net\/wp-content\/uploads\/2017\/02\/57ce8de9-e7b4-486c-a259-3f1a0a0a0a65-zvizdicStoltenbergFENA-preview.jpg","datePublished":"2017-02-02T14:16:24+00:00","dateModified":"2017-02-02T14:16:25+00:00","breadcrumb":{"@id":"https:\/\/zavnews.net\/index.php\/2017\/02\/02\/zvizdic-kandidatski-status-aktivacija-map-a-do-kraja-godine\/#breadcrumb"},"inLanguage":"bs-BA","potentialAction":[{"@type":"ReadAction","target":["https:\/\/zavnews.net\/index.php\/2017\/02\/02\/zvizdic-kandidatski-status-aktivacija-map-a-do-kraja-godine\/"]}]},{"@type":"ImageObject","inLanguage":"bs-BA","@id":"https:\/\/zavnews.net\/index.php\/2017\/02\/02\/zvizdic-kandidatski-status-aktivacija-map-a-do-kraja-godine\/#primaryimage","url":"https:\/\/zavnews.net\/wp-content\/uploads\/2017\/02\/57ce8de9-e7b4-486c-a259-3f1a0a0a0a65-zvizdicStoltenbergFENA-preview.jpg","contentUrl":"https:\/\/zavnews.net\/wp-content\/uploads\/2017\/02\/57ce8de9-e7b4-486c-a259-3f1a0a0a0a65-zvizdicStoltenbergFENA-preview.jpg","width":760,"height":480},{"@type":"BreadcrumbList","@id":"https:\/\/zavnews.net\/index.php\/2017\/02\/02\/zvizdic-kandidatski-status-aktivacija-map-a-do-kraja-godine\/#breadcrumb","itemListElement":[{"@type":"ListItem","position":1,"name":"Po\u010detna stranica","item":"https:\/\/zavnews.net\/"},{"@type":"ListItem","position":2,"name":"Zvizdi\u0107: Kandidatski status i aktivacija MAP-a do kraja godine"}]},{"@type":"WebSite","@id":"https:\/\/zavnews.net\/#website","url":"https:\/\/zavnews.net\/","name":"Zavnews","description":"Zavidovi\u0107i","publisher":{"@id":"https:\/\/zavnews.net\/#organization"},"potentialAction":[{"@type":"SearchAction","target":{"@type":"EntryPoint","urlTemplate":"https:\/\/zavnews.net\/?s={search_term_string}"},"query-input":{"@type":"PropertyValueSpecification","valueRequired":true,"valueName":"search_term_string"}}],"inLanguage":"bs-BA"},{"@type":"Organization","@id":"https:\/\/zavnews.net\/#organization","name":"Zavidovi\u0107i","url":"https:\/\/zavnews.net\/","logo":{"@type":"ImageObject","inLanguage":"bs-BA","@id":"https:\/\/zavnews.net\/#\/schema\/logo\/image\/","url":"https:\/\/zavnews.net\/wp-content\/uploads\/2021\/11\/cropped-cropped-cropped-cropped-Screenshot_1-removebg-preview-2.png","contentUrl":"https:\/\/zavnews.net\/wp-content\/uploads\/2021\/11\/cropped-cropped-cropped-cropped-Screenshot_1-removebg-preview-2.png","width":841,"height":180,"caption":"Zavidovi\u0107i"},"image":{"@id":"https:\/\/zavnews.net\/#\/schema\/logo\/image\/"}},{"@type":"Person","@id":"https:\/\/zavnews.net\/#\/schema\/person\/2477577553b6626f3681ce4d32a6917f","name":"zavnews","image":{"@type":"ImageObject","inLanguage":"bs-BA","@id":"https:\/\/zavnews.net\/#\/schema\/person\/image\/","url":"https:\/\/secure.gravatar.com\/avatar\/3d25e050de275ca74aa70a2e30eb6f6c?s=96&d=mm&r=g","contentUrl":"https:\/\/secure.gravatar.com\/avatar\/3d25e050de275ca74aa70a2e30eb6f6c?s=96&d=mm&r=g","caption":"zavnews"}}]}},"_links":{"self":[{"href":"https:\/\/zavnews.net\/index.php\/wp-json\/wp\/v2\/posts\/3080"}],"collection":[{"href":"https:\/\/zavnews.net\/index.php\/wp-json\/wp\/v2\/posts"}],"about":[{"href":"https:\/\/zavnews.net\/index.php\/wp-json\/wp\/v2\/types\/post"}],"author":[{"embeddable":true,"href":"https:\/\/zavnews.net\/index.php\/wp-json\/wp\/v2\/users\/1"}],"replies":[{"embeddable":true,"href":"https:\/\/zavnews.net\/index.php\/wp-json\/wp\/v2\/comments?post=3080"}],"version-history":[{"count":2,"href":"https:\/\/zavnews.net\/index.php\/wp-json\/wp\/v2\/posts\/3080\/revisions"}],"predecessor-version":[{"id":3083,"href":"https:\/\/zavnews.net\/index.php\/wp-json\/wp\/v2\/posts\/3080\/revisions\/3083"}],"wp:featuredmedia":[{"embeddable":true,"href":"https:\/\/zavnews.net\/index.php\/wp-json\/wp\/v2\/media\/3081"}],"wp:attachment":[{"href":"https:\/\/zavnews.net\/index.php\/wp-json\/wp\/v2\/media?parent=3080"}],"wp:term":[{"taxonomy":"category","embeddable":true,"href":"https:\/\/zavnews.net\/index.php\/wp-json\/wp\/v2\/categories?post=3080"},{"taxonomy":"post_tag","embeddable":true,"href":"https:\/\/zavnews.net\/index.php\/wp-json\/wp\/v2\/tags?post=3080"}],"curies":[{"name":"wp","href":"https:\/\/api.w.org\/{rel}","templated":true}]}}