{"id":3024,"date":"2017-02-01T13:17:52","date_gmt":"2017-02-01T12:17:52","guid":{"rendered":"http:\/\/zavnews.net\/?p=3024"},"modified":"2017-02-01T13:17:52","modified_gmt":"2017-02-01T12:17:52","slug":"glasajte-edin-dzeko-kandidat-igraca-mjeseca","status":"publish","type":"post","link":"https:\/\/zavnews.net\/index.php\/2017\/02\/01\/glasajte-edin-dzeko-kandidat-igraca-mjeseca\/","title":{"rendered":"Glasajte: Edin D\u017eeko kandidat za igra\u010da mjeseca"},"content":{"rendered":"<div class=\"fcbkbttn_buttons_block\" id=\"fcbkbttn_left\"><div class=\"fcbkbttn_button\">\n\t\t\t\t\t<a href=\"https:\/\/www.facebook.com\/www.zavnews.net\/\" target=\"_blank\">\n\t\t\t\t\t\t<img decoding=\"async\" src=\"https:\/\/zavnews.net\/wp-content\/plugins\/facebook-button-plugin\/images\/standard-facebook-ico.png\" alt=\"Fb-Button\" \/>\n\t\t\t\t\t<\/a>\n\t\t\t\t<\/div><div class=\"fcbkbttn_like \"><fb:like href=\"https:\/\/zavnews.net\/index.php\/2017\/02\/01\/glasajte-edin-dzeko-kandidat-igraca-mjeseca\/\" action=\"like\" colorscheme=\"light\" layout=\"standard\"  width=\"450px\" size=\"small\"><\/fb:like><\/div><div class=\"fb-share-button  \" data-href=\"https:\/\/zavnews.net\/index.php\/2017\/02\/01\/glasajte-edin-dzeko-kandidat-igraca-mjeseca\/\" data-type=\"button_count\" data-size=\"small\"><\/div><\/div><p><a href=\"http:\/\/zavnews.net\/index.php\/2017\/02\/01\/glasajte-edin-dzeko-kandidat-igraca-mjeseca\/fbl-ita-friendly-roma-valencia\/\" rel=\"attachment wp-att-3025\"><img loading=\"lazy\" decoding=\"async\" class=\" wp-image-3025\" src=\"http:\/\/zavnews.net\/wp-content\/uploads\/2017\/02\/Edin-Dzeko-Roma3.jpg\" alt=\"\" width=\"843\" height=\"532\" srcset=\"https:\/\/zavnews.net\/wp-content\/uploads\/2017\/02\/Edin-Dzeko-Roma3.jpg 760w, https:\/\/zavnews.net\/wp-content\/uploads\/2017\/02\/Edin-Dzeko-Roma3-600x379.jpg 600w, https:\/\/zavnews.net\/wp-content\/uploads\/2017\/02\/Edin-Dzeko-Roma3-300x189.jpg 300w, https:\/\/zavnews.net\/wp-content\/uploads\/2017\/02\/Edin-Dzeko-Roma3-410x260.jpg 410w\" sizes=\"(max-width: 843px) 100vw, 843px\" \/><\/a><\/p>\n<p style=\"text-align: justify;\"><strong>Edin D\u017eeko, kapiten fudbalske A reprezentacije Bosne i Hercegovine i prvotimac Rome, kandidat je za igra\u010da mjeseca.\u00a0Rimski klub odabrao je \u010detvericu igra\u010da za koje se mo\u017ee glasati, a samo jedan od njih ponijet \u0107e titulu najboljeg igra\u010da januara. Uz Dijamanta u konkurenciji su Federico Fazio, Radja Nainggolan i Wojciech Szczesny.<\/strong><\/p>\n<p style=\"text-align: justify;\">D\u017eeko je u odabrano dru\u0161tvo dospio zahvaljuju\u0107i odli\u010dnim igrama u Serie A i Kupu Italije. U prvenstvu je u \u010detiri nastupa postigao dva pogotka, dok u najmasovnijem takmi\u010denju ima u\u010dinak od jednog nastupa i jednog pogotka.<\/p>\n<p style=\"text-align: justify;\">Kako biste pomogli D\u017eeki da u januaru postane najbolji igra\u010d Rome, mo\u017eete glasati <a href=\"http:\/\/www.asroma.com\/en\/news\/2017\/2\/vote-for-the-roma-player-of-the-month-for-january\" target=\"_blank\">OVDJE<\/a>.<\/p>\n<div id=\"fb-root\"><\/div>\n<p><script>(function(d, s, id) {  var js, fjs = d.getElementsByTagName(s)[0];  if (d.getElementById(id)) return;  js = d.createElement(s); js.id = id;  js.src = \"\/\/connect.facebook.net\/en_GB\/sdk.js#xfbml=1&version=v2.3\";  fjs.parentNode.insertBefore(js, fjs);}(document, 'script', 'facebook-jssdk'));<\/script><\/p>\n<div class=\"fb-video\" data-href=\"https:\/\/www.facebook.com\/officialasroma\/videos\/366839573693152\/\" data-width=\"640\">\n<blockquote cite=\"https:\/\/www.facebook.com\/officialasroma\/videos\/366839573693152\/\" class=\"fb-xfbml-parse-ignore\"><p><a href=\"https:\/\/www.facebook.com\/officialasroma\/videos\/366839573693152\/\">Vote for the Roma Player of the Month for January<\/a><\/p>\n<p>Four candidates &#8211; but there can only be one winner in our January Player of the Month poll.Vote now: http:\/\/asroma.jebbit.com\/LEF4pqXQ?L=Ya<\/p>\n<p>Posted by <a href=\"https:\/\/www.facebook.com\/officialasroma\/\">AS Roma<\/a> on Wednesday, 1 February 2017<\/p><\/blockquote>\n<\/div>\n<p style=\"text-align: right;\">zavnews<\/p>\n<div class=\"fcbkbttn_buttons_block\" id=\"fcbkbttn_left\"><div class=\"fcbkbttn_button\">\n\t\t\t\t\t<a href=\"https:\/\/www.facebook.com\/www.zavnews.net\/\" target=\"_blank\">\n\t\t\t\t\t\t<img decoding=\"async\" src=\"https:\/\/zavnews.net\/wp-content\/plugins\/facebook-button-plugin\/images\/standard-facebook-ico.png\" alt=\"Fb-Button\" \/>\n\t\t\t\t\t<\/a>\n\t\t\t\t<\/div><div class=\"fcbkbttn_like \"><fb:like href=\"https:\/\/zavnews.net\/index.php\/2017\/02\/01\/glasajte-edin-dzeko-kandidat-igraca-mjeseca\/\" action=\"like\" colorscheme=\"light\" layout=\"standard\"  width=\"450px\" size=\"small\"><\/fb:like><\/div><div class=\"fb-share-button  \" data-href=\"https:\/\/zavnews.net\/index.php\/2017\/02\/01\/glasajte-edin-dzeko-kandidat-igraca-mjeseca\/\" data-type=\"button_count\" data-size=\"small\"><\/div><\/div>","protected":false},"excerpt":{"rendered":"<div class=\"fcbkbttn_buttons_block\" id=\"fcbkbttn_left\"><div class=\"fcbkbttn_button\">\n\t\t\t\t\t<a href=\"https:\/\/www.facebook.com\/www.zavnews.net\/\" target=\"_blank\">\n\t\t\t\t\t\t<img decoding=\"async\" src=\"https:\/\/zavnews.net\/wp-content\/plugins\/facebook-button-plugin\/images\/standard-facebook-ico.png\" alt=\"Fb-Button\" \/>\n\t\t\t\t\t<\/a>\n\t\t\t\t<\/div><div class=\"fcbkbttn_like \"><fb:like href=\"https:\/\/zavnews.net\/index.php\/2017\/02\/01\/glasajte-edin-dzeko-kandidat-igraca-mjeseca\/\" action=\"like\" colorscheme=\"light\" layout=\"standard\"  width=\"450px\" size=\"small\"><\/fb:like><\/div><div class=\"fb-share-button  \" data-href=\"https:\/\/zavnews.net\/index.php\/2017\/02\/01\/glasajte-edin-dzeko-kandidat-igraca-mjeseca\/\" data-type=\"button_count\" data-size=\"small\"><\/div><\/div><p>Edin D\u017eeko, kapiten fudbalske A reprezentacije Bosne i Hercegovine i prvotimac Rome, kandidat je za igra\u010da mjeseca.\u00a0Rimski klub odabrao je \u010detvericu igra\u010da za koje se mo\u017ee glasati, a samo jedan od njih ponijet \u0107e titulu najboljeg igra\u010da januara. Uz Dijamanta&#8230;<\/p>\n<div class=\"fcbkbttn_buttons_block\" id=\"fcbkbttn_left\"><div class=\"fcbkbttn_button\">\n\t\t\t\t\t<a href=\"https:\/\/www.facebook.com\/www.zavnews.net\/\" target=\"_blank\">\n\t\t\t\t\t\t<img decoding=\"async\" src=\"https:\/\/zavnews.net\/wp-content\/plugins\/facebook-button-plugin\/images\/standard-facebook-ico.png\" alt=\"Fb-Button\" \/>\n\t\t\t\t\t<\/a>\n\t\t\t\t<\/div><div class=\"fcbkbttn_like \"><fb:like href=\"https:\/\/zavnews.net\/index.php\/2017\/02\/01\/glasajte-edin-dzeko-kandidat-igraca-mjeseca\/\" action=\"like\" colorscheme=\"light\" layout=\"standard\"  width=\"450px\" size=\"small\"><\/fb:like><\/div><div class=\"fb-share-button  \" data-href=\"https:\/\/zavnews.net\/index.php\/2017\/02\/01\/glasajte-edin-dzeko-kandidat-igraca-mjeseca\/\" data-type=\"button_count\" data-size=\"small\"><\/div><\/div>","protected":false},"author":1,"featured_media":3025,"comment_status":"open","ping_status":"open","sticky":false,"template":"","format":"standard","meta":{"footnotes":""},"categories":[12,5],"tags":[],"yoast_head":"<!-- This site is optimized with the Yoast SEO plugin v23.5 - https:\/\/yoast.com\/wordpress\/plugins\/seo\/ -->\n<title>Glasajte: Edin D\u017eeko kandidat za igra\u010da mjeseca - Zavnews<\/title>\n<meta name=\"robots\" content=\"index, follow, max-snippet:-1, max-image-preview:large, max-video-preview:-1\" \/>\n<link rel=\"canonical\" href=\"https:\/\/zavnews.net\/index.php\/2017\/02\/01\/glasajte-edin-dzeko-kandidat-igraca-mjeseca\/\" \/>\n<meta property=\"og:locale\" content=\"bs_BA\" \/>\n<meta property=\"og:type\" content=\"article\" \/>\n<meta property=\"og:title\" content=\"Glasajte: Edin D\u017eeko kandidat za igra\u010da mjeseca - Zavnews\" \/>\n<meta property=\"og:description\" content=\"Edin D\u017eeko, kapiten fudbalske A reprezentacije Bosne i Hercegovine i prvotimac Rome, kandidat je za igra\u010da mjeseca.\u00a0Rimski klub odabrao je \u010detvericu igra\u010da za koje se mo\u017ee glasati, a samo jedan od njih ponijet \u0107e titulu najboljeg igra\u010da januara. Uz Dijamanta...\" \/>\n<meta property=\"og:url\" content=\"https:\/\/zavnews.net\/index.php\/2017\/02\/01\/glasajte-edin-dzeko-kandidat-igraca-mjeseca\/\" \/>\n<meta property=\"og:site_name\" content=\"Zavnews\" \/>\n<meta property=\"article:published_time\" content=\"2017-02-01T12:17:52+00:00\" \/>\n<meta property=\"og:image\" content=\"https:\/\/zavnews.net\/wp-content\/uploads\/2017\/02\/Edin-Dzeko-Roma3.jpg\" \/>\n\t<meta property=\"og:image:width\" content=\"760\" \/>\n\t<meta property=\"og:image:height\" content=\"480\" \/>\n\t<meta property=\"og:image:type\" content=\"image\/jpeg\" \/>\n<meta name=\"author\" content=\"zavnews\" \/>\n<meta name=\"twitter:card\" content=\"summary_large_image\" \/>\n<meta name=\"twitter:label1\" content=\"Written by\" \/>\n\t<meta name=\"twitter:data1\" content=\"zavnews\" \/>\n\t<meta name=\"twitter:label2\" content=\"Est. reading time\" \/>\n\t<meta name=\"twitter:data2\" content=\"1 minuta\" \/>\n<script type=\"application\/ld+json\" class=\"yoast-schema-graph\">{\"@context\":\"https:\/\/schema.org\",\"@graph\":[{\"@type\":\"Article\",\"@id\":\"https:\/\/zavnews.net\/index.php\/2017\/02\/01\/glasajte-edin-dzeko-kandidat-igraca-mjeseca\/#article\",\"isPartOf\":{\"@id\":\"https:\/\/zavnews.net\/index.php\/2017\/02\/01\/glasajte-edin-dzeko-kandidat-igraca-mjeseca\/\"},\"author\":{\"name\":\"zavnews\",\"@id\":\"https:\/\/zavnews.net\/#\/schema\/person\/2477577553b6626f3681ce4d32a6917f\"},\"headline\":\"Glasajte: Edin D\u017eeko kandidat za igra\u010da mjeseca\",\"datePublished\":\"2017-02-01T12:17:52+00:00\",\"dateModified\":\"2017-02-01T12:17:52+00:00\",\"mainEntityOfPage\":{\"@id\":\"https:\/\/zavnews.net\/index.php\/2017\/02\/01\/glasajte-edin-dzeko-kandidat-igraca-mjeseca\/\"},\"wordCount\":132,\"commentCount\":0,\"publisher\":{\"@id\":\"https:\/\/zavnews.net\/#organization\"},\"image\":{\"@id\":\"https:\/\/zavnews.net\/index.php\/2017\/02\/01\/glasajte-edin-dzeko-kandidat-igraca-mjeseca\/#primaryimage\"},\"thumbnailUrl\":\"https:\/\/zavnews.net\/wp-content\/uploads\/2017\/02\/Edin-Dzeko-Roma3.jpg\",\"articleSection\":[\"fudbal\",\"SPORT\"],\"inLanguage\":\"bs-BA\",\"potentialAction\":[{\"@type\":\"CommentAction\",\"name\":\"Comment\",\"target\":[\"https:\/\/zavnews.net\/index.php\/2017\/02\/01\/glasajte-edin-dzeko-kandidat-igraca-mjeseca\/#respond\"]}]},{\"@type\":\"WebPage\",\"@id\":\"https:\/\/zavnews.net\/index.php\/2017\/02\/01\/glasajte-edin-dzeko-kandidat-igraca-mjeseca\/\",\"url\":\"https:\/\/zavnews.net\/index.php\/2017\/02\/01\/glasajte-edin-dzeko-kandidat-igraca-mjeseca\/\",\"name\":\"Glasajte: Edin D\u017eeko kandidat za igra\u010da mjeseca - Zavnews\",\"isPartOf\":{\"@id\":\"https:\/\/zavnews.net\/#website\"},\"primaryImageOfPage\":{\"@id\":\"https:\/\/zavnews.net\/index.php\/2017\/02\/01\/glasajte-edin-dzeko-kandidat-igraca-mjeseca\/#primaryimage\"},\"image\":{\"@id\":\"https:\/\/zavnews.net\/index.php\/2017\/02\/01\/glasajte-edin-dzeko-kandidat-igraca-mjeseca\/#primaryimage\"},\"thumbnailUrl\":\"https:\/\/zavnews.net\/wp-content\/uploads\/2017\/02\/Edin-Dzeko-Roma3.jpg\",\"datePublished\":\"2017-02-01T12:17:52+00:00\",\"dateModified\":\"2017-02-01T12:17:52+00:00\",\"breadcrumb\":{\"@id\":\"https:\/\/zavnews.net\/index.php\/2017\/02\/01\/glasajte-edin-dzeko-kandidat-igraca-mjeseca\/#breadcrumb\"},\"inLanguage\":\"bs-BA\",\"potentialAction\":[{\"@type\":\"ReadAction\",\"target\":[\"https:\/\/zavnews.net\/index.php\/2017\/02\/01\/glasajte-edin-dzeko-kandidat-igraca-mjeseca\/\"]}]},{\"@type\":\"ImageObject\",\"inLanguage\":\"bs-BA\",\"@id\":\"https:\/\/zavnews.net\/index.php\/2017\/02\/01\/glasajte-edin-dzeko-kandidat-igraca-mjeseca\/#primaryimage\",\"url\":\"https:\/\/zavnews.net\/wp-content\/uploads\/2017\/02\/Edin-Dzeko-Roma3.jpg\",\"contentUrl\":\"https:\/\/zavnews.net\/wp-content\/uploads\/2017\/02\/Edin-Dzeko-Roma3.jpg\",\"width\":760,\"height\":480,\"caption\":\"Roma's Bosnian forward Edin Dzeko celebrates after scoringn goal during the friendly football match AS Roma vs Valencia on August 14, 2015 at the Olympic stadium in Rome. AFP PHOTO \/ ALBERTO PIZZOLI\"},{\"@type\":\"BreadcrumbList\",\"@id\":\"https:\/\/zavnews.net\/index.php\/2017\/02\/01\/glasajte-edin-dzeko-kandidat-igraca-mjeseca\/#breadcrumb\",\"itemListElement\":[{\"@type\":\"ListItem\",\"position\":1,\"name\":\"Po\u010detna stranica\",\"item\":\"https:\/\/zavnews.net\/\"},{\"@type\":\"ListItem\",\"position\":2,\"name\":\"Glasajte: Edin D\u017eeko kandidat za igra\u010da mjeseca\"}]},{\"@type\":\"WebSite\",\"@id\":\"https:\/\/zavnews.net\/#website\",\"url\":\"https:\/\/zavnews.net\/\",\"name\":\"Zavnews\",\"description\":\"Zavidovi\u0107i\",\"publisher\":{\"@id\":\"https:\/\/zavnews.net\/#organization\"},\"potentialAction\":[{\"@type\":\"SearchAction\",\"target\":{\"@type\":\"EntryPoint\",\"urlTemplate\":\"https:\/\/zavnews.net\/?s={search_term_string}\"},\"query-input\":{\"@type\":\"PropertyValueSpecification\",\"valueRequired\":true,\"valueName\":\"search_term_string\"}}],\"inLanguage\":\"bs-BA\"},{\"@type\":\"Organization\",\"@id\":\"https:\/\/zavnews.net\/#organization\",\"name\":\"Zavidovi\u0107i\",\"url\":\"https:\/\/zavnews.net\/\",\"logo\":{\"@type\":\"ImageObject\",\"inLanguage\":\"bs-BA\",\"@id\":\"https:\/\/zavnews.net\/#\/schema\/logo\/image\/\",\"url\":\"https:\/\/zavnews.net\/wp-content\/uploads\/2021\/11\/cropped-cropped-cropped-cropped-Screenshot_1-removebg-preview-2.png\",\"contentUrl\":\"https:\/\/zavnews.net\/wp-content\/uploads\/2021\/11\/cropped-cropped-cropped-cropped-Screenshot_1-removebg-preview-2.png\",\"width\":841,\"height\":180,\"caption\":\"Zavidovi\u0107i\"},\"image\":{\"@id\":\"https:\/\/zavnews.net\/#\/schema\/logo\/image\/\"}},{\"@type\":\"Person\",\"@id\":\"https:\/\/zavnews.net\/#\/schema\/person\/2477577553b6626f3681ce4d32a6917f\",\"name\":\"zavnews\",\"image\":{\"@type\":\"ImageObject\",\"inLanguage\":\"bs-BA\",\"@id\":\"https:\/\/zavnews.net\/#\/schema\/person\/image\/\",\"url\":\"https:\/\/secure.gravatar.com\/avatar\/3d25e050de275ca74aa70a2e30eb6f6c?s=96&d=mm&r=g\",\"contentUrl\":\"https:\/\/secure.gravatar.com\/avatar\/3d25e050de275ca74aa70a2e30eb6f6c?s=96&d=mm&r=g\",\"caption\":\"zavnews\"}}]}<\/script>\n<!-- \/ Yoast SEO plugin. -->","yoast_head_json":{"title":"Glasajte: Edin D\u017eeko kandidat za igra\u010da mjeseca - Zavnews","robots":{"index":"index","follow":"follow","max-snippet":"max-snippet:-1","max-image-preview":"max-image-preview:large","max-video-preview":"max-video-preview:-1"},"canonical":"https:\/\/zavnews.net\/index.php\/2017\/02\/01\/glasajte-edin-dzeko-kandidat-igraca-mjeseca\/","og_locale":"bs_BA","og_type":"article","og_title":"Glasajte: Edin D\u017eeko kandidat za igra\u010da mjeseca - Zavnews","og_description":"Edin D\u017eeko, kapiten fudbalske A reprezentacije Bosne i Hercegovine i prvotimac Rome, kandidat je za igra\u010da mjeseca.\u00a0Rimski klub odabrao je \u010detvericu igra\u010da za koje se mo\u017ee glasati, a samo jedan od njih ponijet \u0107e titulu najboljeg igra\u010da januara. Uz Dijamanta...","og_url":"https:\/\/zavnews.net\/index.php\/2017\/02\/01\/glasajte-edin-dzeko-kandidat-igraca-mjeseca\/","og_site_name":"Zavnews","article_published_time":"2017-02-01T12:17:52+00:00","og_image":[{"width":760,"height":480,"url":"https:\/\/zavnews.net\/wp-content\/uploads\/2017\/02\/Edin-Dzeko-Roma3.jpg","type":"image\/jpeg"}],"author":"zavnews","twitter_card":"summary_large_image","twitter_misc":{"Written by":"zavnews","Est. reading time":"1 minuta"},"schema":{"@context":"https:\/\/schema.org","@graph":[{"@type":"Article","@id":"https:\/\/zavnews.net\/index.php\/2017\/02\/01\/glasajte-edin-dzeko-kandidat-igraca-mjeseca\/#article","isPartOf":{"@id":"https:\/\/zavnews.net\/index.php\/2017\/02\/01\/glasajte-edin-dzeko-kandidat-igraca-mjeseca\/"},"author":{"name":"zavnews","@id":"https:\/\/zavnews.net\/#\/schema\/person\/2477577553b6626f3681ce4d32a6917f"},"headline":"Glasajte: Edin D\u017eeko kandidat za igra\u010da mjeseca","datePublished":"2017-02-01T12:17:52+00:00","dateModified":"2017-02-01T12:17:52+00:00","mainEntityOfPage":{"@id":"https:\/\/zavnews.net\/index.php\/2017\/02\/01\/glasajte-edin-dzeko-kandidat-igraca-mjeseca\/"},"wordCount":132,"commentCount":0,"publisher":{"@id":"https:\/\/zavnews.net\/#organization"},"image":{"@id":"https:\/\/zavnews.net\/index.php\/2017\/02\/01\/glasajte-edin-dzeko-kandidat-igraca-mjeseca\/#primaryimage"},"thumbnailUrl":"https:\/\/zavnews.net\/wp-content\/uploads\/2017\/02\/Edin-Dzeko-Roma3.jpg","articleSection":["fudbal","SPORT"],"inLanguage":"bs-BA","potentialAction":[{"@type":"CommentAction","name":"Comment","target":["https:\/\/zavnews.net\/index.php\/2017\/02\/01\/glasajte-edin-dzeko-kandidat-igraca-mjeseca\/#respond"]}]},{"@type":"WebPage","@id":"https:\/\/zavnews.net\/index.php\/2017\/02\/01\/glasajte-edin-dzeko-kandidat-igraca-mjeseca\/","url":"https:\/\/zavnews.net\/index.php\/2017\/02\/01\/glasajte-edin-dzeko-kandidat-igraca-mjeseca\/","name":"Glasajte: Edin D\u017eeko kandidat za igra\u010da mjeseca - Zavnews","isPartOf":{"@id":"https:\/\/zavnews.net\/#website"},"primaryImageOfPage":{"@id":"https:\/\/zavnews.net\/index.php\/2017\/02\/01\/glasajte-edin-dzeko-kandidat-igraca-mjeseca\/#primaryimage"},"image":{"@id":"https:\/\/zavnews.net\/index.php\/2017\/02\/01\/glasajte-edin-dzeko-kandidat-igraca-mjeseca\/#primaryimage"},"thumbnailUrl":"https:\/\/zavnews.net\/wp-content\/uploads\/2017\/02\/Edin-Dzeko-Roma3.jpg","datePublished":"2017-02-01T12:17:52+00:00","dateModified":"2017-02-01T12:17:52+00:00","breadcrumb":{"@id":"https:\/\/zavnews.net\/index.php\/2017\/02\/01\/glasajte-edin-dzeko-kandidat-igraca-mjeseca\/#breadcrumb"},"inLanguage":"bs-BA","potentialAction":[{"@type":"ReadAction","target":["https:\/\/zavnews.net\/index.php\/2017\/02\/01\/glasajte-edin-dzeko-kandidat-igraca-mjeseca\/"]}]},{"@type":"ImageObject","inLanguage":"bs-BA","@id":"https:\/\/zavnews.net\/index.php\/2017\/02\/01\/glasajte-edin-dzeko-kandidat-igraca-mjeseca\/#primaryimage","url":"https:\/\/zavnews.net\/wp-content\/uploads\/2017\/02\/Edin-Dzeko-Roma3.jpg","contentUrl":"https:\/\/zavnews.net\/wp-content\/uploads\/2017\/02\/Edin-Dzeko-Roma3.jpg","width":760,"height":480,"caption":"Roma's Bosnian forward Edin Dzeko celebrates after scoringn goal during the friendly football match AS Roma vs Valencia on August 14, 2015 at the Olympic stadium in Rome. AFP PHOTO \/ ALBERTO PIZZOLI"},{"@type":"BreadcrumbList","@id":"https:\/\/zavnews.net\/index.php\/2017\/02\/01\/glasajte-edin-dzeko-kandidat-igraca-mjeseca\/#breadcrumb","itemListElement":[{"@type":"ListItem","position":1,"name":"Po\u010detna stranica","item":"https:\/\/zavnews.net\/"},{"@type":"ListItem","position":2,"name":"Glasajte: Edin D\u017eeko kandidat za igra\u010da mjeseca"}]},{"@type":"WebSite","@id":"https:\/\/zavnews.net\/#website","url":"https:\/\/zavnews.net\/","name":"Zavnews","description":"Zavidovi\u0107i","publisher":{"@id":"https:\/\/zavnews.net\/#organization"},"potentialAction":[{"@type":"SearchAction","target":{"@type":"EntryPoint","urlTemplate":"https:\/\/zavnews.net\/?s={search_term_string}"},"query-input":{"@type":"PropertyValueSpecification","valueRequired":true,"valueName":"search_term_string"}}],"inLanguage":"bs-BA"},{"@type":"Organization","@id":"https:\/\/zavnews.net\/#organization","name":"Zavidovi\u0107i","url":"https:\/\/zavnews.net\/","logo":{"@type":"ImageObject","inLanguage":"bs-BA","@id":"https:\/\/zavnews.net\/#\/schema\/logo\/image\/","url":"https:\/\/zavnews.net\/wp-content\/uploads\/2021\/11\/cropped-cropped-cropped-cropped-Screenshot_1-removebg-preview-2.png","contentUrl":"https:\/\/zavnews.net\/wp-content\/uploads\/2021\/11\/cropped-cropped-cropped-cropped-Screenshot_1-removebg-preview-2.png","width":841,"height":180,"caption":"Zavidovi\u0107i"},"image":{"@id":"https:\/\/zavnews.net\/#\/schema\/logo\/image\/"}},{"@type":"Person","@id":"https:\/\/zavnews.net\/#\/schema\/person\/2477577553b6626f3681ce4d32a6917f","name":"zavnews","image":{"@type":"ImageObject","inLanguage":"bs-BA","@id":"https:\/\/zavnews.net\/#\/schema\/person\/image\/","url":"https:\/\/secure.gravatar.com\/avatar\/3d25e050de275ca74aa70a2e30eb6f6c?s=96&d=mm&r=g","contentUrl":"https:\/\/secure.gravatar.com\/avatar\/3d25e050de275ca74aa70a2e30eb6f6c?s=96&d=mm&r=g","caption":"zavnews"}}]}},"_links":{"self":[{"href":"https:\/\/zavnews.net\/index.php\/wp-json\/wp\/v2\/posts\/3024"}],"collection":[{"href":"https:\/\/zavnews.net\/index.php\/wp-json\/wp\/v2\/posts"}],"about":[{"href":"https:\/\/zavnews.net\/index.php\/wp-json\/wp\/v2\/types\/post"}],"author":[{"embeddable":true,"href":"https:\/\/zavnews.net\/index.php\/wp-json\/wp\/v2\/users\/1"}],"replies":[{"embeddable":true,"href":"https:\/\/zavnews.net\/index.php\/wp-json\/wp\/v2\/comments?post=3024"}],"version-history":[{"count":2,"href":"https:\/\/zavnews.net\/index.php\/wp-json\/wp\/v2\/posts\/3024\/revisions"}],"predecessor-version":[{"id":3027,"href":"https:\/\/zavnews.net\/index.php\/wp-json\/wp\/v2\/posts\/3024\/revisions\/3027"}],"wp:featuredmedia":[{"embeddable":true,"href":"https:\/\/zavnews.net\/index.php\/wp-json\/wp\/v2\/media\/3025"}],"wp:attachment":[{"href":"https:\/\/zavnews.net\/index.php\/wp-json\/wp\/v2\/media?parent=3024"}],"wp:term":[{"taxonomy":"category","embeddable":true,"href":"https:\/\/zavnews.net\/index.php\/wp-json\/wp\/v2\/categories?post=3024"},{"taxonomy":"post_tag","embeddable":true,"href":"https:\/\/zavnews.net\/index.php\/wp-json\/wp\/v2\/tags?post=3024"}],"curies":[{"name":"wp","href":"https:\/\/api.w.org\/{rel}","templated":true}]}}