{"id":2827,"date":"2017-01-27T19:41:47","date_gmt":"2017-01-27T18:41:47","guid":{"rendered":"http:\/\/zavnews.net\/?p=2827"},"modified":"2017-01-27T19:41:47","modified_gmt":"2017-01-27T18:41:47","slug":"izetbegovic-bih-pravo-zavrsiti-procese-traziti-pravdu","status":"publish","type":"post","link":"https:\/\/zavnews.net\/index.php\/2017\/01\/27\/izetbegovic-bih-pravo-zavrsiti-procese-traziti-pravdu\/","title":{"rendered":"Izetbegovi\u0107: BiH ima pravo zavr\u0161iti svoje procese i tra\u017eiti pravdu"},"content":{"rendered":"<div class=\"fcbkbttn_buttons_block\" id=\"fcbkbttn_left\"><div class=\"fcbkbttn_button\">\n\t\t\t\t\t<a href=\"https:\/\/www.facebook.com\/www.zavnews.net\/\" target=\"_blank\">\n\t\t\t\t\t\t<img decoding=\"async\" src=\"https:\/\/zavnews.net\/wp-content\/plugins\/facebook-button-plugin\/images\/standard-facebook-ico.png\" alt=\"Fb-Button\" \/>\n\t\t\t\t\t<\/a>\n\t\t\t\t<\/div><div class=\"fcbkbttn_like \"><fb:like href=\"https:\/\/zavnews.net\/index.php\/2017\/01\/27\/izetbegovic-bih-pravo-zavrsiti-procese-traziti-pravdu\/\" action=\"like\" colorscheme=\"light\" layout=\"standard\"  width=\"450px\" size=\"small\"><\/fb:like><\/div><div class=\"fb-share-button  \" data-href=\"https:\/\/zavnews.net\/index.php\/2017\/01\/27\/izetbegovic-bih-pravo-zavrsiti-procese-traziti-pravdu\/\" data-type=\"button_count\" data-size=\"small\"><\/div><\/div><p style=\"text-align: justify;\"><a href=\"http:\/\/zavnews.net\/index.php\/2017\/01\/27\/izetbegovic-bih-pravo-zavrsiti-procese-traziti-pravdu\/600_1472400757bakir-izetbegovic-posjeta-vitezu-20052016-jb-m-005\/\" rel=\"attachment wp-att-2828\"><img loading=\"lazy\" decoding=\"async\" class=\"aligncenter  wp-image-2828\" src=\"http:\/\/zavnews.net\/wp-content\/uploads\/2017\/01\/600_1472400757bakir-izetbegovic-posjeta-vitezu-20052016-JB-m-005.jpg\" alt=\"\" width=\"858\" height=\"542\" srcset=\"https:\/\/zavnews.net\/wp-content\/uploads\/2017\/01\/600_1472400757bakir-izetbegovic-posjeta-vitezu-20052016-JB-m-005.jpg 760w, https:\/\/zavnews.net\/wp-content\/uploads\/2017\/01\/600_1472400757bakir-izetbegovic-posjeta-vitezu-20052016-JB-m-005-600x379.jpg 600w, https:\/\/zavnews.net\/wp-content\/uploads\/2017\/01\/600_1472400757bakir-izetbegovic-posjeta-vitezu-20052016-JB-m-005-300x189.jpg 300w, https:\/\/zavnews.net\/wp-content\/uploads\/2017\/01\/600_1472400757bakir-izetbegovic-posjeta-vitezu-20052016-JB-m-005-410x260.jpg 410w\" sizes=\"(max-width: 858px) 100vw, 858px\" \/><\/a><\/p>\n<p style=\"text-align: justify;\"><strong>Bosna i Hercegovina ima pravo zavr\u0161iti svoje procese i tra\u017eiti pravdu u odnosu na susjedne zemlje, izjavio je danas \u010dlan Predsjedni\u0161tva BiH Bakir Izetbegovi\u0107 u Travniku.<\/strong><\/p>\n<p style=\"text-align: justify;\">Po njegovim rije\u010dima, bespotrebno se di\u017ee tenzija kada je rije\u010d o mogu\u0107oj reviziji postupka koji se vodio pred Me\u0111unarodnim sudom pravde u Haagu, po tu\u017ebi BiH protiv Srbije za genocid.<\/p>\n<p style=\"text-align: justify;\"><strong>&#8211; Bitno je to da li imamo \u010dovjeka s tzv. legitimacijom, koji mo\u017ee predati zahtjev za reviziju i zastupati BiH. Mislim da ga imamo, a to je Sakib Softi\u0107 koji je akreditiran i koji je vodio i prvi proces. Neki se s tim ne sla\u017eu, ali o tome ne\u0107e odlu\u010divati vlasti BiH, nego se radi o procesu koji treba biti zavr\u0161en pred sudom. Mislim da se bespotrebno di\u017eu tenzije jer se ne radi ni o nekakvoj novoj tu\u017ebi, nego o zavr\u0161etku procesa i Softi\u0107 ima pravo i obvezu da taj proces i zavr\u0161i &#8211;<\/strong> kazao je Izetbegovi\u0107 novinarima.<\/p>\n<p style=\"text-align: justify;\">Kako je rekao, postavlja se i pitanje ima li novih elemenata bitnih za taj postupak.<\/p>\n<p style=\"text-align: justify;\"><strong>&#8211; Du\u017eni smo u roku od deset godina ponuditi novi argument koji baca potpuno novu sliku na sam slu\u010daj. Mislim da Softi\u0107 ima i tu rje\u0161enje, da u kumulaciji novih elemenata eventualno mo\u017ee i\u0107i u sami meritum. Me\u0111utim, tu se opet radio o odluci Suda, koji \u0107e to prihvatiti ili ne. Na kraju krajeva, radi se o ne\u010demu \u0161to je ura\u0111eno prije vi\u0161e od 20 godina i za \u0161to je kriv jedan re\u017eim koji je osu\u0111en i \u010diji je predsjednik bio pred Ha\u0161kim tribunalom, kao i nositelji \u010ditavog tog zlo\u010dina\u010dkog poduhvata &#8211;<\/strong> dodao je Izetbegovi\u0107.<\/p>\n<p style=\"text-align: justify;\">Bo\u0161nja\u010dki \u010dlan Predsjedni\u0161tva BiH smatra kako se cijela pri\u010da o reviziji postupka bez potrebe prebacuje na politiku te se stavlja kao teret na pojedine bo\u0161nja\u010dke predstavnike.<\/p>\n<p style=\"text-align: justify;\"><strong>&#8211; Naravno, ja \u0107u do kraja stajati uz svoj narod, kao i uz to da se ne mo\u017ee trgovati i praviti kompromise na tako bolnim stvarima kao \u0161to su genocid. Ne mo\u017eemo skloniti kosti pod \u0107ilim da bismo napravili privremene politi\u010dke ustupke i kompromise &#8211;<\/strong> kazao je Izetbegovi\u0107.<\/p>\n<p style=\"text-align: justify;\">Me\u0111unarodni sud pravde je 2007. godine presudio da Srbija nije kriva za sudjelovanje, suu\u010desni\u0161tvo ili pomaganje u genocidu u BiH, a rok za eventualno pokretanje postupka revizije istje\u010de u februaru ove godine.<\/p>\n<p style=\"text-align: right;\">zavnews\/<a href=\"http:\/\/faktor.ba\/vijest\/izetbegovic-bih-ima-pravo-zavrsiti-svoje-procese-i-traziti-pravdu-233443\" target=\"_blank\">faktor<\/a><\/p>\n<div class=\"fcbkbttn_buttons_block\" id=\"fcbkbttn_left\"><div class=\"fcbkbttn_button\">\n\t\t\t\t\t<a href=\"https:\/\/www.facebook.com\/www.zavnews.net\/\" target=\"_blank\">\n\t\t\t\t\t\t<img decoding=\"async\" src=\"https:\/\/zavnews.net\/wp-content\/plugins\/facebook-button-plugin\/images\/standard-facebook-ico.png\" alt=\"Fb-Button\" \/>\n\t\t\t\t\t<\/a>\n\t\t\t\t<\/div><div class=\"fcbkbttn_like \"><fb:like href=\"https:\/\/zavnews.net\/index.php\/2017\/01\/27\/izetbegovic-bih-pravo-zavrsiti-procese-traziti-pravdu\/\" action=\"like\" colorscheme=\"light\" layout=\"standard\"  width=\"450px\" size=\"small\"><\/fb:like><\/div><div class=\"fb-share-button  \" data-href=\"https:\/\/zavnews.net\/index.php\/2017\/01\/27\/izetbegovic-bih-pravo-zavrsiti-procese-traziti-pravdu\/\" data-type=\"button_count\" data-size=\"small\"><\/div><\/div>","protected":false},"excerpt":{"rendered":"<div class=\"fcbkbttn_buttons_block\" id=\"fcbkbttn_left\"><div class=\"fcbkbttn_button\">\n\t\t\t\t\t<a href=\"https:\/\/www.facebook.com\/www.zavnews.net\/\" target=\"_blank\">\n\t\t\t\t\t\t<img decoding=\"async\" src=\"https:\/\/zavnews.net\/wp-content\/plugins\/facebook-button-plugin\/images\/standard-facebook-ico.png\" alt=\"Fb-Button\" \/>\n\t\t\t\t\t<\/a>\n\t\t\t\t<\/div><div class=\"fcbkbttn_like \"><fb:like href=\"https:\/\/zavnews.net\/index.php\/2017\/01\/27\/izetbegovic-bih-pravo-zavrsiti-procese-traziti-pravdu\/\" action=\"like\" colorscheme=\"light\" layout=\"standard\"  width=\"450px\" size=\"small\"><\/fb:like><\/div><div class=\"fb-share-button  \" data-href=\"https:\/\/zavnews.net\/index.php\/2017\/01\/27\/izetbegovic-bih-pravo-zavrsiti-procese-traziti-pravdu\/\" data-type=\"button_count\" data-size=\"small\"><\/div><\/div><p>Bosna i Hercegovina ima pravo zavr\u0161iti svoje procese i tra\u017eiti pravdu u odnosu na susjedne zemlje, izjavio je danas \u010dlan Predsjedni\u0161tva BiH Bakir Izetbegovi\u0107 u Travniku. Po njegovim rije\u010dima, bespotrebno se di\u017ee tenzija kada je rije\u010d o mogu\u0107oj reviziji postupka&#8230;<\/p>\n<div class=\"fcbkbttn_buttons_block\" id=\"fcbkbttn_left\"><div class=\"fcbkbttn_button\">\n\t\t\t\t\t<a href=\"https:\/\/www.facebook.com\/www.zavnews.net\/\" target=\"_blank\">\n\t\t\t\t\t\t<img decoding=\"async\" src=\"https:\/\/zavnews.net\/wp-content\/plugins\/facebook-button-plugin\/images\/standard-facebook-ico.png\" alt=\"Fb-Button\" \/>\n\t\t\t\t\t<\/a>\n\t\t\t\t<\/div><div class=\"fcbkbttn_like \"><fb:like href=\"https:\/\/zavnews.net\/index.php\/2017\/01\/27\/izetbegovic-bih-pravo-zavrsiti-procese-traziti-pravdu\/\" action=\"like\" colorscheme=\"light\" layout=\"standard\"  width=\"450px\" size=\"small\"><\/fb:like><\/div><div class=\"fb-share-button  \" data-href=\"https:\/\/zavnews.net\/index.php\/2017\/01\/27\/izetbegovic-bih-pravo-zavrsiti-procese-traziti-pravdu\/\" data-type=\"button_count\" data-size=\"small\"><\/div><\/div>","protected":false},"author":1,"featured_media":2828,"comment_status":"open","ping_status":"open","sticky":false,"template":"","format":"standard","meta":{"footnotes":""},"categories":[13,3],"tags":[],"yoast_head":"<!-- This site is optimized with the Yoast SEO plugin v23.5 - https:\/\/yoast.com\/wordpress\/plugins\/seo\/ -->\n<title>Izetbegovi\u0107: BiH ima pravo zavr\u0161iti svoje procese i tra\u017eiti pravdu - Zavnews<\/title>\n<meta name=\"robots\" content=\"index, follow, max-snippet:-1, max-image-preview:large, max-video-preview:-1\" \/>\n<link rel=\"canonical\" href=\"https:\/\/zavnews.net\/index.php\/2017\/01\/27\/izetbegovic-bih-pravo-zavrsiti-procese-traziti-pravdu\/\" \/>\n<meta property=\"og:locale\" content=\"bs_BA\" \/>\n<meta property=\"og:type\" content=\"article\" \/>\n<meta property=\"og:title\" content=\"Izetbegovi\u0107: BiH ima pravo zavr\u0161iti svoje procese i tra\u017eiti pravdu - Zavnews\" \/>\n<meta property=\"og:description\" content=\"Bosna i Hercegovina ima pravo zavr\u0161iti svoje procese i tra\u017eiti pravdu u odnosu na susjedne zemlje, izjavio je danas \u010dlan Predsjedni\u0161tva BiH Bakir Izetbegovi\u0107 u Travniku. Po njegovim rije\u010dima, bespotrebno se di\u017ee tenzija kada je rije\u010d o mogu\u0107oj reviziji postupka...\" \/>\n<meta property=\"og:url\" content=\"https:\/\/zavnews.net\/index.php\/2017\/01\/27\/izetbegovic-bih-pravo-zavrsiti-procese-traziti-pravdu\/\" \/>\n<meta property=\"og:site_name\" content=\"Zavnews\" \/>\n<meta property=\"article:published_time\" content=\"2017-01-27T18:41:47+00:00\" \/>\n<meta property=\"og:image\" content=\"https:\/\/zavnews.net\/wp-content\/uploads\/2017\/01\/600_1472400757bakir-izetbegovic-posjeta-vitezu-20052016-JB-m-005.jpg\" \/>\n\t<meta property=\"og:image:width\" content=\"760\" \/>\n\t<meta property=\"og:image:height\" content=\"480\" \/>\n\t<meta property=\"og:image:type\" content=\"image\/jpeg\" \/>\n<meta name=\"author\" content=\"zavnews\" \/>\n<meta name=\"twitter:card\" content=\"summary_large_image\" \/>\n<meta name=\"twitter:label1\" content=\"Written by\" \/>\n\t<meta name=\"twitter:data1\" content=\"zavnews\" \/>\n\t<meta name=\"twitter:label2\" content=\"Est. reading time\" \/>\n\t<meta name=\"twitter:data2\" content=\"2 minute\" \/>\n<script type=\"application\/ld+json\" class=\"yoast-schema-graph\">{\"@context\":\"https:\/\/schema.org\",\"@graph\":[{\"@type\":\"Article\",\"@id\":\"https:\/\/zavnews.net\/index.php\/2017\/01\/27\/izetbegovic-bih-pravo-zavrsiti-procese-traziti-pravdu\/#article\",\"isPartOf\":{\"@id\":\"https:\/\/zavnews.net\/index.php\/2017\/01\/27\/izetbegovic-bih-pravo-zavrsiti-procese-traziti-pravdu\/\"},\"author\":{\"name\":\"zavnews\",\"@id\":\"https:\/\/zavnews.net\/#\/schema\/person\/2477577553b6626f3681ce4d32a6917f\"},\"headline\":\"Izetbegovi\u0107: BiH ima pravo zavr\u0161iti svoje procese i tra\u017eiti pravdu\",\"datePublished\":\"2017-01-27T18:41:47+00:00\",\"dateModified\":\"2017-01-27T18:41:47+00:00\",\"mainEntityOfPage\":{\"@id\":\"https:\/\/zavnews.net\/index.php\/2017\/01\/27\/izetbegovic-bih-pravo-zavrsiti-procese-traziti-pravdu\/\"},\"wordCount\":426,\"commentCount\":0,\"publisher\":{\"@id\":\"https:\/\/zavnews.net\/#organization\"},\"image\":{\"@id\":\"https:\/\/zavnews.net\/index.php\/2017\/01\/27\/izetbegovic-bih-pravo-zavrsiti-procese-traziti-pravdu\/#primaryimage\"},\"thumbnailUrl\":\"https:\/\/zavnews.net\/wp-content\/uploads\/2017\/01\/600_1472400757bakir-izetbegovic-posjeta-vitezu-20052016-JB-m-005.jpg\",\"articleSection\":[\"BiH\",\"VIJESTI\"],\"inLanguage\":\"bs-BA\",\"potentialAction\":[{\"@type\":\"CommentAction\",\"name\":\"Comment\",\"target\":[\"https:\/\/zavnews.net\/index.php\/2017\/01\/27\/izetbegovic-bih-pravo-zavrsiti-procese-traziti-pravdu\/#respond\"]}]},{\"@type\":\"WebPage\",\"@id\":\"https:\/\/zavnews.net\/index.php\/2017\/01\/27\/izetbegovic-bih-pravo-zavrsiti-procese-traziti-pravdu\/\",\"url\":\"https:\/\/zavnews.net\/index.php\/2017\/01\/27\/izetbegovic-bih-pravo-zavrsiti-procese-traziti-pravdu\/\",\"name\":\"Izetbegovi\u0107: BiH ima pravo zavr\u0161iti svoje procese i tra\u017eiti pravdu - Zavnews\",\"isPartOf\":{\"@id\":\"https:\/\/zavnews.net\/#website\"},\"primaryImageOfPage\":{\"@id\":\"https:\/\/zavnews.net\/index.php\/2017\/01\/27\/izetbegovic-bih-pravo-zavrsiti-procese-traziti-pravdu\/#primaryimage\"},\"image\":{\"@id\":\"https:\/\/zavnews.net\/index.php\/2017\/01\/27\/izetbegovic-bih-pravo-zavrsiti-procese-traziti-pravdu\/#primaryimage\"},\"thumbnailUrl\":\"https:\/\/zavnews.net\/wp-content\/uploads\/2017\/01\/600_1472400757bakir-izetbegovic-posjeta-vitezu-20052016-JB-m-005.jpg\",\"datePublished\":\"2017-01-27T18:41:47+00:00\",\"dateModified\":\"2017-01-27T18:41:47+00:00\",\"breadcrumb\":{\"@id\":\"https:\/\/zavnews.net\/index.php\/2017\/01\/27\/izetbegovic-bih-pravo-zavrsiti-procese-traziti-pravdu\/#breadcrumb\"},\"inLanguage\":\"bs-BA\",\"potentialAction\":[{\"@type\":\"ReadAction\",\"target\":[\"https:\/\/zavnews.net\/index.php\/2017\/01\/27\/izetbegovic-bih-pravo-zavrsiti-procese-traziti-pravdu\/\"]}]},{\"@type\":\"ImageObject\",\"inLanguage\":\"bs-BA\",\"@id\":\"https:\/\/zavnews.net\/index.php\/2017\/01\/27\/izetbegovic-bih-pravo-zavrsiti-procese-traziti-pravdu\/#primaryimage\",\"url\":\"https:\/\/zavnews.net\/wp-content\/uploads\/2017\/01\/600_1472400757bakir-izetbegovic-posjeta-vitezu-20052016-JB-m-005.jpg\",\"contentUrl\":\"https:\/\/zavnews.net\/wp-content\/uploads\/2017\/01\/600_1472400757bakir-izetbegovic-posjeta-vitezu-20052016-JB-m-005.jpg\",\"width\":760,\"height\":480},{\"@type\":\"BreadcrumbList\",\"@id\":\"https:\/\/zavnews.net\/index.php\/2017\/01\/27\/izetbegovic-bih-pravo-zavrsiti-procese-traziti-pravdu\/#breadcrumb\",\"itemListElement\":[{\"@type\":\"ListItem\",\"position\":1,\"name\":\"Po\u010detna stranica\",\"item\":\"https:\/\/zavnews.net\/\"},{\"@type\":\"ListItem\",\"position\":2,\"name\":\"Izetbegovi\u0107: BiH ima pravo zavr\u0161iti svoje procese i tra\u017eiti pravdu\"}]},{\"@type\":\"WebSite\",\"@id\":\"https:\/\/zavnews.net\/#website\",\"url\":\"https:\/\/zavnews.net\/\",\"name\":\"Zavnews\",\"description\":\"Zavidovi\u0107i\",\"publisher\":{\"@id\":\"https:\/\/zavnews.net\/#organization\"},\"potentialAction\":[{\"@type\":\"SearchAction\",\"target\":{\"@type\":\"EntryPoint\",\"urlTemplate\":\"https:\/\/zavnews.net\/?s={search_term_string}\"},\"query-input\":{\"@type\":\"PropertyValueSpecification\",\"valueRequired\":true,\"valueName\":\"search_term_string\"}}],\"inLanguage\":\"bs-BA\"},{\"@type\":\"Organization\",\"@id\":\"https:\/\/zavnews.net\/#organization\",\"name\":\"Zavidovi\u0107i\",\"url\":\"https:\/\/zavnews.net\/\",\"logo\":{\"@type\":\"ImageObject\",\"inLanguage\":\"bs-BA\",\"@id\":\"https:\/\/zavnews.net\/#\/schema\/logo\/image\/\",\"url\":\"https:\/\/zavnews.net\/wp-content\/uploads\/2021\/11\/cropped-cropped-cropped-cropped-Screenshot_1-removebg-preview-2.png\",\"contentUrl\":\"https:\/\/zavnews.net\/wp-content\/uploads\/2021\/11\/cropped-cropped-cropped-cropped-Screenshot_1-removebg-preview-2.png\",\"width\":841,\"height\":180,\"caption\":\"Zavidovi\u0107i\"},\"image\":{\"@id\":\"https:\/\/zavnews.net\/#\/schema\/logo\/image\/\"}},{\"@type\":\"Person\",\"@id\":\"https:\/\/zavnews.net\/#\/schema\/person\/2477577553b6626f3681ce4d32a6917f\",\"name\":\"zavnews\",\"image\":{\"@type\":\"ImageObject\",\"inLanguage\":\"bs-BA\",\"@id\":\"https:\/\/zavnews.net\/#\/schema\/person\/image\/\",\"url\":\"https:\/\/secure.gravatar.com\/avatar\/3d25e050de275ca74aa70a2e30eb6f6c?s=96&d=mm&r=g\",\"contentUrl\":\"https:\/\/secure.gravatar.com\/avatar\/3d25e050de275ca74aa70a2e30eb6f6c?s=96&d=mm&r=g\",\"caption\":\"zavnews\"}}]}<\/script>\n<!-- \/ Yoast SEO plugin. -->","yoast_head_json":{"title":"Izetbegovi\u0107: BiH ima pravo zavr\u0161iti svoje procese i tra\u017eiti pravdu - Zavnews","robots":{"index":"index","follow":"follow","max-snippet":"max-snippet:-1","max-image-preview":"max-image-preview:large","max-video-preview":"max-video-preview:-1"},"canonical":"https:\/\/zavnews.net\/index.php\/2017\/01\/27\/izetbegovic-bih-pravo-zavrsiti-procese-traziti-pravdu\/","og_locale":"bs_BA","og_type":"article","og_title":"Izetbegovi\u0107: BiH ima pravo zavr\u0161iti svoje procese i tra\u017eiti pravdu - Zavnews","og_description":"Bosna i Hercegovina ima pravo zavr\u0161iti svoje procese i tra\u017eiti pravdu u odnosu na susjedne zemlje, izjavio je danas \u010dlan Predsjedni\u0161tva BiH Bakir Izetbegovi\u0107 u Travniku. Po njegovim rije\u010dima, bespotrebno se di\u017ee tenzija kada je rije\u010d o mogu\u0107oj reviziji postupka...","og_url":"https:\/\/zavnews.net\/index.php\/2017\/01\/27\/izetbegovic-bih-pravo-zavrsiti-procese-traziti-pravdu\/","og_site_name":"Zavnews","article_published_time":"2017-01-27T18:41:47+00:00","og_image":[{"width":760,"height":480,"url":"https:\/\/zavnews.net\/wp-content\/uploads\/2017\/01\/600_1472400757bakir-izetbegovic-posjeta-vitezu-20052016-JB-m-005.jpg","type":"image\/jpeg"}],"author":"zavnews","twitter_card":"summary_large_image","twitter_misc":{"Written by":"zavnews","Est. reading time":"2 minute"},"schema":{"@context":"https:\/\/schema.org","@graph":[{"@type":"Article","@id":"https:\/\/zavnews.net\/index.php\/2017\/01\/27\/izetbegovic-bih-pravo-zavrsiti-procese-traziti-pravdu\/#article","isPartOf":{"@id":"https:\/\/zavnews.net\/index.php\/2017\/01\/27\/izetbegovic-bih-pravo-zavrsiti-procese-traziti-pravdu\/"},"author":{"name":"zavnews","@id":"https:\/\/zavnews.net\/#\/schema\/person\/2477577553b6626f3681ce4d32a6917f"},"headline":"Izetbegovi\u0107: BiH ima pravo zavr\u0161iti svoje procese i tra\u017eiti pravdu","datePublished":"2017-01-27T18:41:47+00:00","dateModified":"2017-01-27T18:41:47+00:00","mainEntityOfPage":{"@id":"https:\/\/zavnews.net\/index.php\/2017\/01\/27\/izetbegovic-bih-pravo-zavrsiti-procese-traziti-pravdu\/"},"wordCount":426,"commentCount":0,"publisher":{"@id":"https:\/\/zavnews.net\/#organization"},"image":{"@id":"https:\/\/zavnews.net\/index.php\/2017\/01\/27\/izetbegovic-bih-pravo-zavrsiti-procese-traziti-pravdu\/#primaryimage"},"thumbnailUrl":"https:\/\/zavnews.net\/wp-content\/uploads\/2017\/01\/600_1472400757bakir-izetbegovic-posjeta-vitezu-20052016-JB-m-005.jpg","articleSection":["BiH","VIJESTI"],"inLanguage":"bs-BA","potentialAction":[{"@type":"CommentAction","name":"Comment","target":["https:\/\/zavnews.net\/index.php\/2017\/01\/27\/izetbegovic-bih-pravo-zavrsiti-procese-traziti-pravdu\/#respond"]}]},{"@type":"WebPage","@id":"https:\/\/zavnews.net\/index.php\/2017\/01\/27\/izetbegovic-bih-pravo-zavrsiti-procese-traziti-pravdu\/","url":"https:\/\/zavnews.net\/index.php\/2017\/01\/27\/izetbegovic-bih-pravo-zavrsiti-procese-traziti-pravdu\/","name":"Izetbegovi\u0107: BiH ima pravo zavr\u0161iti svoje procese i tra\u017eiti pravdu - Zavnews","isPartOf":{"@id":"https:\/\/zavnews.net\/#website"},"primaryImageOfPage":{"@id":"https:\/\/zavnews.net\/index.php\/2017\/01\/27\/izetbegovic-bih-pravo-zavrsiti-procese-traziti-pravdu\/#primaryimage"},"image":{"@id":"https:\/\/zavnews.net\/index.php\/2017\/01\/27\/izetbegovic-bih-pravo-zavrsiti-procese-traziti-pravdu\/#primaryimage"},"thumbnailUrl":"https:\/\/zavnews.net\/wp-content\/uploads\/2017\/01\/600_1472400757bakir-izetbegovic-posjeta-vitezu-20052016-JB-m-005.jpg","datePublished":"2017-01-27T18:41:47+00:00","dateModified":"2017-01-27T18:41:47+00:00","breadcrumb":{"@id":"https:\/\/zavnews.net\/index.php\/2017\/01\/27\/izetbegovic-bih-pravo-zavrsiti-procese-traziti-pravdu\/#breadcrumb"},"inLanguage":"bs-BA","potentialAction":[{"@type":"ReadAction","target":["https:\/\/zavnews.net\/index.php\/2017\/01\/27\/izetbegovic-bih-pravo-zavrsiti-procese-traziti-pravdu\/"]}]},{"@type":"ImageObject","inLanguage":"bs-BA","@id":"https:\/\/zavnews.net\/index.php\/2017\/01\/27\/izetbegovic-bih-pravo-zavrsiti-procese-traziti-pravdu\/#primaryimage","url":"https:\/\/zavnews.net\/wp-content\/uploads\/2017\/01\/600_1472400757bakir-izetbegovic-posjeta-vitezu-20052016-JB-m-005.jpg","contentUrl":"https:\/\/zavnews.net\/wp-content\/uploads\/2017\/01\/600_1472400757bakir-izetbegovic-posjeta-vitezu-20052016-JB-m-005.jpg","width":760,"height":480},{"@type":"BreadcrumbList","@id":"https:\/\/zavnews.net\/index.php\/2017\/01\/27\/izetbegovic-bih-pravo-zavrsiti-procese-traziti-pravdu\/#breadcrumb","itemListElement":[{"@type":"ListItem","position":1,"name":"Po\u010detna stranica","item":"https:\/\/zavnews.net\/"},{"@type":"ListItem","position":2,"name":"Izetbegovi\u0107: BiH ima pravo zavr\u0161iti svoje procese i tra\u017eiti pravdu"}]},{"@type":"WebSite","@id":"https:\/\/zavnews.net\/#website","url":"https:\/\/zavnews.net\/","name":"Zavnews","description":"Zavidovi\u0107i","publisher":{"@id":"https:\/\/zavnews.net\/#organization"},"potentialAction":[{"@type":"SearchAction","target":{"@type":"EntryPoint","urlTemplate":"https:\/\/zavnews.net\/?s={search_term_string}"},"query-input":{"@type":"PropertyValueSpecification","valueRequired":true,"valueName":"search_term_string"}}],"inLanguage":"bs-BA"},{"@type":"Organization","@id":"https:\/\/zavnews.net\/#organization","name":"Zavidovi\u0107i","url":"https:\/\/zavnews.net\/","logo":{"@type":"ImageObject","inLanguage":"bs-BA","@id":"https:\/\/zavnews.net\/#\/schema\/logo\/image\/","url":"https:\/\/zavnews.net\/wp-content\/uploads\/2021\/11\/cropped-cropped-cropped-cropped-Screenshot_1-removebg-preview-2.png","contentUrl":"https:\/\/zavnews.net\/wp-content\/uploads\/2021\/11\/cropped-cropped-cropped-cropped-Screenshot_1-removebg-preview-2.png","width":841,"height":180,"caption":"Zavidovi\u0107i"},"image":{"@id":"https:\/\/zavnews.net\/#\/schema\/logo\/image\/"}},{"@type":"Person","@id":"https:\/\/zavnews.net\/#\/schema\/person\/2477577553b6626f3681ce4d32a6917f","name":"zavnews","image":{"@type":"ImageObject","inLanguage":"bs-BA","@id":"https:\/\/zavnews.net\/#\/schema\/person\/image\/","url":"https:\/\/secure.gravatar.com\/avatar\/3d25e050de275ca74aa70a2e30eb6f6c?s=96&d=mm&r=g","contentUrl":"https:\/\/secure.gravatar.com\/avatar\/3d25e050de275ca74aa70a2e30eb6f6c?s=96&d=mm&r=g","caption":"zavnews"}}]}},"_links":{"self":[{"href":"https:\/\/zavnews.net\/index.php\/wp-json\/wp\/v2\/posts\/2827"}],"collection":[{"href":"https:\/\/zavnews.net\/index.php\/wp-json\/wp\/v2\/posts"}],"about":[{"href":"https:\/\/zavnews.net\/index.php\/wp-json\/wp\/v2\/types\/post"}],"author":[{"embeddable":true,"href":"https:\/\/zavnews.net\/index.php\/wp-json\/wp\/v2\/users\/1"}],"replies":[{"embeddable":true,"href":"https:\/\/zavnews.net\/index.php\/wp-json\/wp\/v2\/comments?post=2827"}],"version-history":[{"count":2,"href":"https:\/\/zavnews.net\/index.php\/wp-json\/wp\/v2\/posts\/2827\/revisions"}],"predecessor-version":[{"id":2830,"href":"https:\/\/zavnews.net\/index.php\/wp-json\/wp\/v2\/posts\/2827\/revisions\/2830"}],"wp:featuredmedia":[{"embeddable":true,"href":"https:\/\/zavnews.net\/index.php\/wp-json\/wp\/v2\/media\/2828"}],"wp:attachment":[{"href":"https:\/\/zavnews.net\/index.php\/wp-json\/wp\/v2\/media?parent=2827"}],"wp:term":[{"taxonomy":"category","embeddable":true,"href":"https:\/\/zavnews.net\/index.php\/wp-json\/wp\/v2\/categories?post=2827"},{"taxonomy":"post_tag","embeddable":true,"href":"https:\/\/zavnews.net\/index.php\/wp-json\/wp\/v2\/tags?post=2827"}],"curies":[{"name":"wp","href":"https:\/\/api.w.org\/{rel}","templated":true}]}}