{"id":2814,"date":"2017-01-27T17:27:38","date_gmt":"2017-01-27T16:27:38","guid":{"rendered":"http:\/\/zavnews.net\/?p=2814"},"modified":"2017-01-27T17:27:39","modified_gmt":"2017-01-27T16:27:39","slug":"reakcije-press-kcus-a-visemjesecnih-napada-do-bravo-direktorice","status":"publish","type":"post","link":"https:\/\/zavnews.net\/index.php\/2017\/01\/27\/reakcije-press-kcus-a-visemjesecnih-napada-do-bravo-direktorice\/","title":{"rendered":"Reakcije na press KCUS-a: Od vi\u0161emjese\u010dnih &#8220;napada&#8221; do &#8220;bravo direktorice&#8221;"},"content":{"rendered":"<div class=\"fcbkbttn_buttons_block\" id=\"fcbkbttn_left\"><div class=\"fcbkbttn_button\">\n\t\t\t\t\t<a href=\"https:\/\/www.facebook.com\/www.zavnews.net\/\" target=\"_blank\">\n\t\t\t\t\t\t<img decoding=\"async\" src=\"https:\/\/zavnews.net\/wp-content\/plugins\/facebook-button-plugin\/images\/standard-facebook-ico.png\" alt=\"Fb-Button\" \/>\n\t\t\t\t\t<\/a>\n\t\t\t\t<\/div><div class=\"fcbkbttn_like \"><fb:like href=\"https:\/\/zavnews.net\/index.php\/2017\/01\/27\/reakcije-press-kcus-a-visemjesecnih-napada-do-bravo-direktorice\/\" action=\"like\" colorscheme=\"light\" layout=\"standard\"  width=\"450px\" size=\"small\"><\/fb:like><\/div><div class=\"fb-share-button  \" data-href=\"https:\/\/zavnews.net\/index.php\/2017\/01\/27\/reakcije-press-kcus-a-visemjesecnih-napada-do-bravo-direktorice\/\" data-type=\"button_count\" data-size=\"small\"><\/div><\/div><p style=\"text-align: justify;\"><a href=\"http:\/\/zavnews.net\/index.php\/2017\/01\/27\/reakcije-press-kcus-a-visemjesecnih-napada-do-bravo-direktorice\/600_14855331631485522310press-ukcs-sebija-izetbegovic-27012017-mz_55\/\" rel=\"attachment wp-att-2815\"><img loading=\"lazy\" decoding=\"async\" class=\"aligncenter  wp-image-2815\" src=\"http:\/\/zavnews.net\/wp-content\/uploads\/2017\/01\/600_14855331631485522310press-ukcs-sebija-izetbegovic-27012017-MZ_55.jpg\" alt=\"\" width=\"848\" height=\"535\" srcset=\"https:\/\/zavnews.net\/wp-content\/uploads\/2017\/01\/600_14855331631485522310press-ukcs-sebija-izetbegovic-27012017-MZ_55.jpg 760w, https:\/\/zavnews.net\/wp-content\/uploads\/2017\/01\/600_14855331631485522310press-ukcs-sebija-izetbegovic-27012017-MZ_55-600x379.jpg 600w, https:\/\/zavnews.net\/wp-content\/uploads\/2017\/01\/600_14855331631485522310press-ukcs-sebija-izetbegovic-27012017-MZ_55-300x189.jpg 300w, https:\/\/zavnews.net\/wp-content\/uploads\/2017\/01\/600_14855331631485522310press-ukcs-sebija-izetbegovic-27012017-MZ_55-410x260.jpg 410w\" sizes=\"(max-width: 848px) 100vw, 848px\" \/><\/a><\/p>\n<p style=\"text-align: justify;\"><strong>Nakon dana\u0161nje konferencije za novinare u Klini\u010dkom centru Univerziteta u Sarajevu, na kojoj je generalna direktorica KCUS-a prof. dr. Sebija Izetbegovi\u0107 sa saradnicima govorila o radu ove institucije u proteklih godinu dana, ali i o stanju koje je zatekla po preuzimanju funkcije, uslijedio je niz reakcija bh. gra\u0111ana na dru\u0161tvenim mre\u017eama.<\/strong><\/p>\n<p style=\"text-align: justify;\">Za razliku od proteklih mjeseci, kada je u javnosti uglavnom preovladavalo negativno mi\u0161ljenje o novoj direktorici KCUS-a, zanimljivo je da je njeno dana\u0161nje obra\u0107anje u kojem je, izme\u0111u ostalog, govorila o brojnim i dugogodi\u0161njim zloupotrebama polo\u017eaja ljekara i \u0161efova klinika KCUS-a, izazvalo niz pozitivnih reakcija.<\/p>\n<p style=\"text-align: justify;\">Brojni gra\u0111ani Sarajeva, ali i cijele BiH, svojim komentarima podr\u017eali su direktoricu Izetbegovi\u0107 u njenoj namjeri da stane ukraj korupciji i neopravdanom tro\u0161enju miliona maraka na KCUS-u, kao i upu\u0107ivanju pacijenata u privatne klinike \u0161to je, na\u017ealost, bila dugogodi\u0161nja praksa na Klini\u010dkom centru.<\/p>\n<p style=\"text-align: justify;\">Mnogi gra\u0111ani navode i kako je situacija na KCUS-u jo\u0161 uvijek veoma lo\u0161a kada je u pitanju snabdjevenost lijekovima, smje\u0161taj na pojedinim klinikama, ali i bahato i neodgovorno pona\u0161anje pojedinih uposlenika prema pacijentima&#8230;<\/p>\n<p style=\"text-align: justify;\">Cijelu dana\u0161nju konferenciju za medije mo\u017eete pogledati u videu ispod. Video preuzimamo sa portala Klix.ba uz dopu\u0161tenje i zahvalu kolegama na ustupljenom snimku.<\/p>\n<div id=\"fb-root\"><\/div>\n<p><script>(function(d, s, id) {  var js, fjs = d.getElementsByTagName(s)[0];  if (d.getElementById(id)) return;  js = d.createElement(s); js.id = id;  js.src = \"\/\/connect.facebook.net\/en_GB\/sdk.js#xfbml=1&version=v2.3\";  fjs.parentNode.insertBefore(js, fjs);}(document, 'script', 'facebook-jssdk'));<\/script><\/p>\n<div class=\"fb-video\" data-href=\"https:\/\/www.facebook.com\/Klix.ba\/videos\/10154173044261821\/\" data-width=\"640\">\n<blockquote cite=\"https:\/\/www.facebook.com\/Klix.ba\/videos\/10154173044261821\/\" class=\"fb-xfbml-parse-ignore\"><p><a href=\"https:\/\/www.facebook.com\/Klix.ba\/videos\/10154173044261821\/\"><\/a><\/p>\n<p>Press konferencija KCUS-a<\/p>\n<p>Posted by <a href=\"https:\/\/www.facebook.com\/Klix.ba\/\">Klix.ba<\/a> on Friday, 27 January 2017<\/p><\/blockquote>\n<\/div>\n<p style=\"text-align: right;\">zavnews\/<a href=\"http:\/\/faktor.ba\/vijest\/reakcije-na-press-kcus-a-od-visemjesecnih-napada-do-bravo-direktorice-233435\" target=\"_blank\">faktor<\/a><\/p>\n<div class=\"fcbkbttn_buttons_block\" id=\"fcbkbttn_left\"><div class=\"fcbkbttn_button\">\n\t\t\t\t\t<a href=\"https:\/\/www.facebook.com\/www.zavnews.net\/\" target=\"_blank\">\n\t\t\t\t\t\t<img decoding=\"async\" src=\"https:\/\/zavnews.net\/wp-content\/plugins\/facebook-button-plugin\/images\/standard-facebook-ico.png\" alt=\"Fb-Button\" \/>\n\t\t\t\t\t<\/a>\n\t\t\t\t<\/div><div class=\"fcbkbttn_like \"><fb:like href=\"https:\/\/zavnews.net\/index.php\/2017\/01\/27\/reakcije-press-kcus-a-visemjesecnih-napada-do-bravo-direktorice\/\" action=\"like\" colorscheme=\"light\" layout=\"standard\"  width=\"450px\" size=\"small\"><\/fb:like><\/div><div class=\"fb-share-button  \" data-href=\"https:\/\/zavnews.net\/index.php\/2017\/01\/27\/reakcije-press-kcus-a-visemjesecnih-napada-do-bravo-direktorice\/\" data-type=\"button_count\" data-size=\"small\"><\/div><\/div>","protected":false},"excerpt":{"rendered":"<div class=\"fcbkbttn_buttons_block\" id=\"fcbkbttn_left\"><div class=\"fcbkbttn_button\">\n\t\t\t\t\t<a href=\"https:\/\/www.facebook.com\/www.zavnews.net\/\" target=\"_blank\">\n\t\t\t\t\t\t<img decoding=\"async\" src=\"https:\/\/zavnews.net\/wp-content\/plugins\/facebook-button-plugin\/images\/standard-facebook-ico.png\" alt=\"Fb-Button\" \/>\n\t\t\t\t\t<\/a>\n\t\t\t\t<\/div><div class=\"fcbkbttn_like \"><fb:like href=\"https:\/\/zavnews.net\/index.php\/2017\/01\/27\/reakcije-press-kcus-a-visemjesecnih-napada-do-bravo-direktorice\/\" action=\"like\" colorscheme=\"light\" layout=\"standard\"  width=\"450px\" size=\"small\"><\/fb:like><\/div><div class=\"fb-share-button  \" data-href=\"https:\/\/zavnews.net\/index.php\/2017\/01\/27\/reakcije-press-kcus-a-visemjesecnih-napada-do-bravo-direktorice\/\" data-type=\"button_count\" data-size=\"small\"><\/div><\/div><p>Nakon dana\u0161nje konferencije za novinare u Klini\u010dkom centru Univerziteta u Sarajevu, na kojoj je generalna direktorica KCUS-a prof. dr. Sebija Izetbegovi\u0107 sa saradnicima govorila o radu ove institucije u proteklih godinu dana, ali i o stanju koje je zatekla po&#8230;<\/p>\n<div class=\"fcbkbttn_buttons_block\" id=\"fcbkbttn_left\"><div class=\"fcbkbttn_button\">\n\t\t\t\t\t<a href=\"https:\/\/www.facebook.com\/www.zavnews.net\/\" target=\"_blank\">\n\t\t\t\t\t\t<img decoding=\"async\" src=\"https:\/\/zavnews.net\/wp-content\/plugins\/facebook-button-plugin\/images\/standard-facebook-ico.png\" alt=\"Fb-Button\" \/>\n\t\t\t\t\t<\/a>\n\t\t\t\t<\/div><div class=\"fcbkbttn_like \"><fb:like href=\"https:\/\/zavnews.net\/index.php\/2017\/01\/27\/reakcije-press-kcus-a-visemjesecnih-napada-do-bravo-direktorice\/\" action=\"like\" colorscheme=\"light\" layout=\"standard\"  width=\"450px\" size=\"small\"><\/fb:like><\/div><div class=\"fb-share-button  \" data-href=\"https:\/\/zavnews.net\/index.php\/2017\/01\/27\/reakcije-press-kcus-a-visemjesecnih-napada-do-bravo-direktorice\/\" data-type=\"button_count\" data-size=\"small\"><\/div><\/div>","protected":false},"author":1,"featured_media":2815,"comment_status":"open","ping_status":"open","sticky":false,"template":"","format":"standard","meta":{"footnotes":""},"categories":[13,3],"tags":[],"yoast_head":"<!-- This site is optimized with the Yoast SEO plugin v23.5 - https:\/\/yoast.com\/wordpress\/plugins\/seo\/ -->\n<title>Reakcije na press KCUS-a: Od vi\u0161emjese\u010dnih &quot;napada&quot; do &quot;bravo direktorice&quot; - Zavnews<\/title>\n<meta name=\"robots\" content=\"index, follow, max-snippet:-1, max-image-preview:large, max-video-preview:-1\" \/>\n<link rel=\"canonical\" href=\"https:\/\/zavnews.net\/index.php\/2017\/01\/27\/reakcije-press-kcus-a-visemjesecnih-napada-do-bravo-direktorice\/\" \/>\n<meta property=\"og:locale\" content=\"bs_BA\" \/>\n<meta property=\"og:type\" content=\"article\" \/>\n<meta property=\"og:title\" content=\"Reakcije na press KCUS-a: Od vi\u0161emjese\u010dnih &quot;napada&quot; do &quot;bravo direktorice&quot; - Zavnews\" \/>\n<meta property=\"og:description\" content=\"Nakon dana\u0161nje konferencije za novinare u Klini\u010dkom centru Univerziteta u Sarajevu, na kojoj je generalna direktorica KCUS-a prof. dr. Sebija Izetbegovi\u0107 sa saradnicima govorila o radu ove institucije u proteklih godinu dana, ali i o stanju koje je zatekla po...\" \/>\n<meta property=\"og:url\" content=\"https:\/\/zavnews.net\/index.php\/2017\/01\/27\/reakcije-press-kcus-a-visemjesecnih-napada-do-bravo-direktorice\/\" \/>\n<meta property=\"og:site_name\" content=\"Zavnews\" \/>\n<meta property=\"article:published_time\" content=\"2017-01-27T16:27:38+00:00\" \/>\n<meta property=\"article:modified_time\" content=\"2017-01-27T16:27:39+00:00\" \/>\n<meta property=\"og:image\" content=\"https:\/\/zavnews.net\/wp-content\/uploads\/2017\/01\/600_14855331631485522310press-ukcs-sebija-izetbegovic-27012017-MZ_55.jpg\" \/>\n\t<meta property=\"og:image:width\" content=\"760\" \/>\n\t<meta property=\"og:image:height\" content=\"480\" \/>\n\t<meta property=\"og:image:type\" content=\"image\/jpeg\" \/>\n<meta name=\"author\" content=\"zavnews\" \/>\n<meta name=\"twitter:card\" content=\"summary_large_image\" \/>\n<meta name=\"twitter:label1\" content=\"Written by\" \/>\n\t<meta name=\"twitter:data1\" content=\"zavnews\" \/>\n\t<meta name=\"twitter:label2\" content=\"Est. reading time\" \/>\n\t<meta name=\"twitter:data2\" content=\"1 minuta\" \/>\n<script type=\"application\/ld+json\" class=\"yoast-schema-graph\">{\"@context\":\"https:\/\/schema.org\",\"@graph\":[{\"@type\":\"Article\",\"@id\":\"https:\/\/zavnews.net\/index.php\/2017\/01\/27\/reakcije-press-kcus-a-visemjesecnih-napada-do-bravo-direktorice\/#article\",\"isPartOf\":{\"@id\":\"https:\/\/zavnews.net\/index.php\/2017\/01\/27\/reakcije-press-kcus-a-visemjesecnih-napada-do-bravo-direktorice\/\"},\"author\":{\"name\":\"zavnews\",\"@id\":\"https:\/\/zavnews.net\/#\/schema\/person\/2477577553b6626f3681ce4d32a6917f\"},\"headline\":\"Reakcije na press KCUS-a: Od vi\u0161emjese\u010dnih &#8220;napada&#8221; do &#8220;bravo direktorice&#8221;\",\"datePublished\":\"2017-01-27T16:27:38+00:00\",\"dateModified\":\"2017-01-27T16:27:39+00:00\",\"mainEntityOfPage\":{\"@id\":\"https:\/\/zavnews.net\/index.php\/2017\/01\/27\/reakcije-press-kcus-a-visemjesecnih-napada-do-bravo-direktorice\/\"},\"wordCount\":244,\"commentCount\":0,\"publisher\":{\"@id\":\"https:\/\/zavnews.net\/#organization\"},\"image\":{\"@id\":\"https:\/\/zavnews.net\/index.php\/2017\/01\/27\/reakcije-press-kcus-a-visemjesecnih-napada-do-bravo-direktorice\/#primaryimage\"},\"thumbnailUrl\":\"https:\/\/zavnews.net\/wp-content\/uploads\/2017\/01\/600_14855331631485522310press-ukcs-sebija-izetbegovic-27012017-MZ_55.jpg\",\"articleSection\":[\"BiH\",\"VIJESTI\"],\"inLanguage\":\"bs-BA\",\"potentialAction\":[{\"@type\":\"CommentAction\",\"name\":\"Comment\",\"target\":[\"https:\/\/zavnews.net\/index.php\/2017\/01\/27\/reakcije-press-kcus-a-visemjesecnih-napada-do-bravo-direktorice\/#respond\"]}]},{\"@type\":\"WebPage\",\"@id\":\"https:\/\/zavnews.net\/index.php\/2017\/01\/27\/reakcije-press-kcus-a-visemjesecnih-napada-do-bravo-direktorice\/\",\"url\":\"https:\/\/zavnews.net\/index.php\/2017\/01\/27\/reakcije-press-kcus-a-visemjesecnih-napada-do-bravo-direktorice\/\",\"name\":\"Reakcije na press KCUS-a: Od vi\u0161emjese\u010dnih \\\"napada\\\" do \\\"bravo direktorice\\\" - Zavnews\",\"isPartOf\":{\"@id\":\"https:\/\/zavnews.net\/#website\"},\"primaryImageOfPage\":{\"@id\":\"https:\/\/zavnews.net\/index.php\/2017\/01\/27\/reakcije-press-kcus-a-visemjesecnih-napada-do-bravo-direktorice\/#primaryimage\"},\"image\":{\"@id\":\"https:\/\/zavnews.net\/index.php\/2017\/01\/27\/reakcije-press-kcus-a-visemjesecnih-napada-do-bravo-direktorice\/#primaryimage\"},\"thumbnailUrl\":\"https:\/\/zavnews.net\/wp-content\/uploads\/2017\/01\/600_14855331631485522310press-ukcs-sebija-izetbegovic-27012017-MZ_55.jpg\",\"datePublished\":\"2017-01-27T16:27:38+00:00\",\"dateModified\":\"2017-01-27T16:27:39+00:00\",\"breadcrumb\":{\"@id\":\"https:\/\/zavnews.net\/index.php\/2017\/01\/27\/reakcije-press-kcus-a-visemjesecnih-napada-do-bravo-direktorice\/#breadcrumb\"},\"inLanguage\":\"bs-BA\",\"potentialAction\":[{\"@type\":\"ReadAction\",\"target\":[\"https:\/\/zavnews.net\/index.php\/2017\/01\/27\/reakcije-press-kcus-a-visemjesecnih-napada-do-bravo-direktorice\/\"]}]},{\"@type\":\"ImageObject\",\"inLanguage\":\"bs-BA\",\"@id\":\"https:\/\/zavnews.net\/index.php\/2017\/01\/27\/reakcije-press-kcus-a-visemjesecnih-napada-do-bravo-direktorice\/#primaryimage\",\"url\":\"https:\/\/zavnews.net\/wp-content\/uploads\/2017\/01\/600_14855331631485522310press-ukcs-sebija-izetbegovic-27012017-MZ_55.jpg\",\"contentUrl\":\"https:\/\/zavnews.net\/wp-content\/uploads\/2017\/01\/600_14855331631485522310press-ukcs-sebija-izetbegovic-27012017-MZ_55.jpg\",\"width\":760,\"height\":480},{\"@type\":\"BreadcrumbList\",\"@id\":\"https:\/\/zavnews.net\/index.php\/2017\/01\/27\/reakcije-press-kcus-a-visemjesecnih-napada-do-bravo-direktorice\/#breadcrumb\",\"itemListElement\":[{\"@type\":\"ListItem\",\"position\":1,\"name\":\"Po\u010detna stranica\",\"item\":\"https:\/\/zavnews.net\/\"},{\"@type\":\"ListItem\",\"position\":2,\"name\":\"Reakcije na press KCUS-a: Od vi\u0161emjese\u010dnih &#8220;napada&#8221; do &#8220;bravo direktorice&#8221;\"}]},{\"@type\":\"WebSite\",\"@id\":\"https:\/\/zavnews.net\/#website\",\"url\":\"https:\/\/zavnews.net\/\",\"name\":\"Zavnews\",\"description\":\"Zavidovi\u0107i\",\"publisher\":{\"@id\":\"https:\/\/zavnews.net\/#organization\"},\"potentialAction\":[{\"@type\":\"SearchAction\",\"target\":{\"@type\":\"EntryPoint\",\"urlTemplate\":\"https:\/\/zavnews.net\/?s={search_term_string}\"},\"query-input\":{\"@type\":\"PropertyValueSpecification\",\"valueRequired\":true,\"valueName\":\"search_term_string\"}}],\"inLanguage\":\"bs-BA\"},{\"@type\":\"Organization\",\"@id\":\"https:\/\/zavnews.net\/#organization\",\"name\":\"Zavidovi\u0107i\",\"url\":\"https:\/\/zavnews.net\/\",\"logo\":{\"@type\":\"ImageObject\",\"inLanguage\":\"bs-BA\",\"@id\":\"https:\/\/zavnews.net\/#\/schema\/logo\/image\/\",\"url\":\"https:\/\/zavnews.net\/wp-content\/uploads\/2021\/11\/cropped-cropped-cropped-cropped-Screenshot_1-removebg-preview-2.png\",\"contentUrl\":\"https:\/\/zavnews.net\/wp-content\/uploads\/2021\/11\/cropped-cropped-cropped-cropped-Screenshot_1-removebg-preview-2.png\",\"width\":841,\"height\":180,\"caption\":\"Zavidovi\u0107i\"},\"image\":{\"@id\":\"https:\/\/zavnews.net\/#\/schema\/logo\/image\/\"}},{\"@type\":\"Person\",\"@id\":\"https:\/\/zavnews.net\/#\/schema\/person\/2477577553b6626f3681ce4d32a6917f\",\"name\":\"zavnews\",\"image\":{\"@type\":\"ImageObject\",\"inLanguage\":\"bs-BA\",\"@id\":\"https:\/\/zavnews.net\/#\/schema\/person\/image\/\",\"url\":\"https:\/\/secure.gravatar.com\/avatar\/3d25e050de275ca74aa70a2e30eb6f6c?s=96&d=mm&r=g\",\"contentUrl\":\"https:\/\/secure.gravatar.com\/avatar\/3d25e050de275ca74aa70a2e30eb6f6c?s=96&d=mm&r=g\",\"caption\":\"zavnews\"}}]}<\/script>\n<!-- \/ Yoast SEO plugin. -->","yoast_head_json":{"title":"Reakcije na press KCUS-a: Od vi\u0161emjese\u010dnih \"napada\" do \"bravo direktorice\" - Zavnews","robots":{"index":"index","follow":"follow","max-snippet":"max-snippet:-1","max-image-preview":"max-image-preview:large","max-video-preview":"max-video-preview:-1"},"canonical":"https:\/\/zavnews.net\/index.php\/2017\/01\/27\/reakcije-press-kcus-a-visemjesecnih-napada-do-bravo-direktorice\/","og_locale":"bs_BA","og_type":"article","og_title":"Reakcije na press KCUS-a: Od vi\u0161emjese\u010dnih \"napada\" do \"bravo direktorice\" - Zavnews","og_description":"Nakon dana\u0161nje konferencije za novinare u Klini\u010dkom centru Univerziteta u Sarajevu, na kojoj je generalna direktorica KCUS-a prof. dr. Sebija Izetbegovi\u0107 sa saradnicima govorila o radu ove institucije u proteklih godinu dana, ali i o stanju koje je zatekla po...","og_url":"https:\/\/zavnews.net\/index.php\/2017\/01\/27\/reakcije-press-kcus-a-visemjesecnih-napada-do-bravo-direktorice\/","og_site_name":"Zavnews","article_published_time":"2017-01-27T16:27:38+00:00","article_modified_time":"2017-01-27T16:27:39+00:00","og_image":[{"width":760,"height":480,"url":"https:\/\/zavnews.net\/wp-content\/uploads\/2017\/01\/600_14855331631485522310press-ukcs-sebija-izetbegovic-27012017-MZ_55.jpg","type":"image\/jpeg"}],"author":"zavnews","twitter_card":"summary_large_image","twitter_misc":{"Written by":"zavnews","Est. reading time":"1 minuta"},"schema":{"@context":"https:\/\/schema.org","@graph":[{"@type":"Article","@id":"https:\/\/zavnews.net\/index.php\/2017\/01\/27\/reakcije-press-kcus-a-visemjesecnih-napada-do-bravo-direktorice\/#article","isPartOf":{"@id":"https:\/\/zavnews.net\/index.php\/2017\/01\/27\/reakcije-press-kcus-a-visemjesecnih-napada-do-bravo-direktorice\/"},"author":{"name":"zavnews","@id":"https:\/\/zavnews.net\/#\/schema\/person\/2477577553b6626f3681ce4d32a6917f"},"headline":"Reakcije na press KCUS-a: Od vi\u0161emjese\u010dnih &#8220;napada&#8221; do &#8220;bravo direktorice&#8221;","datePublished":"2017-01-27T16:27:38+00:00","dateModified":"2017-01-27T16:27:39+00:00","mainEntityOfPage":{"@id":"https:\/\/zavnews.net\/index.php\/2017\/01\/27\/reakcije-press-kcus-a-visemjesecnih-napada-do-bravo-direktorice\/"},"wordCount":244,"commentCount":0,"publisher":{"@id":"https:\/\/zavnews.net\/#organization"},"image":{"@id":"https:\/\/zavnews.net\/index.php\/2017\/01\/27\/reakcije-press-kcus-a-visemjesecnih-napada-do-bravo-direktorice\/#primaryimage"},"thumbnailUrl":"https:\/\/zavnews.net\/wp-content\/uploads\/2017\/01\/600_14855331631485522310press-ukcs-sebija-izetbegovic-27012017-MZ_55.jpg","articleSection":["BiH","VIJESTI"],"inLanguage":"bs-BA","potentialAction":[{"@type":"CommentAction","name":"Comment","target":["https:\/\/zavnews.net\/index.php\/2017\/01\/27\/reakcije-press-kcus-a-visemjesecnih-napada-do-bravo-direktorice\/#respond"]}]},{"@type":"WebPage","@id":"https:\/\/zavnews.net\/index.php\/2017\/01\/27\/reakcije-press-kcus-a-visemjesecnih-napada-do-bravo-direktorice\/","url":"https:\/\/zavnews.net\/index.php\/2017\/01\/27\/reakcije-press-kcus-a-visemjesecnih-napada-do-bravo-direktorice\/","name":"Reakcije na press KCUS-a: Od vi\u0161emjese\u010dnih \"napada\" do \"bravo direktorice\" - Zavnews","isPartOf":{"@id":"https:\/\/zavnews.net\/#website"},"primaryImageOfPage":{"@id":"https:\/\/zavnews.net\/index.php\/2017\/01\/27\/reakcije-press-kcus-a-visemjesecnih-napada-do-bravo-direktorice\/#primaryimage"},"image":{"@id":"https:\/\/zavnews.net\/index.php\/2017\/01\/27\/reakcije-press-kcus-a-visemjesecnih-napada-do-bravo-direktorice\/#primaryimage"},"thumbnailUrl":"https:\/\/zavnews.net\/wp-content\/uploads\/2017\/01\/600_14855331631485522310press-ukcs-sebija-izetbegovic-27012017-MZ_55.jpg","datePublished":"2017-01-27T16:27:38+00:00","dateModified":"2017-01-27T16:27:39+00:00","breadcrumb":{"@id":"https:\/\/zavnews.net\/index.php\/2017\/01\/27\/reakcije-press-kcus-a-visemjesecnih-napada-do-bravo-direktorice\/#breadcrumb"},"inLanguage":"bs-BA","potentialAction":[{"@type":"ReadAction","target":["https:\/\/zavnews.net\/index.php\/2017\/01\/27\/reakcije-press-kcus-a-visemjesecnih-napada-do-bravo-direktorice\/"]}]},{"@type":"ImageObject","inLanguage":"bs-BA","@id":"https:\/\/zavnews.net\/index.php\/2017\/01\/27\/reakcije-press-kcus-a-visemjesecnih-napada-do-bravo-direktorice\/#primaryimage","url":"https:\/\/zavnews.net\/wp-content\/uploads\/2017\/01\/600_14855331631485522310press-ukcs-sebija-izetbegovic-27012017-MZ_55.jpg","contentUrl":"https:\/\/zavnews.net\/wp-content\/uploads\/2017\/01\/600_14855331631485522310press-ukcs-sebija-izetbegovic-27012017-MZ_55.jpg","width":760,"height":480},{"@type":"BreadcrumbList","@id":"https:\/\/zavnews.net\/index.php\/2017\/01\/27\/reakcije-press-kcus-a-visemjesecnih-napada-do-bravo-direktorice\/#breadcrumb","itemListElement":[{"@type":"ListItem","position":1,"name":"Po\u010detna stranica","item":"https:\/\/zavnews.net\/"},{"@type":"ListItem","position":2,"name":"Reakcije na press KCUS-a: Od vi\u0161emjese\u010dnih &#8220;napada&#8221; do &#8220;bravo direktorice&#8221;"}]},{"@type":"WebSite","@id":"https:\/\/zavnews.net\/#website","url":"https:\/\/zavnews.net\/","name":"Zavnews","description":"Zavidovi\u0107i","publisher":{"@id":"https:\/\/zavnews.net\/#organization"},"potentialAction":[{"@type":"SearchAction","target":{"@type":"EntryPoint","urlTemplate":"https:\/\/zavnews.net\/?s={search_term_string}"},"query-input":{"@type":"PropertyValueSpecification","valueRequired":true,"valueName":"search_term_string"}}],"inLanguage":"bs-BA"},{"@type":"Organization","@id":"https:\/\/zavnews.net\/#organization","name":"Zavidovi\u0107i","url":"https:\/\/zavnews.net\/","logo":{"@type":"ImageObject","inLanguage":"bs-BA","@id":"https:\/\/zavnews.net\/#\/schema\/logo\/image\/","url":"https:\/\/zavnews.net\/wp-content\/uploads\/2021\/11\/cropped-cropped-cropped-cropped-Screenshot_1-removebg-preview-2.png","contentUrl":"https:\/\/zavnews.net\/wp-content\/uploads\/2021\/11\/cropped-cropped-cropped-cropped-Screenshot_1-removebg-preview-2.png","width":841,"height":180,"caption":"Zavidovi\u0107i"},"image":{"@id":"https:\/\/zavnews.net\/#\/schema\/logo\/image\/"}},{"@type":"Person","@id":"https:\/\/zavnews.net\/#\/schema\/person\/2477577553b6626f3681ce4d32a6917f","name":"zavnews","image":{"@type":"ImageObject","inLanguage":"bs-BA","@id":"https:\/\/zavnews.net\/#\/schema\/person\/image\/","url":"https:\/\/secure.gravatar.com\/avatar\/3d25e050de275ca74aa70a2e30eb6f6c?s=96&d=mm&r=g","contentUrl":"https:\/\/secure.gravatar.com\/avatar\/3d25e050de275ca74aa70a2e30eb6f6c?s=96&d=mm&r=g","caption":"zavnews"}}]}},"_links":{"self":[{"href":"https:\/\/zavnews.net\/index.php\/wp-json\/wp\/v2\/posts\/2814"}],"collection":[{"href":"https:\/\/zavnews.net\/index.php\/wp-json\/wp\/v2\/posts"}],"about":[{"href":"https:\/\/zavnews.net\/index.php\/wp-json\/wp\/v2\/types\/post"}],"author":[{"embeddable":true,"href":"https:\/\/zavnews.net\/index.php\/wp-json\/wp\/v2\/users\/1"}],"replies":[{"embeddable":true,"href":"https:\/\/zavnews.net\/index.php\/wp-json\/wp\/v2\/comments?post=2814"}],"version-history":[{"count":2,"href":"https:\/\/zavnews.net\/index.php\/wp-json\/wp\/v2\/posts\/2814\/revisions"}],"predecessor-version":[{"id":2817,"href":"https:\/\/zavnews.net\/index.php\/wp-json\/wp\/v2\/posts\/2814\/revisions\/2817"}],"wp:featuredmedia":[{"embeddable":true,"href":"https:\/\/zavnews.net\/index.php\/wp-json\/wp\/v2\/media\/2815"}],"wp:attachment":[{"href":"https:\/\/zavnews.net\/index.php\/wp-json\/wp\/v2\/media?parent=2814"}],"wp:term":[{"taxonomy":"category","embeddable":true,"href":"https:\/\/zavnews.net\/index.php\/wp-json\/wp\/v2\/categories?post=2814"},{"taxonomy":"post_tag","embeddable":true,"href":"https:\/\/zavnews.net\/index.php\/wp-json\/wp\/v2\/tags?post=2814"}],"curies":[{"name":"wp","href":"https:\/\/api.w.org\/{rel}","templated":true}]}}