{"id":2290,"date":"2017-01-20T20:11:42","date_gmt":"2017-01-20T19:11:42","guid":{"rendered":"http:\/\/zavnews.net\/?p=2290"},"modified":"2017-01-20T20:11:43","modified_gmt":"2017-01-20T19:11:43","slug":"zvizdic-nastavak-evropskog-puta-znaci-korist-gradane","status":"publish","type":"post","link":"https:\/\/zavnews.net\/index.php\/2017\/01\/20\/zvizdic-nastavak-evropskog-puta-znaci-korist-gradane\/","title":{"rendered":"Zvizdi\u0107: Nastavak evropskog puta zna\u010di korist za sve gra\u0111ane"},"content":{"rendered":"<div class=\"fcbkbttn_buttons_block\" id=\"fcbkbttn_left\"><div class=\"fcbkbttn_button\">\n\t\t\t\t\t<a href=\"https:\/\/www.facebook.com\/www.zavnews.net\/\" target=\"_blank\">\n\t\t\t\t\t\t<img decoding=\"async\" src=\"https:\/\/zavnews.net\/wp-content\/plugins\/facebook-button-plugin\/images\/standard-facebook-ico.png\" alt=\"Fb-Button\" \/>\n\t\t\t\t\t<\/a>\n\t\t\t\t<\/div><div class=\"fcbkbttn_like \"><fb:like href=\"https:\/\/zavnews.net\/index.php\/2017\/01\/20\/zvizdic-nastavak-evropskog-puta-znaci-korist-gradane\/\" action=\"like\" colorscheme=\"light\" layout=\"standard\"  width=\"450px\" size=\"small\"><\/fb:like><\/div><div class=\"fb-share-button  \" data-href=\"https:\/\/zavnews.net\/index.php\/2017\/01\/20\/zvizdic-nastavak-evropskog-puta-znaci-korist-gradane\/\" data-type=\"button_count\" data-size=\"small\"><\/div><\/div><p style=\"text-align: justify;\"><a href=\"http:\/\/zavnews.net\/index.php\/2017\/01\/20\/zvizdic-nastavak-evropskog-puta-znaci-korist-gradane\/576940b8-d47c-45ca-8f0c-3a490a0a0a64-denis-z-718x446\/\" rel=\"attachment wp-att-2291\"><img loading=\"lazy\" decoding=\"async\" class=\"aligncenter  wp-image-2291\" src=\"http:\/\/zavnews.net\/wp-content\/uploads\/2017\/01\/576940b8-d47c-45ca-8f0c-3a490a0a0a64-denis-z-718x446.jpg\" alt=\"\" width=\"875\" height=\"553\" srcset=\"https:\/\/zavnews.net\/wp-content\/uploads\/2017\/01\/576940b8-d47c-45ca-8f0c-3a490a0a0a64-denis-z-718x446.jpg 760w, https:\/\/zavnews.net\/wp-content\/uploads\/2017\/01\/576940b8-d47c-45ca-8f0c-3a490a0a0a64-denis-z-718x446-600x379.jpg 600w, https:\/\/zavnews.net\/wp-content\/uploads\/2017\/01\/576940b8-d47c-45ca-8f0c-3a490a0a0a64-denis-z-718x446-300x189.jpg 300w, https:\/\/zavnews.net\/wp-content\/uploads\/2017\/01\/576940b8-d47c-45ca-8f0c-3a490a0a0a64-denis-z-718x446-410x260.jpg 410w\" sizes=\"(max-width: 875px) 100vw, 875px\" \/><\/a><\/p>\n<p style=\"text-align: justify;\"><strong>Daljnji put BiH ka evropskim integracijama zna\u010di unaprje\u0111enje legislativnog okvira BiH, nove ekonomske projekte i koristi za sve gra\u0111ane, izjavio je danas za Fenu predsjedavaju\u0107i Vije\u0107a ministara BiH Denis Zvizdi\u0107.<\/strong><\/p>\n<p style=\"text-align: justify;\">Zvizdi\u0107 je to rekao nakon sastanka koji je, zajedno sa zamjenicima predsjedavaju\u0107eg, ministrom finansija i trezora Vjekoslavom Bevandom i ministrom vanjske trgovine i ekonomskih odnosa Mirkom \u0160arovi\u0107em, imao s predstavnicima Delegacije Evropske unije u BiH, predvo\u0111enih ambasadorom Larsom- Gunnarom Wigemarkom. Sastanku je prisustvovao i direktor Direkcije za evropske integracije BiH Edin Dilberovi\u0107.<\/p>\n<p style=\"text-align: justify;\">Ka\u017ee da su se na sastanku s ambasadorom Wigemarkom i njegovim prvim saradnicima kao dominantne pojavile dvije teme.<\/p>\n<p style=\"text-align: justify;\"><strong>&#8220;Prva je bila razmjena dosada\u0161njih saznanja i informacija o stepenu aktivnosti koje su vezane za realizaciju odgovora iz Upitnika Evropske komisije, koga i dalje smatramo najva\u017enijim zadatkom i procesom koji u ovom trenutku vodi Vije\u0107e ministara BiH, a koji zna\u010di naredni iskorak na putu evropskih integracija&#8221;,\u00a0<\/strong>rekao je on.<\/p>\n<p style=\"text-align: justify;\">Konstatovano je da stvari u ovom trenutku idu u pozitivnom smislu, da su sve institucije koje su dobile pitanja ve\u0107 po\u010dele pripremu odgovora i neko &#8220;prolazno vrijeme&#8221; bit \u0107e polovinom februara kada \u0107e se dobiti prva analiza odgovora i stepena realizacije odgovora.<\/p>\n<p style=\"text-align: justify;\">U okviru druge teme dana\u0161njeg sastanka, razgovarano je o realizaciji onih aktivnosti koje \u0107e omogu\u0107iti BiH da postane dio regionalnih ekonomskih investicionih projekata, a oni podrazumijevaju usvajanje nekoliko strategija, kao \u0161to su strategija u oblasti energetskog sektora, strategija ruralnog razvoja, koja bi omogu\u0107ila pristup IPA fondovima namijenjenim za pomo\u0107 poljoprivredi, te strategije vezane za pitanja za\u0161tite \u017eivotne sredine.<\/p>\n<p style=\"text-align: justify;\"><strong>&#8220;U principu je Vije\u0107e ministara BiH realiziralo veliki dio svojih obaveza za svaku od ove tri strategije, stepen pripremljenosti je u jednoj zreloj fazi i o\u010dekujemo da zajedno s predstavnicima entiteta te stru\u010dnu i administrativnu pomo\u0107 Evropske komisije ove procese zavr\u0161imo u narednih \u010detiri-pet mjeseci&#8221;,<\/strong> kazao je Zvizdi\u0107.<\/p>\n<p style=\"text-align: justify;\">Upitan kako predstavnici EU gledaju na realizaciju pripreme odgovora iz Upitnika, Zvizdi\u0107 je rekao da je s obzirom na stanje kakvo je bilo u trenutku kada su ljudi koji vode Evropsku komisiju zatekli prije nekoliko godina, pro\u0161la godina bila najuspje\u0161nija na putu evropskih integracija BiH jo\u0161 od 2000. godine kada su napravljeni po\u010detni koraci na ovom putu.<\/p>\n<p style=\"text-align: justify;\"><strong>&#8220;Oni su zasigurno vrlo zadovoljni, rije\u010d je o kredibilnom, pa \u010dak u nekim segmentima o neo\u010dekivano dobrom procesu u odnosu na stanje blokada koje su sami zatekli. To govori o spremnosti svih institucija da evropske integracije jo\u0161\u00a0 smatramo svojim najva\u017enijim vanjskopoliti\u010dkim prioritetom i da je sazrelo saznanje i ispravno razumijevanje da na\u0161 dalji put ka evropskim integracijama zna\u010di unaprje\u0111enje legislativnog okvira BiH, nove ekonomske projekte i koristi za sve gra\u0111ane BiH&#8221;, <\/strong>zaklju\u010dio je Zvizdi\u0107.<\/p>\n<p style=\"text-align: right;\">zavnews\/fena<\/p>\n<div class=\"fcbkbttn_buttons_block\" id=\"fcbkbttn_left\"><div class=\"fcbkbttn_button\">\n\t\t\t\t\t<a href=\"https:\/\/www.facebook.com\/www.zavnews.net\/\" target=\"_blank\">\n\t\t\t\t\t\t<img decoding=\"async\" src=\"https:\/\/zavnews.net\/wp-content\/plugins\/facebook-button-plugin\/images\/standard-facebook-ico.png\" alt=\"Fb-Button\" \/>\n\t\t\t\t\t<\/a>\n\t\t\t\t<\/div><div class=\"fcbkbttn_like \"><fb:like href=\"https:\/\/zavnews.net\/index.php\/2017\/01\/20\/zvizdic-nastavak-evropskog-puta-znaci-korist-gradane\/\" action=\"like\" colorscheme=\"light\" layout=\"standard\"  width=\"450px\" size=\"small\"><\/fb:like><\/div><div class=\"fb-share-button  \" data-href=\"https:\/\/zavnews.net\/index.php\/2017\/01\/20\/zvizdic-nastavak-evropskog-puta-znaci-korist-gradane\/\" data-type=\"button_count\" data-size=\"small\"><\/div><\/div>","protected":false},"excerpt":{"rendered":"<div class=\"fcbkbttn_buttons_block\" id=\"fcbkbttn_left\"><div class=\"fcbkbttn_button\">\n\t\t\t\t\t<a href=\"https:\/\/www.facebook.com\/www.zavnews.net\/\" target=\"_blank\">\n\t\t\t\t\t\t<img decoding=\"async\" src=\"https:\/\/zavnews.net\/wp-content\/plugins\/facebook-button-plugin\/images\/standard-facebook-ico.png\" alt=\"Fb-Button\" \/>\n\t\t\t\t\t<\/a>\n\t\t\t\t<\/div><div class=\"fcbkbttn_like \"><fb:like href=\"https:\/\/zavnews.net\/index.php\/2017\/01\/20\/zvizdic-nastavak-evropskog-puta-znaci-korist-gradane\/\" action=\"like\" colorscheme=\"light\" layout=\"standard\"  width=\"450px\" size=\"small\"><\/fb:like><\/div><div class=\"fb-share-button  \" data-href=\"https:\/\/zavnews.net\/index.php\/2017\/01\/20\/zvizdic-nastavak-evropskog-puta-znaci-korist-gradane\/\" data-type=\"button_count\" data-size=\"small\"><\/div><\/div><p>Daljnji put BiH ka evropskim integracijama zna\u010di unaprje\u0111enje legislativnog okvira BiH, nove ekonomske projekte i koristi za sve gra\u0111ane, izjavio je danas za Fenu predsjedavaju\u0107i Vije\u0107a ministara BiH Denis Zvizdi\u0107. Zvizdi\u0107 je to rekao nakon sastanka koji je, zajedno sa&#8230;<\/p>\n<div class=\"fcbkbttn_buttons_block\" id=\"fcbkbttn_left\"><div class=\"fcbkbttn_button\">\n\t\t\t\t\t<a href=\"https:\/\/www.facebook.com\/www.zavnews.net\/\" target=\"_blank\">\n\t\t\t\t\t\t<img decoding=\"async\" src=\"https:\/\/zavnews.net\/wp-content\/plugins\/facebook-button-plugin\/images\/standard-facebook-ico.png\" alt=\"Fb-Button\" \/>\n\t\t\t\t\t<\/a>\n\t\t\t\t<\/div><div class=\"fcbkbttn_like \"><fb:like href=\"https:\/\/zavnews.net\/index.php\/2017\/01\/20\/zvizdic-nastavak-evropskog-puta-znaci-korist-gradane\/\" action=\"like\" colorscheme=\"light\" layout=\"standard\"  width=\"450px\" size=\"small\"><\/fb:like><\/div><div class=\"fb-share-button  \" data-href=\"https:\/\/zavnews.net\/index.php\/2017\/01\/20\/zvizdic-nastavak-evropskog-puta-znaci-korist-gradane\/\" data-type=\"button_count\" data-size=\"small\"><\/div><\/div>","protected":false},"author":1,"featured_media":2291,"comment_status":"open","ping_status":"open","sticky":false,"template":"","format":"standard","meta":{"footnotes":""},"categories":[13,3],"tags":[],"yoast_head":"<!-- This site is optimized with the Yoast SEO plugin v23.5 - https:\/\/yoast.com\/wordpress\/plugins\/seo\/ -->\n<title>Zvizdi\u0107: Nastavak evropskog puta zna\u010di korist za sve gra\u0111ane - Zavnews<\/title>\n<meta name=\"robots\" content=\"index, follow, max-snippet:-1, max-image-preview:large, max-video-preview:-1\" \/>\n<link rel=\"canonical\" href=\"https:\/\/zavnews.net\/index.php\/2017\/01\/20\/zvizdic-nastavak-evropskog-puta-znaci-korist-gradane\/\" \/>\n<meta property=\"og:locale\" content=\"bs_BA\" \/>\n<meta property=\"og:type\" content=\"article\" \/>\n<meta property=\"og:title\" content=\"Zvizdi\u0107: Nastavak evropskog puta zna\u010di korist za sve gra\u0111ane - Zavnews\" \/>\n<meta property=\"og:description\" content=\"Daljnji put BiH ka evropskim integracijama zna\u010di unaprje\u0111enje legislativnog okvira BiH, nove ekonomske projekte i koristi za sve gra\u0111ane, izjavio je danas za Fenu predsjedavaju\u0107i Vije\u0107a ministara BiH Denis Zvizdi\u0107. Zvizdi\u0107 je to rekao nakon sastanka koji je, zajedno sa...\" \/>\n<meta property=\"og:url\" content=\"https:\/\/zavnews.net\/index.php\/2017\/01\/20\/zvizdic-nastavak-evropskog-puta-znaci-korist-gradane\/\" \/>\n<meta property=\"og:site_name\" content=\"Zavnews\" \/>\n<meta property=\"article:published_time\" content=\"2017-01-20T19:11:42+00:00\" \/>\n<meta property=\"article:modified_time\" content=\"2017-01-20T19:11:43+00:00\" \/>\n<meta property=\"og:image\" content=\"https:\/\/zavnews.net\/wp-content\/uploads\/2017\/01\/576940b8-d47c-45ca-8f0c-3a490a0a0a64-denis-z-718x446.jpg\" \/>\n\t<meta property=\"og:image:width\" content=\"760\" \/>\n\t<meta property=\"og:image:height\" content=\"480\" \/>\n\t<meta property=\"og:image:type\" content=\"image\/jpeg\" \/>\n<meta name=\"author\" content=\"zavnews\" \/>\n<meta name=\"twitter:card\" content=\"summary_large_image\" \/>\n<meta name=\"twitter:label1\" content=\"Written by\" \/>\n\t<meta name=\"twitter:data1\" content=\"zavnews\" \/>\n\t<meta name=\"twitter:label2\" content=\"Est. reading time\" \/>\n\t<meta name=\"twitter:data2\" content=\"2 minute\" \/>\n<script type=\"application\/ld+json\" class=\"yoast-schema-graph\">{\"@context\":\"https:\/\/schema.org\",\"@graph\":[{\"@type\":\"Article\",\"@id\":\"https:\/\/zavnews.net\/index.php\/2017\/01\/20\/zvizdic-nastavak-evropskog-puta-znaci-korist-gradane\/#article\",\"isPartOf\":{\"@id\":\"https:\/\/zavnews.net\/index.php\/2017\/01\/20\/zvizdic-nastavak-evropskog-puta-znaci-korist-gradane\/\"},\"author\":{\"name\":\"zavnews\",\"@id\":\"https:\/\/zavnews.net\/#\/schema\/person\/2477577553b6626f3681ce4d32a6917f\"},\"headline\":\"Zvizdi\u0107: Nastavak evropskog puta zna\u010di korist za sve gra\u0111ane\",\"datePublished\":\"2017-01-20T19:11:42+00:00\",\"dateModified\":\"2017-01-20T19:11:43+00:00\",\"mainEntityOfPage\":{\"@id\":\"https:\/\/zavnews.net\/index.php\/2017\/01\/20\/zvizdic-nastavak-evropskog-puta-znaci-korist-gradane\/\"},\"wordCount\":472,\"commentCount\":0,\"publisher\":{\"@id\":\"https:\/\/zavnews.net\/#organization\"},\"image\":{\"@id\":\"https:\/\/zavnews.net\/index.php\/2017\/01\/20\/zvizdic-nastavak-evropskog-puta-znaci-korist-gradane\/#primaryimage\"},\"thumbnailUrl\":\"https:\/\/zavnews.net\/wp-content\/uploads\/2017\/01\/576940b8-d47c-45ca-8f0c-3a490a0a0a64-denis-z-718x446.jpg\",\"articleSection\":[\"BiH\",\"VIJESTI\"],\"inLanguage\":\"bs-BA\",\"potentialAction\":[{\"@type\":\"CommentAction\",\"name\":\"Comment\",\"target\":[\"https:\/\/zavnews.net\/index.php\/2017\/01\/20\/zvizdic-nastavak-evropskog-puta-znaci-korist-gradane\/#respond\"]}]},{\"@type\":\"WebPage\",\"@id\":\"https:\/\/zavnews.net\/index.php\/2017\/01\/20\/zvizdic-nastavak-evropskog-puta-znaci-korist-gradane\/\",\"url\":\"https:\/\/zavnews.net\/index.php\/2017\/01\/20\/zvizdic-nastavak-evropskog-puta-znaci-korist-gradane\/\",\"name\":\"Zvizdi\u0107: Nastavak evropskog puta zna\u010di korist za sve gra\u0111ane - Zavnews\",\"isPartOf\":{\"@id\":\"https:\/\/zavnews.net\/#website\"},\"primaryImageOfPage\":{\"@id\":\"https:\/\/zavnews.net\/index.php\/2017\/01\/20\/zvizdic-nastavak-evropskog-puta-znaci-korist-gradane\/#primaryimage\"},\"image\":{\"@id\":\"https:\/\/zavnews.net\/index.php\/2017\/01\/20\/zvizdic-nastavak-evropskog-puta-znaci-korist-gradane\/#primaryimage\"},\"thumbnailUrl\":\"https:\/\/zavnews.net\/wp-content\/uploads\/2017\/01\/576940b8-d47c-45ca-8f0c-3a490a0a0a64-denis-z-718x446.jpg\",\"datePublished\":\"2017-01-20T19:11:42+00:00\",\"dateModified\":\"2017-01-20T19:11:43+00:00\",\"breadcrumb\":{\"@id\":\"https:\/\/zavnews.net\/index.php\/2017\/01\/20\/zvizdic-nastavak-evropskog-puta-znaci-korist-gradane\/#breadcrumb\"},\"inLanguage\":\"bs-BA\",\"potentialAction\":[{\"@type\":\"ReadAction\",\"target\":[\"https:\/\/zavnews.net\/index.php\/2017\/01\/20\/zvizdic-nastavak-evropskog-puta-znaci-korist-gradane\/\"]}]},{\"@type\":\"ImageObject\",\"inLanguage\":\"bs-BA\",\"@id\":\"https:\/\/zavnews.net\/index.php\/2017\/01\/20\/zvizdic-nastavak-evropskog-puta-znaci-korist-gradane\/#primaryimage\",\"url\":\"https:\/\/zavnews.net\/wp-content\/uploads\/2017\/01\/576940b8-d47c-45ca-8f0c-3a490a0a0a64-denis-z-718x446.jpg\",\"contentUrl\":\"https:\/\/zavnews.net\/wp-content\/uploads\/2017\/01\/576940b8-d47c-45ca-8f0c-3a490a0a0a64-denis-z-718x446.jpg\",\"width\":760,\"height\":480},{\"@type\":\"BreadcrumbList\",\"@id\":\"https:\/\/zavnews.net\/index.php\/2017\/01\/20\/zvizdic-nastavak-evropskog-puta-znaci-korist-gradane\/#breadcrumb\",\"itemListElement\":[{\"@type\":\"ListItem\",\"position\":1,\"name\":\"Po\u010detna stranica\",\"item\":\"https:\/\/zavnews.net\/\"},{\"@type\":\"ListItem\",\"position\":2,\"name\":\"Zvizdi\u0107: Nastavak evropskog puta zna\u010di korist za sve gra\u0111ane\"}]},{\"@type\":\"WebSite\",\"@id\":\"https:\/\/zavnews.net\/#website\",\"url\":\"https:\/\/zavnews.net\/\",\"name\":\"Zavnews\",\"description\":\"Zavidovi\u0107i\",\"publisher\":{\"@id\":\"https:\/\/zavnews.net\/#organization\"},\"potentialAction\":[{\"@type\":\"SearchAction\",\"target\":{\"@type\":\"EntryPoint\",\"urlTemplate\":\"https:\/\/zavnews.net\/?s={search_term_string}\"},\"query-input\":{\"@type\":\"PropertyValueSpecification\",\"valueRequired\":true,\"valueName\":\"search_term_string\"}}],\"inLanguage\":\"bs-BA\"},{\"@type\":\"Organization\",\"@id\":\"https:\/\/zavnews.net\/#organization\",\"name\":\"Zavidovi\u0107i\",\"url\":\"https:\/\/zavnews.net\/\",\"logo\":{\"@type\":\"ImageObject\",\"inLanguage\":\"bs-BA\",\"@id\":\"https:\/\/zavnews.net\/#\/schema\/logo\/image\/\",\"url\":\"https:\/\/zavnews.net\/wp-content\/uploads\/2021\/11\/cropped-cropped-cropped-cropped-Screenshot_1-removebg-preview-2.png\",\"contentUrl\":\"https:\/\/zavnews.net\/wp-content\/uploads\/2021\/11\/cropped-cropped-cropped-cropped-Screenshot_1-removebg-preview-2.png\",\"width\":841,\"height\":180,\"caption\":\"Zavidovi\u0107i\"},\"image\":{\"@id\":\"https:\/\/zavnews.net\/#\/schema\/logo\/image\/\"}},{\"@type\":\"Person\",\"@id\":\"https:\/\/zavnews.net\/#\/schema\/person\/2477577553b6626f3681ce4d32a6917f\",\"name\":\"zavnews\",\"image\":{\"@type\":\"ImageObject\",\"inLanguage\":\"bs-BA\",\"@id\":\"https:\/\/zavnews.net\/#\/schema\/person\/image\/\",\"url\":\"https:\/\/secure.gravatar.com\/avatar\/3d25e050de275ca74aa70a2e30eb6f6c?s=96&d=mm&r=g\",\"contentUrl\":\"https:\/\/secure.gravatar.com\/avatar\/3d25e050de275ca74aa70a2e30eb6f6c?s=96&d=mm&r=g\",\"caption\":\"zavnews\"}}]}<\/script>\n<!-- \/ Yoast SEO plugin. -->","yoast_head_json":{"title":"Zvizdi\u0107: Nastavak evropskog puta zna\u010di korist za sve gra\u0111ane - Zavnews","robots":{"index":"index","follow":"follow","max-snippet":"max-snippet:-1","max-image-preview":"max-image-preview:large","max-video-preview":"max-video-preview:-1"},"canonical":"https:\/\/zavnews.net\/index.php\/2017\/01\/20\/zvizdic-nastavak-evropskog-puta-znaci-korist-gradane\/","og_locale":"bs_BA","og_type":"article","og_title":"Zvizdi\u0107: Nastavak evropskog puta zna\u010di korist za sve gra\u0111ane - Zavnews","og_description":"Daljnji put BiH ka evropskim integracijama zna\u010di unaprje\u0111enje legislativnog okvira BiH, nove ekonomske projekte i koristi za sve gra\u0111ane, izjavio je danas za Fenu predsjedavaju\u0107i Vije\u0107a ministara BiH Denis Zvizdi\u0107. Zvizdi\u0107 je to rekao nakon sastanka koji je, zajedno sa...","og_url":"https:\/\/zavnews.net\/index.php\/2017\/01\/20\/zvizdic-nastavak-evropskog-puta-znaci-korist-gradane\/","og_site_name":"Zavnews","article_published_time":"2017-01-20T19:11:42+00:00","article_modified_time":"2017-01-20T19:11:43+00:00","og_image":[{"width":760,"height":480,"url":"https:\/\/zavnews.net\/wp-content\/uploads\/2017\/01\/576940b8-d47c-45ca-8f0c-3a490a0a0a64-denis-z-718x446.jpg","type":"image\/jpeg"}],"author":"zavnews","twitter_card":"summary_large_image","twitter_misc":{"Written by":"zavnews","Est. reading time":"2 minute"},"schema":{"@context":"https:\/\/schema.org","@graph":[{"@type":"Article","@id":"https:\/\/zavnews.net\/index.php\/2017\/01\/20\/zvizdic-nastavak-evropskog-puta-znaci-korist-gradane\/#article","isPartOf":{"@id":"https:\/\/zavnews.net\/index.php\/2017\/01\/20\/zvizdic-nastavak-evropskog-puta-znaci-korist-gradane\/"},"author":{"name":"zavnews","@id":"https:\/\/zavnews.net\/#\/schema\/person\/2477577553b6626f3681ce4d32a6917f"},"headline":"Zvizdi\u0107: Nastavak evropskog puta zna\u010di korist za sve gra\u0111ane","datePublished":"2017-01-20T19:11:42+00:00","dateModified":"2017-01-20T19:11:43+00:00","mainEntityOfPage":{"@id":"https:\/\/zavnews.net\/index.php\/2017\/01\/20\/zvizdic-nastavak-evropskog-puta-znaci-korist-gradane\/"},"wordCount":472,"commentCount":0,"publisher":{"@id":"https:\/\/zavnews.net\/#organization"},"image":{"@id":"https:\/\/zavnews.net\/index.php\/2017\/01\/20\/zvizdic-nastavak-evropskog-puta-znaci-korist-gradane\/#primaryimage"},"thumbnailUrl":"https:\/\/zavnews.net\/wp-content\/uploads\/2017\/01\/576940b8-d47c-45ca-8f0c-3a490a0a0a64-denis-z-718x446.jpg","articleSection":["BiH","VIJESTI"],"inLanguage":"bs-BA","potentialAction":[{"@type":"CommentAction","name":"Comment","target":["https:\/\/zavnews.net\/index.php\/2017\/01\/20\/zvizdic-nastavak-evropskog-puta-znaci-korist-gradane\/#respond"]}]},{"@type":"WebPage","@id":"https:\/\/zavnews.net\/index.php\/2017\/01\/20\/zvizdic-nastavak-evropskog-puta-znaci-korist-gradane\/","url":"https:\/\/zavnews.net\/index.php\/2017\/01\/20\/zvizdic-nastavak-evropskog-puta-znaci-korist-gradane\/","name":"Zvizdi\u0107: Nastavak evropskog puta zna\u010di korist za sve gra\u0111ane - Zavnews","isPartOf":{"@id":"https:\/\/zavnews.net\/#website"},"primaryImageOfPage":{"@id":"https:\/\/zavnews.net\/index.php\/2017\/01\/20\/zvizdic-nastavak-evropskog-puta-znaci-korist-gradane\/#primaryimage"},"image":{"@id":"https:\/\/zavnews.net\/index.php\/2017\/01\/20\/zvizdic-nastavak-evropskog-puta-znaci-korist-gradane\/#primaryimage"},"thumbnailUrl":"https:\/\/zavnews.net\/wp-content\/uploads\/2017\/01\/576940b8-d47c-45ca-8f0c-3a490a0a0a64-denis-z-718x446.jpg","datePublished":"2017-01-20T19:11:42+00:00","dateModified":"2017-01-20T19:11:43+00:00","breadcrumb":{"@id":"https:\/\/zavnews.net\/index.php\/2017\/01\/20\/zvizdic-nastavak-evropskog-puta-znaci-korist-gradane\/#breadcrumb"},"inLanguage":"bs-BA","potentialAction":[{"@type":"ReadAction","target":["https:\/\/zavnews.net\/index.php\/2017\/01\/20\/zvizdic-nastavak-evropskog-puta-znaci-korist-gradane\/"]}]},{"@type":"ImageObject","inLanguage":"bs-BA","@id":"https:\/\/zavnews.net\/index.php\/2017\/01\/20\/zvizdic-nastavak-evropskog-puta-znaci-korist-gradane\/#primaryimage","url":"https:\/\/zavnews.net\/wp-content\/uploads\/2017\/01\/576940b8-d47c-45ca-8f0c-3a490a0a0a64-denis-z-718x446.jpg","contentUrl":"https:\/\/zavnews.net\/wp-content\/uploads\/2017\/01\/576940b8-d47c-45ca-8f0c-3a490a0a0a64-denis-z-718x446.jpg","width":760,"height":480},{"@type":"BreadcrumbList","@id":"https:\/\/zavnews.net\/index.php\/2017\/01\/20\/zvizdic-nastavak-evropskog-puta-znaci-korist-gradane\/#breadcrumb","itemListElement":[{"@type":"ListItem","position":1,"name":"Po\u010detna stranica","item":"https:\/\/zavnews.net\/"},{"@type":"ListItem","position":2,"name":"Zvizdi\u0107: Nastavak evropskog puta zna\u010di korist za sve gra\u0111ane"}]},{"@type":"WebSite","@id":"https:\/\/zavnews.net\/#website","url":"https:\/\/zavnews.net\/","name":"Zavnews","description":"Zavidovi\u0107i","publisher":{"@id":"https:\/\/zavnews.net\/#organization"},"potentialAction":[{"@type":"SearchAction","target":{"@type":"EntryPoint","urlTemplate":"https:\/\/zavnews.net\/?s={search_term_string}"},"query-input":{"@type":"PropertyValueSpecification","valueRequired":true,"valueName":"search_term_string"}}],"inLanguage":"bs-BA"},{"@type":"Organization","@id":"https:\/\/zavnews.net\/#organization","name":"Zavidovi\u0107i","url":"https:\/\/zavnews.net\/","logo":{"@type":"ImageObject","inLanguage":"bs-BA","@id":"https:\/\/zavnews.net\/#\/schema\/logo\/image\/","url":"https:\/\/zavnews.net\/wp-content\/uploads\/2021\/11\/cropped-cropped-cropped-cropped-Screenshot_1-removebg-preview-2.png","contentUrl":"https:\/\/zavnews.net\/wp-content\/uploads\/2021\/11\/cropped-cropped-cropped-cropped-Screenshot_1-removebg-preview-2.png","width":841,"height":180,"caption":"Zavidovi\u0107i"},"image":{"@id":"https:\/\/zavnews.net\/#\/schema\/logo\/image\/"}},{"@type":"Person","@id":"https:\/\/zavnews.net\/#\/schema\/person\/2477577553b6626f3681ce4d32a6917f","name":"zavnews","image":{"@type":"ImageObject","inLanguage":"bs-BA","@id":"https:\/\/zavnews.net\/#\/schema\/person\/image\/","url":"https:\/\/secure.gravatar.com\/avatar\/3d25e050de275ca74aa70a2e30eb6f6c?s=96&d=mm&r=g","contentUrl":"https:\/\/secure.gravatar.com\/avatar\/3d25e050de275ca74aa70a2e30eb6f6c?s=96&d=mm&r=g","caption":"zavnews"}}]}},"_links":{"self":[{"href":"https:\/\/zavnews.net\/index.php\/wp-json\/wp\/v2\/posts\/2290"}],"collection":[{"href":"https:\/\/zavnews.net\/index.php\/wp-json\/wp\/v2\/posts"}],"about":[{"href":"https:\/\/zavnews.net\/index.php\/wp-json\/wp\/v2\/types\/post"}],"author":[{"embeddable":true,"href":"https:\/\/zavnews.net\/index.php\/wp-json\/wp\/v2\/users\/1"}],"replies":[{"embeddable":true,"href":"https:\/\/zavnews.net\/index.php\/wp-json\/wp\/v2\/comments?post=2290"}],"version-history":[{"count":2,"href":"https:\/\/zavnews.net\/index.php\/wp-json\/wp\/v2\/posts\/2290\/revisions"}],"predecessor-version":[{"id":2293,"href":"https:\/\/zavnews.net\/index.php\/wp-json\/wp\/v2\/posts\/2290\/revisions\/2293"}],"wp:featuredmedia":[{"embeddable":true,"href":"https:\/\/zavnews.net\/index.php\/wp-json\/wp\/v2\/media\/2291"}],"wp:attachment":[{"href":"https:\/\/zavnews.net\/index.php\/wp-json\/wp\/v2\/media?parent=2290"}],"wp:term":[{"taxonomy":"category","embeddable":true,"href":"https:\/\/zavnews.net\/index.php\/wp-json\/wp\/v2\/categories?post=2290"},{"taxonomy":"post_tag","embeddable":true,"href":"https:\/\/zavnews.net\/index.php\/wp-json\/wp\/v2\/tags?post=2290"}],"curies":[{"name":"wp","href":"https:\/\/api.w.org\/{rel}","templated":true}]}}