{"id":2194,"date":"2017-01-18T17:11:07","date_gmt":"2017-01-18T16:11:07","guid":{"rendered":"http:\/\/zavnews.net\/?p=2194"},"modified":"2017-01-18T17:11:07","modified_gmt":"2017-01-18T16:11:07","slug":"nema-razlike-izmedu-dodika-covica-s-tim-da-covic-opasnost-po-hrvatsku","status":"publish","type":"post","link":"https:\/\/zavnews.net\/index.php\/2017\/01\/18\/nema-razlike-izmedu-dodika-covica-s-tim-da-covic-opasnost-po-hrvatsku\/","title":{"rendered":"Nema razlike izme\u0111u Dodika i \u010covi\u0107a, s tim da je \u010covi\u0107 opasnost i po Hrvatsku"},"content":{"rendered":"<div class=\"fcbkbttn_buttons_block\" id=\"fcbkbttn_left\"><div class=\"fcbkbttn_button\">\n\t\t\t\t\t<a href=\"https:\/\/www.facebook.com\/www.zavnews.net\/\" target=\"_blank\">\n\t\t\t\t\t\t<img decoding=\"async\" src=\"https:\/\/zavnews.net\/wp-content\/plugins\/facebook-button-plugin\/images\/standard-facebook-ico.png\" alt=\"Fb-Button\" \/>\n\t\t\t\t\t<\/a>\n\t\t\t\t<\/div><div class=\"fcbkbttn_like \"><fb:like href=\"https:\/\/zavnews.net\/index.php\/2017\/01\/18\/nema-razlike-izmedu-dodika-covica-s-tim-da-covic-opasnost-po-hrvatsku\/\" action=\"like\" colorscheme=\"light\" layout=\"standard\"  width=\"450px\" size=\"small\"><\/fb:like><\/div><div class=\"fb-share-button  \" data-href=\"https:\/\/zavnews.net\/index.php\/2017\/01\/18\/nema-razlike-izmedu-dodika-covica-s-tim-da-covic-opasnost-po-hrvatsku\/\" data-type=\"button_count\" data-size=\"small\"><\/div><\/div><p style=\"text-align: justify;\"><a href=\"http:\/\/zavnews.net\/index.php\/2017\/01\/18\/nema-razlike-izmedu-dodika-covica-s-tim-da-covic-opasnost-po-hrvatsku\/domagoj-margetic\/\" rel=\"attachment wp-att-2195\"><img loading=\"lazy\" decoding=\"async\" class=\"aligncenter  wp-image-2195\" src=\"http:\/\/zavnews.net\/wp-content\/uploads\/2017\/01\/domagoj-margetic.jpg\" alt=\"\" width=\"868\" height=\"548\" srcset=\"https:\/\/zavnews.net\/wp-content\/uploads\/2017\/01\/domagoj-margetic.jpg 760w, https:\/\/zavnews.net\/wp-content\/uploads\/2017\/01\/domagoj-margetic-600x379.jpg 600w, https:\/\/zavnews.net\/wp-content\/uploads\/2017\/01\/domagoj-margetic-300x189.jpg 300w, https:\/\/zavnews.net\/wp-content\/uploads\/2017\/01\/domagoj-margetic-410x260.jpg 410w\" sizes=\"(max-width: 868px) 100vw, 868px\" \/><\/a><\/p>\n<p style=\"text-align: justify;\"><strong>Domagoj Margeti\u0107, politi\u010dki analiti\u010dar, izjavio je da su Dodik i \u010covi\u0107 za Bosnu i Hercegovinu jednako opasni, s tim \u0161to je \u010covi\u0107 dodatno opasnost i po Hrvatsku.To su ljudi koji konstantno od Bosne i Hercegovine prave krizno \u017eari\u0161te, da bi odr\u017eavaju\u0107i fiktivne krize i pozivaju\u0107i se na fiktivne nacionalne interese, zapravo prikrivali svoj kriminal. <\/strong><\/p>\n<p style=\"text-align: justify;\">Evropska unija mora pokazati konzistentnost, i Me\u0111unarodna zajednica pa i SAD. Ako na jedan na\u010din sankcioniraju Milorada Dodika zbog korupcije, neobja\u0161nive imovine, naru\u0161avanja ustavnog poretka, onda ne mo\u017ee postojati nijedan razlog da se na isti na\u010din ne sankcionira Dragana \u010covi\u0107a, za kojeg, ruku na srce, postoji \u010dak i vi\u0161e dokumenata o korupciji nego za Dodika, istakao je u razgovoru za Vijesti.ba, politi\u010dki analiti\u010dar Domagoj Margeti\u0107.<\/p>\n<p style=\"text-align: justify;\">Za sankcije prema Dodiku, i za \u0161utnju HDZ-a i \u010covi\u0107a o toj temi, rekao je da, <strong>svima nama koji poznajemo situaciju u Bosni i Hercegovini to nije ni\u0161ta \u010dudno. \u010covi\u0107 i Dodik, HDZ i SNSD su u jednoj vrsti tihe koalicije, koja jeste neformalna ali je stvarna. Oni kohabitiraju zajedno. Ja bih rekao da je to i politi\u010dka i svaka druga mafija, koja naprosto jedna drugu mora podr\u017eavati.\u00a0<\/strong><\/p>\n<p style=\"text-align: right;\">zavnews\/vijesti.ba<\/p>\n<div class=\"fcbkbttn_buttons_block\" id=\"fcbkbttn_left\"><div class=\"fcbkbttn_button\">\n\t\t\t\t\t<a href=\"https:\/\/www.facebook.com\/www.zavnews.net\/\" target=\"_blank\">\n\t\t\t\t\t\t<img decoding=\"async\" src=\"https:\/\/zavnews.net\/wp-content\/plugins\/facebook-button-plugin\/images\/standard-facebook-ico.png\" alt=\"Fb-Button\" \/>\n\t\t\t\t\t<\/a>\n\t\t\t\t<\/div><div class=\"fcbkbttn_like \"><fb:like href=\"https:\/\/zavnews.net\/index.php\/2017\/01\/18\/nema-razlike-izmedu-dodika-covica-s-tim-da-covic-opasnost-po-hrvatsku\/\" action=\"like\" colorscheme=\"light\" layout=\"standard\"  width=\"450px\" size=\"small\"><\/fb:like><\/div><div class=\"fb-share-button  \" data-href=\"https:\/\/zavnews.net\/index.php\/2017\/01\/18\/nema-razlike-izmedu-dodika-covica-s-tim-da-covic-opasnost-po-hrvatsku\/\" data-type=\"button_count\" data-size=\"small\"><\/div><\/div>","protected":false},"excerpt":{"rendered":"<div class=\"fcbkbttn_buttons_block\" id=\"fcbkbttn_left\"><div class=\"fcbkbttn_button\">\n\t\t\t\t\t<a href=\"https:\/\/www.facebook.com\/www.zavnews.net\/\" target=\"_blank\">\n\t\t\t\t\t\t<img decoding=\"async\" src=\"https:\/\/zavnews.net\/wp-content\/plugins\/facebook-button-plugin\/images\/standard-facebook-ico.png\" alt=\"Fb-Button\" \/>\n\t\t\t\t\t<\/a>\n\t\t\t\t<\/div><div class=\"fcbkbttn_like \"><fb:like href=\"https:\/\/zavnews.net\/index.php\/2017\/01\/18\/nema-razlike-izmedu-dodika-covica-s-tim-da-covic-opasnost-po-hrvatsku\/\" action=\"like\" colorscheme=\"light\" layout=\"standard\"  width=\"450px\" size=\"small\"><\/fb:like><\/div><div class=\"fb-share-button  \" data-href=\"https:\/\/zavnews.net\/index.php\/2017\/01\/18\/nema-razlike-izmedu-dodika-covica-s-tim-da-covic-opasnost-po-hrvatsku\/\" data-type=\"button_count\" data-size=\"small\"><\/div><\/div><p>Domagoj Margeti\u0107, politi\u010dki analiti\u010dar, izjavio je da su Dodik i \u010covi\u0107 za Bosnu i Hercegovinu jednako opasni, s tim \u0161to je \u010covi\u0107 dodatno opasnost i po Hrvatsku.To su ljudi koji konstantno od Bosne i Hercegovine prave krizno \u017eari\u0161te, da bi&#8230;<\/p>\n<div class=\"fcbkbttn_buttons_block\" id=\"fcbkbttn_left\"><div class=\"fcbkbttn_button\">\n\t\t\t\t\t<a href=\"https:\/\/www.facebook.com\/www.zavnews.net\/\" target=\"_blank\">\n\t\t\t\t\t\t<img decoding=\"async\" src=\"https:\/\/zavnews.net\/wp-content\/plugins\/facebook-button-plugin\/images\/standard-facebook-ico.png\" alt=\"Fb-Button\" \/>\n\t\t\t\t\t<\/a>\n\t\t\t\t<\/div><div class=\"fcbkbttn_like \"><fb:like href=\"https:\/\/zavnews.net\/index.php\/2017\/01\/18\/nema-razlike-izmedu-dodika-covica-s-tim-da-covic-opasnost-po-hrvatsku\/\" action=\"like\" colorscheme=\"light\" layout=\"standard\"  width=\"450px\" size=\"small\"><\/fb:like><\/div><div class=\"fb-share-button  \" data-href=\"https:\/\/zavnews.net\/index.php\/2017\/01\/18\/nema-razlike-izmedu-dodika-covica-s-tim-da-covic-opasnost-po-hrvatsku\/\" data-type=\"button_count\" data-size=\"small\"><\/div><\/div>","protected":false},"author":1,"featured_media":2195,"comment_status":"open","ping_status":"open","sticky":false,"template":"","format":"standard","meta":{"footnotes":""},"categories":[13,3],"tags":[],"yoast_head":"<!-- This site is optimized with the Yoast SEO plugin v23.5 - https:\/\/yoast.com\/wordpress\/plugins\/seo\/ -->\n<title>Nema razlike izme\u0111u Dodika i \u010covi\u0107a, s tim da je \u010covi\u0107 opasnost i po Hrvatsku - Zavnews<\/title>\n<meta name=\"robots\" content=\"index, follow, max-snippet:-1, max-image-preview:large, max-video-preview:-1\" \/>\n<link rel=\"canonical\" href=\"https:\/\/zavnews.net\/index.php\/2017\/01\/18\/nema-razlike-izmedu-dodika-covica-s-tim-da-covic-opasnost-po-hrvatsku\/\" \/>\n<meta property=\"og:locale\" content=\"bs_BA\" \/>\n<meta property=\"og:type\" content=\"article\" \/>\n<meta property=\"og:title\" content=\"Nema razlike izme\u0111u Dodika i \u010covi\u0107a, s tim da je \u010covi\u0107 opasnost i po Hrvatsku - Zavnews\" \/>\n<meta property=\"og:description\" content=\"Domagoj Margeti\u0107, politi\u010dki analiti\u010dar, izjavio je da su Dodik i \u010covi\u0107 za Bosnu i Hercegovinu jednako opasni, s tim \u0161to je \u010covi\u0107 dodatno opasnost i po Hrvatsku.To su ljudi koji konstantno od Bosne i Hercegovine prave krizno \u017eari\u0161te, da bi...\" \/>\n<meta property=\"og:url\" content=\"https:\/\/zavnews.net\/index.php\/2017\/01\/18\/nema-razlike-izmedu-dodika-covica-s-tim-da-covic-opasnost-po-hrvatsku\/\" \/>\n<meta property=\"og:site_name\" content=\"Zavnews\" \/>\n<meta property=\"article:published_time\" content=\"2017-01-18T16:11:07+00:00\" \/>\n<meta property=\"og:image\" content=\"https:\/\/zavnews.net\/wp-content\/uploads\/2017\/01\/domagoj-margetic.jpg\" \/>\n\t<meta property=\"og:image:width\" content=\"760\" \/>\n\t<meta property=\"og:image:height\" content=\"480\" \/>\n\t<meta property=\"og:image:type\" content=\"image\/jpeg\" \/>\n<meta name=\"author\" content=\"zavnews\" \/>\n<meta name=\"twitter:card\" content=\"summary_large_image\" \/>\n<meta name=\"twitter:label1\" content=\"Written by\" \/>\n\t<meta name=\"twitter:data1\" content=\"zavnews\" \/>\n\t<meta name=\"twitter:label2\" content=\"Est. reading time\" \/>\n\t<meta name=\"twitter:data2\" content=\"1 minuta\" \/>\n<script type=\"application\/ld+json\" class=\"yoast-schema-graph\">{\"@context\":\"https:\/\/schema.org\",\"@graph\":[{\"@type\":\"Article\",\"@id\":\"https:\/\/zavnews.net\/index.php\/2017\/01\/18\/nema-razlike-izmedu-dodika-covica-s-tim-da-covic-opasnost-po-hrvatsku\/#article\",\"isPartOf\":{\"@id\":\"https:\/\/zavnews.net\/index.php\/2017\/01\/18\/nema-razlike-izmedu-dodika-covica-s-tim-da-covic-opasnost-po-hrvatsku\/\"},\"author\":{\"name\":\"zavnews\",\"@id\":\"https:\/\/zavnews.net\/#\/schema\/person\/2477577553b6626f3681ce4d32a6917f\"},\"headline\":\"Nema razlike izme\u0111u Dodika i \u010covi\u0107a, s tim da je \u010covi\u0107 opasnost i po Hrvatsku\",\"datePublished\":\"2017-01-18T16:11:07+00:00\",\"dateModified\":\"2017-01-18T16:11:07+00:00\",\"mainEntityOfPage\":{\"@id\":\"https:\/\/zavnews.net\/index.php\/2017\/01\/18\/nema-razlike-izmedu-dodika-covica-s-tim-da-covic-opasnost-po-hrvatsku\/\"},\"wordCount\":229,\"commentCount\":0,\"publisher\":{\"@id\":\"https:\/\/zavnews.net\/#organization\"},\"image\":{\"@id\":\"https:\/\/zavnews.net\/index.php\/2017\/01\/18\/nema-razlike-izmedu-dodika-covica-s-tim-da-covic-opasnost-po-hrvatsku\/#primaryimage\"},\"thumbnailUrl\":\"https:\/\/zavnews.net\/wp-content\/uploads\/2017\/01\/domagoj-margetic.jpg\",\"articleSection\":[\"BiH\",\"VIJESTI\"],\"inLanguage\":\"bs-BA\",\"potentialAction\":[{\"@type\":\"CommentAction\",\"name\":\"Comment\",\"target\":[\"https:\/\/zavnews.net\/index.php\/2017\/01\/18\/nema-razlike-izmedu-dodika-covica-s-tim-da-covic-opasnost-po-hrvatsku\/#respond\"]}]},{\"@type\":\"WebPage\",\"@id\":\"https:\/\/zavnews.net\/index.php\/2017\/01\/18\/nema-razlike-izmedu-dodika-covica-s-tim-da-covic-opasnost-po-hrvatsku\/\",\"url\":\"https:\/\/zavnews.net\/index.php\/2017\/01\/18\/nema-razlike-izmedu-dodika-covica-s-tim-da-covic-opasnost-po-hrvatsku\/\",\"name\":\"Nema razlike izme\u0111u Dodika i \u010covi\u0107a, s tim da je \u010covi\u0107 opasnost i po Hrvatsku - Zavnews\",\"isPartOf\":{\"@id\":\"https:\/\/zavnews.net\/#website\"},\"primaryImageOfPage\":{\"@id\":\"https:\/\/zavnews.net\/index.php\/2017\/01\/18\/nema-razlike-izmedu-dodika-covica-s-tim-da-covic-opasnost-po-hrvatsku\/#primaryimage\"},\"image\":{\"@id\":\"https:\/\/zavnews.net\/index.php\/2017\/01\/18\/nema-razlike-izmedu-dodika-covica-s-tim-da-covic-opasnost-po-hrvatsku\/#primaryimage\"},\"thumbnailUrl\":\"https:\/\/zavnews.net\/wp-content\/uploads\/2017\/01\/domagoj-margetic.jpg\",\"datePublished\":\"2017-01-18T16:11:07+00:00\",\"dateModified\":\"2017-01-18T16:11:07+00:00\",\"breadcrumb\":{\"@id\":\"https:\/\/zavnews.net\/index.php\/2017\/01\/18\/nema-razlike-izmedu-dodika-covica-s-tim-da-covic-opasnost-po-hrvatsku\/#breadcrumb\"},\"inLanguage\":\"bs-BA\",\"potentialAction\":[{\"@type\":\"ReadAction\",\"target\":[\"https:\/\/zavnews.net\/index.php\/2017\/01\/18\/nema-razlike-izmedu-dodika-covica-s-tim-da-covic-opasnost-po-hrvatsku\/\"]}]},{\"@type\":\"ImageObject\",\"inLanguage\":\"bs-BA\",\"@id\":\"https:\/\/zavnews.net\/index.php\/2017\/01\/18\/nema-razlike-izmedu-dodika-covica-s-tim-da-covic-opasnost-po-hrvatsku\/#primaryimage\",\"url\":\"https:\/\/zavnews.net\/wp-content\/uploads\/2017\/01\/domagoj-margetic.jpg\",\"contentUrl\":\"https:\/\/zavnews.net\/wp-content\/uploads\/2017\/01\/domagoj-margetic.jpg\",\"width\":760,\"height\":480},{\"@type\":\"BreadcrumbList\",\"@id\":\"https:\/\/zavnews.net\/index.php\/2017\/01\/18\/nema-razlike-izmedu-dodika-covica-s-tim-da-covic-opasnost-po-hrvatsku\/#breadcrumb\",\"itemListElement\":[{\"@type\":\"ListItem\",\"position\":1,\"name\":\"Po\u010detna stranica\",\"item\":\"https:\/\/zavnews.net\/\"},{\"@type\":\"ListItem\",\"position\":2,\"name\":\"Nema razlike izme\u0111u Dodika i \u010covi\u0107a, s tim da je \u010covi\u0107 opasnost i po Hrvatsku\"}]},{\"@type\":\"WebSite\",\"@id\":\"https:\/\/zavnews.net\/#website\",\"url\":\"https:\/\/zavnews.net\/\",\"name\":\"Zavnews\",\"description\":\"Zavidovi\u0107i\",\"publisher\":{\"@id\":\"https:\/\/zavnews.net\/#organization\"},\"potentialAction\":[{\"@type\":\"SearchAction\",\"target\":{\"@type\":\"EntryPoint\",\"urlTemplate\":\"https:\/\/zavnews.net\/?s={search_term_string}\"},\"query-input\":{\"@type\":\"PropertyValueSpecification\",\"valueRequired\":true,\"valueName\":\"search_term_string\"}}],\"inLanguage\":\"bs-BA\"},{\"@type\":\"Organization\",\"@id\":\"https:\/\/zavnews.net\/#organization\",\"name\":\"Zavidovi\u0107i\",\"url\":\"https:\/\/zavnews.net\/\",\"logo\":{\"@type\":\"ImageObject\",\"inLanguage\":\"bs-BA\",\"@id\":\"https:\/\/zavnews.net\/#\/schema\/logo\/image\/\",\"url\":\"https:\/\/zavnews.net\/wp-content\/uploads\/2021\/11\/cropped-cropped-cropped-cropped-Screenshot_1-removebg-preview-2.png\",\"contentUrl\":\"https:\/\/zavnews.net\/wp-content\/uploads\/2021\/11\/cropped-cropped-cropped-cropped-Screenshot_1-removebg-preview-2.png\",\"width\":841,\"height\":180,\"caption\":\"Zavidovi\u0107i\"},\"image\":{\"@id\":\"https:\/\/zavnews.net\/#\/schema\/logo\/image\/\"}},{\"@type\":\"Person\",\"@id\":\"https:\/\/zavnews.net\/#\/schema\/person\/2477577553b6626f3681ce4d32a6917f\",\"name\":\"zavnews\",\"image\":{\"@type\":\"ImageObject\",\"inLanguage\":\"bs-BA\",\"@id\":\"https:\/\/zavnews.net\/#\/schema\/person\/image\/\",\"url\":\"https:\/\/secure.gravatar.com\/avatar\/3d25e050de275ca74aa70a2e30eb6f6c?s=96&d=mm&r=g\",\"contentUrl\":\"https:\/\/secure.gravatar.com\/avatar\/3d25e050de275ca74aa70a2e30eb6f6c?s=96&d=mm&r=g\",\"caption\":\"zavnews\"}}]}<\/script>\n<!-- \/ Yoast SEO plugin. -->","yoast_head_json":{"title":"Nema razlike izme\u0111u Dodika i \u010covi\u0107a, s tim da je \u010covi\u0107 opasnost i po Hrvatsku - Zavnews","robots":{"index":"index","follow":"follow","max-snippet":"max-snippet:-1","max-image-preview":"max-image-preview:large","max-video-preview":"max-video-preview:-1"},"canonical":"https:\/\/zavnews.net\/index.php\/2017\/01\/18\/nema-razlike-izmedu-dodika-covica-s-tim-da-covic-opasnost-po-hrvatsku\/","og_locale":"bs_BA","og_type":"article","og_title":"Nema razlike izme\u0111u Dodika i \u010covi\u0107a, s tim da je \u010covi\u0107 opasnost i po Hrvatsku - Zavnews","og_description":"Domagoj Margeti\u0107, politi\u010dki analiti\u010dar, izjavio je da su Dodik i \u010covi\u0107 za Bosnu i Hercegovinu jednako opasni, s tim \u0161to je \u010covi\u0107 dodatno opasnost i po Hrvatsku.To su ljudi koji konstantno od Bosne i Hercegovine prave krizno \u017eari\u0161te, da bi...","og_url":"https:\/\/zavnews.net\/index.php\/2017\/01\/18\/nema-razlike-izmedu-dodika-covica-s-tim-da-covic-opasnost-po-hrvatsku\/","og_site_name":"Zavnews","article_published_time":"2017-01-18T16:11:07+00:00","og_image":[{"width":760,"height":480,"url":"https:\/\/zavnews.net\/wp-content\/uploads\/2017\/01\/domagoj-margetic.jpg","type":"image\/jpeg"}],"author":"zavnews","twitter_card":"summary_large_image","twitter_misc":{"Written by":"zavnews","Est. reading time":"1 minuta"},"schema":{"@context":"https:\/\/schema.org","@graph":[{"@type":"Article","@id":"https:\/\/zavnews.net\/index.php\/2017\/01\/18\/nema-razlike-izmedu-dodika-covica-s-tim-da-covic-opasnost-po-hrvatsku\/#article","isPartOf":{"@id":"https:\/\/zavnews.net\/index.php\/2017\/01\/18\/nema-razlike-izmedu-dodika-covica-s-tim-da-covic-opasnost-po-hrvatsku\/"},"author":{"name":"zavnews","@id":"https:\/\/zavnews.net\/#\/schema\/person\/2477577553b6626f3681ce4d32a6917f"},"headline":"Nema razlike izme\u0111u Dodika i \u010covi\u0107a, s tim da je \u010covi\u0107 opasnost i po Hrvatsku","datePublished":"2017-01-18T16:11:07+00:00","dateModified":"2017-01-18T16:11:07+00:00","mainEntityOfPage":{"@id":"https:\/\/zavnews.net\/index.php\/2017\/01\/18\/nema-razlike-izmedu-dodika-covica-s-tim-da-covic-opasnost-po-hrvatsku\/"},"wordCount":229,"commentCount":0,"publisher":{"@id":"https:\/\/zavnews.net\/#organization"},"image":{"@id":"https:\/\/zavnews.net\/index.php\/2017\/01\/18\/nema-razlike-izmedu-dodika-covica-s-tim-da-covic-opasnost-po-hrvatsku\/#primaryimage"},"thumbnailUrl":"https:\/\/zavnews.net\/wp-content\/uploads\/2017\/01\/domagoj-margetic.jpg","articleSection":["BiH","VIJESTI"],"inLanguage":"bs-BA","potentialAction":[{"@type":"CommentAction","name":"Comment","target":["https:\/\/zavnews.net\/index.php\/2017\/01\/18\/nema-razlike-izmedu-dodika-covica-s-tim-da-covic-opasnost-po-hrvatsku\/#respond"]}]},{"@type":"WebPage","@id":"https:\/\/zavnews.net\/index.php\/2017\/01\/18\/nema-razlike-izmedu-dodika-covica-s-tim-da-covic-opasnost-po-hrvatsku\/","url":"https:\/\/zavnews.net\/index.php\/2017\/01\/18\/nema-razlike-izmedu-dodika-covica-s-tim-da-covic-opasnost-po-hrvatsku\/","name":"Nema razlike izme\u0111u Dodika i \u010covi\u0107a, s tim da je \u010covi\u0107 opasnost i po Hrvatsku - Zavnews","isPartOf":{"@id":"https:\/\/zavnews.net\/#website"},"primaryImageOfPage":{"@id":"https:\/\/zavnews.net\/index.php\/2017\/01\/18\/nema-razlike-izmedu-dodika-covica-s-tim-da-covic-opasnost-po-hrvatsku\/#primaryimage"},"image":{"@id":"https:\/\/zavnews.net\/index.php\/2017\/01\/18\/nema-razlike-izmedu-dodika-covica-s-tim-da-covic-opasnost-po-hrvatsku\/#primaryimage"},"thumbnailUrl":"https:\/\/zavnews.net\/wp-content\/uploads\/2017\/01\/domagoj-margetic.jpg","datePublished":"2017-01-18T16:11:07+00:00","dateModified":"2017-01-18T16:11:07+00:00","breadcrumb":{"@id":"https:\/\/zavnews.net\/index.php\/2017\/01\/18\/nema-razlike-izmedu-dodika-covica-s-tim-da-covic-opasnost-po-hrvatsku\/#breadcrumb"},"inLanguage":"bs-BA","potentialAction":[{"@type":"ReadAction","target":["https:\/\/zavnews.net\/index.php\/2017\/01\/18\/nema-razlike-izmedu-dodika-covica-s-tim-da-covic-opasnost-po-hrvatsku\/"]}]},{"@type":"ImageObject","inLanguage":"bs-BA","@id":"https:\/\/zavnews.net\/index.php\/2017\/01\/18\/nema-razlike-izmedu-dodika-covica-s-tim-da-covic-opasnost-po-hrvatsku\/#primaryimage","url":"https:\/\/zavnews.net\/wp-content\/uploads\/2017\/01\/domagoj-margetic.jpg","contentUrl":"https:\/\/zavnews.net\/wp-content\/uploads\/2017\/01\/domagoj-margetic.jpg","width":760,"height":480},{"@type":"BreadcrumbList","@id":"https:\/\/zavnews.net\/index.php\/2017\/01\/18\/nema-razlike-izmedu-dodika-covica-s-tim-da-covic-opasnost-po-hrvatsku\/#breadcrumb","itemListElement":[{"@type":"ListItem","position":1,"name":"Po\u010detna stranica","item":"https:\/\/zavnews.net\/"},{"@type":"ListItem","position":2,"name":"Nema razlike izme\u0111u Dodika i \u010covi\u0107a, s tim da je \u010covi\u0107 opasnost i po Hrvatsku"}]},{"@type":"WebSite","@id":"https:\/\/zavnews.net\/#website","url":"https:\/\/zavnews.net\/","name":"Zavnews","description":"Zavidovi\u0107i","publisher":{"@id":"https:\/\/zavnews.net\/#organization"},"potentialAction":[{"@type":"SearchAction","target":{"@type":"EntryPoint","urlTemplate":"https:\/\/zavnews.net\/?s={search_term_string}"},"query-input":{"@type":"PropertyValueSpecification","valueRequired":true,"valueName":"search_term_string"}}],"inLanguage":"bs-BA"},{"@type":"Organization","@id":"https:\/\/zavnews.net\/#organization","name":"Zavidovi\u0107i","url":"https:\/\/zavnews.net\/","logo":{"@type":"ImageObject","inLanguage":"bs-BA","@id":"https:\/\/zavnews.net\/#\/schema\/logo\/image\/","url":"https:\/\/zavnews.net\/wp-content\/uploads\/2021\/11\/cropped-cropped-cropped-cropped-Screenshot_1-removebg-preview-2.png","contentUrl":"https:\/\/zavnews.net\/wp-content\/uploads\/2021\/11\/cropped-cropped-cropped-cropped-Screenshot_1-removebg-preview-2.png","width":841,"height":180,"caption":"Zavidovi\u0107i"},"image":{"@id":"https:\/\/zavnews.net\/#\/schema\/logo\/image\/"}},{"@type":"Person","@id":"https:\/\/zavnews.net\/#\/schema\/person\/2477577553b6626f3681ce4d32a6917f","name":"zavnews","image":{"@type":"ImageObject","inLanguage":"bs-BA","@id":"https:\/\/zavnews.net\/#\/schema\/person\/image\/","url":"https:\/\/secure.gravatar.com\/avatar\/3d25e050de275ca74aa70a2e30eb6f6c?s=96&d=mm&r=g","contentUrl":"https:\/\/secure.gravatar.com\/avatar\/3d25e050de275ca74aa70a2e30eb6f6c?s=96&d=mm&r=g","caption":"zavnews"}}]}},"_links":{"self":[{"href":"https:\/\/zavnews.net\/index.php\/wp-json\/wp\/v2\/posts\/2194"}],"collection":[{"href":"https:\/\/zavnews.net\/index.php\/wp-json\/wp\/v2\/posts"}],"about":[{"href":"https:\/\/zavnews.net\/index.php\/wp-json\/wp\/v2\/types\/post"}],"author":[{"embeddable":true,"href":"https:\/\/zavnews.net\/index.php\/wp-json\/wp\/v2\/users\/1"}],"replies":[{"embeddable":true,"href":"https:\/\/zavnews.net\/index.php\/wp-json\/wp\/v2\/comments?post=2194"}],"version-history":[{"count":2,"href":"https:\/\/zavnews.net\/index.php\/wp-json\/wp\/v2\/posts\/2194\/revisions"}],"predecessor-version":[{"id":2197,"href":"https:\/\/zavnews.net\/index.php\/wp-json\/wp\/v2\/posts\/2194\/revisions\/2197"}],"wp:featuredmedia":[{"embeddable":true,"href":"https:\/\/zavnews.net\/index.php\/wp-json\/wp\/v2\/media\/2195"}],"wp:attachment":[{"href":"https:\/\/zavnews.net\/index.php\/wp-json\/wp\/v2\/media?parent=2194"}],"wp:term":[{"taxonomy":"category","embeddable":true,"href":"https:\/\/zavnews.net\/index.php\/wp-json\/wp\/v2\/categories?post=2194"},{"taxonomy":"post_tag","embeddable":true,"href":"https:\/\/zavnews.net\/index.php\/wp-json\/wp\/v2\/tags?post=2194"}],"curies":[{"name":"wp","href":"https:\/\/api.w.org\/{rel}","templated":true}]}}