{"id":1437,"date":"2017-01-06T22:09:24","date_gmt":"2017-01-06T21:09:24","guid":{"rendered":"http:\/\/zavnews.net\/?p=1437"},"modified":"2017-01-06T22:09:24","modified_gmt":"2017-01-06T21:09:24","slug":"svecano-danas-bilo-novom-dzematu-ribnica","status":"publish","type":"post","link":"https:\/\/zavnews.net\/index.php\/2017\/01\/06\/svecano-danas-bilo-novom-dzematu-ribnica\/","title":{"rendered":"Sve\u010dano je danas bilo u novom d\u017eematu &#8220;Ribnica&#8221;"},"content":{"rendered":"<div class=\"fcbkbttn_buttons_block\" id=\"fcbkbttn_left\"><div class=\"fcbkbttn_button\">\n\t\t\t\t\t<a href=\"https:\/\/www.facebook.com\/www.zavnews.net\/\" target=\"_blank\">\n\t\t\t\t\t\t<img decoding=\"async\" src=\"https:\/\/zavnews.net\/wp-content\/plugins\/facebook-button-plugin\/images\/standard-facebook-ico.png\" alt=\"Fb-Button\" \/>\n\t\t\t\t\t<\/a>\n\t\t\t\t<\/div><div class=\"fcbkbttn_like \"><fb:like href=\"https:\/\/zavnews.net\/index.php\/2017\/01\/06\/svecano-danas-bilo-novom-dzematu-ribnica\/\" action=\"like\" colorscheme=\"light\" layout=\"standard\"  width=\"450px\" size=\"small\"><\/fb:like><\/div><div class=\"fb-share-button  \" data-href=\"https:\/\/zavnews.net\/index.php\/2017\/01\/06\/svecano-danas-bilo-novom-dzematu-ribnica\/\" data-type=\"button_count\" data-size=\"small\"><\/div><\/div><p style=\"text-align: justify;\"><img loading=\"lazy\" decoding=\"async\" class=\"aligncenter  wp-image-1438\" src=\"http:\/\/zavnews.net\/wp-content\/uploads\/2017\/01\/15894305_1405807302772276_6797046024824732206_n.jpg\" alt=\"\" width=\"828\" height=\"523\" srcset=\"https:\/\/zavnews.net\/wp-content\/uploads\/2017\/01\/15894305_1405807302772276_6797046024824732206_n.jpg 760w, https:\/\/zavnews.net\/wp-content\/uploads\/2017\/01\/15894305_1405807302772276_6797046024824732206_n-600x379.jpg 600w, https:\/\/zavnews.net\/wp-content\/uploads\/2017\/01\/15894305_1405807302772276_6797046024824732206_n-300x189.jpg 300w, https:\/\/zavnews.net\/wp-content\/uploads\/2017\/01\/15894305_1405807302772276_6797046024824732206_n-410x260.jpg 410w\" sizes=\"(max-width: 828px) 100vw, 828px\" \/><\/p>\n<p style=\"text-align: justify;\"><strong>Danas je u Ribnici u novosagra\u0111enoj d\u017eamiji, klanjana prva d\u017euma namaz, i time ozvani\u010dena uspostava novog d\u017eemata na podru\u010dju Med\u017elisa islamske zajednice Zavidovi\u0107i. <\/strong><\/p>\n<p style=\"text-align: justify;\">Nakon vi\u0161e godina gradnje, odlu\u010dnosti i upornosti mje\u0161tana Ribnice, ova prelijepa d\u017eamija ugostila je danas svoje d\u017eematlije, koji su do\u0161li obaviti svoju islamsku du\u017enost, i time upotpuniti slavlje i radost povodom osnivanja novog d\u017eemata \u201eRibnica\u201c.<\/p>\n<p style=\"text-align: justify;\">Naime, od 01.01.2017.g. formiran je novi d\u017eemat \u201eRibnica\u201c, od dijela d\u017eemata koji je do tada pripadao d\u017eematu Brezova\u010da-Ribnica. Do ovog datuma, Ribnica je bila u sastavu Med\u017elisa islamske zajednice Banovi\u0107i. Ovo \u0107e svakako ostati dan za pam\u0107enje sada\u0161njih i budu\u0107ih generacija u novom d\u017eematu, a sude\u0107i po posjeti dana\u0161njoj d\u017eumi, mje\u0161tani i d\u017eematlije d\u017eemata Ribnica, dostojni su veli\u010dine i zna\u010daja dana\u0161njeg dana.<\/p>\n<p style=\"text-align: justify;\">D\u017eematlijama d\u017eemata Ribnica od srca \u010destitamo na svemu \u0161to \u010dine za svoju Ribnicu, a mnogo je projekata i akcija koje su oni u posljednjih nekoliko godina uradili, i pokazali svima nama da se zajedni\u010dkim radom mnogo toga mo\u017ee uraditi, na radost i zadovoljstvo svih koji dijele zajedni\u010dki prostor i sudbinu.<\/p>\n<div id='gallery-1' class='gallery galleryid-1437 gallery-columns-3 gallery-size-large'><figure class='gallery-item'>\n\t\t\t<div class='gallery-icon landscape'>\n\t\t\t\t<a href='https:\/\/zavnews.net\/wp-content\/uploads\/2017\/01\/15823551_1405807512772255_6792352549445006334_n.jpg'><img loading=\"lazy\" decoding=\"async\" width=\"640\" height=\"404\" src=\"https:\/\/zavnews.net\/wp-content\/uploads\/2017\/01\/15823551_1405807512772255_6792352549445006334_n.jpg\" class=\"attachment-large size-large\" alt=\"\" srcset=\"https:\/\/zavnews.net\/wp-content\/uploads\/2017\/01\/15823551_1405807512772255_6792352549445006334_n.jpg 760w, https:\/\/zavnews.net\/wp-content\/uploads\/2017\/01\/15823551_1405807512772255_6792352549445006334_n-600x379.jpg 600w, https:\/\/zavnews.net\/wp-content\/uploads\/2017\/01\/15823551_1405807512772255_6792352549445006334_n-300x189.jpg 300w, https:\/\/zavnews.net\/wp-content\/uploads\/2017\/01\/15823551_1405807512772255_6792352549445006334_n-410x260.jpg 410w\" sizes=\"(max-width: 640px) 100vw, 640px\" \/><\/a>\n\t\t\t<\/div><\/figure><figure class='gallery-item'>\n\t\t\t<div class='gallery-icon landscape'>\n\t\t\t\t<a href='https:\/\/zavnews.net\/wp-content\/uploads\/2017\/01\/15826383_1405807362772270_9007271486319048485_n.jpg'><img loading=\"lazy\" decoding=\"async\" width=\"640\" height=\"404\" src=\"https:\/\/zavnews.net\/wp-content\/uploads\/2017\/01\/15826383_1405807362772270_9007271486319048485_n.jpg\" class=\"attachment-large size-large\" alt=\"\" srcset=\"https:\/\/zavnews.net\/wp-content\/uploads\/2017\/01\/15826383_1405807362772270_9007271486319048485_n.jpg 760w, https:\/\/zavnews.net\/wp-content\/uploads\/2017\/01\/15826383_1405807362772270_9007271486319048485_n-600x379.jpg 600w, https:\/\/zavnews.net\/wp-content\/uploads\/2017\/01\/15826383_1405807362772270_9007271486319048485_n-300x189.jpg 300w, https:\/\/zavnews.net\/wp-content\/uploads\/2017\/01\/15826383_1405807362772270_9007271486319048485_n-410x260.jpg 410w\" sizes=\"(max-width: 640px) 100vw, 640px\" \/><\/a>\n\t\t\t<\/div><\/figure><figure class='gallery-item'>\n\t\t\t<div class='gallery-icon portrait'>\n\t\t\t\t<a href='https:\/\/zavnews.net\/wp-content\/uploads\/2017\/01\/15826689_1405807159438957_3986522440831820098_n.jpg'><img loading=\"lazy\" decoding=\"async\" width=\"360\" height=\"480\" src=\"https:\/\/zavnews.net\/wp-content\/uploads\/2017\/01\/15826689_1405807159438957_3986522440831820098_n.jpg\" class=\"attachment-large size-large\" alt=\"\" srcset=\"https:\/\/zavnews.net\/wp-content\/uploads\/2017\/01\/15826689_1405807159438957_3986522440831820098_n.jpg 360w, https:\/\/zavnews.net\/wp-content\/uploads\/2017\/01\/15826689_1405807159438957_3986522440831820098_n-225x300.jpg 225w\" sizes=\"(max-width: 360px) 100vw, 360px\" \/><\/a>\n\t\t\t<\/div><\/figure><figure class='gallery-item'>\n\t\t\t<div class='gallery-icon landscape'>\n\t\t\t\t<a href='https:\/\/zavnews.net\/wp-content\/uploads\/2017\/01\/15873279_1405807432772263_7890517984164926371_n-1.jpg'><img loading=\"lazy\" decoding=\"async\" width=\"640\" height=\"404\" src=\"https:\/\/zavnews.net\/wp-content\/uploads\/2017\/01\/15873279_1405807432772263_7890517984164926371_n-1.jpg\" class=\"attachment-large size-large\" alt=\"\" srcset=\"https:\/\/zavnews.net\/wp-content\/uploads\/2017\/01\/15873279_1405807432772263_7890517984164926371_n-1.jpg 760w, https:\/\/zavnews.net\/wp-content\/uploads\/2017\/01\/15873279_1405807432772263_7890517984164926371_n-1-600x379.jpg 600w, https:\/\/zavnews.net\/wp-content\/uploads\/2017\/01\/15873279_1405807432772263_7890517984164926371_n-1-300x189.jpg 300w, https:\/\/zavnews.net\/wp-content\/uploads\/2017\/01\/15873279_1405807432772263_7890517984164926371_n-1-410x260.jpg 410w\" sizes=\"(max-width: 640px) 100vw, 640px\" \/><\/a>\n\t\t\t<\/div><\/figure><figure class='gallery-item'>\n\t\t\t<div class='gallery-icon landscape'>\n\t\t\t\t<a href='https:\/\/zavnews.net\/wp-content\/uploads\/2017\/01\/15873279_1405807432772263_7890517984164926371_n.jpg'><img loading=\"lazy\" decoding=\"async\" width=\"640\" height=\"404\" src=\"https:\/\/zavnews.net\/wp-content\/uploads\/2017\/01\/15873279_1405807432772263_7890517984164926371_n.jpg\" class=\"attachment-large size-large\" alt=\"\" srcset=\"https:\/\/zavnews.net\/wp-content\/uploads\/2017\/01\/15873279_1405807432772263_7890517984164926371_n.jpg 760w, https:\/\/zavnews.net\/wp-content\/uploads\/2017\/01\/15873279_1405807432772263_7890517984164926371_n-600x379.jpg 600w, https:\/\/zavnews.net\/wp-content\/uploads\/2017\/01\/15873279_1405807432772263_7890517984164926371_n-300x189.jpg 300w, https:\/\/zavnews.net\/wp-content\/uploads\/2017\/01\/15873279_1405807432772263_7890517984164926371_n-410x260.jpg 410w\" sizes=\"(max-width: 640px) 100vw, 640px\" \/><\/a>\n\t\t\t<\/div><\/figure><figure class='gallery-item'>\n\t\t\t<div class='gallery-icon landscape'>\n\t\t\t\t<a href='https:\/\/zavnews.net\/wp-content\/uploads\/2017\/01\/15894305_1405807302772276_6797046024824732206_n-1.jpg'><img loading=\"lazy\" decoding=\"async\" width=\"640\" height=\"404\" src=\"https:\/\/zavnews.net\/wp-content\/uploads\/2017\/01\/15894305_1405807302772276_6797046024824732206_n-1.jpg\" class=\"attachment-large size-large\" alt=\"\" srcset=\"https:\/\/zavnews.net\/wp-content\/uploads\/2017\/01\/15894305_1405807302772276_6797046024824732206_n-1.jpg 760w, https:\/\/zavnews.net\/wp-content\/uploads\/2017\/01\/15894305_1405807302772276_6797046024824732206_n-1-600x379.jpg 600w, https:\/\/zavnews.net\/wp-content\/uploads\/2017\/01\/15894305_1405807302772276_6797046024824732206_n-1-300x189.jpg 300w, https:\/\/zavnews.net\/wp-content\/uploads\/2017\/01\/15894305_1405807302772276_6797046024824732206_n-1-410x260.jpg 410w\" sizes=\"(max-width: 640px) 100vw, 640px\" \/><\/a>\n\t\t\t<\/div><\/figure><figure class='gallery-item'>\n\t\t\t<div class='gallery-icon portrait'>\n\t\t\t\t<a href='https:\/\/zavnews.net\/wp-content\/uploads\/2017\/01\/15871697_1405807206105619_7719068085958570270_n.jpg'><img loading=\"lazy\" decoding=\"async\" width=\"640\" height=\"853\" src=\"https:\/\/zavnews.net\/wp-content\/uploads\/2017\/01\/15871697_1405807206105619_7719068085958570270_n.jpg\" class=\"attachment-large size-large\" alt=\"\" srcset=\"https:\/\/zavnews.net\/wp-content\/uploads\/2017\/01\/15871697_1405807206105619_7719068085958570270_n.jpg 720w, https:\/\/zavnews.net\/wp-content\/uploads\/2017\/01\/15871697_1405807206105619_7719068085958570270_n-600x800.jpg 600w, https:\/\/zavnews.net\/wp-content\/uploads\/2017\/01\/15871697_1405807206105619_7719068085958570270_n-225x300.jpg 225w\" sizes=\"(max-width: 640px) 100vw, 640px\" \/><\/a>\n\t\t\t<\/div><\/figure><figure class='gallery-item'>\n\t\t\t<div class='gallery-icon portrait'>\n\t\t\t\t<a href='https:\/\/zavnews.net\/wp-content\/uploads\/2017\/01\/15894748_1405807262772280_7425371156862652019_n.jpg'><img loading=\"lazy\" decoding=\"async\" width=\"540\" height=\"960\" src=\"https:\/\/zavnews.net\/wp-content\/uploads\/2017\/01\/15894748_1405807262772280_7425371156862652019_n.jpg\" class=\"attachment-large size-large\" alt=\"\" srcset=\"https:\/\/zavnews.net\/wp-content\/uploads\/2017\/01\/15894748_1405807262772280_7425371156862652019_n.jpg 540w, https:\/\/zavnews.net\/wp-content\/uploads\/2017\/01\/15894748_1405807262772280_7425371156862652019_n-169x300.jpg 169w\" sizes=\"(max-width: 540px) 100vw, 540px\" \/><\/a>\n\t\t\t<\/div><\/figure><figure class='gallery-item'>\n\t\t\t<div class='gallery-icon landscape'>\n\t\t\t\t<a href='https:\/\/zavnews.net\/wp-content\/uploads\/2017\/01\/15940805_1405807579438915_8493739143379006424_n.jpg'><img loading=\"lazy\" decoding=\"async\" width=\"640\" height=\"404\" src=\"https:\/\/zavnews.net\/wp-content\/uploads\/2017\/01\/15940805_1405807579438915_8493739143379006424_n.jpg\" class=\"attachment-large size-large\" alt=\"\" srcset=\"https:\/\/zavnews.net\/wp-content\/uploads\/2017\/01\/15940805_1405807579438915_8493739143379006424_n.jpg 760w, https:\/\/zavnews.net\/wp-content\/uploads\/2017\/01\/15940805_1405807579438915_8493739143379006424_n-600x379.jpg 600w, https:\/\/zavnews.net\/wp-content\/uploads\/2017\/01\/15940805_1405807579438915_8493739143379006424_n-300x189.jpg 300w, https:\/\/zavnews.net\/wp-content\/uploads\/2017\/01\/15940805_1405807579438915_8493739143379006424_n-410x260.jpg 410w\" sizes=\"(max-width: 640px) 100vw, 640px\" \/><\/a>\n\t\t\t<\/div><\/figure>\n\t\t<\/div>\n\n<p style=\"text-align: justify;\">\n<p>&nbsp;<\/p>\n<div class=\"fcbkbttn_buttons_block\" id=\"fcbkbttn_left\"><div class=\"fcbkbttn_button\">\n\t\t\t\t\t<a href=\"https:\/\/www.facebook.com\/www.zavnews.net\/\" target=\"_blank\">\n\t\t\t\t\t\t<img decoding=\"async\" src=\"https:\/\/zavnews.net\/wp-content\/plugins\/facebook-button-plugin\/images\/standard-facebook-ico.png\" alt=\"Fb-Button\" \/>\n\t\t\t\t\t<\/a>\n\t\t\t\t<\/div><div class=\"fcbkbttn_like \"><fb:like href=\"https:\/\/zavnews.net\/index.php\/2017\/01\/06\/svecano-danas-bilo-novom-dzematu-ribnica\/\" action=\"like\" colorscheme=\"light\" layout=\"standard\"  width=\"450px\" size=\"small\"><\/fb:like><\/div><div class=\"fb-share-button  \" data-href=\"https:\/\/zavnews.net\/index.php\/2017\/01\/06\/svecano-danas-bilo-novom-dzematu-ribnica\/\" data-type=\"button_count\" data-size=\"small\"><\/div><\/div>","protected":false},"excerpt":{"rendered":"<div class=\"fcbkbttn_buttons_block\" id=\"fcbkbttn_left\"><div class=\"fcbkbttn_button\">\n\t\t\t\t\t<a href=\"https:\/\/www.facebook.com\/www.zavnews.net\/\" target=\"_blank\">\n\t\t\t\t\t\t<img decoding=\"async\" src=\"https:\/\/zavnews.net\/wp-content\/plugins\/facebook-button-plugin\/images\/standard-facebook-ico.png\" alt=\"Fb-Button\" \/>\n\t\t\t\t\t<\/a>\n\t\t\t\t<\/div><div class=\"fcbkbttn_like \"><fb:like href=\"https:\/\/zavnews.net\/index.php\/2017\/01\/06\/svecano-danas-bilo-novom-dzematu-ribnica\/\" action=\"like\" colorscheme=\"light\" layout=\"standard\"  width=\"450px\" size=\"small\"><\/fb:like><\/div><div class=\"fb-share-button  \" data-href=\"https:\/\/zavnews.net\/index.php\/2017\/01\/06\/svecano-danas-bilo-novom-dzematu-ribnica\/\" data-type=\"button_count\" data-size=\"small\"><\/div><\/div><p>Danas je u Ribnici u novosagra\u0111enoj d\u017eamiji, klanjana prva d\u017euma namaz, i time ozvani\u010dena uspostava novog d\u017eemata na podru\u010dju Med\u017elisa islamske zajednice Zavidovi\u0107i. Nakon vi\u0161e godina gradnje, odlu\u010dnosti i upornosti mje\u0161tana Ribnice, ova prelijepa d\u017eamija ugostila je danas svoje d\u017eematlije,&#8230;<\/p>\n<div class=\"fcbkbttn_buttons_block\" id=\"fcbkbttn_left\"><div class=\"fcbkbttn_button\">\n\t\t\t\t\t<a href=\"https:\/\/www.facebook.com\/www.zavnews.net\/\" target=\"_blank\">\n\t\t\t\t\t\t<img decoding=\"async\" src=\"https:\/\/zavnews.net\/wp-content\/plugins\/facebook-button-plugin\/images\/standard-facebook-ico.png\" alt=\"Fb-Button\" \/>\n\t\t\t\t\t<\/a>\n\t\t\t\t<\/div><div class=\"fcbkbttn_like \"><fb:like href=\"https:\/\/zavnews.net\/index.php\/2017\/01\/06\/svecano-danas-bilo-novom-dzematu-ribnica\/\" action=\"like\" colorscheme=\"light\" layout=\"standard\"  width=\"450px\" size=\"small\"><\/fb:like><\/div><div class=\"fb-share-button  \" data-href=\"https:\/\/zavnews.net\/index.php\/2017\/01\/06\/svecano-danas-bilo-novom-dzematu-ribnica\/\" data-type=\"button_count\" data-size=\"small\"><\/div><\/div>","protected":false},"author":1,"featured_media":1438,"comment_status":"open","ping_status":"open","sticky":false,"template":"","format":"standard","meta":{"footnotes":""},"categories":[19,3,18],"tags":[],"yoast_head":"<!-- This site is optimized with the Yoast SEO plugin v23.5 - https:\/\/yoast.com\/wordpress\/plugins\/seo\/ -->\n<title>Sve\u010dano je danas bilo u novom d\u017eematu &quot;Ribnica&quot; - Zavnews<\/title>\n<meta name=\"robots\" content=\"index, follow, max-snippet:-1, max-image-preview:large, max-video-preview:-1\" \/>\n<link rel=\"canonical\" href=\"https:\/\/zavnews.net\/index.php\/2017\/01\/06\/svecano-danas-bilo-novom-dzematu-ribnica\/\" \/>\n<meta property=\"og:locale\" content=\"bs_BA\" \/>\n<meta property=\"og:type\" content=\"article\" \/>\n<meta property=\"og:title\" content=\"Sve\u010dano je danas bilo u novom d\u017eematu &quot;Ribnica&quot; - Zavnews\" \/>\n<meta property=\"og:description\" content=\"Danas je u Ribnici u novosagra\u0111enoj d\u017eamiji, klanjana prva d\u017euma namaz, i time ozvani\u010dena uspostava novog d\u017eemata na podru\u010dju Med\u017elisa islamske zajednice Zavidovi\u0107i. Nakon vi\u0161e godina gradnje, odlu\u010dnosti i upornosti mje\u0161tana Ribnice, ova prelijepa d\u017eamija ugostila je danas svoje d\u017eematlije,...\" \/>\n<meta property=\"og:url\" content=\"https:\/\/zavnews.net\/index.php\/2017\/01\/06\/svecano-danas-bilo-novom-dzematu-ribnica\/\" \/>\n<meta property=\"og:site_name\" content=\"Zavnews\" \/>\n<meta property=\"article:published_time\" content=\"2017-01-06T21:09:24+00:00\" \/>\n<meta property=\"og:image\" content=\"https:\/\/zavnews.net\/wp-content\/uploads\/2017\/01\/15894305_1405807302772276_6797046024824732206_n.jpg\" \/>\n\t<meta property=\"og:image:width\" content=\"760\" \/>\n\t<meta property=\"og:image:height\" content=\"480\" \/>\n\t<meta property=\"og:image:type\" content=\"image\/jpeg\" \/>\n<meta name=\"author\" content=\"zavnews\" \/>\n<meta name=\"twitter:card\" content=\"summary_large_image\" \/>\n<meta name=\"twitter:label1\" content=\"Written by\" \/>\n\t<meta name=\"twitter:data1\" content=\"zavnews\" \/>\n\t<meta name=\"twitter:label2\" content=\"Est. reading time\" \/>\n\t<meta name=\"twitter:data2\" content=\"1 minuta\" \/>\n<script type=\"application\/ld+json\" class=\"yoast-schema-graph\">{\"@context\":\"https:\/\/schema.org\",\"@graph\":[{\"@type\":\"Article\",\"@id\":\"https:\/\/zavnews.net\/index.php\/2017\/01\/06\/svecano-danas-bilo-novom-dzematu-ribnica\/#article\",\"isPartOf\":{\"@id\":\"https:\/\/zavnews.net\/index.php\/2017\/01\/06\/svecano-danas-bilo-novom-dzematu-ribnica\/\"},\"author\":{\"name\":\"zavnews\",\"@id\":\"https:\/\/zavnews.net\/#\/schema\/person\/2477577553b6626f3681ce4d32a6917f\"},\"headline\":\"Sve\u010dano je danas bilo u novom d\u017eematu &#8220;Ribnica&#8221;\",\"datePublished\":\"2017-01-06T21:09:24+00:00\",\"dateModified\":\"2017-01-06T21:09:24+00:00\",\"mainEntityOfPage\":{\"@id\":\"https:\/\/zavnews.net\/index.php\/2017\/01\/06\/svecano-danas-bilo-novom-dzematu-ribnica\/\"},\"wordCount\":227,\"commentCount\":0,\"publisher\":{\"@id\":\"https:\/\/zavnews.net\/#organization\"},\"image\":{\"@id\":\"https:\/\/zavnews.net\/index.php\/2017\/01\/06\/svecano-danas-bilo-novom-dzematu-ribnica\/#primaryimage\"},\"thumbnailUrl\":\"https:\/\/zavnews.net\/wp-content\/uploads\/2017\/01\/15894305_1405807302772276_6797046024824732206_n.jpg\",\"articleSection\":[\"DUHOVNOST\",\"VIJESTI\",\"zavidovi\u0107i\"],\"inLanguage\":\"bs-BA\",\"potentialAction\":[{\"@type\":\"CommentAction\",\"name\":\"Comment\",\"target\":[\"https:\/\/zavnews.net\/index.php\/2017\/01\/06\/svecano-danas-bilo-novom-dzematu-ribnica\/#respond\"]}]},{\"@type\":\"WebPage\",\"@id\":\"https:\/\/zavnews.net\/index.php\/2017\/01\/06\/svecano-danas-bilo-novom-dzematu-ribnica\/\",\"url\":\"https:\/\/zavnews.net\/index.php\/2017\/01\/06\/svecano-danas-bilo-novom-dzematu-ribnica\/\",\"name\":\"Sve\u010dano je danas bilo u novom d\u017eematu \\\"Ribnica\\\" - Zavnews\",\"isPartOf\":{\"@id\":\"https:\/\/zavnews.net\/#website\"},\"primaryImageOfPage\":{\"@id\":\"https:\/\/zavnews.net\/index.php\/2017\/01\/06\/svecano-danas-bilo-novom-dzematu-ribnica\/#primaryimage\"},\"image\":{\"@id\":\"https:\/\/zavnews.net\/index.php\/2017\/01\/06\/svecano-danas-bilo-novom-dzematu-ribnica\/#primaryimage\"},\"thumbnailUrl\":\"https:\/\/zavnews.net\/wp-content\/uploads\/2017\/01\/15894305_1405807302772276_6797046024824732206_n.jpg\",\"datePublished\":\"2017-01-06T21:09:24+00:00\",\"dateModified\":\"2017-01-06T21:09:24+00:00\",\"breadcrumb\":{\"@id\":\"https:\/\/zavnews.net\/index.php\/2017\/01\/06\/svecano-danas-bilo-novom-dzematu-ribnica\/#breadcrumb\"},\"inLanguage\":\"bs-BA\",\"potentialAction\":[{\"@type\":\"ReadAction\",\"target\":[\"https:\/\/zavnews.net\/index.php\/2017\/01\/06\/svecano-danas-bilo-novom-dzematu-ribnica\/\"]}]},{\"@type\":\"ImageObject\",\"inLanguage\":\"bs-BA\",\"@id\":\"https:\/\/zavnews.net\/index.php\/2017\/01\/06\/svecano-danas-bilo-novom-dzematu-ribnica\/#primaryimage\",\"url\":\"https:\/\/zavnews.net\/wp-content\/uploads\/2017\/01\/15894305_1405807302772276_6797046024824732206_n.jpg\",\"contentUrl\":\"https:\/\/zavnews.net\/wp-content\/uploads\/2017\/01\/15894305_1405807302772276_6797046024824732206_n.jpg\",\"width\":760,\"height\":480},{\"@type\":\"BreadcrumbList\",\"@id\":\"https:\/\/zavnews.net\/index.php\/2017\/01\/06\/svecano-danas-bilo-novom-dzematu-ribnica\/#breadcrumb\",\"itemListElement\":[{\"@type\":\"ListItem\",\"position\":1,\"name\":\"Po\u010detna stranica\",\"item\":\"https:\/\/zavnews.net\/\"},{\"@type\":\"ListItem\",\"position\":2,\"name\":\"Sve\u010dano je danas bilo u novom d\u017eematu &#8220;Ribnica&#8221;\"}]},{\"@type\":\"WebSite\",\"@id\":\"https:\/\/zavnews.net\/#website\",\"url\":\"https:\/\/zavnews.net\/\",\"name\":\"Zavnews\",\"description\":\"Zavidovi\u0107i\",\"publisher\":{\"@id\":\"https:\/\/zavnews.net\/#organization\"},\"potentialAction\":[{\"@type\":\"SearchAction\",\"target\":{\"@type\":\"EntryPoint\",\"urlTemplate\":\"https:\/\/zavnews.net\/?s={search_term_string}\"},\"query-input\":{\"@type\":\"PropertyValueSpecification\",\"valueRequired\":true,\"valueName\":\"search_term_string\"}}],\"inLanguage\":\"bs-BA\"},{\"@type\":\"Organization\",\"@id\":\"https:\/\/zavnews.net\/#organization\",\"name\":\"Zavidovi\u0107i\",\"url\":\"https:\/\/zavnews.net\/\",\"logo\":{\"@type\":\"ImageObject\",\"inLanguage\":\"bs-BA\",\"@id\":\"https:\/\/zavnews.net\/#\/schema\/logo\/image\/\",\"url\":\"https:\/\/zavnews.net\/wp-content\/uploads\/2021\/11\/cropped-cropped-cropped-cropped-Screenshot_1-removebg-preview-2.png\",\"contentUrl\":\"https:\/\/zavnews.net\/wp-content\/uploads\/2021\/11\/cropped-cropped-cropped-cropped-Screenshot_1-removebg-preview-2.png\",\"width\":841,\"height\":180,\"caption\":\"Zavidovi\u0107i\"},\"image\":{\"@id\":\"https:\/\/zavnews.net\/#\/schema\/logo\/image\/\"}},{\"@type\":\"Person\",\"@id\":\"https:\/\/zavnews.net\/#\/schema\/person\/2477577553b6626f3681ce4d32a6917f\",\"name\":\"zavnews\",\"image\":{\"@type\":\"ImageObject\",\"inLanguage\":\"bs-BA\",\"@id\":\"https:\/\/zavnews.net\/#\/schema\/person\/image\/\",\"url\":\"https:\/\/secure.gravatar.com\/avatar\/3d25e050de275ca74aa70a2e30eb6f6c?s=96&d=mm&r=g\",\"contentUrl\":\"https:\/\/secure.gravatar.com\/avatar\/3d25e050de275ca74aa70a2e30eb6f6c?s=96&d=mm&r=g\",\"caption\":\"zavnews\"}}]}<\/script>\n<!-- \/ Yoast SEO plugin. -->","yoast_head_json":{"title":"Sve\u010dano je danas bilo u novom d\u017eematu \"Ribnica\" - Zavnews","robots":{"index":"index","follow":"follow","max-snippet":"max-snippet:-1","max-image-preview":"max-image-preview:large","max-video-preview":"max-video-preview:-1"},"canonical":"https:\/\/zavnews.net\/index.php\/2017\/01\/06\/svecano-danas-bilo-novom-dzematu-ribnica\/","og_locale":"bs_BA","og_type":"article","og_title":"Sve\u010dano je danas bilo u novom d\u017eematu \"Ribnica\" - Zavnews","og_description":"Danas je u Ribnici u novosagra\u0111enoj d\u017eamiji, klanjana prva d\u017euma namaz, i time ozvani\u010dena uspostava novog d\u017eemata na podru\u010dju Med\u017elisa islamske zajednice Zavidovi\u0107i. Nakon vi\u0161e godina gradnje, odlu\u010dnosti i upornosti mje\u0161tana Ribnice, ova prelijepa d\u017eamija ugostila je danas svoje d\u017eematlije,...","og_url":"https:\/\/zavnews.net\/index.php\/2017\/01\/06\/svecano-danas-bilo-novom-dzematu-ribnica\/","og_site_name":"Zavnews","article_published_time":"2017-01-06T21:09:24+00:00","og_image":[{"width":760,"height":480,"url":"https:\/\/zavnews.net\/wp-content\/uploads\/2017\/01\/15894305_1405807302772276_6797046024824732206_n.jpg","type":"image\/jpeg"}],"author":"zavnews","twitter_card":"summary_large_image","twitter_misc":{"Written by":"zavnews","Est. reading time":"1 minuta"},"schema":{"@context":"https:\/\/schema.org","@graph":[{"@type":"Article","@id":"https:\/\/zavnews.net\/index.php\/2017\/01\/06\/svecano-danas-bilo-novom-dzematu-ribnica\/#article","isPartOf":{"@id":"https:\/\/zavnews.net\/index.php\/2017\/01\/06\/svecano-danas-bilo-novom-dzematu-ribnica\/"},"author":{"name":"zavnews","@id":"https:\/\/zavnews.net\/#\/schema\/person\/2477577553b6626f3681ce4d32a6917f"},"headline":"Sve\u010dano je danas bilo u novom d\u017eematu &#8220;Ribnica&#8221;","datePublished":"2017-01-06T21:09:24+00:00","dateModified":"2017-01-06T21:09:24+00:00","mainEntityOfPage":{"@id":"https:\/\/zavnews.net\/index.php\/2017\/01\/06\/svecano-danas-bilo-novom-dzematu-ribnica\/"},"wordCount":227,"commentCount":0,"publisher":{"@id":"https:\/\/zavnews.net\/#organization"},"image":{"@id":"https:\/\/zavnews.net\/index.php\/2017\/01\/06\/svecano-danas-bilo-novom-dzematu-ribnica\/#primaryimage"},"thumbnailUrl":"https:\/\/zavnews.net\/wp-content\/uploads\/2017\/01\/15894305_1405807302772276_6797046024824732206_n.jpg","articleSection":["DUHOVNOST","VIJESTI","zavidovi\u0107i"],"inLanguage":"bs-BA","potentialAction":[{"@type":"CommentAction","name":"Comment","target":["https:\/\/zavnews.net\/index.php\/2017\/01\/06\/svecano-danas-bilo-novom-dzematu-ribnica\/#respond"]}]},{"@type":"WebPage","@id":"https:\/\/zavnews.net\/index.php\/2017\/01\/06\/svecano-danas-bilo-novom-dzematu-ribnica\/","url":"https:\/\/zavnews.net\/index.php\/2017\/01\/06\/svecano-danas-bilo-novom-dzematu-ribnica\/","name":"Sve\u010dano je danas bilo u novom d\u017eematu \"Ribnica\" - Zavnews","isPartOf":{"@id":"https:\/\/zavnews.net\/#website"},"primaryImageOfPage":{"@id":"https:\/\/zavnews.net\/index.php\/2017\/01\/06\/svecano-danas-bilo-novom-dzematu-ribnica\/#primaryimage"},"image":{"@id":"https:\/\/zavnews.net\/index.php\/2017\/01\/06\/svecano-danas-bilo-novom-dzematu-ribnica\/#primaryimage"},"thumbnailUrl":"https:\/\/zavnews.net\/wp-content\/uploads\/2017\/01\/15894305_1405807302772276_6797046024824732206_n.jpg","datePublished":"2017-01-06T21:09:24+00:00","dateModified":"2017-01-06T21:09:24+00:00","breadcrumb":{"@id":"https:\/\/zavnews.net\/index.php\/2017\/01\/06\/svecano-danas-bilo-novom-dzematu-ribnica\/#breadcrumb"},"inLanguage":"bs-BA","potentialAction":[{"@type":"ReadAction","target":["https:\/\/zavnews.net\/index.php\/2017\/01\/06\/svecano-danas-bilo-novom-dzematu-ribnica\/"]}]},{"@type":"ImageObject","inLanguage":"bs-BA","@id":"https:\/\/zavnews.net\/index.php\/2017\/01\/06\/svecano-danas-bilo-novom-dzematu-ribnica\/#primaryimage","url":"https:\/\/zavnews.net\/wp-content\/uploads\/2017\/01\/15894305_1405807302772276_6797046024824732206_n.jpg","contentUrl":"https:\/\/zavnews.net\/wp-content\/uploads\/2017\/01\/15894305_1405807302772276_6797046024824732206_n.jpg","width":760,"height":480},{"@type":"BreadcrumbList","@id":"https:\/\/zavnews.net\/index.php\/2017\/01\/06\/svecano-danas-bilo-novom-dzematu-ribnica\/#breadcrumb","itemListElement":[{"@type":"ListItem","position":1,"name":"Po\u010detna stranica","item":"https:\/\/zavnews.net\/"},{"@type":"ListItem","position":2,"name":"Sve\u010dano je danas bilo u novom d\u017eematu &#8220;Ribnica&#8221;"}]},{"@type":"WebSite","@id":"https:\/\/zavnews.net\/#website","url":"https:\/\/zavnews.net\/","name":"Zavnews","description":"Zavidovi\u0107i","publisher":{"@id":"https:\/\/zavnews.net\/#organization"},"potentialAction":[{"@type":"SearchAction","target":{"@type":"EntryPoint","urlTemplate":"https:\/\/zavnews.net\/?s={search_term_string}"},"query-input":{"@type":"PropertyValueSpecification","valueRequired":true,"valueName":"search_term_string"}}],"inLanguage":"bs-BA"},{"@type":"Organization","@id":"https:\/\/zavnews.net\/#organization","name":"Zavidovi\u0107i","url":"https:\/\/zavnews.net\/","logo":{"@type":"ImageObject","inLanguage":"bs-BA","@id":"https:\/\/zavnews.net\/#\/schema\/logo\/image\/","url":"https:\/\/zavnews.net\/wp-content\/uploads\/2021\/11\/cropped-cropped-cropped-cropped-Screenshot_1-removebg-preview-2.png","contentUrl":"https:\/\/zavnews.net\/wp-content\/uploads\/2021\/11\/cropped-cropped-cropped-cropped-Screenshot_1-removebg-preview-2.png","width":841,"height":180,"caption":"Zavidovi\u0107i"},"image":{"@id":"https:\/\/zavnews.net\/#\/schema\/logo\/image\/"}},{"@type":"Person","@id":"https:\/\/zavnews.net\/#\/schema\/person\/2477577553b6626f3681ce4d32a6917f","name":"zavnews","image":{"@type":"ImageObject","inLanguage":"bs-BA","@id":"https:\/\/zavnews.net\/#\/schema\/person\/image\/","url":"https:\/\/secure.gravatar.com\/avatar\/3d25e050de275ca74aa70a2e30eb6f6c?s=96&d=mm&r=g","contentUrl":"https:\/\/secure.gravatar.com\/avatar\/3d25e050de275ca74aa70a2e30eb6f6c?s=96&d=mm&r=g","caption":"zavnews"}}]}},"_links":{"self":[{"href":"https:\/\/zavnews.net\/index.php\/wp-json\/wp\/v2\/posts\/1437"}],"collection":[{"href":"https:\/\/zavnews.net\/index.php\/wp-json\/wp\/v2\/posts"}],"about":[{"href":"https:\/\/zavnews.net\/index.php\/wp-json\/wp\/v2\/types\/post"}],"author":[{"embeddable":true,"href":"https:\/\/zavnews.net\/index.php\/wp-json\/wp\/v2\/users\/1"}],"replies":[{"embeddable":true,"href":"https:\/\/zavnews.net\/index.php\/wp-json\/wp\/v2\/comments?post=1437"}],"version-history":[{"count":1,"href":"https:\/\/zavnews.net\/index.php\/wp-json\/wp\/v2\/posts\/1437\/revisions"}],"predecessor-version":[{"id":1448,"href":"https:\/\/zavnews.net\/index.php\/wp-json\/wp\/v2\/posts\/1437\/revisions\/1448"}],"wp:featuredmedia":[{"embeddable":true,"href":"https:\/\/zavnews.net\/index.php\/wp-json\/wp\/v2\/media\/1438"}],"wp:attachment":[{"href":"https:\/\/zavnews.net\/index.php\/wp-json\/wp\/v2\/media?parent=1437"}],"wp:term":[{"taxonomy":"category","embeddable":true,"href":"https:\/\/zavnews.net\/index.php\/wp-json\/wp\/v2\/categories?post=1437"},{"taxonomy":"post_tag","embeddable":true,"href":"https:\/\/zavnews.net\/index.php\/wp-json\/wp\/v2\/tags?post=1437"}],"curies":[{"name":"wp","href":"https:\/\/api.w.org\/{rel}","templated":true}]}}