{"id":1085,"date":"2016-12-26T22:00:11","date_gmt":"2016-12-26T21:00:11","guid":{"rendered":"http:\/\/zavnews.net\/?p=1085"},"modified":"2016-12-26T22:00:11","modified_gmt":"2016-12-26T21:00:11","slug":"izlozba-islamske-kaligrafije-sarajevu-umjetnost-povezuje-najjednostavniji-nacin","status":"publish","type":"post","link":"https:\/\/zavnews.net\/index.php\/2016\/12\/26\/izlozba-islamske-kaligrafije-sarajevu-umjetnost-povezuje-najjednostavniji-nacin\/","title":{"rendered":"Izlo\u017eba islamske kaligrafije u Sarajevu: Umjetnost povezuje na najjednostavniji na\u010din"},"content":{"rendered":"<div class=\"fcbkbttn_buttons_block\" id=\"fcbkbttn_left\"><div class=\"fcbkbttn_button\">\n\t\t\t\t\t<a href=\"https:\/\/www.facebook.com\/www.zavnews.net\/\" target=\"_blank\">\n\t\t\t\t\t\t<img decoding=\"async\" src=\"https:\/\/zavnews.net\/wp-content\/plugins\/facebook-button-plugin\/images\/standard-facebook-ico.png\" alt=\"Fb-Button\" \/>\n\t\t\t\t\t<\/a>\n\t\t\t\t<\/div><div class=\"fcbkbttn_like \"><fb:like href=\"https:\/\/zavnews.net\/index.php\/2016\/12\/26\/izlozba-islamske-kaligrafije-sarajevu-umjetnost-povezuje-najjednostavniji-nacin\/\" action=\"like\" colorscheme=\"light\" layout=\"standard\"  width=\"450px\" size=\"small\"><\/fb:like><\/div><div class=\"fb-share-button  \" data-href=\"https:\/\/zavnews.net\/index.php\/2016\/12\/26\/izlozba-islamske-kaligrafije-sarajevu-umjetnost-povezuje-najjednostavniji-nacin\/\" data-type=\"button_count\" data-size=\"small\"><\/div><\/div><p style=\"text-align: justify;\"><img loading=\"lazy\" decoding=\"async\" class=\"alignnone  wp-image-1086\" src=\"http:\/\/zavnews.net\/wp-content\/uploads\/2016\/12\/20161221_2_20847899_17238378_Web.jpg\" alt=\"\" width=\"830\" height=\"546\" srcset=\"https:\/\/zavnews.net\/wp-content\/uploads\/2016\/12\/20161221_2_20847899_17238378_Web.jpg 760w, https:\/\/zavnews.net\/wp-content\/uploads\/2016\/12\/20161221_2_20847899_17238378_Web-600x395.jpg 600w, https:\/\/zavnews.net\/wp-content\/uploads\/2016\/12\/20161221_2_20847899_17238378_Web-300x197.jpg 300w, https:\/\/zavnews.net\/wp-content\/uploads\/2016\/12\/20161221_2_20847899_17238378_Web-230x150.jpg 230w\" sizes=\"(max-width: 830px) 100vw, 830px\" \/><\/p>\n<p style=\"text-align: justify;\"><strong>Tradicionalna vjerska manifestacija \u201cSelam, ya Resulallah\u201d \u2013 Dani o Allahovom poslaniku\u201d, koju Med\u017elis Islamske zajednice Sarajevo organizira u \u010dast ro\u0111enja posljednjeg Bo\u017eijeg poslanika Muhammeda a.s. nastavljena je u Sarajevu tribinom i izlo\u017ebom\u00a0 \u201cIslamska kaligrafija\u201d, javlja Anadolu Agency (AA).<\/strong><\/p>\n<p style=\"text-align: justify;\">Na tribini je poru\u010deno da ih je okupila ljubav prema lijepom, ljubav prema kaligrafiji.<\/p>\n<p style=\"text-align: justify;\">Izlo\u017eba \u201cHilye-i \u0160erif\u201d\u00a0otvorena je 22.12. u galeriji\u00a0Kulturni centar Yunus Emre u Sarajevu u prisustvu velikog broja imama iz Kantona Sarajevo (KS).<\/p>\n<p style=\"text-align: justify;\"><img loading=\"lazy\" decoding=\"async\" class=\"alignright\" src=\"http:\/\/cdn.brzevijesti.ba\/storage\/2016\/11\/29\/thumbs\/583d7e81-09ac-4499-afa1-70520a0a0a6f-feriddautovic02-preview.jpg\" alt=\"Slikovni rezultat za ferid dautovi\u0107\" width=\"274\" height=\"148\" \/>Glavni imam Med\u017elisa Islamske zajednice Sarajevo Ferid ef. Dautovi\u0107 kazao je za AA da u sklopu manifestacije\u00a0\u201cSelam, ya Resulallah\u201d, koju organizuju 12. godinu, imaju razli\u010dite sadr\u017eaje koje pripremaju za gra\u0111ane (KS), a kako je kazao, otvorena izlo\u017eba ti\u010de se pisanja lijepih Allahovih imena.<\/p>\n<p style=\"text-align: justify;\"><strong>\u201cIzlo\u017eba \u0107e biti otvorena za gra\u0111ane koji \u0107e mo\u0107i vidjeti tu jedinstvenu umjetnost koju i mi ovdje u BiH ba\u0161tinimo. I mi imamo svoje kaligrafe koji tako\u0111er pi\u0161u kaligrafiju, Allahova imena\u201d,<\/strong> pojasnio je Dautovi\u0107.<\/p>\n<p style=\"text-align: justify;\">U petak je najavio izlo\u017ebu imena Bo\u017eijeg Poslanika.<\/p>\n<p style=\"text-align: justify;\">\u201cUmjetnost je ono \u0161to povezuje sve ljude svijeta na najjednostavniji na\u010din. Mislimo da posebno islamska umjetnost ima i posebnu duhovnu snagu koju daje da slika, to pisanje Bo\u017eijeg govora, rije\u010di ali i samih Bo\u017eijih imena\u201d, istakao je Dautovi\u0107.<\/p>\n<p style=\"text-align: justify;\">Direktor Turskog kulturnog centra Yunus Emre u Sarajevu Mehmet Akif Yaman, pojasnio je da u saradnji sa\u00a0Med\u017elisom Islamske zajednice Sarajevo ove godine u\u010destvuju u razli\u010ditim aktivnostima kada je u pitanju manifestacija\u00a0\u201cSelam, ya Resulallah\u201d.<\/p>\n<p style=\"text-align: justify;\">Podsjetio je da su danas organizovali tribinu za imame u Sarajevu na kojoj se govori o islamskoj umjetnosti, ali i izlo\u017ebu turskih kaligrafa.<\/p>\n<p style=\"text-align: justify;\"><img loading=\"lazy\" decoding=\"async\" class=\"alignleft\" src=\"http:\/\/www.savascevik.com\/wp-content\/uploads\/2015\/10\/931-1024x686.jpg\" alt=\"Povezana slika\" width=\"276\" height=\"185\" \/>Turski kaligraf Savas Cevik jedan je od umjetnika \u010dija su djela izlo\u017eena na dana\u0161njoj izlo\u017ebi. Do 2008. godine odr\u017eao je 22 samostalne izlo\u017ebe u razli\u010ditim zemljama te u\u010destvovao u 90 zajednilkih izlo\u017ebi.<\/p>\n<p style=\"text-align: justify;\"><strong>\u201cNajvi\u0161e se bavim pisanjem Kur'ana i Kur'anskih rije\u010di. Danas su se ovdje okupili oni koji \u010ditaju i pi\u0161u Kur'an. U historiji kaligrafije veliki dio kaligrafa su bili vjerski ljudi\u201d,<\/strong> pojasnio je Cevik.<\/p>\n<p style=\"text-align: justify;\">Jedan od razloga zbog kojeg su se danas okupili jeste razvijanje klasi\u010dnih islamskih umjetnosti i kaligrafije na ovim prostorima.\u00a0U sklopu manifestacije \u0107e biti odr\u017eana i dramska predstava \u201cHranitelj\u201d.<\/p>\n<p style=\"text-align: justify;\"><strong>Manifestacija \u0107e biti zatvorena tradicionalnom Ve\u010deri ilahija i kasida, koja \u0107e se odr\u017eati u \u010detvrtak, 29. decembra, u Domu mladih u Sarajevu.<\/strong><\/p>\n<p style=\"text-align: justify;\">Poslanik Muhammed a.s ro\u0111en je 12. rebiu-l-evvela po hid\u017eretskom kalendaru, a ovaj, za muslimane jedan od najzna\u010dajnijih datuma, obilje\u017eava se \u0161irom islamskog svijeta. Poslanik Muhammed je ro\u0111en u ponedjeljak, u zoru, 20. aprila 571. godine po gregorijanskom kalendaru, \u0161to odgovara 12. rebiu-l-evvelu islamskog kalendara. Abdullah, otac poslanika Muhammeda, umro je dok je on jo\u0161 bio u utrobi majke Amine, a majka mu je preminula kada je napunio \u0161est godina. Prve \u010detiri godine poslanik Muhammed provodi u plemenu Benu Sa'd kod dojilje Halime, koja je ujedno njegova druga majka, majka po mlijeku. Nakon Aminine smrti, brigu o njemu preuzima djed Abdu-l-Mutalib, koji nakon dvije godine umire, da bi ga preuzeo njegov amid\u017ea Ebu Talib, kod kojeg \u017eivi sve do \u017eenidbe.<\/p>\n<div id='gallery-1' class='gallery galleryid-1085 gallery-columns-3 gallery-size-large'><figure class='gallery-item'>\n\t\t\t<div class='gallery-icon landscape'>\n\t\t\t\t<a href='https:\/\/zavnews.net\/wp-content\/uploads\/2016\/12\/20161221_2_20847899_17238374_Web.jpg'><img loading=\"lazy\" decoding=\"async\" width=\"640\" height=\"421\" src=\"https:\/\/zavnews.net\/wp-content\/uploads\/2016\/12\/20161221_2_20847899_17238374_Web.jpg\" class=\"attachment-large size-large\" alt=\"\" srcset=\"https:\/\/zavnews.net\/wp-content\/uploads\/2016\/12\/20161221_2_20847899_17238374_Web.jpg 760w, https:\/\/zavnews.net\/wp-content\/uploads\/2016\/12\/20161221_2_20847899_17238374_Web-600x395.jpg 600w, https:\/\/zavnews.net\/wp-content\/uploads\/2016\/12\/20161221_2_20847899_17238374_Web-300x197.jpg 300w, https:\/\/zavnews.net\/wp-content\/uploads\/2016\/12\/20161221_2_20847899_17238374_Web-230x150.jpg 230w\" sizes=\"(max-width: 640px) 100vw, 640px\" \/><\/a>\n\t\t\t<\/div><\/figure><figure class='gallery-item'>\n\t\t\t<div class='gallery-icon landscape'>\n\t\t\t\t<a href='https:\/\/zavnews.net\/wp-content\/uploads\/2016\/12\/20161221_2_20847899_17238375_Web.jpg'><img loading=\"lazy\" decoding=\"async\" width=\"640\" height=\"421\" src=\"https:\/\/zavnews.net\/wp-content\/uploads\/2016\/12\/20161221_2_20847899_17238375_Web.jpg\" class=\"attachment-large size-large\" alt=\"\" srcset=\"https:\/\/zavnews.net\/wp-content\/uploads\/2016\/12\/20161221_2_20847899_17238375_Web.jpg 760w, https:\/\/zavnews.net\/wp-content\/uploads\/2016\/12\/20161221_2_20847899_17238375_Web-600x395.jpg 600w, https:\/\/zavnews.net\/wp-content\/uploads\/2016\/12\/20161221_2_20847899_17238375_Web-300x197.jpg 300w, https:\/\/zavnews.net\/wp-content\/uploads\/2016\/12\/20161221_2_20847899_17238375_Web-230x150.jpg 230w\" sizes=\"(max-width: 640px) 100vw, 640px\" \/><\/a>\n\t\t\t<\/div><\/figure><figure class='gallery-item'>\n\t\t\t<div class='gallery-icon landscape'>\n\t\t\t\t<a href='https:\/\/zavnews.net\/wp-content\/uploads\/2016\/12\/20161221_2_20847899_17238376_Web.jpg'><img loading=\"lazy\" decoding=\"async\" width=\"640\" height=\"421\" src=\"https:\/\/zavnews.net\/wp-content\/uploads\/2016\/12\/20161221_2_20847899_17238376_Web.jpg\" class=\"attachment-large size-large\" alt=\"\" srcset=\"https:\/\/zavnews.net\/wp-content\/uploads\/2016\/12\/20161221_2_20847899_17238376_Web.jpg 760w, https:\/\/zavnews.net\/wp-content\/uploads\/2016\/12\/20161221_2_20847899_17238376_Web-600x395.jpg 600w, https:\/\/zavnews.net\/wp-content\/uploads\/2016\/12\/20161221_2_20847899_17238376_Web-300x197.jpg 300w, https:\/\/zavnews.net\/wp-content\/uploads\/2016\/12\/20161221_2_20847899_17238376_Web-230x150.jpg 230w\" sizes=\"(max-width: 640px) 100vw, 640px\" \/><\/a>\n\t\t\t<\/div><\/figure><figure class='gallery-item'>\n\t\t\t<div class='gallery-icon landscape'>\n\t\t\t\t<a href='https:\/\/zavnews.net\/wp-content\/uploads\/2016\/12\/20161221_2_20847899_17238377_Web.jpg'><img loading=\"lazy\" decoding=\"async\" width=\"640\" height=\"421\" src=\"https:\/\/zavnews.net\/wp-content\/uploads\/2016\/12\/20161221_2_20847899_17238377_Web.jpg\" class=\"attachment-large size-large\" alt=\"\" srcset=\"https:\/\/zavnews.net\/wp-content\/uploads\/2016\/12\/20161221_2_20847899_17238377_Web.jpg 760w, https:\/\/zavnews.net\/wp-content\/uploads\/2016\/12\/20161221_2_20847899_17238377_Web-600x395.jpg 600w, https:\/\/zavnews.net\/wp-content\/uploads\/2016\/12\/20161221_2_20847899_17238377_Web-300x197.jpg 300w, https:\/\/zavnews.net\/wp-content\/uploads\/2016\/12\/20161221_2_20847899_17238377_Web-230x150.jpg 230w\" sizes=\"(max-width: 640px) 100vw, 640px\" \/><\/a>\n\t\t\t<\/div><\/figure><figure class='gallery-item'>\n\t\t\t<div class='gallery-icon landscape'>\n\t\t\t\t<a href='https:\/\/zavnews.net\/wp-content\/uploads\/2016\/12\/20161221_2_20847899_17238378_Web-1.jpg'><img loading=\"lazy\" decoding=\"async\" width=\"640\" height=\"421\" src=\"https:\/\/zavnews.net\/wp-content\/uploads\/2016\/12\/20161221_2_20847899_17238378_Web-1.jpg\" class=\"attachment-large size-large\" alt=\"\" srcset=\"https:\/\/zavnews.net\/wp-content\/uploads\/2016\/12\/20161221_2_20847899_17238378_Web-1.jpg 760w, https:\/\/zavnews.net\/wp-content\/uploads\/2016\/12\/20161221_2_20847899_17238378_Web-1-600x395.jpg 600w, https:\/\/zavnews.net\/wp-content\/uploads\/2016\/12\/20161221_2_20847899_17238378_Web-1-300x197.jpg 300w, https:\/\/zavnews.net\/wp-content\/uploads\/2016\/12\/20161221_2_20847899_17238378_Web-1-230x150.jpg 230w\" sizes=\"(max-width: 640px) 100vw, 640px\" \/><\/a>\n\t\t\t<\/div><\/figure><figure class='gallery-item'>\n\t\t\t<div class='gallery-icon landscape'>\n\t\t\t\t<a href='https:\/\/zavnews.net\/wp-content\/uploads\/2016\/12\/20161221_2_20847899_17238379_Web.jpg'><img loading=\"lazy\" decoding=\"async\" width=\"640\" height=\"421\" src=\"https:\/\/zavnews.net\/wp-content\/uploads\/2016\/12\/20161221_2_20847899_17238379_Web.jpg\" class=\"attachment-large size-large\" alt=\"\" srcset=\"https:\/\/zavnews.net\/wp-content\/uploads\/2016\/12\/20161221_2_20847899_17238379_Web.jpg 760w, https:\/\/zavnews.net\/wp-content\/uploads\/2016\/12\/20161221_2_20847899_17238379_Web-600x395.jpg 600w, https:\/\/zavnews.net\/wp-content\/uploads\/2016\/12\/20161221_2_20847899_17238379_Web-300x197.jpg 300w, https:\/\/zavnews.net\/wp-content\/uploads\/2016\/12\/20161221_2_20847899_17238379_Web-230x150.jpg 230w\" sizes=\"(max-width: 640px) 100vw, 640px\" \/><\/a>\n\t\t\t<\/div><\/figure>\n\t\t<\/div>\n\n<p style=\"text-align: right;\">Akos.ba<\/p>\n<div class=\"fcbkbttn_buttons_block\" id=\"fcbkbttn_left\"><div class=\"fcbkbttn_button\">\n\t\t\t\t\t<a href=\"https:\/\/www.facebook.com\/www.zavnews.net\/\" target=\"_blank\">\n\t\t\t\t\t\t<img decoding=\"async\" src=\"https:\/\/zavnews.net\/wp-content\/plugins\/facebook-button-plugin\/images\/standard-facebook-ico.png\" alt=\"Fb-Button\" \/>\n\t\t\t\t\t<\/a>\n\t\t\t\t<\/div><div class=\"fcbkbttn_like \"><fb:like href=\"https:\/\/zavnews.net\/index.php\/2016\/12\/26\/izlozba-islamske-kaligrafije-sarajevu-umjetnost-povezuje-najjednostavniji-nacin\/\" action=\"like\" colorscheme=\"light\" layout=\"standard\"  width=\"450px\" size=\"small\"><\/fb:like><\/div><div class=\"fb-share-button  \" data-href=\"https:\/\/zavnews.net\/index.php\/2016\/12\/26\/izlozba-islamske-kaligrafije-sarajevu-umjetnost-povezuje-najjednostavniji-nacin\/\" data-type=\"button_count\" data-size=\"small\"><\/div><\/div>","protected":false},"excerpt":{"rendered":"<div class=\"fcbkbttn_buttons_block\" id=\"fcbkbttn_left\"><div class=\"fcbkbttn_button\">\n\t\t\t\t\t<a href=\"https:\/\/www.facebook.com\/www.zavnews.net\/\" target=\"_blank\">\n\t\t\t\t\t\t<img decoding=\"async\" src=\"https:\/\/zavnews.net\/wp-content\/plugins\/facebook-button-plugin\/images\/standard-facebook-ico.png\" alt=\"Fb-Button\" \/>\n\t\t\t\t\t<\/a>\n\t\t\t\t<\/div><div class=\"fcbkbttn_like \"><fb:like href=\"https:\/\/zavnews.net\/index.php\/2016\/12\/26\/izlozba-islamske-kaligrafije-sarajevu-umjetnost-povezuje-najjednostavniji-nacin\/\" action=\"like\" colorscheme=\"light\" layout=\"standard\"  width=\"450px\" size=\"small\"><\/fb:like><\/div><div class=\"fb-share-button  \" data-href=\"https:\/\/zavnews.net\/index.php\/2016\/12\/26\/izlozba-islamske-kaligrafije-sarajevu-umjetnost-povezuje-najjednostavniji-nacin\/\" data-type=\"button_count\" data-size=\"small\"><\/div><\/div><p>Tradicionalna vjerska manifestacija \u201cSelam, ya Resulallah\u201d \u2013 Dani o Allahovom poslaniku\u201d, koju Med\u017elis Islamske zajednice Sarajevo organizira u \u010dast ro\u0111enja posljednjeg Bo\u017eijeg poslanika Muhammeda a.s. nastavljena je u Sarajevu tribinom i izlo\u017ebom\u00a0 \u201cIslamska kaligrafija\u201d, javlja Anadolu Agency (AA). Na tribini&#8230;<\/p>\n<div class=\"fcbkbttn_buttons_block\" id=\"fcbkbttn_left\"><div class=\"fcbkbttn_button\">\n\t\t\t\t\t<a href=\"https:\/\/www.facebook.com\/www.zavnews.net\/\" target=\"_blank\">\n\t\t\t\t\t\t<img decoding=\"async\" src=\"https:\/\/zavnews.net\/wp-content\/plugins\/facebook-button-plugin\/images\/standard-facebook-ico.png\" alt=\"Fb-Button\" \/>\n\t\t\t\t\t<\/a>\n\t\t\t\t<\/div><div class=\"fcbkbttn_like \"><fb:like href=\"https:\/\/zavnews.net\/index.php\/2016\/12\/26\/izlozba-islamske-kaligrafije-sarajevu-umjetnost-povezuje-najjednostavniji-nacin\/\" action=\"like\" colorscheme=\"light\" layout=\"standard\"  width=\"450px\" size=\"small\"><\/fb:like><\/div><div class=\"fb-share-button  \" data-href=\"https:\/\/zavnews.net\/index.php\/2016\/12\/26\/izlozba-islamske-kaligrafije-sarajevu-umjetnost-povezuje-najjednostavniji-nacin\/\" data-type=\"button_count\" data-size=\"small\"><\/div><\/div>","protected":false},"author":1,"featured_media":1086,"comment_status":"open","ping_status":"open","sticky":false,"template":"","format":"standard","meta":{"footnotes":""},"categories":[19],"tags":[],"yoast_head":"<!-- This site is optimized with the Yoast SEO plugin v23.5 - https:\/\/yoast.com\/wordpress\/plugins\/seo\/ -->\n<title>Izlo\u017eba islamske kaligrafije u Sarajevu: Umjetnost povezuje na najjednostavniji na\u010din - Zavnews<\/title>\n<meta name=\"robots\" content=\"index, follow, max-snippet:-1, max-image-preview:large, max-video-preview:-1\" \/>\n<link rel=\"canonical\" href=\"https:\/\/zavnews.net\/index.php\/2016\/12\/26\/izlozba-islamske-kaligrafije-sarajevu-umjetnost-povezuje-najjednostavniji-nacin\/\" \/>\n<meta property=\"og:locale\" content=\"bs_BA\" \/>\n<meta property=\"og:type\" content=\"article\" \/>\n<meta property=\"og:title\" content=\"Izlo\u017eba islamske kaligrafije u Sarajevu: Umjetnost povezuje na najjednostavniji na\u010din - Zavnews\" \/>\n<meta property=\"og:description\" content=\"Tradicionalna vjerska manifestacija \u201cSelam, ya Resulallah\u201d \u2013 Dani o Allahovom poslaniku\u201d, koju Med\u017elis Islamske zajednice Sarajevo organizira u \u010dast ro\u0111enja posljednjeg Bo\u017eijeg poslanika Muhammeda a.s. nastavljena je u Sarajevu tribinom i izlo\u017ebom\u00a0 \u201cIslamska kaligrafija\u201d, javlja Anadolu Agency (AA). Na tribini...\" \/>\n<meta property=\"og:url\" content=\"https:\/\/zavnews.net\/index.php\/2016\/12\/26\/izlozba-islamske-kaligrafije-sarajevu-umjetnost-povezuje-najjednostavniji-nacin\/\" \/>\n<meta property=\"og:site_name\" content=\"Zavnews\" \/>\n<meta property=\"article:published_time\" content=\"2016-12-26T21:00:11+00:00\" \/>\n<meta property=\"og:image\" content=\"https:\/\/zavnews.net\/wp-content\/uploads\/2016\/12\/20161221_2_20847899_17238378_Web.jpg\" \/>\n\t<meta property=\"og:image:width\" content=\"760\" \/>\n\t<meta property=\"og:image:height\" content=\"500\" \/>\n\t<meta property=\"og:image:type\" content=\"image\/jpeg\" \/>\n<meta name=\"author\" content=\"zavnews\" \/>\n<meta name=\"twitter:card\" content=\"summary_large_image\" \/>\n<meta name=\"twitter:label1\" content=\"Written by\" \/>\n\t<meta name=\"twitter:data1\" content=\"zavnews\" \/>\n\t<meta name=\"twitter:label2\" content=\"Est. reading time\" \/>\n\t<meta name=\"twitter:data2\" content=\"3 minute\" \/>\n<script type=\"application\/ld+json\" class=\"yoast-schema-graph\">{\"@context\":\"https:\/\/schema.org\",\"@graph\":[{\"@type\":\"Article\",\"@id\":\"https:\/\/zavnews.net\/index.php\/2016\/12\/26\/izlozba-islamske-kaligrafije-sarajevu-umjetnost-povezuje-najjednostavniji-nacin\/#article\",\"isPartOf\":{\"@id\":\"https:\/\/zavnews.net\/index.php\/2016\/12\/26\/izlozba-islamske-kaligrafije-sarajevu-umjetnost-povezuje-najjednostavniji-nacin\/\"},\"author\":{\"name\":\"zavnews\",\"@id\":\"https:\/\/zavnews.net\/#\/schema\/person\/2477577553b6626f3681ce4d32a6917f\"},\"headline\":\"Izlo\u017eba islamske kaligrafije u Sarajevu: Umjetnost povezuje na najjednostavniji na\u010din\",\"datePublished\":\"2016-12-26T21:00:11+00:00\",\"dateModified\":\"2016-12-26T21:00:11+00:00\",\"mainEntityOfPage\":{\"@id\":\"https:\/\/zavnews.net\/index.php\/2016\/12\/26\/izlozba-islamske-kaligrafije-sarajevu-umjetnost-povezuje-najjednostavniji-nacin\/\"},\"wordCount\":551,\"commentCount\":0,\"publisher\":{\"@id\":\"https:\/\/zavnews.net\/#organization\"},\"image\":{\"@id\":\"https:\/\/zavnews.net\/index.php\/2016\/12\/26\/izlozba-islamske-kaligrafije-sarajevu-umjetnost-povezuje-najjednostavniji-nacin\/#primaryimage\"},\"thumbnailUrl\":\"https:\/\/zavnews.net\/wp-content\/uploads\/2016\/12\/20161221_2_20847899_17238378_Web.jpg\",\"articleSection\":[\"DUHOVNOST\"],\"inLanguage\":\"bs-BA\",\"potentialAction\":[{\"@type\":\"CommentAction\",\"name\":\"Comment\",\"target\":[\"https:\/\/zavnews.net\/index.php\/2016\/12\/26\/izlozba-islamske-kaligrafije-sarajevu-umjetnost-povezuje-najjednostavniji-nacin\/#respond\"]}]},{\"@type\":\"WebPage\",\"@id\":\"https:\/\/zavnews.net\/index.php\/2016\/12\/26\/izlozba-islamske-kaligrafije-sarajevu-umjetnost-povezuje-najjednostavniji-nacin\/\",\"url\":\"https:\/\/zavnews.net\/index.php\/2016\/12\/26\/izlozba-islamske-kaligrafije-sarajevu-umjetnost-povezuje-najjednostavniji-nacin\/\",\"name\":\"Izlo\u017eba islamske kaligrafije u Sarajevu: Umjetnost povezuje na najjednostavniji na\u010din - Zavnews\",\"isPartOf\":{\"@id\":\"https:\/\/zavnews.net\/#website\"},\"primaryImageOfPage\":{\"@id\":\"https:\/\/zavnews.net\/index.php\/2016\/12\/26\/izlozba-islamske-kaligrafije-sarajevu-umjetnost-povezuje-najjednostavniji-nacin\/#primaryimage\"},\"image\":{\"@id\":\"https:\/\/zavnews.net\/index.php\/2016\/12\/26\/izlozba-islamske-kaligrafije-sarajevu-umjetnost-povezuje-najjednostavniji-nacin\/#primaryimage\"},\"thumbnailUrl\":\"https:\/\/zavnews.net\/wp-content\/uploads\/2016\/12\/20161221_2_20847899_17238378_Web.jpg\",\"datePublished\":\"2016-12-26T21:00:11+00:00\",\"dateModified\":\"2016-12-26T21:00:11+00:00\",\"breadcrumb\":{\"@id\":\"https:\/\/zavnews.net\/index.php\/2016\/12\/26\/izlozba-islamske-kaligrafije-sarajevu-umjetnost-povezuje-najjednostavniji-nacin\/#breadcrumb\"},\"inLanguage\":\"bs-BA\",\"potentialAction\":[{\"@type\":\"ReadAction\",\"target\":[\"https:\/\/zavnews.net\/index.php\/2016\/12\/26\/izlozba-islamske-kaligrafije-sarajevu-umjetnost-povezuje-najjednostavniji-nacin\/\"]}]},{\"@type\":\"ImageObject\",\"inLanguage\":\"bs-BA\",\"@id\":\"https:\/\/zavnews.net\/index.php\/2016\/12\/26\/izlozba-islamske-kaligrafije-sarajevu-umjetnost-povezuje-najjednostavniji-nacin\/#primaryimage\",\"url\":\"https:\/\/zavnews.net\/wp-content\/uploads\/2016\/12\/20161221_2_20847899_17238378_Web.jpg\",\"contentUrl\":\"https:\/\/zavnews.net\/wp-content\/uploads\/2016\/12\/20161221_2_20847899_17238378_Web.jpg\",\"width\":760,\"height\":500},{\"@type\":\"BreadcrumbList\",\"@id\":\"https:\/\/zavnews.net\/index.php\/2016\/12\/26\/izlozba-islamske-kaligrafije-sarajevu-umjetnost-povezuje-najjednostavniji-nacin\/#breadcrumb\",\"itemListElement\":[{\"@type\":\"ListItem\",\"position\":1,\"name\":\"Po\u010detna stranica\",\"item\":\"https:\/\/zavnews.net\/\"},{\"@type\":\"ListItem\",\"position\":2,\"name\":\"Izlo\u017eba islamske kaligrafije u Sarajevu: Umjetnost povezuje na najjednostavniji na\u010din\"}]},{\"@type\":\"WebSite\",\"@id\":\"https:\/\/zavnews.net\/#website\",\"url\":\"https:\/\/zavnews.net\/\",\"name\":\"Zavnews\",\"description\":\"Zavidovi\u0107i\",\"publisher\":{\"@id\":\"https:\/\/zavnews.net\/#organization\"},\"potentialAction\":[{\"@type\":\"SearchAction\",\"target\":{\"@type\":\"EntryPoint\",\"urlTemplate\":\"https:\/\/zavnews.net\/?s={search_term_string}\"},\"query-input\":{\"@type\":\"PropertyValueSpecification\",\"valueRequired\":true,\"valueName\":\"search_term_string\"}}],\"inLanguage\":\"bs-BA\"},{\"@type\":\"Organization\",\"@id\":\"https:\/\/zavnews.net\/#organization\",\"name\":\"Zavidovi\u0107i\",\"url\":\"https:\/\/zavnews.net\/\",\"logo\":{\"@type\":\"ImageObject\",\"inLanguage\":\"bs-BA\",\"@id\":\"https:\/\/zavnews.net\/#\/schema\/logo\/image\/\",\"url\":\"https:\/\/zavnews.net\/wp-content\/uploads\/2021\/11\/cropped-cropped-cropped-cropped-Screenshot_1-removebg-preview-2.png\",\"contentUrl\":\"https:\/\/zavnews.net\/wp-content\/uploads\/2021\/11\/cropped-cropped-cropped-cropped-Screenshot_1-removebg-preview-2.png\",\"width\":841,\"height\":180,\"caption\":\"Zavidovi\u0107i\"},\"image\":{\"@id\":\"https:\/\/zavnews.net\/#\/schema\/logo\/image\/\"}},{\"@type\":\"Person\",\"@id\":\"https:\/\/zavnews.net\/#\/schema\/person\/2477577553b6626f3681ce4d32a6917f\",\"name\":\"zavnews\",\"image\":{\"@type\":\"ImageObject\",\"inLanguage\":\"bs-BA\",\"@id\":\"https:\/\/zavnews.net\/#\/schema\/person\/image\/\",\"url\":\"https:\/\/secure.gravatar.com\/avatar\/3d25e050de275ca74aa70a2e30eb6f6c?s=96&d=mm&r=g\",\"contentUrl\":\"https:\/\/secure.gravatar.com\/avatar\/3d25e050de275ca74aa70a2e30eb6f6c?s=96&d=mm&r=g\",\"caption\":\"zavnews\"}}]}<\/script>\n<!-- \/ Yoast SEO plugin. -->","yoast_head_json":{"title":"Izlo\u017eba islamske kaligrafije u Sarajevu: Umjetnost povezuje na najjednostavniji na\u010din - Zavnews","robots":{"index":"index","follow":"follow","max-snippet":"max-snippet:-1","max-image-preview":"max-image-preview:large","max-video-preview":"max-video-preview:-1"},"canonical":"https:\/\/zavnews.net\/index.php\/2016\/12\/26\/izlozba-islamske-kaligrafije-sarajevu-umjetnost-povezuje-najjednostavniji-nacin\/","og_locale":"bs_BA","og_type":"article","og_title":"Izlo\u017eba islamske kaligrafije u Sarajevu: Umjetnost povezuje na najjednostavniji na\u010din - Zavnews","og_description":"Tradicionalna vjerska manifestacija \u201cSelam, ya Resulallah\u201d \u2013 Dani o Allahovom poslaniku\u201d, koju Med\u017elis Islamske zajednice Sarajevo organizira u \u010dast ro\u0111enja posljednjeg Bo\u017eijeg poslanika Muhammeda a.s. nastavljena je u Sarajevu tribinom i izlo\u017ebom\u00a0 \u201cIslamska kaligrafija\u201d, javlja Anadolu Agency (AA). Na tribini...","og_url":"https:\/\/zavnews.net\/index.php\/2016\/12\/26\/izlozba-islamske-kaligrafije-sarajevu-umjetnost-povezuje-najjednostavniji-nacin\/","og_site_name":"Zavnews","article_published_time":"2016-12-26T21:00:11+00:00","og_image":[{"width":760,"height":500,"url":"https:\/\/zavnews.net\/wp-content\/uploads\/2016\/12\/20161221_2_20847899_17238378_Web.jpg","type":"image\/jpeg"}],"author":"zavnews","twitter_card":"summary_large_image","twitter_misc":{"Written by":"zavnews","Est. reading time":"3 minute"},"schema":{"@context":"https:\/\/schema.org","@graph":[{"@type":"Article","@id":"https:\/\/zavnews.net\/index.php\/2016\/12\/26\/izlozba-islamske-kaligrafije-sarajevu-umjetnost-povezuje-najjednostavniji-nacin\/#article","isPartOf":{"@id":"https:\/\/zavnews.net\/index.php\/2016\/12\/26\/izlozba-islamske-kaligrafije-sarajevu-umjetnost-povezuje-najjednostavniji-nacin\/"},"author":{"name":"zavnews","@id":"https:\/\/zavnews.net\/#\/schema\/person\/2477577553b6626f3681ce4d32a6917f"},"headline":"Izlo\u017eba islamske kaligrafije u Sarajevu: Umjetnost povezuje na najjednostavniji na\u010din","datePublished":"2016-12-26T21:00:11+00:00","dateModified":"2016-12-26T21:00:11+00:00","mainEntityOfPage":{"@id":"https:\/\/zavnews.net\/index.php\/2016\/12\/26\/izlozba-islamske-kaligrafije-sarajevu-umjetnost-povezuje-najjednostavniji-nacin\/"},"wordCount":551,"commentCount":0,"publisher":{"@id":"https:\/\/zavnews.net\/#organization"},"image":{"@id":"https:\/\/zavnews.net\/index.php\/2016\/12\/26\/izlozba-islamske-kaligrafije-sarajevu-umjetnost-povezuje-najjednostavniji-nacin\/#primaryimage"},"thumbnailUrl":"https:\/\/zavnews.net\/wp-content\/uploads\/2016\/12\/20161221_2_20847899_17238378_Web.jpg","articleSection":["DUHOVNOST"],"inLanguage":"bs-BA","potentialAction":[{"@type":"CommentAction","name":"Comment","target":["https:\/\/zavnews.net\/index.php\/2016\/12\/26\/izlozba-islamske-kaligrafije-sarajevu-umjetnost-povezuje-najjednostavniji-nacin\/#respond"]}]},{"@type":"WebPage","@id":"https:\/\/zavnews.net\/index.php\/2016\/12\/26\/izlozba-islamske-kaligrafije-sarajevu-umjetnost-povezuje-najjednostavniji-nacin\/","url":"https:\/\/zavnews.net\/index.php\/2016\/12\/26\/izlozba-islamske-kaligrafije-sarajevu-umjetnost-povezuje-najjednostavniji-nacin\/","name":"Izlo\u017eba islamske kaligrafije u Sarajevu: Umjetnost povezuje na najjednostavniji na\u010din - Zavnews","isPartOf":{"@id":"https:\/\/zavnews.net\/#website"},"primaryImageOfPage":{"@id":"https:\/\/zavnews.net\/index.php\/2016\/12\/26\/izlozba-islamske-kaligrafije-sarajevu-umjetnost-povezuje-najjednostavniji-nacin\/#primaryimage"},"image":{"@id":"https:\/\/zavnews.net\/index.php\/2016\/12\/26\/izlozba-islamske-kaligrafije-sarajevu-umjetnost-povezuje-najjednostavniji-nacin\/#primaryimage"},"thumbnailUrl":"https:\/\/zavnews.net\/wp-content\/uploads\/2016\/12\/20161221_2_20847899_17238378_Web.jpg","datePublished":"2016-12-26T21:00:11+00:00","dateModified":"2016-12-26T21:00:11+00:00","breadcrumb":{"@id":"https:\/\/zavnews.net\/index.php\/2016\/12\/26\/izlozba-islamske-kaligrafije-sarajevu-umjetnost-povezuje-najjednostavniji-nacin\/#breadcrumb"},"inLanguage":"bs-BA","potentialAction":[{"@type":"ReadAction","target":["https:\/\/zavnews.net\/index.php\/2016\/12\/26\/izlozba-islamske-kaligrafije-sarajevu-umjetnost-povezuje-najjednostavniji-nacin\/"]}]},{"@type":"ImageObject","inLanguage":"bs-BA","@id":"https:\/\/zavnews.net\/index.php\/2016\/12\/26\/izlozba-islamske-kaligrafije-sarajevu-umjetnost-povezuje-najjednostavniji-nacin\/#primaryimage","url":"https:\/\/zavnews.net\/wp-content\/uploads\/2016\/12\/20161221_2_20847899_17238378_Web.jpg","contentUrl":"https:\/\/zavnews.net\/wp-content\/uploads\/2016\/12\/20161221_2_20847899_17238378_Web.jpg","width":760,"height":500},{"@type":"BreadcrumbList","@id":"https:\/\/zavnews.net\/index.php\/2016\/12\/26\/izlozba-islamske-kaligrafije-sarajevu-umjetnost-povezuje-najjednostavniji-nacin\/#breadcrumb","itemListElement":[{"@type":"ListItem","position":1,"name":"Po\u010detna stranica","item":"https:\/\/zavnews.net\/"},{"@type":"ListItem","position":2,"name":"Izlo\u017eba islamske kaligrafije u Sarajevu: Umjetnost povezuje na najjednostavniji na\u010din"}]},{"@type":"WebSite","@id":"https:\/\/zavnews.net\/#website","url":"https:\/\/zavnews.net\/","name":"Zavnews","description":"Zavidovi\u0107i","publisher":{"@id":"https:\/\/zavnews.net\/#organization"},"potentialAction":[{"@type":"SearchAction","target":{"@type":"EntryPoint","urlTemplate":"https:\/\/zavnews.net\/?s={search_term_string}"},"query-input":{"@type":"PropertyValueSpecification","valueRequired":true,"valueName":"search_term_string"}}],"inLanguage":"bs-BA"},{"@type":"Organization","@id":"https:\/\/zavnews.net\/#organization","name":"Zavidovi\u0107i","url":"https:\/\/zavnews.net\/","logo":{"@type":"ImageObject","inLanguage":"bs-BA","@id":"https:\/\/zavnews.net\/#\/schema\/logo\/image\/","url":"https:\/\/zavnews.net\/wp-content\/uploads\/2021\/11\/cropped-cropped-cropped-cropped-Screenshot_1-removebg-preview-2.png","contentUrl":"https:\/\/zavnews.net\/wp-content\/uploads\/2021\/11\/cropped-cropped-cropped-cropped-Screenshot_1-removebg-preview-2.png","width":841,"height":180,"caption":"Zavidovi\u0107i"},"image":{"@id":"https:\/\/zavnews.net\/#\/schema\/logo\/image\/"}},{"@type":"Person","@id":"https:\/\/zavnews.net\/#\/schema\/person\/2477577553b6626f3681ce4d32a6917f","name":"zavnews","image":{"@type":"ImageObject","inLanguage":"bs-BA","@id":"https:\/\/zavnews.net\/#\/schema\/person\/image\/","url":"https:\/\/secure.gravatar.com\/avatar\/3d25e050de275ca74aa70a2e30eb6f6c?s=96&d=mm&r=g","contentUrl":"https:\/\/secure.gravatar.com\/avatar\/3d25e050de275ca74aa70a2e30eb6f6c?s=96&d=mm&r=g","caption":"zavnews"}}]}},"_links":{"self":[{"href":"https:\/\/zavnews.net\/index.php\/wp-json\/wp\/v2\/posts\/1085"}],"collection":[{"href":"https:\/\/zavnews.net\/index.php\/wp-json\/wp\/v2\/posts"}],"about":[{"href":"https:\/\/zavnews.net\/index.php\/wp-json\/wp\/v2\/types\/post"}],"author":[{"embeddable":true,"href":"https:\/\/zavnews.net\/index.php\/wp-json\/wp\/v2\/users\/1"}],"replies":[{"embeddable":true,"href":"https:\/\/zavnews.net\/index.php\/wp-json\/wp\/v2\/comments?post=1085"}],"version-history":[{"count":1,"href":"https:\/\/zavnews.net\/index.php\/wp-json\/wp\/v2\/posts\/1085\/revisions"}],"predecessor-version":[{"id":1093,"href":"https:\/\/zavnews.net\/index.php\/wp-json\/wp\/v2\/posts\/1085\/revisions\/1093"}],"wp:featuredmedia":[{"embeddable":true,"href":"https:\/\/zavnews.net\/index.php\/wp-json\/wp\/v2\/media\/1086"}],"wp:attachment":[{"href":"https:\/\/zavnews.net\/index.php\/wp-json\/wp\/v2\/media?parent=1085"}],"wp:term":[{"taxonomy":"category","embeddable":true,"href":"https:\/\/zavnews.net\/index.php\/wp-json\/wp\/v2\/categories?post=1085"},{"taxonomy":"post_tag","embeddable":true,"href":"https:\/\/zavnews.net\/index.php\/wp-json\/wp\/v2\/tags?post=1085"}],"curies":[{"name":"wp","href":"https:\/\/api.w.org\/{rel}","templated":true}]}}