{"id":1060,"date":"2016-12-26T14:41:24","date_gmt":"2016-12-26T13:41:24","guid":{"rendered":"http:\/\/zavnews.net\/?p=1060"},"modified":"2016-12-26T14:41:24","modified_gmt":"2016-12-26T13:41:24","slug":"jkp-radnik-obavjestenje-mjesne-zajednice-se-otpad-odlaze-vrecama","status":"publish","type":"post","link":"https:\/\/zavnews.net\/index.php\/2016\/12\/26\/jkp-radnik-obavjestenje-mjesne-zajednice-se-otpad-odlaze-vrecama\/","title":{"rendered":"JKP Radnik: Obavje\u0161tenje za Mjesne zajednice gdje se otpad odla\u017ee u vre\u0107ama"},"content":{"rendered":"<div class=\"fcbkbttn_buttons_block\" id=\"fcbkbttn_left\"><div class=\"fcbkbttn_button\">\n\t\t\t\t\t<a href=\"https:\/\/www.facebook.com\/www.zavnews.net\/\" target=\"_blank\">\n\t\t\t\t\t\t<img decoding=\"async\" src=\"https:\/\/zavnews.net\/wp-content\/plugins\/facebook-button-plugin\/images\/standard-facebook-ico.png\" alt=\"Fb-Button\" \/>\n\t\t\t\t\t<\/a>\n\t\t\t\t<\/div><div class=\"fcbkbttn_like \"><fb:like href=\"https:\/\/zavnews.net\/index.php\/2016\/12\/26\/jkp-radnik-obavjestenje-mjesne-zajednice-se-otpad-odlaze-vrecama\/\" action=\"like\" colorscheme=\"light\" layout=\"standard\"  width=\"450px\" size=\"small\"><\/fb:like><\/div><div class=\"fb-share-button  \" data-href=\"https:\/\/zavnews.net\/index.php\/2016\/12\/26\/jkp-radnik-obavjestenje-mjesne-zajednice-se-otpad-odlaze-vrecama\/\" data-type=\"button_count\" data-size=\"small\"><\/div><\/div><p style=\"text-align: justify;\"><img loading=\"lazy\" decoding=\"async\" class=\"\" src=\"http:\/\/bhindex.info\/wp-content\/uploads\/2015\/02\/jkp-radnik-564x264.jpg\" alt=\"Slikovni rezultat za jkp radnik zavidovi\u0107i\" width=\"833\" height=\"390\" \/><\/p>\n<p style=\"text-align: justify;\"><strong>\u010clanom 12 stav 5. Odluke o komunalnom redu (\u201eSl. glasnik op\u0107ine Zavidovi\u0107i\u201c, broj: 3\/2015) propisano je da ukoliko, zbog nepristupa\u010dnog terena ili \u0161irine saobra\u0107ajnice, nije mogu\u0107 pristup odlagali\u0161tu sme\u0107a vozilu komunalnog preduze\u0107a, isto je u obavezi, u saradnji sa organima MZ-a, utvrditi mjesto, na\u010din i uslove odlaganja ku\u0107nog otpada i o tome obavijestiti korisnike usluga.<\/strong><\/p>\n<p style=\"text-align: justify;\"><span class=\"text_exposed_show\">U tom slu\u010daju korisnici su du\u017eni da vre\u0107e za otpad iznesu do mjesta odre\u0111enog za prikupljanje otpada. <\/span><\/p>\n<p style=\"text-align: justify;\"><span class=\"text_exposed_show\">Shodno navedenom, pozivamo Mjesne zajednice da u slu\u010daju ve\u0107ih snje\u017enih padavina koje se mogu pojaviti kao uzrok neprohodnosti puteva, dostave svoj prijedlog lokacije, jednu ili vi\u0161e njih, za odlaganje otpada uz glavnu cestu, kako bismo u tim situacijima mogli izvr\u0161iti odvoz otpada, dok se ne stvore uslovi za normalnu prohodnost vozila. Tako\u0111er Vas upoznajemo da \u0107emo, u slu\u010daju snijega, nastojati u saradnji sa op\u0107inom Zavidovi\u0107i, obezbijediti prohodnost puteva.<\/span><\/p>\n<div class=\"text_exposed_show\">\n<p style=\"text-align: justify;\">Molimo da svoje prijedloge dostavite u roku od 8 dana od datuma prijema dopisa koji \u0107ete dobiti na adresu MZ-a. Ukoliko ne dostavite svoj prijedlog, upoznajemo Vas da \u0107emo preuzimati samo onaj otpad koji bude odlo\u017een uz glavni put. Tako\u0111er je potrebno da sa svoje strane informi\u0161ete svoje mje\u0161tane, \u0161to \u0107emo i mi u\u010diniti putem na\u0161ih sredstava informisanja.<\/p>\n<p style=\"text-align: justify;\">S po\u0161tovanjem!<\/p>\n<p style=\"text-align: right;\">JKP Radnik<\/p>\n<\/div>\n<div class=\"fcbkbttn_buttons_block\" id=\"fcbkbttn_left\"><div class=\"fcbkbttn_button\">\n\t\t\t\t\t<a href=\"https:\/\/www.facebook.com\/www.zavnews.net\/\" target=\"_blank\">\n\t\t\t\t\t\t<img decoding=\"async\" src=\"https:\/\/zavnews.net\/wp-content\/plugins\/facebook-button-plugin\/images\/standard-facebook-ico.png\" alt=\"Fb-Button\" \/>\n\t\t\t\t\t<\/a>\n\t\t\t\t<\/div><div class=\"fcbkbttn_like \"><fb:like href=\"https:\/\/zavnews.net\/index.php\/2016\/12\/26\/jkp-radnik-obavjestenje-mjesne-zajednice-se-otpad-odlaze-vrecama\/\" action=\"like\" colorscheme=\"light\" layout=\"standard\"  width=\"450px\" size=\"small\"><\/fb:like><\/div><div class=\"fb-share-button  \" data-href=\"https:\/\/zavnews.net\/index.php\/2016\/12\/26\/jkp-radnik-obavjestenje-mjesne-zajednice-se-otpad-odlaze-vrecama\/\" data-type=\"button_count\" data-size=\"small\"><\/div><\/div>","protected":false},"excerpt":{"rendered":"<div class=\"fcbkbttn_buttons_block\" id=\"fcbkbttn_left\"><div class=\"fcbkbttn_button\">\n\t\t\t\t\t<a href=\"https:\/\/www.facebook.com\/www.zavnews.net\/\" target=\"_blank\">\n\t\t\t\t\t\t<img decoding=\"async\" src=\"https:\/\/zavnews.net\/wp-content\/plugins\/facebook-button-plugin\/images\/standard-facebook-ico.png\" alt=\"Fb-Button\" \/>\n\t\t\t\t\t<\/a>\n\t\t\t\t<\/div><div class=\"fcbkbttn_like \"><fb:like href=\"https:\/\/zavnews.net\/index.php\/2016\/12\/26\/jkp-radnik-obavjestenje-mjesne-zajednice-se-otpad-odlaze-vrecama\/\" action=\"like\" colorscheme=\"light\" layout=\"standard\"  width=\"450px\" size=\"small\"><\/fb:like><\/div><div class=\"fb-share-button  \" data-href=\"https:\/\/zavnews.net\/index.php\/2016\/12\/26\/jkp-radnik-obavjestenje-mjesne-zajednice-se-otpad-odlaze-vrecama\/\" data-type=\"button_count\" data-size=\"small\"><\/div><\/div><p>\u010clanom 12 stav 5. Odluke o komunalnom redu (\u201eSl. glasnik op\u0107ine Zavidovi\u0107i\u201c, broj: 3\/2015) propisano je da ukoliko, zbog nepristupa\u010dnog terena ili \u0161irine saobra\u0107ajnice, nije mogu\u0107 pristup odlagali\u0161tu sme\u0107a vozilu komunalnog preduze\u0107a, isto je u obavezi, u saradnji sa organima&#8230;<\/p>\n<div class=\"fcbkbttn_buttons_block\" id=\"fcbkbttn_left\"><div class=\"fcbkbttn_button\">\n\t\t\t\t\t<a href=\"https:\/\/www.facebook.com\/www.zavnews.net\/\" target=\"_blank\">\n\t\t\t\t\t\t<img decoding=\"async\" src=\"https:\/\/zavnews.net\/wp-content\/plugins\/facebook-button-plugin\/images\/standard-facebook-ico.png\" alt=\"Fb-Button\" \/>\n\t\t\t\t\t<\/a>\n\t\t\t\t<\/div><div class=\"fcbkbttn_like \"><fb:like href=\"https:\/\/zavnews.net\/index.php\/2016\/12\/26\/jkp-radnik-obavjestenje-mjesne-zajednice-se-otpad-odlaze-vrecama\/\" action=\"like\" colorscheme=\"light\" layout=\"standard\"  width=\"450px\" size=\"small\"><\/fb:like><\/div><div class=\"fb-share-button  \" data-href=\"https:\/\/zavnews.net\/index.php\/2016\/12\/26\/jkp-radnik-obavjestenje-mjesne-zajednice-se-otpad-odlaze-vrecama\/\" data-type=\"button_count\" data-size=\"small\"><\/div><\/div>","protected":false},"author":1,"featured_media":1061,"comment_status":"open","ping_status":"open","sticky":false,"template":"","format":"standard","meta":{"footnotes":""},"categories":[3,18],"tags":[],"yoast_head":"<!-- This site is optimized with the Yoast SEO plugin v23.5 - https:\/\/yoast.com\/wordpress\/plugins\/seo\/ -->\n<title>JKP Radnik: Obavje\u0161tenje za Mjesne zajednice gdje se otpad odla\u017ee u vre\u0107ama - Zavnews<\/title>\n<meta name=\"robots\" content=\"index, follow, max-snippet:-1, max-image-preview:large, max-video-preview:-1\" \/>\n<link rel=\"canonical\" href=\"https:\/\/zavnews.net\/index.php\/2016\/12\/26\/jkp-radnik-obavjestenje-mjesne-zajednice-se-otpad-odlaze-vrecama\/\" \/>\n<meta property=\"og:locale\" content=\"bs_BA\" \/>\n<meta property=\"og:type\" content=\"article\" \/>\n<meta property=\"og:title\" content=\"JKP Radnik: Obavje\u0161tenje za Mjesne zajednice gdje se otpad odla\u017ee u vre\u0107ama - Zavnews\" \/>\n<meta property=\"og:description\" content=\"\u010clanom 12 stav 5. Odluke o komunalnom redu (\u201eSl. glasnik op\u0107ine Zavidovi\u0107i\u201c, broj: 3\/2015) propisano je da ukoliko, zbog nepristupa\u010dnog terena ili \u0161irine saobra\u0107ajnice, nije mogu\u0107 pristup odlagali\u0161tu sme\u0107a vozilu komunalnog preduze\u0107a, isto je u obavezi, u saradnji sa organima...\" \/>\n<meta property=\"og:url\" content=\"https:\/\/zavnews.net\/index.php\/2016\/12\/26\/jkp-radnik-obavjestenje-mjesne-zajednice-se-otpad-odlaze-vrecama\/\" \/>\n<meta property=\"og:site_name\" content=\"Zavnews\" \/>\n<meta property=\"article:published_time\" content=\"2016-12-26T13:41:24+00:00\" \/>\n<meta property=\"og:image\" content=\"https:\/\/zavnews.net\/wp-content\/uploads\/2016\/12\/jkp-radnik-564x264-1.jpg\" \/>\n\t<meta property=\"og:image:width\" content=\"760\" \/>\n\t<meta property=\"og:image:height\" content=\"480\" \/>\n\t<meta property=\"og:image:type\" content=\"image\/jpeg\" \/>\n<meta name=\"author\" content=\"zavnews\" \/>\n<meta name=\"twitter:card\" content=\"summary_large_image\" \/>\n<meta name=\"twitter:label1\" content=\"Written by\" \/>\n\t<meta name=\"twitter:data1\" content=\"zavnews\" \/>\n\t<meta name=\"twitter:label2\" content=\"Est. reading time\" \/>\n\t<meta name=\"twitter:data2\" content=\"1 minuta\" \/>\n<script type=\"application\/ld+json\" class=\"yoast-schema-graph\">{\"@context\":\"https:\/\/schema.org\",\"@graph\":[{\"@type\":\"Article\",\"@id\":\"https:\/\/zavnews.net\/index.php\/2016\/12\/26\/jkp-radnik-obavjestenje-mjesne-zajednice-se-otpad-odlaze-vrecama\/#article\",\"isPartOf\":{\"@id\":\"https:\/\/zavnews.net\/index.php\/2016\/12\/26\/jkp-radnik-obavjestenje-mjesne-zajednice-se-otpad-odlaze-vrecama\/\"},\"author\":{\"name\":\"zavnews\",\"@id\":\"https:\/\/zavnews.net\/#\/schema\/person\/2477577553b6626f3681ce4d32a6917f\"},\"headline\":\"JKP Radnik: Obavje\u0161tenje za Mjesne zajednice gdje se otpad odla\u017ee u vre\u0107ama\",\"datePublished\":\"2016-12-26T13:41:24+00:00\",\"dateModified\":\"2016-12-26T13:41:24+00:00\",\"mainEntityOfPage\":{\"@id\":\"https:\/\/zavnews.net\/index.php\/2016\/12\/26\/jkp-radnik-obavjestenje-mjesne-zajednice-se-otpad-odlaze-vrecama\/\"},\"wordCount\":242,\"commentCount\":0,\"publisher\":{\"@id\":\"https:\/\/zavnews.net\/#organization\"},\"image\":{\"@id\":\"https:\/\/zavnews.net\/index.php\/2016\/12\/26\/jkp-radnik-obavjestenje-mjesne-zajednice-se-otpad-odlaze-vrecama\/#primaryimage\"},\"thumbnailUrl\":\"https:\/\/zavnews.net\/wp-content\/uploads\/2016\/12\/jkp-radnik-564x264-1.jpg\",\"articleSection\":[\"VIJESTI\",\"zavidovi\u0107i\"],\"inLanguage\":\"bs-BA\",\"potentialAction\":[{\"@type\":\"CommentAction\",\"name\":\"Comment\",\"target\":[\"https:\/\/zavnews.net\/index.php\/2016\/12\/26\/jkp-radnik-obavjestenje-mjesne-zajednice-se-otpad-odlaze-vrecama\/#respond\"]}]},{\"@type\":\"WebPage\",\"@id\":\"https:\/\/zavnews.net\/index.php\/2016\/12\/26\/jkp-radnik-obavjestenje-mjesne-zajednice-se-otpad-odlaze-vrecama\/\",\"url\":\"https:\/\/zavnews.net\/index.php\/2016\/12\/26\/jkp-radnik-obavjestenje-mjesne-zajednice-se-otpad-odlaze-vrecama\/\",\"name\":\"JKP Radnik: Obavje\u0161tenje za Mjesne zajednice gdje se otpad odla\u017ee u vre\u0107ama - Zavnews\",\"isPartOf\":{\"@id\":\"https:\/\/zavnews.net\/#website\"},\"primaryImageOfPage\":{\"@id\":\"https:\/\/zavnews.net\/index.php\/2016\/12\/26\/jkp-radnik-obavjestenje-mjesne-zajednice-se-otpad-odlaze-vrecama\/#primaryimage\"},\"image\":{\"@id\":\"https:\/\/zavnews.net\/index.php\/2016\/12\/26\/jkp-radnik-obavjestenje-mjesne-zajednice-se-otpad-odlaze-vrecama\/#primaryimage\"},\"thumbnailUrl\":\"https:\/\/zavnews.net\/wp-content\/uploads\/2016\/12\/jkp-radnik-564x264-1.jpg\",\"datePublished\":\"2016-12-26T13:41:24+00:00\",\"dateModified\":\"2016-12-26T13:41:24+00:00\",\"breadcrumb\":{\"@id\":\"https:\/\/zavnews.net\/index.php\/2016\/12\/26\/jkp-radnik-obavjestenje-mjesne-zajednice-se-otpad-odlaze-vrecama\/#breadcrumb\"},\"inLanguage\":\"bs-BA\",\"potentialAction\":[{\"@type\":\"ReadAction\",\"target\":[\"https:\/\/zavnews.net\/index.php\/2016\/12\/26\/jkp-radnik-obavjestenje-mjesne-zajednice-se-otpad-odlaze-vrecama\/\"]}]},{\"@type\":\"ImageObject\",\"inLanguage\":\"bs-BA\",\"@id\":\"https:\/\/zavnews.net\/index.php\/2016\/12\/26\/jkp-radnik-obavjestenje-mjesne-zajednice-se-otpad-odlaze-vrecama\/#primaryimage\",\"url\":\"https:\/\/zavnews.net\/wp-content\/uploads\/2016\/12\/jkp-radnik-564x264-1.jpg\",\"contentUrl\":\"https:\/\/zavnews.net\/wp-content\/uploads\/2016\/12\/jkp-radnik-564x264-1.jpg\",\"width\":760,\"height\":480},{\"@type\":\"BreadcrumbList\",\"@id\":\"https:\/\/zavnews.net\/index.php\/2016\/12\/26\/jkp-radnik-obavjestenje-mjesne-zajednice-se-otpad-odlaze-vrecama\/#breadcrumb\",\"itemListElement\":[{\"@type\":\"ListItem\",\"position\":1,\"name\":\"Po\u010detna stranica\",\"item\":\"https:\/\/zavnews.net\/\"},{\"@type\":\"ListItem\",\"position\":2,\"name\":\"JKP Radnik: Obavje\u0161tenje za Mjesne zajednice gdje se otpad odla\u017ee u vre\u0107ama\"}]},{\"@type\":\"WebSite\",\"@id\":\"https:\/\/zavnews.net\/#website\",\"url\":\"https:\/\/zavnews.net\/\",\"name\":\"Zavnews\",\"description\":\"Zavidovi\u0107i\",\"publisher\":{\"@id\":\"https:\/\/zavnews.net\/#organization\"},\"potentialAction\":[{\"@type\":\"SearchAction\",\"target\":{\"@type\":\"EntryPoint\",\"urlTemplate\":\"https:\/\/zavnews.net\/?s={search_term_string}\"},\"query-input\":{\"@type\":\"PropertyValueSpecification\",\"valueRequired\":true,\"valueName\":\"search_term_string\"}}],\"inLanguage\":\"bs-BA\"},{\"@type\":\"Organization\",\"@id\":\"https:\/\/zavnews.net\/#organization\",\"name\":\"Zavidovi\u0107i\",\"url\":\"https:\/\/zavnews.net\/\",\"logo\":{\"@type\":\"ImageObject\",\"inLanguage\":\"bs-BA\",\"@id\":\"https:\/\/zavnews.net\/#\/schema\/logo\/image\/\",\"url\":\"https:\/\/zavnews.net\/wp-content\/uploads\/2021\/11\/cropped-cropped-cropped-cropped-Screenshot_1-removebg-preview-2.png\",\"contentUrl\":\"https:\/\/zavnews.net\/wp-content\/uploads\/2021\/11\/cropped-cropped-cropped-cropped-Screenshot_1-removebg-preview-2.png\",\"width\":841,\"height\":180,\"caption\":\"Zavidovi\u0107i\"},\"image\":{\"@id\":\"https:\/\/zavnews.net\/#\/schema\/logo\/image\/\"}},{\"@type\":\"Person\",\"@id\":\"https:\/\/zavnews.net\/#\/schema\/person\/2477577553b6626f3681ce4d32a6917f\",\"name\":\"zavnews\",\"image\":{\"@type\":\"ImageObject\",\"inLanguage\":\"bs-BA\",\"@id\":\"https:\/\/zavnews.net\/#\/schema\/person\/image\/\",\"url\":\"https:\/\/secure.gravatar.com\/avatar\/3d25e050de275ca74aa70a2e30eb6f6c?s=96&d=mm&r=g\",\"contentUrl\":\"https:\/\/secure.gravatar.com\/avatar\/3d25e050de275ca74aa70a2e30eb6f6c?s=96&d=mm&r=g\",\"caption\":\"zavnews\"}}]}<\/script>\n<!-- \/ Yoast SEO plugin. -->","yoast_head_json":{"title":"JKP Radnik: Obavje\u0161tenje za Mjesne zajednice gdje se otpad odla\u017ee u vre\u0107ama - Zavnews","robots":{"index":"index","follow":"follow","max-snippet":"max-snippet:-1","max-image-preview":"max-image-preview:large","max-video-preview":"max-video-preview:-1"},"canonical":"https:\/\/zavnews.net\/index.php\/2016\/12\/26\/jkp-radnik-obavjestenje-mjesne-zajednice-se-otpad-odlaze-vrecama\/","og_locale":"bs_BA","og_type":"article","og_title":"JKP Radnik: Obavje\u0161tenje za Mjesne zajednice gdje se otpad odla\u017ee u vre\u0107ama - Zavnews","og_description":"\u010clanom 12 stav 5. Odluke o komunalnom redu (\u201eSl. glasnik op\u0107ine Zavidovi\u0107i\u201c, broj: 3\/2015) propisano je da ukoliko, zbog nepristupa\u010dnog terena ili \u0161irine saobra\u0107ajnice, nije mogu\u0107 pristup odlagali\u0161tu sme\u0107a vozilu komunalnog preduze\u0107a, isto je u obavezi, u saradnji sa organima...","og_url":"https:\/\/zavnews.net\/index.php\/2016\/12\/26\/jkp-radnik-obavjestenje-mjesne-zajednice-se-otpad-odlaze-vrecama\/","og_site_name":"Zavnews","article_published_time":"2016-12-26T13:41:24+00:00","og_image":[{"width":760,"height":480,"url":"https:\/\/zavnews.net\/wp-content\/uploads\/2016\/12\/jkp-radnik-564x264-1.jpg","type":"image\/jpeg"}],"author":"zavnews","twitter_card":"summary_large_image","twitter_misc":{"Written by":"zavnews","Est. reading time":"1 minuta"},"schema":{"@context":"https:\/\/schema.org","@graph":[{"@type":"Article","@id":"https:\/\/zavnews.net\/index.php\/2016\/12\/26\/jkp-radnik-obavjestenje-mjesne-zajednice-se-otpad-odlaze-vrecama\/#article","isPartOf":{"@id":"https:\/\/zavnews.net\/index.php\/2016\/12\/26\/jkp-radnik-obavjestenje-mjesne-zajednice-se-otpad-odlaze-vrecama\/"},"author":{"name":"zavnews","@id":"https:\/\/zavnews.net\/#\/schema\/person\/2477577553b6626f3681ce4d32a6917f"},"headline":"JKP Radnik: Obavje\u0161tenje za Mjesne zajednice gdje se otpad odla\u017ee u vre\u0107ama","datePublished":"2016-12-26T13:41:24+00:00","dateModified":"2016-12-26T13:41:24+00:00","mainEntityOfPage":{"@id":"https:\/\/zavnews.net\/index.php\/2016\/12\/26\/jkp-radnik-obavjestenje-mjesne-zajednice-se-otpad-odlaze-vrecama\/"},"wordCount":242,"commentCount":0,"publisher":{"@id":"https:\/\/zavnews.net\/#organization"},"image":{"@id":"https:\/\/zavnews.net\/index.php\/2016\/12\/26\/jkp-radnik-obavjestenje-mjesne-zajednice-se-otpad-odlaze-vrecama\/#primaryimage"},"thumbnailUrl":"https:\/\/zavnews.net\/wp-content\/uploads\/2016\/12\/jkp-radnik-564x264-1.jpg","articleSection":["VIJESTI","zavidovi\u0107i"],"inLanguage":"bs-BA","potentialAction":[{"@type":"CommentAction","name":"Comment","target":["https:\/\/zavnews.net\/index.php\/2016\/12\/26\/jkp-radnik-obavjestenje-mjesne-zajednice-se-otpad-odlaze-vrecama\/#respond"]}]},{"@type":"WebPage","@id":"https:\/\/zavnews.net\/index.php\/2016\/12\/26\/jkp-radnik-obavjestenje-mjesne-zajednice-se-otpad-odlaze-vrecama\/","url":"https:\/\/zavnews.net\/index.php\/2016\/12\/26\/jkp-radnik-obavjestenje-mjesne-zajednice-se-otpad-odlaze-vrecama\/","name":"JKP Radnik: Obavje\u0161tenje za Mjesne zajednice gdje se otpad odla\u017ee u vre\u0107ama - Zavnews","isPartOf":{"@id":"https:\/\/zavnews.net\/#website"},"primaryImageOfPage":{"@id":"https:\/\/zavnews.net\/index.php\/2016\/12\/26\/jkp-radnik-obavjestenje-mjesne-zajednice-se-otpad-odlaze-vrecama\/#primaryimage"},"image":{"@id":"https:\/\/zavnews.net\/index.php\/2016\/12\/26\/jkp-radnik-obavjestenje-mjesne-zajednice-se-otpad-odlaze-vrecama\/#primaryimage"},"thumbnailUrl":"https:\/\/zavnews.net\/wp-content\/uploads\/2016\/12\/jkp-radnik-564x264-1.jpg","datePublished":"2016-12-26T13:41:24+00:00","dateModified":"2016-12-26T13:41:24+00:00","breadcrumb":{"@id":"https:\/\/zavnews.net\/index.php\/2016\/12\/26\/jkp-radnik-obavjestenje-mjesne-zajednice-se-otpad-odlaze-vrecama\/#breadcrumb"},"inLanguage":"bs-BA","potentialAction":[{"@type":"ReadAction","target":["https:\/\/zavnews.net\/index.php\/2016\/12\/26\/jkp-radnik-obavjestenje-mjesne-zajednice-se-otpad-odlaze-vrecama\/"]}]},{"@type":"ImageObject","inLanguage":"bs-BA","@id":"https:\/\/zavnews.net\/index.php\/2016\/12\/26\/jkp-radnik-obavjestenje-mjesne-zajednice-se-otpad-odlaze-vrecama\/#primaryimage","url":"https:\/\/zavnews.net\/wp-content\/uploads\/2016\/12\/jkp-radnik-564x264-1.jpg","contentUrl":"https:\/\/zavnews.net\/wp-content\/uploads\/2016\/12\/jkp-radnik-564x264-1.jpg","width":760,"height":480},{"@type":"BreadcrumbList","@id":"https:\/\/zavnews.net\/index.php\/2016\/12\/26\/jkp-radnik-obavjestenje-mjesne-zajednice-se-otpad-odlaze-vrecama\/#breadcrumb","itemListElement":[{"@type":"ListItem","position":1,"name":"Po\u010detna stranica","item":"https:\/\/zavnews.net\/"},{"@type":"ListItem","position":2,"name":"JKP Radnik: Obavje\u0161tenje za Mjesne zajednice gdje se otpad odla\u017ee u vre\u0107ama"}]},{"@type":"WebSite","@id":"https:\/\/zavnews.net\/#website","url":"https:\/\/zavnews.net\/","name":"Zavnews","description":"Zavidovi\u0107i","publisher":{"@id":"https:\/\/zavnews.net\/#organization"},"potentialAction":[{"@type":"SearchAction","target":{"@type":"EntryPoint","urlTemplate":"https:\/\/zavnews.net\/?s={search_term_string}"},"query-input":{"@type":"PropertyValueSpecification","valueRequired":true,"valueName":"search_term_string"}}],"inLanguage":"bs-BA"},{"@type":"Organization","@id":"https:\/\/zavnews.net\/#organization","name":"Zavidovi\u0107i","url":"https:\/\/zavnews.net\/","logo":{"@type":"ImageObject","inLanguage":"bs-BA","@id":"https:\/\/zavnews.net\/#\/schema\/logo\/image\/","url":"https:\/\/zavnews.net\/wp-content\/uploads\/2021\/11\/cropped-cropped-cropped-cropped-Screenshot_1-removebg-preview-2.png","contentUrl":"https:\/\/zavnews.net\/wp-content\/uploads\/2021\/11\/cropped-cropped-cropped-cropped-Screenshot_1-removebg-preview-2.png","width":841,"height":180,"caption":"Zavidovi\u0107i"},"image":{"@id":"https:\/\/zavnews.net\/#\/schema\/logo\/image\/"}},{"@type":"Person","@id":"https:\/\/zavnews.net\/#\/schema\/person\/2477577553b6626f3681ce4d32a6917f","name":"zavnews","image":{"@type":"ImageObject","inLanguage":"bs-BA","@id":"https:\/\/zavnews.net\/#\/schema\/person\/image\/","url":"https:\/\/secure.gravatar.com\/avatar\/3d25e050de275ca74aa70a2e30eb6f6c?s=96&d=mm&r=g","contentUrl":"https:\/\/secure.gravatar.com\/avatar\/3d25e050de275ca74aa70a2e30eb6f6c?s=96&d=mm&r=g","caption":"zavnews"}}]}},"_links":{"self":[{"href":"https:\/\/zavnews.net\/index.php\/wp-json\/wp\/v2\/posts\/1060"}],"collection":[{"href":"https:\/\/zavnews.net\/index.php\/wp-json\/wp\/v2\/posts"}],"about":[{"href":"https:\/\/zavnews.net\/index.php\/wp-json\/wp\/v2\/types\/post"}],"author":[{"embeddable":true,"href":"https:\/\/zavnews.net\/index.php\/wp-json\/wp\/v2\/users\/1"}],"replies":[{"embeddable":true,"href":"https:\/\/zavnews.net\/index.php\/wp-json\/wp\/v2\/comments?post=1060"}],"version-history":[{"count":1,"href":"https:\/\/zavnews.net\/index.php\/wp-json\/wp\/v2\/posts\/1060\/revisions"}],"predecessor-version":[{"id":1062,"href":"https:\/\/zavnews.net\/index.php\/wp-json\/wp\/v2\/posts\/1060\/revisions\/1062"}],"wp:featuredmedia":[{"embeddable":true,"href":"https:\/\/zavnews.net\/index.php\/wp-json\/wp\/v2\/media\/1061"}],"wp:attachment":[{"href":"https:\/\/zavnews.net\/index.php\/wp-json\/wp\/v2\/media?parent=1060"}],"wp:term":[{"taxonomy":"category","embeddable":true,"href":"https:\/\/zavnews.net\/index.php\/wp-json\/wp\/v2\/categories?post=1060"},{"taxonomy":"post_tag","embeddable":true,"href":"https:\/\/zavnews.net\/index.php\/wp-json\/wp\/v2\/tags?post=1060"}],"curies":[{"name":"wp","href":"https:\/\/api.w.org\/{rel}","templated":true}]}}